{"id":14412,"date":"2019-07-02T01:00:03","date_gmt":"2019-07-02T04:00:03","guid":{"rendered":"https:\/\/blogs.correiobraziliense.com.br\/aricunha\/?p=14412"},"modified":"2019-07-01T23:35:31","modified_gmt":"2019-07-02T02:35:31","slug":"sindrome-do-imperador-na-politica-nacional","status":"publish","type":"post","link":"https:\/\/blogs.correiobraziliense.com.br\/aricunha\/sindrome-do-imperador-na-politica-nacional\/","title":{"rendered":"S\u00edndrome do Imperador na pol\u00edtica nacional"},"content":{"rendered":"<p>VISTO, LIDO E OUVIDO, criada por Ari Cunha (In memoriam)<\/p>\n<p>Desde 1960, com Circe Cunha e Mamfil<\/p>\n<p>jornalistacircecunha@gmail.com<\/p>\n<p>Facebook.com\/vistolidoeouvido<\/p>\n<p>Instagram.com\/vistolidoeouvido<\/p>\n<p>&nbsp;<\/p>\n<figure id=\"attachment_14415\" aria-describedby=\"caption-attachment-14415\" style=\"width: 523px\" class=\"wp-caption aligncenter\"><img loading=\"lazy\" decoding=\"async\" class=\" wp-image-14415\" src=\"https:\/\/blogs.correiobraziliense.com.br\/aricunha\/wp-content\/uploads\/sites\/13\/2019\/07\/imp.jpg\" alt=\"\" width=\"523\" height=\"501\" srcset=\"https:\/\/blogs.correiobraziliense.com.br\/aricunha\/wp-content\/uploads\/sites\/13\/2019\/07\/imp.jpg 430w, https:\/\/blogs.correiobraziliense.com.br\/aricunha\/wp-content\/uploads\/sites\/13\/2019\/07\/imp-300x287.jpg 300w, https:\/\/blogs.correiobraziliense.com.br\/aricunha\/wp-content\/uploads\/sites\/13\/2019\/07\/imp-350x335.jpg 350w, https:\/\/blogs.correiobraziliense.com.br\/aricunha\/wp-content\/uploads\/sites\/13\/2019\/07\/imp-230x220.jpg 230w\" sizes=\"auto, (max-width: 523px) 100vw, 523px\" \/><figcaption id=\"caption-attachment-14415\" class=\"wp-caption-text\">Ilustra\u00e7\u00e3o: Gorka Olmo (brasil.elpais.com)<\/figcaption><\/figure>\n<p>&nbsp;<\/p>\n<p>Um fen\u00f4meno dos tempos atuais, que tem chamado muito a aten\u00e7\u00e3o de psic\u00f3logos e mesmo de \u00e1reas ligadas \u00e0 antropologia e \u00e0 sociologia, tem deixado em estado de choque n\u00e3o apenas os pa\u00eds em muitas fam\u00edlias, mas vem tendo seus reflexos negativos notados agora tamb\u00e9m em muitos setores da sociedade e sobretudo dentro do governo e da pol\u00edtica.<\/p>\n<p>Trata-se da chamada S\u00edndrome do Imperador. Diagnosticado nos fins do s\u00e9culo XX por psiquiatras europeus e que, em sua origem, foi observada apenas no comportamento voluntarioso de certas crian\u00e7as dentro do c\u00edrculo familiar. Essa s\u00edndrome decorre basicamente do comportamento narc\u00edsico dos pais, que atrav\u00e9s de uma postura \u201cneuro-\u00f3tica\u201d e, de certa forma, doentia, passam a acreditar na ideia de que t\u00eam a obriga\u00e7\u00e3o de fazer seus filhos felizes a qualquer custo, com isso constroem um mundo em torno da crian\u00e7a onde a frustra\u00e7\u00e3o ou quaisquer tipos de obst\u00e1culos da vida desaparecem como por um passe de m\u00e1gica. Dessa maneira, os pais v\u00e3o dando vida aos pequenos tiranos que s\u00e3o impedidos de crescer e de sentir as m\u00faltiplas contrariedades reais apresentadas pela vida.<\/p>\n<p>Esses pequeninos n\u00e3o s\u00e3o capazes de esperar, criar, negociar, ceder ou se frustrar. Da fam\u00edlia, que \u00e9 a c\u00e9lula da sociedade, esses \u201cadultos-mirins\u201d saem e v\u00eam compor hoje muitos setores da vida adulta, inclusive dentro do Estado e do governo. E \u00e9 a\u00ed que o perigo mora. \u00c9 verdade que ainda s\u00e3o muito insipientes as pesquisas que indicam, dentro de par\u00e2metros cient\u00edficos, que essas e outras caracter\u00edsticas dessa s\u00edndrome est\u00e3o presentes em indiv\u00edduos com relevantes cargos ou fun\u00e7\u00f5es dentro dos governos. N\u00e3o s\u00f3 no Brasil, mas em muitos outros pa\u00edses na atualidade.<\/p>\n<p>Ocorre, no entanto, que esse comportamento ex\u00f3tico tem sido observado com frequ\u00eancia cada vez maior nas atitudes e mesmo na condu\u00e7\u00e3o de assuntos de grande import\u00e2ncia para toda a sociedade, e, n\u00e3o raro, culminam em atitudes que deixam transparecer sinais de que se tratam de adultos com comportamento infantil e birrento e que n\u00e3o admitem contesta\u00e7\u00f5es, s\u00e3o intransigentes e n\u00e3o cedem a argumentos mesmo quando est\u00e3o diante de fatos indiscut\u00edveis.<\/p>\n<p>Em alguns casos, quando al\u00e7ados a posi\u00e7\u00f5es em que lhes permitem confeccionar ou executar leis, n\u00e3o se intimidam em cri\u00e1-las ou imp\u00f4-las, visando objetivamente dar proemin\u00eancia a si e aos seus grupos de apoio.<\/p>\n<p>Tem sido cada vez mais comum associar o comportamento de certos pol\u00edticos com a S\u00edndrome do Imperador. Um apanhado mais atento na biografia de algumas dessas destacadas autoridades da atualidade revela que muitas dessas lideran\u00e7as que a\u00ed est\u00e3o, conduzindo os destinos de na\u00e7\u00f5es inteiras, apresentavam, desde a inf\u00e2ncia, caracter\u00edsticas fortes e marcantes que comp\u00f5em o perfil do indiv\u00edduo com a S\u00edndrome do Imperador.<\/p>\n<p>Isso \u00e9 um problema evidente dentro do mundo pol\u00edtico, embora se saiba, desde a funda\u00e7\u00e3o do Estado, que o poder pol\u00edtico se baseia na posse dos instrumentos com os quais se exerce n\u00e3o apenas a for\u00e7a f\u00edsica, mas as vontades e os humores dos mandat\u00e1rios.<\/p>\n<p>N\u00e3o \u00e9 por outro motivo que muitas prioridades da sociedade passam a ser subordinadas \u00e0s prioridades do grupo dominante e intransigente. Assim \u00e9 que esses \u201cimperadores\u201d come\u00e7am a reivindicar tamb\u00e9m o monop\u00f3lio da for\u00e7a, dentro de princ\u00edpios de rela\u00e7\u00f5es antag\u00f4nicas que reduzem o Estado ao choque de amigos contra inimigos, como num jogo de disputa infantil. A pol\u00edtica para esses novos imperadores se resume numa guerra constante. Com isso, a pr\u00f3pria atividade pol\u00edtica perde seu mais alto e maduro objetivo que \u00e9 o esp\u00edrito republicano. O pior, \u00e9 que a aus\u00eancia de um comportamento equilibrado passa a ter influ\u00eancia negativa sobre a sociedade, j\u00e1 que a \u00e9tica da vida pessoal passa a se estender \u00e0 \u00e9tica do Estado. De fato, parece que estamos vivendo num mundo cada vez mais infantilizado e isso \u00e9 perigoso, j\u00e1 que o bem comum passa a ficar em segundo plano, prevalecendo t\u00e3o somente o desejo do poder desses imperadores modernos.<\/p>\n<p>&nbsp;<\/p>\n<p>&nbsp;<\/p>\n<p>&nbsp;<\/p>\n<p><strong>A frase que foi pronunciada:<\/strong><\/p>\n<p><em>\u201cA cadeirinha n\u00e3o foi proibida. Se voc\u00ea precisa de lei para proteger o seu filho, o problema n\u00e3o \u00e9 o Bolsonaro, \u00e9 voc\u00ea.\u201d<\/em><\/p>\n<p>Frase an\u00f4nima, solta na Internet, mostrando a inutilidade de toda celeuma ocorrida \u00e0 \u00e9poca da inten\u00e7\u00e3o de substituir a multa por advert\u00eancia.<\/p>\n<p><img loading=\"lazy\" decoding=\"async\" class=\" wp-image-14414 aligncenter\" src=\"https:\/\/blogs.correiobraziliense.com.br\/aricunha\/wp-content\/uploads\/sites\/13\/2019\/07\/IMG-20190608-WA0022-1.jpg\" alt=\"\" width=\"399\" height=\"550\" srcset=\"https:\/\/blogs.correiobraziliense.com.br\/aricunha\/wp-content\/uploads\/sites\/13\/2019\/07\/IMG-20190608-WA0022-1.jpg 928w, https:\/\/blogs.correiobraziliense.com.br\/aricunha\/wp-content\/uploads\/sites\/13\/2019\/07\/IMG-20190608-WA0022-1-218x300.jpg 218w, https:\/\/blogs.correiobraziliense.com.br\/aricunha\/wp-content\/uploads\/sites\/13\/2019\/07\/IMG-20190608-WA0022-1-768x1059.jpg 768w, https:\/\/blogs.correiobraziliense.com.br\/aricunha\/wp-content\/uploads\/sites\/13\/2019\/07\/IMG-20190608-WA0022-1-742x1024.jpg 742w, https:\/\/blogs.correiobraziliense.com.br\/aricunha\/wp-content\/uploads\/sites\/13\/2019\/07\/IMG-20190608-WA0022-1-254x350.jpg 254w, https:\/\/blogs.correiobraziliense.com.br\/aricunha\/wp-content\/uploads\/sites\/13\/2019\/07\/IMG-20190608-WA0022-1-550x759.jpg 550w, https:\/\/blogs.correiobraziliense.com.br\/aricunha\/wp-content\/uploads\/sites\/13\/2019\/07\/IMG-20190608-WA0022-1-230x317.jpg 230w\" sizes=\"auto, (max-width: 399px) 100vw, 399px\" \/><\/p>\n<p>&nbsp;<\/p>\n<p>&nbsp;<\/p>\n<p><strong>Partida<\/strong><\/p>\n<p>Dr. Paulo Andrade de Mello, neurocirurgi\u00e3o, cientista dedicado ao trabalho, sempre atento aos estudos da profilaxia das doen\u00e7as do c\u00e9rebro. Um entusiasta pelo ser humano. Pioneiro ativo da cidade, um g\u00eanio com uma humildade impressionante. Ajudou a formar os neurocirurgi\u00f5es da cidade e, pela Sociedade Brasileira de Neurocirurgia, teve o projeto de treinamento reconhecido como um dos programas mais importantes do mundo. Recebeu um pr\u00eamio em Boston por isso, fato registrado por essa coluna. Fica o reconhecimento pelo trabalho de import\u00e2ncia fundamental exercido pelo Dr. Paulo Andrade de Mello. Nossos sentimentos \u00e0 fam\u00edlia. A seguir, entrevista publicada por Vera Pinheiro, em 11 de out de 2012, na qual o Doutor Paulo Mello fala sobre sua trajet\u00f3ria at\u00e9 a medicina.<\/p>\n<p><iframe loading=\"lazy\" title=\"A Ci\u00eancia que eu Fa\u00e7o - Paulo Andrade de Mello 1\" width=\"1440\" height=\"810\" src=\"https:\/\/www.youtube.com\/embed\/MKvj-kXvuWQ?feature=oembed\" frameborder=\"0\" allow=\"accelerometer; autoplay; clipboard-write; encrypted-media; gyroscope; picture-in-picture; web-share\" referrerpolicy=\"strict-origin-when-cross-origin\" allowfullscreen><\/iframe><\/p>\n<p><iframe loading=\"lazy\" title=\"A Ci\u00eancia que eu Fa\u00e7o - Paulo Andrade de Mello 2\" width=\"1440\" height=\"810\" src=\"https:\/\/www.youtube.com\/embed\/nQI9_zFzqyk?feature=oembed\" frameborder=\"0\" allow=\"accelerometer; autoplay; clipboard-write; encrypted-media; gyroscope; picture-in-picture; web-share\" referrerpolicy=\"strict-origin-when-cross-origin\" allowfullscreen><\/iframe><\/p>\n<p><iframe loading=\"lazy\" title=\"A Ci\u00eancia que eu Fa\u00e7o - Paulo Andrade de Mello 3\" width=\"1440\" height=\"810\" src=\"https:\/\/www.youtube.com\/embed\/r5jUJkSAuAw?feature=oembed\" frameborder=\"0\" allow=\"accelerometer; autoplay; clipboard-write; encrypted-media; gyroscope; picture-in-picture; web-share\" referrerpolicy=\"strict-origin-when-cross-origin\" allowfullscreen><\/iframe><\/p>\n<p>&nbsp;<\/p>\n<p>&nbsp;<\/p>\n<p><strong>HIST\u00d3RIA DE BRAS\u00cdLIA<\/strong><\/p>\n<p>At\u00e9 hoje o ministro Tancredo Neves n\u00e3o referendou o decreto 51394, de 20 de novembro de 1961. Trata-se da anunciada reclassifica\u00e7\u00e3o do pessoal do IAPI, que recebeu apenas a assinatura do sr. Jo\u00e3o Goulart. <strong>(Publicado em 24\/11\/1961)<\/strong><\/p>\n","protected":false},"excerpt":{"rendered":"<p>VISTO, LIDO E OUVIDO, criada por Ari Cunha (In memoriam) Desde 1960, com Circe Cunha e Mamfil jornalistacircecunha@gmail.com Facebook.com\/vistolidoeouvido Instagram.com\/vistolidoeouvido &nbsp; &nbsp; Um fen\u00f4meno dos tempos atuais, que tem chamado muito a aten\u00e7\u00e3o de psic\u00f3logos e mesmo de \u00e1reas ligadas \u00e0 antropologia e \u00e0 sociologia, tem deixado em estado de choque n\u00e3o apenas os pa\u00eds em muitas fam\u00edlias, mas vem [&hellip;]<\/p>\n","protected":false},"author":34,"featured_media":14415,"comment_status":"open","ping_status":"open","sticky":false,"template":"","format":"standard","meta":{"footnotes":""},"categories":[23],"tags":[1635,1631,1634,114,1632,261,1633,1630,68,2,69,16],"class_list":["post-14412","post","type-post","status-publish","format-standard","has-post-thumbnail","hentry","category-integra","tag-disputasideologicas","tag-familiasnobrasil","tag-guerranapolitica","tag-historiadebrasilia","tag-paisefilhos","tag-politicanobrasil","tag-politicosnomundo","tag-sindromedoimperador","tag-aricunha","tag-brasilia","tag-circecunha","tag-mamfil"],"_links":{"self":[{"href":"https:\/\/blogs.correiobraziliense.com.br\/aricunha\/wp-json\/wp\/v2\/posts\/14412","targetHints":{"allow":["GET"]}}],"collection":[{"href":"https:\/\/blogs.correiobraziliense.com.br\/aricunha\/wp-json\/wp\/v2\/posts"}],"about":[{"href":"https:\/\/blogs.correiobraziliense.com.br\/aricunha\/wp-json\/wp\/v2\/types\/post"}],"author":[{"embeddable":true,"href":"https:\/\/blogs.correiobraziliense.com.br\/aricunha\/wp-json\/wp\/v2\/users\/34"}],"replies":[{"embeddable":true,"href":"https:\/\/blogs.correiobraziliense.com.br\/aricunha\/wp-json\/wp\/v2\/comments?post=14412"}],"version-history":[{"count":2,"href":"https:\/\/blogs.correiobraziliense.com.br\/aricunha\/wp-json\/wp\/v2\/posts\/14412\/revisions"}],"predecessor-version":[{"id":14416,"href":"https:\/\/blogs.correiobraziliense.com.br\/aricunha\/wp-json\/wp\/v2\/posts\/14412\/revisions\/14416"}],"wp:featuredmedia":[{"embeddable":true,"href":"https:\/\/blogs.correiobraziliense.com.br\/aricunha\/wp-json\/wp\/v2\/media\/14415"}],"wp:attachment":[{"href":"https:\/\/blogs.correiobraziliense.com.br\/aricunha\/wp-json\/wp\/v2\/media?parent=14412"}],"wp:term":[{"taxonomy":"category","embeddable":true,"href":"https:\/\/blogs.correiobraziliense.com.br\/aricunha\/wp-json\/wp\/v2\/categories?post=14412"},{"taxonomy":"post_tag","embeddable":true,"href":"https:\/\/blogs.correiobraziliense.com.br\/aricunha\/wp-json\/wp\/v2\/tags?post=14412"}],"curies":[{"name":"wp","href":"https:\/\/api.w.org\/{rel}","templated":true}]}}