{"id":14403,"date":"2019-06-30T01:00:51","date_gmt":"2019-06-30T04:00:51","guid":{"rendered":"https:\/\/blogs.correiobraziliense.com.br\/aricunha\/?p=14403"},"modified":"2019-07-01T10:11:26","modified_gmt":"2019-07-01T13:11:26","slug":"educar-a-familia-e-a-sociedade-antes-de-educar-as-criancas-e-a-unica-saida","status":"publish","type":"post","link":"https:\/\/blogs.correiobraziliense.com.br\/aricunha\/educar-a-familia-e-a-sociedade-antes-de-educar-as-criancas-e-a-unica-saida\/","title":{"rendered":"Educar a fam\u00edlia e a sociedade antes de educar as crian\u00e7as \u00e9 a \u00fanica sa\u00edda"},"content":{"rendered":"<p>VISTO, LIDO E OUVIDO, criada por Ari Cunha (In memoriam)<\/p>\n<p>Desde 1960, com Circe Cunha e Mamfil<\/p>\n<p>jornalistacircecunha@gmail.com<\/p>\n<p>Facebook.com\/vistolidoeouvido<\/p>\n<p>Instagram.com\/vistolidoeouvido<\/p>\n<p>&nbsp;<\/p>\n<figure id=\"attachment_14408\" aria-describedby=\"caption-attachment-14408\" style=\"width: 750px\" class=\"wp-caption aligncenter\"><img loading=\"lazy\" decoding=\"async\" class=\"size-full wp-image-14408\" src=\"https:\/\/blogs.correiobraziliense.com.br\/aricunha\/wp-content\/uploads\/sites\/13\/2019\/06\/20190113214632304668a.jpg\" alt=\"\" width=\"750\" height=\"500\" srcset=\"https:\/\/blogs.correiobraziliense.com.br\/aricunha\/wp-content\/uploads\/sites\/13\/2019\/06\/20190113214632304668a.jpg 750w, https:\/\/blogs.correiobraziliense.com.br\/aricunha\/wp-content\/uploads\/sites\/13\/2019\/06\/20190113214632304668a-300x200.jpg 300w, https:\/\/blogs.correiobraziliense.com.br\/aricunha\/wp-content\/uploads\/sites\/13\/2019\/06\/20190113214632304668a-350x233.jpg 350w, https:\/\/blogs.correiobraziliense.com.br\/aricunha\/wp-content\/uploads\/sites\/13\/2019\/06\/20190113214632304668a-550x367.jpg 550w, https:\/\/blogs.correiobraziliense.com.br\/aricunha\/wp-content\/uploads\/sites\/13\/2019\/06\/20190113214632304668a-230x153.jpg 230w\" sizes=\"auto, (max-width: 750px) 100vw, 750px\" \/><figcaption id=\"caption-attachment-14408\" class=\"wp-caption-text\">Foto: correiobraziliense.com.br<\/figcaption><\/figure>\n<p>&nbsp;<\/p>\n<p>Transformadas de escolas em centros de reabilita\u00e7\u00e3o de menores, v\u00e1rios col\u00e9gios se limitam a cumprir o que manda o conte\u00fado program\u00e1tico e a carga hor\u00e1ria, mantendo-se o mais distante poss\u00edvel de qualquer envolvimento maior para a pr\u00f3pria seguran\u00e7a de seus profissionais.<\/p>\n<p>Por outro lado, as delegacias e a justi\u00e7a muitas vezes n\u00e3o d\u00e3o o pronto atendimento e aten\u00e7\u00e3o a esses casos, deixando os professores \u00e0 pr\u00f3pria sorte. Desse modo, envoltas em problemas estranhos ao processo de educa\u00e7\u00e3o e que, em muitos casos, s\u00e3o de ordem social ou mesmo de pol\u00edcia, muitas escolas e professores n\u00e3o conseguem se inserir nas comunidades em que se encontram, sendo raros os casos de uma rela\u00e7\u00e3o saud\u00e1vel e amig\u00e1vel entre esses atores.<\/p>\n<p>Como a devida responsabiliza\u00e7\u00e3o, perante o Estado, de pais e respons\u00e1veis de alunos \u00e9 ainda uma possibilidade distante, o adequado processo de ensino vai sendo empurrado para um futuro incerto e sem solu\u00e7\u00e3o \u00e0 vista. Nossas escolas, sobretudo as p\u00fablicas, ficaram paradas no tempo, preparando os alunos para um mundo que j\u00e1 n\u00e3o \u00e9 o mesmo e que requer outro tipo de profissional, com outras habilidades. Al\u00e9m disso, tem que lidar com problemas que antes eram resolvidos dentro das fam\u00edlias, no \u00e2mbito das rela\u00e7\u00f5es entre pais e filhos. Sabe-se que as escolas s\u00e3o o espelho da sociedade em que est\u00e3o inseridas.<\/p>\n<p>No nosso caso, as escolas p\u00fablicas, principalmente aquelas localizadas nas regi\u00f5es mais carentes, est\u00e3o imersas numa sociedade onde a viol\u00eancia \u00e9 um fato corrente no dia a dia dos alunos. Em muitos lugares, \u00e9 comum os bandidos da regi\u00e3o mandarem fechar as escolas. Em outros, os intensos tiroteios impedem que os estudantes possam ir \u00e0s aulas. O tr\u00e1fico de drogas e o consumo de \u00e1lcool \u00e9 uma realidade dentro e nos entornos das escolas. Para aqueles estabelecimentos onde n\u00e3o h\u00e1 um policiamento ostensivo, como \u00e9 o caso dessa CAIC na Ceil\u00e2ndia, os casos de viol\u00eancia s\u00e3o uma constante e amedrontam os professores, o que tem reflexos diretos no processo de ensino e no funcionamento das escolas. N\u00e3o h\u00e1 como pensar em ensino de qualidade, capaz de colocar o pa\u00eds nos primeiros lugares nesses rankings internacionais de avalia\u00e7\u00e3o do ensino, enquanto n\u00e3o forem solucionados problemas b\u00e1sicos no \u00e2mbito de nossa sociedade, como \u00e9 o caso da viol\u00eancia end\u00eamica, suas causas e suas m\u00faltiplas consequ\u00eancias.<\/p>\n<p>No dilema atual que prop\u00f5e resolver os problemas sociais de nosso pa\u00eds, por meio da educa\u00e7\u00e3o, \u00e9 colocado outro que aponta que somente vamos resolver as quest\u00f5es da melhoria de nossa educa\u00e7\u00e3o p\u00fablica quando pudermos educar tamb\u00e9m as fam\u00edlias e a sociedade conjuntamente.<\/p>\n<p>&nbsp;<\/p>\n<p>&nbsp;<\/p>\n<p>&nbsp;<\/p>\n<p><strong>A frase que foi pronunciada:<\/strong><\/p>\n<p>\u201cO envolvimento dos pais \u00e9 importante na educa\u00e7\u00e3o por v\u00e1rios motivos:<\/p>\n<ul>\n<li>Determinar objetivos com as crian\u00e7as e acompanhar de perto o resultado;<\/li>\n<li>Monitorar as notas e trabalhos para ter certeza de que est\u00e3o no caminho certo;<\/li>\n<li>Usar com frequ\u00eancia aplicativos adotados pela escola para acompanhar o desenvolvimento e atividades dos filhos;<\/li>\n<li>Estimular a rela\u00e7\u00e3o social entre as crian\u00e7as e professores;<\/li>\n<li>Pais e professores unidos podem cobrar mais verbas dos munic\u00edpios, estados e uni\u00e3o ou mesmo apresentar novos projetos.\u201d<\/li>\n<\/ul>\n<p>Justificativas para a participa\u00e7\u00e3o dos pais nas atividades da escola descritas pela NEA &#8211; Associa\u00e7\u00e3o Nacional de Educa\u00e7\u00e3o (norte-americana, fundada em 1922)<\/p>\n<figure id=\"attachment_14407\" aria-describedby=\"caption-attachment-14407\" style=\"width: 548px\" class=\"wp-caption aligncenter\"><img loading=\"lazy\" decoding=\"async\" class=\" wp-image-14407\" src=\"https:\/\/blogs.correiobraziliense.com.br\/aricunha\/wp-content\/uploads\/sites\/13\/2019\/06\/98472f714bd3629ab2138eee5c097e46-e1561751738346.jpg\" alt=\"\" width=\"548\" height=\"275\" srcset=\"https:\/\/blogs.correiobraziliense.com.br\/aricunha\/wp-content\/uploads\/sites\/13\/2019\/06\/98472f714bd3629ab2138eee5c097e46-e1561751738346.jpg 590w, https:\/\/blogs.correiobraziliense.com.br\/aricunha\/wp-content\/uploads\/sites\/13\/2019\/06\/98472f714bd3629ab2138eee5c097e46-e1561751738346-300x151.jpg 300w, https:\/\/blogs.correiobraziliense.com.br\/aricunha\/wp-content\/uploads\/sites\/13\/2019\/06\/98472f714bd3629ab2138eee5c097e46-e1561751738346-350x176.jpg 350w, https:\/\/blogs.correiobraziliense.com.br\/aricunha\/wp-content\/uploads\/sites\/13\/2019\/06\/98472f714bd3629ab2138eee5c097e46-e1561751738346-550x276.jpg 550w, https:\/\/blogs.correiobraziliense.com.br\/aricunha\/wp-content\/uploads\/sites\/13\/2019\/06\/98472f714bd3629ab2138eee5c097e46-e1561751738346-230x115.jpg 230w\" sizes=\"auto, (max-width: 548px) 100vw, 548px\" \/><figcaption id=\"caption-attachment-14407\" class=\"wp-caption-text\">Charge do Chaunu<\/figcaption><\/figure>\n<p><strong>\u00a0<\/strong><\/p>\n<p><strong>\u00a0<\/strong><\/p>\n<p><strong>Bras\u00edlia<\/strong><\/p>\n<p>Ip\u00eas Roxos t\u00eam poder de redimensionar o turismo em Bras\u00edlia nesses meses. Se as cerejeiras do Jap\u00e3o o fazem, em termos de beleza estamos bem perto. Faltam um projeto bem desenhado, divulga\u00e7\u00e3o no Brasil e no mundo e convencimento para as \u00e1reas de turismo do governo e universidades darem o primeiro passo.<\/p>\n<p><img loading=\"lazy\" decoding=\"async\" class=\"wp-image-14406 aligncenter\" src=\"https:\/\/blogs.correiobraziliense.com.br\/aricunha\/wp-content\/uploads\/sites\/13\/2019\/06\/WhatsApp-Image-2019-06-28-at-14.10.27-1.jpeg\" alt=\"\" width=\"550\" height=\"413\" srcset=\"https:\/\/blogs.correiobraziliense.com.br\/aricunha\/wp-content\/uploads\/sites\/13\/2019\/06\/WhatsApp-Image-2019-06-28-at-14.10.27-1.jpeg 1040w, https:\/\/blogs.correiobraziliense.com.br\/aricunha\/wp-content\/uploads\/sites\/13\/2019\/06\/WhatsApp-Image-2019-06-28-at-14.10.27-1-300x225.jpeg 300w, https:\/\/blogs.correiobraziliense.com.br\/aricunha\/wp-content\/uploads\/sites\/13\/2019\/06\/WhatsApp-Image-2019-06-28-at-14.10.27-1-768x576.jpeg 768w, https:\/\/blogs.correiobraziliense.com.br\/aricunha\/wp-content\/uploads\/sites\/13\/2019\/06\/WhatsApp-Image-2019-06-28-at-14.10.27-1-1024x768.jpeg 1024w, https:\/\/blogs.correiobraziliense.com.br\/aricunha\/wp-content\/uploads\/sites\/13\/2019\/06\/WhatsApp-Image-2019-06-28-at-14.10.27-1-350x263.jpeg 350w, https:\/\/blogs.correiobraziliense.com.br\/aricunha\/wp-content\/uploads\/sites\/13\/2019\/06\/WhatsApp-Image-2019-06-28-at-14.10.27-1-550x413.jpeg 550w, https:\/\/blogs.correiobraziliense.com.br\/aricunha\/wp-content\/uploads\/sites\/13\/2019\/06\/WhatsApp-Image-2019-06-28-at-14.10.27-1-230x173.jpeg 230w\" sizes=\"auto, (max-width: 550px) 100vw, 550px\" \/><\/p>\n<p>&nbsp;<\/p>\n<p>&nbsp;<\/p>\n<p><strong>Atleta<\/strong><\/p>\n<p>Fila Skates foi quem acreditou na atleta brasileira Camila Cavalheiro, que vai competir na modalidade Inline Downhill, a modalidade mais r\u00e1pida da patina\u00e7\u00e3o. Com alto desempenho no esporte, Camila foi convocada pela Confedera\u00e7\u00e3o Brasileira de H\u00f3quei e Patina\u00e7\u00e3o (CBHP) para participar do World Roller Games 2019, em julho. Sem dinheiro, come\u00e7ou uma campanha para arrecadar fundos na Internet, mas a alta performance convenceu patrocinadores que v\u00e3o bancar a atleta. Agora \u00e9 s\u00f3 torcer. Leia mais sobre a atleta a seguir.<\/p>\n<figure id=\"attachment_14405\" aria-describedby=\"caption-attachment-14405\" style=\"width: 328px\" class=\"wp-caption alignleft\"><img loading=\"lazy\" decoding=\"async\" class=\" wp-image-14405\" src=\"https:\/\/blogs.correiobraziliense.com.br\/aricunha\/wp-content\/uploads\/sites\/13\/2019\/06\/patinadora-camile.jpg\" alt=\"\" width=\"328\" height=\"240\" srcset=\"https:\/\/blogs.correiobraziliense.com.br\/aricunha\/wp-content\/uploads\/sites\/13\/2019\/06\/patinadora-camile.jpg 256w, https:\/\/blogs.correiobraziliense.com.br\/aricunha\/wp-content\/uploads\/sites\/13\/2019\/06\/patinadora-camile-230x168.jpg 230w\" sizes=\"auto, (max-width: 328px) 100vw, 328px\" \/><figcaption id=\"caption-attachment-14405\" class=\"wp-caption-text\">Foto: Divulga\u00e7\u00e3o<\/figcaption><\/figure>\n<p><em>Patinadora brasileira \u00e9 a primeira mulher nas olimp\u00edadas Roller Games 2019 em Barcelona<\/em><\/p>\n<p><em>Camila Cavalheiro ir\u00e1 competir na modalidade Inline Downhill, a modalidade mais r\u00e1pida da patina\u00e7\u00e3o<\/em><\/p>\n<p><em>Na busca de qualidade de vida e lazer, muitos brasileiros est\u00e3o se tornando adeptos da patina\u00e7\u00e3o. De acordo com uma pesquisa feita em 2017 com 1141 brasileiros pelo maior portal de patina\u00e7\u00e3o do Brasil, Adreninline, a pr\u00e1tica de andar de patins \u00e9 recente, pois a maioria, 80,1%, pratica o esporte h\u00e1 menos de tr\u00eas anos, sendo que deste total, 52,8% est\u00e3o no esporte a menos de um ano. A ascens\u00e3o do esporte fez com que atletas ganhassem notoriedade, como \u00e9 o caso da Camila Cavalheiro, primeira brasileira que ir\u00e1 competir na modalidade Downhill nas olimp\u00edadas Rollergames 2019 em Barcelona.<\/em><\/p>\n<p><em>Tudo come\u00e7ou apenas como um hobby no ano de 2013. \u201cEu estava passando por uma loja de artigos esportivos, at\u00e9 que os patins me chamaram aten\u00e7\u00e3o ap\u00f3s eu assistir um v\u00eddeo dentro do pr\u00f3prio estabelecimento sobre o esporte\u201d, explica Camila. A paix\u00e3o por patinar foi t\u00e3o intensa que j\u00e1 no ano seguinte ela participou do primeiro campeonato em Curitiba (PR) de n\u00edvel nacional e obteve seu primeiro p\u00f3dio, 1\u00ba no Jump e 3\u00ba no slide. No total, a atleta j\u00e1 participou de sete competi\u00e7\u00f5es de Freestyle slide.<\/em><\/p>\n<p><em>O in\u00edcio de tudo<\/em><\/p>\n<p><em>Natural de Maring\u00e1 (PR), Camila hoje tem 30 anos e mora na regi\u00e3o da Penha (SP). Apesar do reconhecimento, sua trajet\u00f3ria foi de altos e baixos at\u00e9 conseguir o reconhecimento como a primeira e \u00fanica patinadora feminina que ir\u00e1 participar deste grande evento internacional. \u201cInfelizmente o esporte ainda n\u00e3o tem tanta visibilidade se comparado aos demais, e a situa\u00e7\u00e3o se torna ainda mais complicada pelo fato de ser uma mulher competindo, j\u00e1 que n\u00e3o temos ainda o mesmo espa\u00e7o que os homens, tanto que as pr\u00f3prias jogadoras da sele\u00e7\u00e3o do Brasil de futebol fizeram um apelo\u201d, ressalta a atleta.<\/em><br \/>\n<em>Patinadora brasileira \u00e9 a primeira mulher nas olimp\u00edadas Rollergames 2019 em Barcelona<\/em><\/p>\n<p><em>Camila ser\u00e1 a primeira mulher que ir\u00e1 competir na modalidade Inline Downhill no World Roller Games que acontece em Barcelona, al\u00e9m de ser a primeira brasileira que participa da competi\u00e7\u00e3o. A modalidade \u00e9 a mais r\u00e1pida da patina\u00e7\u00e3o, e pode alcan\u00e7ar velocidades acima de 100km\/h.<\/em><\/p>\n<p>&nbsp;<\/p>\n<p>&nbsp;<\/p>\n<p><strong>HIST\u00d3RIA DE BRAS\u00cdLIA<\/strong><\/p>\n<p>A medida foi uma das corajosas iniciativas do governo do sr. J\u00e2nio Quadros, consolidada, agora, no regime parlamentarista. <strong>(Publicado em 24\/11\/1961)<\/strong><\/p>\n","protected":false},"excerpt":{"rendered":"<p>VISTO, LIDO E OUVIDO, criada por Ari Cunha (In memoriam) Desde 1960, com Circe Cunha e Mamfil jornalistacircecunha@gmail.com Facebook.com\/vistolidoeouvido Instagram.com\/vistolidoeouvido &nbsp; &nbsp; Transformadas de escolas em centros de reabilita\u00e7\u00e3o de menores, v\u00e1rios col\u00e9gios se limitam a cumprir o que manda o conte\u00fado program\u00e1tico e a carga hor\u00e1ria, mantendo-se o mais distante poss\u00edvel de qualquer envolvimento maior para a pr\u00f3pria seguran\u00e7a [&hellip;]<\/p>\n","protected":false},"author":34,"featured_media":14408,"comment_status":"open","ping_status":"open","sticky":false,"template":"","format":"standard","meta":{"footnotes":""},"categories":[23],"tags":[1629,604,1430,609,114,667,68,2,69,16],"class_list":["post-14403","post","type-post","status-publish","format-standard","has-post-thumbnail","hentry","category-integra","tag-caicnodf","tag-educacaonobrasil","tag-educacaopublica","tag-escolasbrasileiras","tag-historiadebrasilia","tag-violencianasescolas","tag-aricunha","tag-brasilia","tag-circecunha","tag-mamfil"],"_links":{"self":[{"href":"https:\/\/blogs.correiobraziliense.com.br\/aricunha\/wp-json\/wp\/v2\/posts\/14403","targetHints":{"allow":["GET"]}}],"collection":[{"href":"https:\/\/blogs.correiobraziliense.com.br\/aricunha\/wp-json\/wp\/v2\/posts"}],"about":[{"href":"https:\/\/blogs.correiobraziliense.com.br\/aricunha\/wp-json\/wp\/v2\/types\/post"}],"author":[{"embeddable":true,"href":"https:\/\/blogs.correiobraziliense.com.br\/aricunha\/wp-json\/wp\/v2\/users\/34"}],"replies":[{"embeddable":true,"href":"https:\/\/blogs.correiobraziliense.com.br\/aricunha\/wp-json\/wp\/v2\/comments?post=14403"}],"version-history":[{"count":4,"href":"https:\/\/blogs.correiobraziliense.com.br\/aricunha\/wp-json\/wp\/v2\/posts\/14403\/revisions"}],"predecessor-version":[{"id":14411,"href":"https:\/\/blogs.correiobraziliense.com.br\/aricunha\/wp-json\/wp\/v2\/posts\/14403\/revisions\/14411"}],"wp:featuredmedia":[{"embeddable":true,"href":"https:\/\/blogs.correiobraziliense.com.br\/aricunha\/wp-json\/wp\/v2\/media\/14408"}],"wp:attachment":[{"href":"https:\/\/blogs.correiobraziliense.com.br\/aricunha\/wp-json\/wp\/v2\/media?parent=14403"}],"wp:term":[{"taxonomy":"category","embeddable":true,"href":"https:\/\/blogs.correiobraziliense.com.br\/aricunha\/wp-json\/wp\/v2\/categories?post=14403"},{"taxonomy":"post_tag","embeddable":true,"href":"https:\/\/blogs.correiobraziliense.com.br\/aricunha\/wp-json\/wp\/v2\/tags?post=14403"}],"curies":[{"name":"wp","href":"https:\/\/api.w.org\/{rel}","templated":true}]}}