{"id":14305,"date":"2019-06-18T01:00:20","date_gmt":"2019-06-18T04:00:20","guid":{"rendered":"https:\/\/blogs.correiobraziliense.com.br\/aricunha\/?p=14305"},"modified":"2019-06-17T11:57:37","modified_gmt":"2019-06-17T14:57:37","slug":"a-vida-em-preto-e-branco-da-populacao-brasileira-em-contraste-com-as-cores-da-realidade-da-alta-cupula","status":"publish","type":"post","link":"https:\/\/blogs.correiobraziliense.com.br\/aricunha\/a-vida-em-preto-e-branco-da-populacao-brasileira-em-contraste-com-as-cores-da-realidade-da-alta-cupula\/","title":{"rendered":"A vida em preto e branco da popula\u00e7\u00e3o brasileira em contraste com as cores da realidade da alta c\u00fapula"},"content":{"rendered":"<p>VISTO, LIDO E OUVIDO, criada por Ari Cunha (In memoriam)<\/p>\n<p>Desde 1960, com Circe Cunha e Mamfil<\/p>\n<p>jornalistacircecunha@gmail.com<\/p>\n<p>Facebook.com\/vistolidoeouvido<\/p>\n<p>Instagram.com\/vistolidoeouvido<\/p>\n<p>&nbsp;<\/p>\n<figure id=\"attachment_14312\" aria-describedby=\"caption-attachment-14312\" style=\"width: 677px\" class=\"wp-caption aligncenter\"><img loading=\"lazy\" decoding=\"async\" class=\" wp-image-14312\" src=\"https:\/\/blogs.correiobraziliense.com.br\/aricunha\/wp-content\/uploads\/sites\/13\/2019\/06\/Moro.jpg\" alt=\"\" width=\"677\" height=\"450\" srcset=\"https:\/\/blogs.correiobraziliense.com.br\/aricunha\/wp-content\/uploads\/sites\/13\/2019\/06\/Moro.jpg 677w, https:\/\/blogs.correiobraziliense.com.br\/aricunha\/wp-content\/uploads\/sites\/13\/2019\/06\/Moro-300x199.jpg 300w, https:\/\/blogs.correiobraziliense.com.br\/aricunha\/wp-content\/uploads\/sites\/13\/2019\/06\/Moro-350x233.jpg 350w, https:\/\/blogs.correiobraziliense.com.br\/aricunha\/wp-content\/uploads\/sites\/13\/2019\/06\/Moro-550x366.jpg 550w, https:\/\/blogs.correiobraziliense.com.br\/aricunha\/wp-content\/uploads\/sites\/13\/2019\/06\/Moro-230x153.jpg 230w\" sizes=\"auto, (max-width: 677px) 100vw, 677px\" \/><figcaption id=\"caption-attachment-14312\" class=\"wp-caption-text\">Foto: Jorge Ara\u00fajo\/Folhapress<\/figcaption><\/figure>\n<p>&nbsp;<\/p>\n<p>Desde o falecimento do ex-presidente Tancredo Neves, o Brasil parece viver uma sequ\u00eancia sem fim de acontecimentos surpreendentes. Parlamentares presos batendo ponto, a trag\u00e9dia do avi\u00e3o de Eduardo Campos, Teori Zavaschi, todos os mortos na hist\u00f3ria do jardineiro Francelino Costa e do prefeito Celso Daniel, a fuga do deputado Jean Wyllys, os bastidores da facada no candidato \u00e0 presid\u00eancia, Jair Bolsonaro, at\u00e9 para a trag\u00e9dia que tirou a vida do jornalista Boechat, com muitos inimigos pol\u00edticos, n\u00e3o faltaram suspeitas.<\/p>\n<p>No tempo de Tancredo, n\u00e3o faltaram aqueles que visualizassem, na trag\u00e9dia m\u00e9dica, atentados e outros tipos de sabotagem, visando impedir o prosseguimento do processo democr\u00e1tico em curso. De l\u00e1 para c\u00e1, foram muitos os fatos anormais ocorridos, todos, obviamente, envoltos em mist\u00e9rios e segundas interpreta\u00e7\u00f5es pelos adeptos da teoria da conspira\u00e7\u00e3o. \u00c9 claro que n\u00e3o se pode descartar o fato de que, num pa\u00eds como o nosso, o realismo fant\u00e1stico e a vida pol\u00edtica se misturam e confundem a todos, mesmo os mais c\u00e9ticos.<\/p>\n<p>Dando o salto no tempo e no espa\u00e7o, o acontecimento bizarro da vez vem a ser a intercepta\u00e7\u00e3o telef\u00f4nica entre o juiz S\u00e9rgio Moro e o procurador Deltan Dallagnol, realizada de forma clandestina pelo aplicativo Telegram e disponibilizado pelo site The Intercept Brasil, de propriedade do jornalista e hacker norte-americano, Glenn Greenwald. Nessa nova subtrama, cujo o cap\u00edtulo principal \u00e9 ainda a Opera\u00e7\u00e3o Lava Jato, o juiz e o procurador trocam estrat\u00e9gias jur\u00eddicas claras para o enfretamento do verdadeiro pool e dos mais caros advogados de defesa do pa\u00eds.<\/p>\n<p>Numa interpreta\u00e7\u00e3o ligeira, tratava-se ali de uma pr\u00e1tica corriqueira, onde um juiz colhe interpreta\u00e7\u00f5es de todas as partes envolvidas no julgamento para melhor encaminhar seu veredito. \u00c9 preciso recordar que esse n\u00e3o era um caso simples. Cuidava-se de um julgamento de um ex-presidente da Rep\u00fablica, fato incomum em toda a nossa hist\u00f3ria. O que resultou dessa nova modalidade de bisbilhotice eletr\u00f4nica foi a oportunidade enxergada pela oposi\u00e7\u00e3o de abrir novo flanco para anular n\u00e3o s\u00f3 a condena\u00e7\u00e3o de Lula, mas reverter todo o rumoroso caso revelado pela Lava Jato.<\/p>\n<p>Dentro desse enredo paralelo, refor\u00e7ado tamb\u00e9m por pol\u00edticos e juristas que torcem pelo fracasso daquela Opera\u00e7\u00e3o exitosa, a imprensa come\u00e7ou a descobrir novos fatos como a liga\u00e7\u00e3o desse jornalista estrangeiro com o suplente de Jean Wyllys, que teria renunciado ao cargo de deputado federal sob a alega\u00e7\u00e3o de estar sendo amea\u00e7ado de morte. Not\u00edcias, ainda n\u00e3o confirmadas, de que Wyllys teria, na verdade, vendido a vaga de deputado, trazem ainda novos e intrigantes relatos a esses casos, que envolvem ainda famosos hackers russos, contribui\u00e7\u00f5es de gente poderosa, dentro e fora do pa\u00eds, e uma s\u00e9rie de outras den\u00fancias que necessitam de apura\u00e7\u00e3o mais acurada.<\/p>\n<p>Verdade ou n\u00e3o, todo esse novo epis\u00f3dio traz, mais uma vez, \u00e0 tona a hist\u00f3ria de um pa\u00eds onde a elite pol\u00edtica e econ\u00f4mica vive uma realidade fant\u00e1stica e colorida, em contraste com a vida em preto e branco do restante da popula\u00e7\u00e3o que segue assistindo a essa novela sem fim.<\/p>\n<p>&nbsp;<\/p>\n<p>&nbsp;<\/p>\n<p>&nbsp;<\/p>\n<p><strong>A frase que foi pronunciada:<\/strong><\/p>\n<p><em>\u201cO Brasil n\u00e3o \u00e9 a Venezuela. Por aqui, o &#8220;Estado de Direito&#8221; \u00e9 definido pelo Judici\u00e1rio, n\u00e3o pelo Instituto Lula, o PT ou mesmo o Planalto.\u201d<\/em><\/p>\n<p>Dem\u00e9trio Magnoli<\/p>\n<p><iframe loading=\"lazy\" title=\"O tiro de hacker contratado saiu pela culatra\" width=\"1440\" height=\"810\" src=\"https:\/\/www.youtube.com\/embed\/NnW02QuwmeQ?start=1&amp;feature=oembed\" frameborder=\"0\" allow=\"accelerometer; autoplay; clipboard-write; encrypted-media; gyroscope; picture-in-picture; web-share\" referrerpolicy=\"strict-origin-when-cross-origin\" allowfullscreen><\/iframe><\/p>\n<p>&nbsp;<\/p>\n<p>&nbsp;<\/p>\n<p><strong>Elogio<\/strong><\/p>\n<p>Com uma tecnologia diferente das outras operadoras de celular, a Claro oferece aos consumidores o Claro Passaporte. Na Europa e Am\u00e9rica do Norte, o consumidor brasileiro tem acesso ao 4G (ou 5G) exatamente como no Brasil, podendo inclusive fazer liga\u00e7\u00f5es, al\u00e9m de navegar na Internet.<\/p>\n<figure id=\"attachment_14310\" aria-describedby=\"caption-attachment-14310\" style=\"width: 550px\" class=\"wp-caption aligncenter\"><img loading=\"lazy\" decoding=\"async\" class=\" wp-image-14310\" src=\"https:\/\/blogs.correiobraziliense.com.br\/aricunha\/wp-content\/uploads\/sites\/13\/2019\/06\/claro_pos_passaporte_banner_desk.jpg\" alt=\"\" width=\"550\" height=\"176\" srcset=\"https:\/\/blogs.correiobraziliense.com.br\/aricunha\/wp-content\/uploads\/sites\/13\/2019\/06\/claro_pos_passaporte_banner_desk.jpg 1470w, https:\/\/blogs.correiobraziliense.com.br\/aricunha\/wp-content\/uploads\/sites\/13\/2019\/06\/claro_pos_passaporte_banner_desk-300x96.jpg 300w, https:\/\/blogs.correiobraziliense.com.br\/aricunha\/wp-content\/uploads\/sites\/13\/2019\/06\/claro_pos_passaporte_banner_desk-768x246.jpg 768w, https:\/\/blogs.correiobraziliense.com.br\/aricunha\/wp-content\/uploads\/sites\/13\/2019\/06\/claro_pos_passaporte_banner_desk-1024x327.jpg 1024w, https:\/\/blogs.correiobraziliense.com.br\/aricunha\/wp-content\/uploads\/sites\/13\/2019\/06\/claro_pos_passaporte_banner_desk-350x112.jpg 350w, https:\/\/blogs.correiobraziliense.com.br\/aricunha\/wp-content\/uploads\/sites\/13\/2019\/06\/claro_pos_passaporte_banner_desk-1440x460.jpg 1440w, https:\/\/blogs.correiobraziliense.com.br\/aricunha\/wp-content\/uploads\/sites\/13\/2019\/06\/claro_pos_passaporte_banner_desk-550x176.jpg 550w, https:\/\/blogs.correiobraziliense.com.br\/aricunha\/wp-content\/uploads\/sites\/13\/2019\/06\/claro_pos_passaporte_banner_desk-230x74.jpg 230w\" sizes=\"auto, (max-width: 550px) 100vw, 550px\" \/><figcaption id=\"caption-attachment-14310\" class=\"wp-caption-text\">Banner: claro.com.br<\/figcaption><\/figure>\n<p>&nbsp;<\/p>\n<p>&nbsp;<\/p>\n<p><strong>Reclama\u00e7\u00e3o<\/strong><\/p>\n<p>Por falar em Claro, em contratos assinados, h\u00e1 uma cl\u00e1usula sobre a gratuidade na consulta aos recados deixados na secret\u00e1ria Claro. De repente, para ouvir os recados passou a ser cobrada uma taxa. Estamos aguardando a resposta da assessoria de imprensa sobre o assunto.<\/p>\n<figure id=\"attachment_14309\" aria-describedby=\"caption-attachment-14309\" style=\"width: 548px\" class=\"wp-caption aligncenter\"><img loading=\"lazy\" decoding=\"async\" class=\" wp-image-14309\" src=\"https:\/\/blogs.correiobraziliense.com.br\/aricunha\/wp-content\/uploads\/sites\/13\/2019\/06\/Correio-de-Voz.jpg\" alt=\"\" width=\"548\" height=\"345\" srcset=\"https:\/\/blogs.correiobraziliense.com.br\/aricunha\/wp-content\/uploads\/sites\/13\/2019\/06\/Correio-de-Voz.jpg 900w, https:\/\/blogs.correiobraziliense.com.br\/aricunha\/wp-content\/uploads\/sites\/13\/2019\/06\/Correio-de-Voz-300x189.jpg 300w, https:\/\/blogs.correiobraziliense.com.br\/aricunha\/wp-content\/uploads\/sites\/13\/2019\/06\/Correio-de-Voz-768x484.jpg 768w, https:\/\/blogs.correiobraziliense.com.br\/aricunha\/wp-content\/uploads\/sites\/13\/2019\/06\/Correio-de-Voz-350x221.jpg 350w, https:\/\/blogs.correiobraziliense.com.br\/aricunha\/wp-content\/uploads\/sites\/13\/2019\/06\/Correio-de-Voz-550x347.jpg 550w, https:\/\/blogs.correiobraziliense.com.br\/aricunha\/wp-content\/uploads\/sites\/13\/2019\/06\/Correio-de-Voz-230x145.jpg 230w\" sizes=\"auto, (max-width: 548px) 100vw, 548px\" \/><figcaption id=\"caption-attachment-14309\" class=\"wp-caption-text\">Foto: meu-smartphone.com<\/figcaption><\/figure>\n<p>&nbsp;<\/p>\n<p>&nbsp;<\/p>\n<p><strong>Voo<\/strong><\/p>\n<p>Em viagens ao exterior, a Copa \u00e9 a empresa a\u00e9rea mais pontual. Do Brasil aos Estados Unidos, com parada no Panam\u00e1, as conex\u00f5es s\u00e3o cravadas.<\/p>\n<figure id=\"attachment_14308\" aria-describedby=\"caption-attachment-14308\" style=\"width: 549px\" class=\"wp-caption aligncenter\"><img loading=\"lazy\" decoding=\"async\" class=\" wp-image-14308\" src=\"https:\/\/blogs.correiobraziliense.com.br\/aricunha\/wp-content\/uploads\/sites\/13\/2019\/06\/Copa.jpg\" alt=\"\" width=\"549\" height=\"268\" srcset=\"https:\/\/blogs.correiobraziliense.com.br\/aricunha\/wp-content\/uploads\/sites\/13\/2019\/06\/Copa.jpg 719w, https:\/\/blogs.correiobraziliense.com.br\/aricunha\/wp-content\/uploads\/sites\/13\/2019\/06\/Copa-300x146.jpg 300w, https:\/\/blogs.correiobraziliense.com.br\/aricunha\/wp-content\/uploads\/sites\/13\/2019\/06\/Copa-350x171.jpg 350w, https:\/\/blogs.correiobraziliense.com.br\/aricunha\/wp-content\/uploads\/sites\/13\/2019\/06\/Copa-550x268.jpg 550w, https:\/\/blogs.correiobraziliense.com.br\/aricunha\/wp-content\/uploads\/sites\/13\/2019\/06\/Copa-230x112.jpg 230w\" sizes=\"auto, (max-width: 549px) 100vw, 549px\" \/><figcaption id=\"caption-attachment-14308\" class=\"wp-caption-text\">Foto: passagenspromo.com<\/figcaption><\/figure>\n<p>&nbsp;<\/p>\n<p>&nbsp;<\/p>\n<p><strong>Pente fino<\/strong><\/p>\n<p>Em parceria com a Administra\u00e7\u00e3o do Parano\u00e1, a CEB fez uma revis\u00e3o na cidade para pontuar todos as \u00e1reas cr\u00edticas da regi\u00e3o. Os relat\u00f3rios ser\u00e3o encaminhados \u00e0 parte t\u00e9cnica para solu\u00e7\u00e3o. O Administrador Regional do Parano\u00e1, S\u00e9rgio Damaceno, classifica como vital a a\u00e7\u00e3o: \u201cEm parceria com a CEB, realizamos reparos de forma que a popula\u00e7\u00e3o possa utilizar os instrumentos p\u00fablicos com seguran\u00e7a\u201d.<\/p>\n<figure id=\"attachment_14307\" aria-describedby=\"caption-attachment-14307\" style=\"width: 550px\" class=\"wp-caption aligncenter\"><img loading=\"lazy\" decoding=\"async\" class=\" wp-image-14307\" src=\"https:\/\/blogs.correiobraziliense.com.br\/aricunha\/wp-content\/uploads\/sites\/13\/2019\/06\/CEB.jpg\" alt=\"\" width=\"550\" height=\"369\" srcset=\"https:\/\/blogs.correiobraziliense.com.br\/aricunha\/wp-content\/uploads\/sites\/13\/2019\/06\/CEB.jpg 530w, https:\/\/blogs.correiobraziliense.com.br\/aricunha\/wp-content\/uploads\/sites\/13\/2019\/06\/CEB-300x201.jpg 300w, https:\/\/blogs.correiobraziliense.com.br\/aricunha\/wp-content\/uploads\/sites\/13\/2019\/06\/CEB-350x234.jpg 350w, https:\/\/blogs.correiobraziliense.com.br\/aricunha\/wp-content\/uploads\/sites\/13\/2019\/06\/CEB-230x154.jpg 230w\" sizes=\"auto, (max-width: 550px) 100vw, 550px\" \/><figcaption id=\"caption-attachment-14307\" class=\"wp-caption-text\">Foto: portalvarada.com<\/figcaption><\/figure>\n<p>&nbsp;<\/p>\n<p><strong>\u00a0<\/strong><\/p>\n<p><strong>Novos tempos<\/strong><\/p>\n<p>Corre pelo mundo o fen\u00f4meno do fechamento de lojas. Quem resiste ao uso da venda pela Internet, perde espa\u00e7o. Lojas no mundo inteiro que se mant\u00e9m fisicamente contam com a venda pela Internet para manter as contas em dia. No Brasil, quem compra pela Renner online busca o produto na pr\u00f3pria loja. A vantagem \u00e9 que paga mais barato pela mesma mercadoria exposta na loja f\u00edsica.<\/p>\n<figure id=\"attachment_14306\" aria-describedby=\"caption-attachment-14306\" style=\"width: 549px\" class=\"wp-caption aligncenter\"><img loading=\"lazy\" decoding=\"async\" class=\" wp-image-14306\" src=\"https:\/\/blogs.correiobraziliense.com.br\/aricunha\/wp-content\/uploads\/sites\/13\/2019\/06\/Ecommerce.jpg\" alt=\"\" width=\"549\" height=\"299\" srcset=\"https:\/\/blogs.correiobraziliense.com.br\/aricunha\/wp-content\/uploads\/sites\/13\/2019\/06\/Ecommerce.jpg 678w, https:\/\/blogs.correiobraziliense.com.br\/aricunha\/wp-content\/uploads\/sites\/13\/2019\/06\/Ecommerce-300x163.jpg 300w, https:\/\/blogs.correiobraziliense.com.br\/aricunha\/wp-content\/uploads\/sites\/13\/2019\/06\/Ecommerce-350x190.jpg 350w, https:\/\/blogs.correiobraziliense.com.br\/aricunha\/wp-content\/uploads\/sites\/13\/2019\/06\/Ecommerce-550x299.jpg 550w, https:\/\/blogs.correiobraziliense.com.br\/aricunha\/wp-content\/uploads\/sites\/13\/2019\/06\/Ecommerce-230x125.jpg 230w\" sizes=\"auto, (max-width: 549px) 100vw, 549px\" \/><figcaption id=\"caption-attachment-14306\" class=\"wp-caption-text\">Foto: guiadeecommerce.com.br<\/figcaption><\/figure>\n<p>&nbsp;<\/p>\n<p>&nbsp;<\/p>\n<p><strong>HIST\u00d3RIA DE BRAS\u00cdLIA<\/strong><\/p>\n<p>Um espet\u00e1culo, a festa da Rodovi\u00e1ria. Impressionante, o carinho com que o povo do Distrito Federal comemorou o anivers\u00e1rio dos filhos do presidente Jo\u00e3o Goulart. <strong>(Publicado em 23\/11\/1961)<\/strong><\/p>\n","protected":false},"excerpt":{"rendered":"<p>VISTO, LIDO E OUVIDO, criada por Ari Cunha (In memoriam) Desde 1960, com Circe Cunha e Mamfil jornalistacircecunha@gmail.com Facebook.com\/vistolidoeouvido Instagram.com\/vistolidoeouvido &nbsp; &nbsp; Desde o falecimento do ex-presidente Tancredo Neves, o Brasil parece viver uma sequ\u00eancia sem fim de acontecimentos surpreendentes. Parlamentares presos batendo ponto, a trag\u00e9dia do avi\u00e3o de Eduardo Campos, Teori Zavaschi, todos os mortos na hist\u00f3ria do jardineiro [&hellip;]<\/p>\n","protected":false},"author":34,"featured_media":14312,"comment_status":"open","ping_status":"open","sticky":false,"template":"","format":"standard","meta":{"footnotes":""},"categories":[23],"tags":[1235,114,1600,1599,1175,1598,1351,946,68,2,69,16],"class_list":["post-14305","post","type-post","status-publish","format-standard","has-post-thumbnail","hentry","category-integra","tag-governobolsonaro","tag-historiadebrasilia","tag-intercept","tag-juizdeltandallagnol","tag-ministeriodajustica","tag-ministeriopublicofederal","tag-ministrosergiomoro","tag-operacaolavajato","tag-aricunha","tag-brasilia","tag-circecunha","tag-mamfil"],"_links":{"self":[{"href":"https:\/\/blogs.correiobraziliense.com.br\/aricunha\/wp-json\/wp\/v2\/posts\/14305","targetHints":{"allow":["GET"]}}],"collection":[{"href":"https:\/\/blogs.correiobraziliense.com.br\/aricunha\/wp-json\/wp\/v2\/posts"}],"about":[{"href":"https:\/\/blogs.correiobraziliense.com.br\/aricunha\/wp-json\/wp\/v2\/types\/post"}],"author":[{"embeddable":true,"href":"https:\/\/blogs.correiobraziliense.com.br\/aricunha\/wp-json\/wp\/v2\/users\/34"}],"replies":[{"embeddable":true,"href":"https:\/\/blogs.correiobraziliense.com.br\/aricunha\/wp-json\/wp\/v2\/comments?post=14305"}],"version-history":[{"count":1,"href":"https:\/\/blogs.correiobraziliense.com.br\/aricunha\/wp-json\/wp\/v2\/posts\/14305\/revisions"}],"predecessor-version":[{"id":14313,"href":"https:\/\/blogs.correiobraziliense.com.br\/aricunha\/wp-json\/wp\/v2\/posts\/14305\/revisions\/14313"}],"wp:featuredmedia":[{"embeddable":true,"href":"https:\/\/blogs.correiobraziliense.com.br\/aricunha\/wp-json\/wp\/v2\/media\/14312"}],"wp:attachment":[{"href":"https:\/\/blogs.correiobraziliense.com.br\/aricunha\/wp-json\/wp\/v2\/media?parent=14305"}],"wp:term":[{"taxonomy":"category","embeddable":true,"href":"https:\/\/blogs.correiobraziliense.com.br\/aricunha\/wp-json\/wp\/v2\/categories?post=14305"},{"taxonomy":"post_tag","embeddable":true,"href":"https:\/\/blogs.correiobraziliense.com.br\/aricunha\/wp-json\/wp\/v2\/tags?post=14305"}],"curies":[{"name":"wp","href":"https:\/\/api.w.org\/{rel}","templated":true}]}}