{"id":14289,"date":"2019-06-15T01:00:59","date_gmt":"2019-06-15T04:00:59","guid":{"rendered":"https:\/\/blogs.correiobraziliense.com.br\/aricunha\/?p=14289"},"modified":"2019-06-14T16:40:13","modified_gmt":"2019-06-14T19:40:13","slug":"a-ultima-fronteira-agricola-sera-tambem-nosso-grande-e-arido-deserto","status":"publish","type":"post","link":"https:\/\/blogs.correiobraziliense.com.br\/aricunha\/a-ultima-fronteira-agricola-sera-tambem-nosso-grande-e-arido-deserto\/","title":{"rendered":"A \u00faltima fronteira agr\u00edcola ser\u00e1 tamb\u00e9m nosso grande e \u00e1rido deserto"},"content":{"rendered":"<p>VISTO, LIDO E OUVIDO, criada por Ari Cunha (In memoriam)<\/p>\n<p>Desde 1960, com Circe Cunha e Mamfil<\/p>\n<p>jornalistacircecunha@gmail.com<\/p>\n<p>Facebook.com\/vistolidoeouvido<\/p>\n<p>Instagram.com\/vistolidoeouvido<\/p>\n<p>&nbsp;<\/p>\n<figure id=\"attachment_14291\" aria-describedby=\"caption-attachment-14291\" style=\"width: 660px\" class=\"wp-caption aligncenter\"><img loading=\"lazy\" decoding=\"async\" class=\"size-full wp-image-14291\" src=\"https:\/\/blogs.correiobraziliense.com.br\/aricunha\/wp-content\/uploads\/sites\/13\/2019\/06\/cerradoecossistema-bioma-destruicao-05062018112714589.jpeg.jpg\" alt=\"\" width=\"660\" height=\"360\" srcset=\"https:\/\/blogs.correiobraziliense.com.br\/aricunha\/wp-content\/uploads\/sites\/13\/2019\/06\/cerradoecossistema-bioma-destruicao-05062018112714589.jpeg.jpg 660w, https:\/\/blogs.correiobraziliense.com.br\/aricunha\/wp-content\/uploads\/sites\/13\/2019\/06\/cerradoecossistema-bioma-destruicao-05062018112714589.jpeg-300x164.jpg 300w, https:\/\/blogs.correiobraziliense.com.br\/aricunha\/wp-content\/uploads\/sites\/13\/2019\/06\/cerradoecossistema-bioma-destruicao-05062018112714589.jpeg-350x191.jpg 350w, https:\/\/blogs.correiobraziliense.com.br\/aricunha\/wp-content\/uploads\/sites\/13\/2019\/06\/cerradoecossistema-bioma-destruicao-05062018112714589.jpeg-550x300.jpg 550w, https:\/\/blogs.correiobraziliense.com.br\/aricunha\/wp-content\/uploads\/sites\/13\/2019\/06\/cerradoecossistema-bioma-destruicao-05062018112714589.jpeg-230x125.jpg 230w\" sizes=\"auto, (max-width: 660px) 100vw, 660px\" \/><figcaption id=\"caption-attachment-14291\" class=\"wp-caption-text\">Foto: ecoa.org.br<\/figcaption><\/figure>\n<p>&nbsp;<\/p>\n<p>Quem vive nas metr\u00f3poles do Centro Oeste brasileiro, cidades modernas, como Bras\u00edlia, Goi\u00e2nia, Palmas, Campo Grande e outras de igual import\u00e2ncia, com milh\u00f5es de habitantes e todo o tipo de progresso urbano, n\u00e3o possui a m\u00ednima ideia do que est\u00e1 ocorrendo ao redor, nos imensos campos destinados \u00e0s atividades agroindustriais e que praticamente ilham essas comunidades<\/p>\n<p>Cercadas por imensos latif\u00fandios de monoculturas por todos os lados, cuja a produ\u00e7\u00e3o \u00e9 quase totalmente destinada ao mercado externo, essas dezenas de cidades, que nas \u00faltimas d\u00e9cadas t\u00eam experimentado um sens\u00edvel crescimento ou incha\u00e7o demogr\u00e1fico, v\u00e3o, aos poucos, sentido os efeitos diretos e nefastos dessas atividades econ\u00f4micas realizadas, unicamente, objetivando lucros m\u00e1ximos e imediatos a seus propriet\u00e1rios.<\/p>\n<p>Com isso, a cada per\u00edodo de estiagem nessas regi\u00f5es, mais e mais seus habitantes v\u00e3o sofrendo longos meses de racionamento de \u00e1gua, seguidos de fortes ondas de calor, o que \u00e9 agravado ainda pelas seguidas queimadas, tornando o ar irrespir\u00e1vel e com preju\u00edzos \u00e0 sa\u00fade de todos.<\/p>\n<p>Rios e outros cursos d\u2019\u00e1guas, que anteriormente corriam durante todo o ano, agora desaparecem durante a seca, deixando apenas um rastro de areia e pedras, apontando para um futuro de escassez e aridez para todos.<\/p>\n<p>Incrivelmente, esse parece ser um assunto tabu nessas regi\u00f5es. Ningu\u00e9m discute as causas desses fen\u00f4menos, nenhuma escola ou universidade parece disposta a levar esse debate adiante. Fala-se em progresso econ\u00f4mico. Mas a que pre\u00e7o? O poder de press\u00e3o do agroneg\u00f3cio n\u00e3o se limita apenas ao Congresso, onde re\u00fane uma bancada barulhenta e disposta a tudo. Tamb\u00e9m no campo os grandes latif\u00fandios assustam os pequenos fazendeiros que j\u00e1 perceberam a for\u00e7a desses gigantes, muitos dos quais estrangeiros, que n\u00e3o medem esfor\u00e7os para impor suas vontades.<\/p>\n<p>Os movimentos nacionais que se contrap\u00f5em ao poderio dessas multinacionais de alimentos ainda s\u00e3o muito incipientes entre n\u00f3s e normalmente n\u00e3o s\u00e3o, sequer, ouvidos pelas autoridades. Os desmatamentos cont\u00ednuos, a dizima\u00e7\u00e3o de esp\u00e9cies animais e vegetais, o envenenamento dos solos e a desidrata\u00e7\u00e3o dos cursos de \u00e1gua n\u00e3o abala essa gente que age protegida por uma legisla\u00e7\u00e3o claudicante e ben\u00e9fica a quem produz, n\u00e3o importando como e a que custo.<\/p>\n<p>Preocupante \u00e9 saber que a pr\u00f3pria Constitui\u00e7\u00e3o de 88 em seu art. 225, par\u00e1grafo 4\u00ba, define como patrim\u00f4nio nacional a Floresta Amaz\u00f4nica, a Mata Atl\u00e2ntica, a Serra do Mar, O Pantanal Mato-Grossense e a Zona Costeira, deixando de fora todo o important\u00edssimo Bioma Cerrado. Atentem senadores e deputados ao detalhe! Fa\u00e7am o que \u00e9 preciso ser feito para proteger toda essa terra e essa gente. A Carta Magna deixou enormes brechas por onde penetram esses devastadores das riquezas naturais do pa\u00eds, travestidos de grandes produtores.<\/p>\n<p>A menor prote\u00e7\u00e3o legal, juntamente com o poder de lobby dos produtores, tem provocado estragos irrevers\u00edveis nesse bioma e que s\u00f3 ser\u00e3o devidamente avaliados quando toda essa regi\u00e3o entrar num processo de desertifica\u00e7\u00e3o sem controle. A\u00ed ser\u00e1 tarde demais e possivelmente seus respons\u00e1veis j\u00e1 estar\u00e3o fora do alcance de qualquer lei ou autoridade.<\/p>\n<p>Cientistas j\u00e1 comprovaram que o Cerrado \u00e9 a savana mais biodiversa do planeta, contendo 5% das plantas e animais da Terra, inclusive 4.800 esp\u00e9cies que s\u00f3 ocorrem nessa parte do mundo. O problema com esse bioma \u00fanico \u00e9 que ele, apesar da variedade e grandeza, \u00e9 tamb\u00e9m um dos mais sens\u00edveis e contr\u00e1rios \u00e0 interven\u00e7\u00e3o humana. Por n\u00e3o conhecer adequadamente ainda todo o funcionamento desse complexo sistema, a intromiss\u00e3o humana causa estragos de dif\u00edcil recupera\u00e7\u00e3o.<\/p>\n<p>Experimentos com plantas e animais demonstram a dificuldade de reproduzi-los em condi\u00e7\u00f5es fora de seu meio ambiente natural. As poucas experi\u00eancias feitas at\u00e9 agora, por pesquisadores isolados e com escassos recursos, demonstram que h\u00e1 ainda um imenso e variado campo desconhecido sobre esse sistema. Infelizmente, a descoberta dessa riqueza natural e delicada s\u00f3 come\u00e7ou a aparecer quando o boom das mat\u00e9rias-primas e das commodities j\u00e1 estavam atraindo grandes investimentos, principalmente do exterior.<\/p>\n<p>&nbsp;<\/p>\n<p>&nbsp;<\/p>\n<p>&nbsp;<\/p>\n<p><strong>A frase que foi pronunciada: <\/strong><\/p>\n<p><em>\u201cEnquanto a esquerda esperneia deixando de votar inclusive no que defendia, enquanto a direita calcula cada passo, o Brasil aguarda para saber que destino tomar: de volta ao passado ou direto para o futuro. Unir para governar \u00e9 o pensamento de quem age pelo pa\u00eds, e n\u00e3o por ideologias.\u201d<\/em><\/p>\n<p>Dona Dita, enquanto v\u00ea a banda passar.<\/p>\n<figure id=\"attachment_14276\" aria-describedby=\"caption-attachment-14276\" style=\"width: 552px\" class=\"wp-caption aligncenter\"><img loading=\"lazy\" decoding=\"async\" class=\" wp-image-14276\" src=\"https:\/\/blogs.correiobraziliense.com.br\/aricunha\/wp-content\/uploads\/sites\/13\/2019\/06\/iotti-1-1.jpg\" alt=\"\" width=\"552\" height=\"407\" srcset=\"https:\/\/blogs.correiobraziliense.com.br\/aricunha\/wp-content\/uploads\/sites\/13\/2019\/06\/iotti-1-1.jpg 480w, https:\/\/blogs.correiobraziliense.com.br\/aricunha\/wp-content\/uploads\/sites\/13\/2019\/06\/iotti-1-1-300x221.jpg 300w, https:\/\/blogs.correiobraziliense.com.br\/aricunha\/wp-content\/uploads\/sites\/13\/2019\/06\/iotti-1-1-350x258.jpg 350w, https:\/\/blogs.correiobraziliense.com.br\/aricunha\/wp-content\/uploads\/sites\/13\/2019\/06\/iotti-1-1-230x170.jpg 230w\" sizes=\"auto, (max-width: 552px) 100vw, 552px\" \/><figcaption id=\"caption-attachment-14276\" class=\"wp-caption-text\">Charge do Iotti<\/figcaption><\/figure>\n<p>&nbsp;<\/p>\n<p>&nbsp;<\/p>\n<p><strong>P\u00e3o e Circo<\/strong><\/p>\n<p>Nota do leitor Renato Prestes: \u201cNos dias dos jogos da sele\u00e7\u00e3o brasileira masculina na Copa do Mundo, servidores p\u00fablicos s\u00e3o dispensados. Nos jogos da sele\u00e7\u00e3o feminina, essa benesse n\u00e3o ocorre. Situa\u00e7\u00e3o que deixa bem expl\u00edcita que n\u00e3o h\u00e1 tratamento igualit\u00e1rio entre homens e mulheres, conforme imp\u00f4s a Constitui\u00e7\u00e3o de 1988.\u201d O ideal seria n\u00e3o ter dispensa do trabalho para assistir jogo de futebol, o que \u00e9 um absurdo em si (nota da coluna).<\/p>\n<figure id=\"attachment_14292\" aria-describedby=\"caption-attachment-14292\" style=\"width: 551px\" class=\"wp-caption aligncenter\"><img loading=\"lazy\" decoding=\"async\" class=\" wp-image-14292\" src=\"https:\/\/blogs.correiobraziliense.com.br\/aricunha\/wp-content\/uploads\/sites\/13\/2019\/06\/sele\u00e7\u00e3o.jpg\" alt=\"\" width=\"551\" height=\"349\" srcset=\"https:\/\/blogs.correiobraziliense.com.br\/aricunha\/wp-content\/uploads\/sites\/13\/2019\/06\/sele\u00e7\u00e3o.jpg 529w, https:\/\/blogs.correiobraziliense.com.br\/aricunha\/wp-content\/uploads\/sites\/13\/2019\/06\/sele\u00e7\u00e3o-300x190.jpg 300w, https:\/\/blogs.correiobraziliense.com.br\/aricunha\/wp-content\/uploads\/sites\/13\/2019\/06\/sele\u00e7\u00e3o-350x222.jpg 350w, https:\/\/blogs.correiobraziliense.com.br\/aricunha\/wp-content\/uploads\/sites\/13\/2019\/06\/sele\u00e7\u00e3o-230x146.jpg 230w\" sizes=\"auto, (max-width: 551px) 100vw, 551px\" \/><figcaption id=\"caption-attachment-14292\" class=\"wp-caption-text\">Foto: agenciabrasil.ebc.com.br<\/figcaption><\/figure>\n<p>&nbsp;<\/p>\n<p>&nbsp;<\/p>\n<p><strong>HIST\u00d3RIA DE BRAS\u00cdLIA<\/strong><\/p>\n<p>Uma solu\u00e7\u00e3o para o DTUI: se falta dinheiro, que sejam cobradas todas as contas atrasadas. Para que os relapsos paguem, bastar\u00e1 que se desligue o telefone, e todos correr\u00e3o ao guich\u00ea do Banco do Brasil. <strong>(Publicado em 23\/11\/1961)<\/strong><\/p>\n","protected":false},"excerpt":{"rendered":"<p>VISTO, LIDO E OUVIDO, criada por Ari Cunha (In memoriam) Desde 1960, com Circe Cunha e Mamfil jornalistacircecunha@gmail.com Facebook.com\/vistolidoeouvido Instagram.com\/vistolidoeouvido &nbsp; &nbsp; Quem vive nas metr\u00f3poles do Centro Oeste brasileiro, cidades modernas, como Bras\u00edlia, Goi\u00e2nia, Palmas, Campo Grande e outras de igual import\u00e2ncia, com milh\u00f5es de habitantes e todo o tipo de progresso urbano, n\u00e3o possui a m\u00ednima ideia do [&hellip;]<\/p>\n","protected":false},"author":34,"featured_media":14291,"comment_status":"open","ping_status":"open","sticky":false,"template":"","format":"standard","meta":{"footnotes":""},"categories":[23],"tags":[441,354,352,1235,114,711,1573,681,68,2,69,16],"class_list":["post-14289","post","type-post","status-publish","format-standard","has-post-thumbnail","hentry","category-integra","tag-agronegocionobrasil","tag-bancadaruralista","tag-cerrado","tag-governobolsonaro","tag-historiadebrasilia","tag-meioambientenobrasil","tag-ministeriodaagriculturaemeioambiente","tag-preservacaodocerrado","tag-aricunha","tag-brasilia","tag-circecunha","tag-mamfil"],"_links":{"self":[{"href":"https:\/\/blogs.correiobraziliense.com.br\/aricunha\/wp-json\/wp\/v2\/posts\/14289","targetHints":{"allow":["GET"]}}],"collection":[{"href":"https:\/\/blogs.correiobraziliense.com.br\/aricunha\/wp-json\/wp\/v2\/posts"}],"about":[{"href":"https:\/\/blogs.correiobraziliense.com.br\/aricunha\/wp-json\/wp\/v2\/types\/post"}],"author":[{"embeddable":true,"href":"https:\/\/blogs.correiobraziliense.com.br\/aricunha\/wp-json\/wp\/v2\/users\/34"}],"replies":[{"embeddable":true,"href":"https:\/\/blogs.correiobraziliense.com.br\/aricunha\/wp-json\/wp\/v2\/comments?post=14289"}],"version-history":[{"count":2,"href":"https:\/\/blogs.correiobraziliense.com.br\/aricunha\/wp-json\/wp\/v2\/posts\/14289\/revisions"}],"predecessor-version":[{"id":14293,"href":"https:\/\/blogs.correiobraziliense.com.br\/aricunha\/wp-json\/wp\/v2\/posts\/14289\/revisions\/14293"}],"wp:featuredmedia":[{"embeddable":true,"href":"https:\/\/blogs.correiobraziliense.com.br\/aricunha\/wp-json\/wp\/v2\/media\/14291"}],"wp:attachment":[{"href":"https:\/\/blogs.correiobraziliense.com.br\/aricunha\/wp-json\/wp\/v2\/media?parent=14289"}],"wp:term":[{"taxonomy":"category","embeddable":true,"href":"https:\/\/blogs.correiobraziliense.com.br\/aricunha\/wp-json\/wp\/v2\/categories?post=14289"},{"taxonomy":"post_tag","embeddable":true,"href":"https:\/\/blogs.correiobraziliense.com.br\/aricunha\/wp-json\/wp\/v2\/tags?post=14289"}],"curies":[{"name":"wp","href":"https:\/\/api.w.org\/{rel}","templated":true}]}}