{"id":14238,"date":"2019-06-09T01:00:03","date_gmt":"2019-06-09T04:00:03","guid":{"rendered":"https:\/\/blogs.correiobraziliense.com.br\/aricunha\/?p=14238"},"modified":"2019-06-10T13:03:48","modified_gmt":"2019-06-10T16:03:48","slug":"em-junho-de-2019-vence-o-prazo-para-elaboracao-aprovacao-do-ppa-2020-2023","status":"publish","type":"post","link":"https:\/\/blogs.correiobraziliense.com.br\/aricunha\/em-junho-de-2019-vence-o-prazo-para-elaboracao-aprovacao-do-ppa-2020-2023\/","title":{"rendered":"Neste m\u00eas vence o prazo para aprova\u00e7\u00e3o do PPA"},"content":{"rendered":"<p>VISTO, LIDO E OUVIDO, criada por Ari Cunha (In memoriam)<\/p>\n<p>Desde 1960, com Circe Cunha e Mamfil<\/p>\n<p>jornalistacircecunha@gmail.com<\/p>\n<p>Facebook.com\/vistolidoeouvido<\/p>\n<p>Instagram.com\/vistolidoeouvido<\/p>\n<p>&nbsp;<\/p>\n<figure id=\"attachment_14245\" aria-describedby=\"caption-attachment-14245\" style=\"width: 588px\" class=\"wp-caption aligncenter\"><img loading=\"lazy\" decoding=\"async\" class=\"size-full wp-image-14245\" src=\"https:\/\/blogs.correiobraziliense.com.br\/aricunha\/wp-content\/uploads\/sites\/13\/2019\/06\/ed9e2663-25be-4f1b-886c-6ab3ff199c99.jpeg\" alt=\"\" width=\"588\" height=\"408\" srcset=\"https:\/\/blogs.correiobraziliense.com.br\/aricunha\/wp-content\/uploads\/sites\/13\/2019\/06\/ed9e2663-25be-4f1b-886c-6ab3ff199c99.jpeg 588w, https:\/\/blogs.correiobraziliense.com.br\/aricunha\/wp-content\/uploads\/sites\/13\/2019\/06\/ed9e2663-25be-4f1b-886c-6ab3ff199c99-300x208.jpeg 300w, https:\/\/blogs.correiobraziliense.com.br\/aricunha\/wp-content\/uploads\/sites\/13\/2019\/06\/ed9e2663-25be-4f1b-886c-6ab3ff199c99-350x243.jpeg 350w, https:\/\/blogs.correiobraziliense.com.br\/aricunha\/wp-content\/uploads\/sites\/13\/2019\/06\/ed9e2663-25be-4f1b-886c-6ab3ff199c99-550x382.jpeg 550w, https:\/\/blogs.correiobraziliense.com.br\/aricunha\/wp-content\/uploads\/sites\/13\/2019\/06\/ed9e2663-25be-4f1b-886c-6ab3ff199c99-230x160.jpeg 230w\" sizes=\"auto, (max-width: 588px) 100vw, 588px\" \/><figcaption id=\"caption-attachment-14245\" class=\"wp-caption-text\">Ilustra\u00e7\u00e3o: brasil.gov.br<\/figcaption><\/figure>\n<p>&nbsp;<\/p>\n<p>O que os governos que chegam ao poder a cada quatro anos n\u00e3o conseguem entender \u00e9 que o Plano Nacional de Educa\u00e7\u00e3o \u00e9 uma pol\u00edtica p\u00fablica que ultrapassa governos, com metas de m\u00e9dio e longo prazo e com responsabilidades compartilhadas por todos igualmente.<\/p>\n<p>Muitos educadores concordam que, para o Brasil avan\u00e7ar no sentido de diminuir as desigualdades sociais, \u00e9 por meio do cumprimento de todas as metas previstas pelo PNE, reduzindo o analfabetismo funcional, avan\u00e7ando na educa\u00e7\u00e3o de jovens e adultos de forma a integr\u00e1-los a um mercado de trabalho cada vez mais especializado. Trata-se, na opini\u00e3o de muitos, de uma d\u00edvida hist\u00f3rica, capaz de reverter a imensa desigualdade social e econ\u00f4mica e que j\u00e1 devia ter sido paga h\u00e1 muito tempo, mas que ainda est\u00e1 longe de ser quitada plenamente.<\/p>\n<p>Especialistas n\u00e3o s\u00f3 no Brasil, mas em todo o mundo concordam que os investimentos feitos na primeira inf\u00e2ncia t\u00eam se revelado como uma t\u00e1tica eficaz para o crescimento econ\u00f4mico, uma vez que, para cada d\u00f3lar investido em educa\u00e7\u00e3o, h\u00e1 sempre um enorme retorno desse financiamento de forma segura e cont\u00ednua.<\/p>\n<p>Experimentos diversos comprovam que o acesso \u00e0 uma educa\u00e7\u00e3o de qualidade, aumenta as probabilidades de as pessoas adquirirem bons empregos, ao mesmo tempo em que diminuem as chances desses indiv\u00edduos cometerem crimes. N\u00e3o precisa ser um grande entendedor do problema para aferir que uma boa educa\u00e7\u00e3o est\u00e1 na base de uma sociedade sadia.<\/p>\n<p>Os investimentos feitos nos primeiros cinco anos de vida de uma pessoa s\u00e3o a garantia de que haver\u00e1 no futuro menos gastos com seguran\u00e7a, menos gastos em sa\u00fade e uma maior produ\u00e7\u00e3o, beneficiando \u00e0 toda a sociedade igualmente e garantindo maior desenvolvimento para o pr\u00f3prio pa\u00eds. A educa\u00e7\u00e3o de qualidade \u00e9 fator indispens\u00e1vel para deter a evas\u00e3o escolar e repet\u00eancia, que em nosso pa\u00eds continuam altos.<\/p>\n<p>O problema \u00e9 que, a cada governo, mudam-se as prioridades e muitos planos, como \u00e9 o caso do PNE, ficam de lado. Qualquer pa\u00eds bem-sucedido, na \u00e1rea de educa\u00e7\u00e3o, soube, desde o in\u00edcio, que essa \u00e9 uma \u00e1rea estrat\u00e9gica e fundamental para a na\u00e7\u00e3o, sendo que os resultados s\u00f3 s\u00e3o verdadeiramente comprovados depois de d\u00e9cadas de esfor\u00e7o cont\u00ednuo e persistente. Afinal, cuida-se do preparo das novas gera\u00e7\u00f5es que ir\u00e3o assumir os postos chaves do Estado nos pr\u00f3ximos anos.<\/p>\n<p>Por essa raz\u00e3o n\u00e3o h\u00e1 pa\u00eds algum no mundo que tenha alcan\u00e7ado o pleno desenvolvimento econ\u00f4mico e social e que n\u00e3o tenha investido de forma constante e massiva em educa\u00e7\u00e3o. Principalmente nos primeiros anos.<\/p>\n<p>&nbsp;<\/p>\n<p>&nbsp;<\/p>\n<p>&nbsp;<\/p>\n<p><strong>A frase que foi pronunciada:<\/strong><\/p>\n<p><em>\u201cEduca\u00e7\u00e3o \u00e9 aquilo que a maior parte das pessoas recebe, muitos transmitem e poucos possuem.\u201d<\/em><\/p>\n<p>Karl Kraus foi jornalista, ensa\u00edsta, aforista e poeta austr\u00edaco.<\/p>\n<figure id=\"attachment_14244\" aria-describedby=\"caption-attachment-14244\" style=\"width: 548px\" class=\"wp-caption aligncenter\"><img loading=\"lazy\" decoding=\"async\" class=\" wp-image-14244\" src=\"https:\/\/blogs.correiobraziliense.com.br\/aricunha\/wp-content\/uploads\/sites\/13\/2019\/06\/p06ngzy5.jpg\" alt=\"\" width=\"548\" height=\"309\" srcset=\"https:\/\/blogs.correiobraziliense.com.br\/aricunha\/wp-content\/uploads\/sites\/13\/2019\/06\/p06ngzy5.jpg 640w, https:\/\/blogs.correiobraziliense.com.br\/aricunha\/wp-content\/uploads\/sites\/13\/2019\/06\/p06ngzy5-300x169.jpg 300w, https:\/\/blogs.correiobraziliense.com.br\/aricunha\/wp-content\/uploads\/sites\/13\/2019\/06\/p06ngzy5-350x197.jpg 350w, https:\/\/blogs.correiobraziliense.com.br\/aricunha\/wp-content\/uploads\/sites\/13\/2019\/06\/p06ngzy5-550x309.jpg 550w, https:\/\/blogs.correiobraziliense.com.br\/aricunha\/wp-content\/uploads\/sites\/13\/2019\/06\/p06ngzy5-230x129.jpg 230w\" sizes=\"auto, (max-width: 548px) 100vw, 548px\" \/><figcaption id=\"caption-attachment-14244\" class=\"wp-caption-text\">Foto: bbc.co.uk<\/figcaption><\/figure>\n<p>&nbsp;<\/p>\n<p>&nbsp;<\/p>\n<p><strong>Novos tempos<\/strong><\/p>\n<p>Sem julgamentos. \u00c9 s\u00f3 uma constata\u00e7\u00e3o e um registro para o futuro. No Multiuso da UnB, eram 3 banheiros. Numa ponta o feminino, na outra o masculino e no meio escrito \u201cNeutro\u201d.<\/p>\n<figure id=\"attachment_10471\" aria-describedby=\"caption-attachment-10471\" style=\"width: 545px\" class=\"wp-caption aligncenter\"><img loading=\"lazy\" decoding=\"async\" class=\" wp-image-10471\" src=\"https:\/\/blogs.correiobraziliense.com.br\/aricunha\/wp-content\/uploads\/sites\/13\/2018\/04\/cotidiano-26ago15-Jlio-Minasi-37.jpg\" alt=\"\" width=\"545\" height=\"369\" srcset=\"https:\/\/blogs.correiobraziliense.com.br\/aricunha\/wp-content\/uploads\/sites\/13\/2018\/04\/cotidiano-26ago15-Jlio-Minasi-37.jpg 620w, https:\/\/blogs.correiobraziliense.com.br\/aricunha\/wp-content\/uploads\/sites\/13\/2018\/04\/cotidiano-26ago15-Jlio-Minasi-37-300x203.jpg 300w, https:\/\/blogs.correiobraziliense.com.br\/aricunha\/wp-content\/uploads\/sites\/13\/2018\/04\/cotidiano-26ago15-Jlio-Minasi-37-350x237.jpg 350w, https:\/\/blogs.correiobraziliense.com.br\/aricunha\/wp-content\/uploads\/sites\/13\/2018\/04\/cotidiano-26ago15-Jlio-Minasi-37-550x373.jpg 550w, https:\/\/blogs.correiobraziliense.com.br\/aricunha\/wp-content\/uploads\/sites\/13\/2018\/04\/cotidiano-26ago15-Jlio-Minasi-37-230x156.jpg 230w\" sizes=\"auto, (max-width: 545px) 100vw, 545px\" \/><figcaption id=\"caption-attachment-10471\" class=\"wp-caption-text\">Foto: noticias.unb.br<\/figcaption><\/figure>\n<p>&nbsp;<\/p>\n<p>&nbsp;<\/p>\n<p><strong>A carne<\/strong><\/p>\n<p>Inevit\u00e1vel o efeito cascata depois da den\u00fancia contra Jo\u00e3o de Deus. Abadi\u00e2nia e mais especificamente a casa Santo In\u00e1cio de Loyola tiveram uma queda vertiginosa no movimento. Toda a cren\u00e7a que trazia gente do mundo todo foi jogada por terra.<\/p>\n<figure id=\"attachment_12978\" aria-describedby=\"caption-attachment-12978\" style=\"width: 544px\" class=\"wp-caption aligncenter\"><img loading=\"lazy\" decoding=\"async\" class=\" wp-image-12978\" src=\"https:\/\/blogs.correiobraziliense.com.br\/aricunha\/wp-content\/uploads\/sites\/13\/2018\/12\/jo\u00e3o-de-deus.jpg\" alt=\"\" width=\"544\" height=\"328\" srcset=\"https:\/\/blogs.correiobraziliense.com.br\/aricunha\/wp-content\/uploads\/sites\/13\/2018\/12\/jo\u00e3o-de-deus.jpg 942w, https:\/\/blogs.correiobraziliense.com.br\/aricunha\/wp-content\/uploads\/sites\/13\/2018\/12\/jo\u00e3o-de-deus-300x181.jpg 300w, https:\/\/blogs.correiobraziliense.com.br\/aricunha\/wp-content\/uploads\/sites\/13\/2018\/12\/jo\u00e3o-de-deus-768x464.jpg 768w, https:\/\/blogs.correiobraziliense.com.br\/aricunha\/wp-content\/uploads\/sites\/13\/2018\/12\/jo\u00e3o-de-deus-350x211.jpg 350w, https:\/\/blogs.correiobraziliense.com.br\/aricunha\/wp-content\/uploads\/sites\/13\/2018\/12\/jo\u00e3o-de-deus-550x332.jpg 550w, https:\/\/blogs.correiobraziliense.com.br\/aricunha\/wp-content\/uploads\/sites\/13\/2018\/12\/jo\u00e3o-de-deus-230x139.jpg 230w\" sizes=\"auto, (max-width: 544px) 100vw, 544px\" \/><figcaption id=\"caption-attachment-12978\" class=\"wp-caption-text\">Foto: liberal.com.br<\/figcaption><\/figure>\n<p>&nbsp;<\/p>\n<p>&nbsp;<\/p>\n<p><strong>O verbo<\/strong><\/p>\n<p>Em breve, algumas mudan\u00e7as, j\u00e1 autorizadas pelo Papa, em ora\u00e7\u00f5es cat\u00f3licas tradicionais ser\u00e3o apresentadas ao redor do mundo na 3\u00aa edi\u00e7\u00e3o do Messale.<\/p>\n<figure id=\"attachment_14241\" aria-describedby=\"caption-attachment-14241\" style=\"width: 394px\" class=\"wp-caption aligncenter\"><img loading=\"lazy\" decoding=\"async\" class=\"size-full wp-image-14241\" src=\"https:\/\/blogs.correiobraziliense.com.br\/aricunha\/wp-content\/uploads\/sites\/13\/2019\/06\/papa-francesco.jpg\" alt=\"\" width=\"394\" height=\"500\" srcset=\"https:\/\/blogs.correiobraziliense.com.br\/aricunha\/wp-content\/uploads\/sites\/13\/2019\/06\/papa-francesco.jpg 394w, https:\/\/blogs.correiobraziliense.com.br\/aricunha\/wp-content\/uploads\/sites\/13\/2019\/06\/papa-francesco-236x300.jpg 236w, https:\/\/blogs.correiobraziliense.com.br\/aricunha\/wp-content\/uploads\/sites\/13\/2019\/06\/papa-francesco-276x350.jpg 276w, https:\/\/blogs.correiobraziliense.com.br\/aricunha\/wp-content\/uploads\/sites\/13\/2019\/06\/papa-francesco-230x292.jpg 230w\" sizes=\"auto, (max-width: 394px) 100vw, 394px\" \/><figcaption id=\"caption-attachment-14241\" class=\"wp-caption-text\">Foto: w2.vatican.va<\/figcaption><\/figure>\n<p>&nbsp;<\/p>\n<p>&nbsp;<\/p>\n<p><strong>Parceria<\/strong><\/p>\n<p>C\u00e2ndido Teles, presidente da Novacap, esteve com o reitor do UniCeub, Get\u00falio Am\u00e9rico Moreira Lopes, em evento na universidade para assinar um termo de coopera\u00e7\u00e3o t\u00e9cnico-cient\u00edfico e acad\u00eamico. Pelo acordo, alunos de engenharia far\u00e3o inspe\u00e7\u00e3o em pontes e viadutos do Distrito Federal, acompanhados de professores da institui\u00e7\u00e3o de ensino e engenheiros da Companhia.<\/p>\n<figure id=\"attachment_14242\" aria-describedby=\"caption-attachment-14242\" style=\"width: 549px\" class=\"wp-caption aligncenter\"><img loading=\"lazy\" decoding=\"async\" class=\" wp-image-14242\" src=\"https:\/\/blogs.correiobraziliense.com.br\/aricunha\/wp-content\/uploads\/sites\/13\/2019\/06\/uniceub_2.jpeg\" alt=\"\" width=\"549\" height=\"308\" srcset=\"https:\/\/blogs.correiobraziliense.com.br\/aricunha\/wp-content\/uploads\/sites\/13\/2019\/06\/uniceub_2.jpeg 1024w, https:\/\/blogs.correiobraziliense.com.br\/aricunha\/wp-content\/uploads\/sites\/13\/2019\/06\/uniceub_2-300x168.jpeg 300w, https:\/\/blogs.correiobraziliense.com.br\/aricunha\/wp-content\/uploads\/sites\/13\/2019\/06\/uniceub_2-768x431.jpeg 768w, https:\/\/blogs.correiobraziliense.com.br\/aricunha\/wp-content\/uploads\/sites\/13\/2019\/06\/uniceub_2-350x197.jpeg 350w, https:\/\/blogs.correiobraziliense.com.br\/aricunha\/wp-content\/uploads\/sites\/13\/2019\/06\/uniceub_2-550x309.jpeg 550w, https:\/\/blogs.correiobraziliense.com.br\/aricunha\/wp-content\/uploads\/sites\/13\/2019\/06\/uniceub_2-230x129.jpeg 230w\" sizes=\"auto, (max-width: 549px) 100vw, 549px\" \/><figcaption id=\"caption-attachment-14242\" class=\"wp-caption-text\">Foto: novacap.df.gov.br<\/figcaption><\/figure>\n<p>&nbsp;<\/p>\n<p>&nbsp;<\/p>\n<p><strong>Pobreza extrema<\/strong><\/p>\n<p>Continuam barracos espalhados a caminho da UnB pela L4. S\u00e3o fam\u00edlias que sobrevivem do lixo descartado nas quadras. Veja algumas fotos a seguir.<\/p>\n<figure id=\"attachment_14243\" aria-describedby=\"caption-attachment-14243\" style=\"width: 543px\" class=\"wp-caption aligncenter\"><img loading=\"lazy\" decoding=\"async\" class=\" wp-image-14243\" src=\"https:\/\/blogs.correiobraziliense.com.br\/aricunha\/wp-content\/uploads\/sites\/13\/2019\/06\/6662724_x720-1-1-1-1-1-1.jpg\" alt=\"\" width=\"543\" height=\"305\" srcset=\"https:\/\/blogs.correiobraziliense.com.br\/aricunha\/wp-content\/uploads\/sites\/13\/2019\/06\/6662724_x720-1-1-1-1-1-1.jpg 1280w, https:\/\/blogs.correiobraziliense.com.br\/aricunha\/wp-content\/uploads\/sites\/13\/2019\/06\/6662724_x720-1-1-1-1-1-1-300x169.jpg 300w, https:\/\/blogs.correiobraziliense.com.br\/aricunha\/wp-content\/uploads\/sites\/13\/2019\/06\/6662724_x720-1-1-1-1-1-1-768x432.jpg 768w, https:\/\/blogs.correiobraziliense.com.br\/aricunha\/wp-content\/uploads\/sites\/13\/2019\/06\/6662724_x720-1-1-1-1-1-1-1024x576.jpg 1024w, https:\/\/blogs.correiobraziliense.com.br\/aricunha\/wp-content\/uploads\/sites\/13\/2019\/06\/6662724_x720-1-1-1-1-1-1-350x197.jpg 350w, https:\/\/blogs.correiobraziliense.com.br\/aricunha\/wp-content\/uploads\/sites\/13\/2019\/06\/6662724_x720-1-1-1-1-1-1-550x309.jpg 550w, https:\/\/blogs.correiobraziliense.com.br\/aricunha\/wp-content\/uploads\/sites\/13\/2019\/06\/6662724_x720-1-1-1-1-1-1-230x129.jpg 230w\" sizes=\"auto, (max-width: 543px) 100vw, 543px\" \/><figcaption id=\"caption-attachment-14243\" class=\"wp-caption-text\">Foto: globoplay.globo.com<\/figcaption><\/figure>\n<p>&nbsp;<\/p>\n<p>&nbsp;<\/p>\n<p><strong>HIST\u00d3RIA DE BRAS\u00cdLIA<\/strong><\/p>\n<p>O minist\u00e9rio da Aeron\u00e1utica p\u00f4s na mesma classifica\u00e7\u00e3o, para efeito de tarifas, os avi\u00f5es DC-8, Boeing, Caravelle, Convair e Constelation. <strong>(Publicado em 22\/11\/1961)<\/strong><\/p>\n","protected":false},"excerpt":{"rendered":"<p>VISTO, LIDO E OUVIDO, criada por Ari Cunha (In memoriam) Desde 1960, com Circe Cunha e Mamfil jornalistacircecunha@gmail.com Facebook.com\/vistolidoeouvido Instagram.com\/vistolidoeouvido &nbsp; &nbsp; O que os governos que chegam ao poder a cada quatro anos n\u00e3o conseguem entender \u00e9 que o Plano Nacional de Educa\u00e7\u00e3o \u00e9 uma pol\u00edtica p\u00fablica que ultrapassa governos, com metas de m\u00e9dio e longo prazo e com [&hellip;]<\/p>\n","protected":false},"author":34,"featured_media":14245,"comment_status":"open","ping_status":"open","sticky":false,"template":"","format":"standard","meta":{"footnotes":""},"categories":[23],"tags":[604,1235,114,1177,1588,68,2,69,16],"class_list":["post-14238","post","type-post","status-publish","format-standard","has-post-thumbnail","hentry","category-integra","tag-educacaonobrasil","tag-governobolsonaro","tag-historiadebrasilia","tag-ministeriodaeducacao","tag-planonacionaldaeducacao","tag-aricunha","tag-brasilia","tag-circecunha","tag-mamfil"],"_links":{"self":[{"href":"https:\/\/blogs.correiobraziliense.com.br\/aricunha\/wp-json\/wp\/v2\/posts\/14238","targetHints":{"allow":["GET"]}}],"collection":[{"href":"https:\/\/blogs.correiobraziliense.com.br\/aricunha\/wp-json\/wp\/v2\/posts"}],"about":[{"href":"https:\/\/blogs.correiobraziliense.com.br\/aricunha\/wp-json\/wp\/v2\/types\/post"}],"author":[{"embeddable":true,"href":"https:\/\/blogs.correiobraziliense.com.br\/aricunha\/wp-json\/wp\/v2\/users\/34"}],"replies":[{"embeddable":true,"href":"https:\/\/blogs.correiobraziliense.com.br\/aricunha\/wp-json\/wp\/v2\/comments?post=14238"}],"version-history":[{"count":5,"href":"https:\/\/blogs.correiobraziliense.com.br\/aricunha\/wp-json\/wp\/v2\/posts\/14238\/revisions"}],"predecessor-version":[{"id":14248,"href":"https:\/\/blogs.correiobraziliense.com.br\/aricunha\/wp-json\/wp\/v2\/posts\/14238\/revisions\/14248"}],"wp:featuredmedia":[{"embeddable":true,"href":"https:\/\/blogs.correiobraziliense.com.br\/aricunha\/wp-json\/wp\/v2\/media\/14245"}],"wp:attachment":[{"href":"https:\/\/blogs.correiobraziliense.com.br\/aricunha\/wp-json\/wp\/v2\/media?parent=14238"}],"wp:term":[{"taxonomy":"category","embeddable":true,"href":"https:\/\/blogs.correiobraziliense.com.br\/aricunha\/wp-json\/wp\/v2\/categories?post=14238"},{"taxonomy":"post_tag","embeddable":true,"href":"https:\/\/blogs.correiobraziliense.com.br\/aricunha\/wp-json\/wp\/v2\/tags?post=14238"}],"curies":[{"name":"wp","href":"https:\/\/api.w.org\/{rel}","templated":true}]}}