{"id":14187,"date":"2019-06-02T01:00:06","date_gmt":"2019-06-02T04:00:06","guid":{"rendered":"https:\/\/blogs.correiobraziliense.com.br\/aricunha\/?p=14187"},"modified":"2019-06-03T15:23:51","modified_gmt":"2019-06-03T18:23:51","slug":"um-futuro-arido-aguarda-os-defensores-de-um-agronegocio-feito-a-todo-custo","status":"publish","type":"post","link":"https:\/\/blogs.correiobraziliense.com.br\/aricunha\/um-futuro-arido-aguarda-os-defensores-de-um-agronegocio-feito-a-todo-custo\/","title":{"rendered":"Um futuro \u00e1rido aguarda os defensores de um agroneg\u00f3cio feito a todo custo"},"content":{"rendered":"<p>VISTO, LIDO E OUVIDO, criada por Ari Cunha (In memoriam)<\/p>\n<p>Desde 1960, com Circe Cunha e Mamfil<\/p>\n<p>jornalistacircecunha@gmail.com<\/p>\n<p>Facebook.com\/vistolidoeouvido<\/p>\n<p>Instagram.com\/vistolidoeouvido<\/p>\n<p>&nbsp;<\/p>\n<figure id=\"attachment_14192\" aria-describedby=\"caption-attachment-14192\" style=\"width: 535px\" class=\"wp-caption aligncenter\"><img loading=\"lazy\" decoding=\"async\" class=\" wp-image-14192\" src=\"https:\/\/blogs.correiobraziliense.com.br\/aricunha\/wp-content\/uploads\/sites\/13\/2019\/05\/ruralistas02.jpg\" alt=\"\" width=\"535\" height=\"401\" srcset=\"https:\/\/blogs.correiobraziliense.com.br\/aricunha\/wp-content\/uploads\/sites\/13\/2019\/05\/ruralistas02.jpg 480w, https:\/\/blogs.correiobraziliense.com.br\/aricunha\/wp-content\/uploads\/sites\/13\/2019\/05\/ruralistas02-300x225.jpg 300w, https:\/\/blogs.correiobraziliense.com.br\/aricunha\/wp-content\/uploads\/sites\/13\/2019\/05\/ruralistas02-350x263.jpg 350w, https:\/\/blogs.correiobraziliense.com.br\/aricunha\/wp-content\/uploads\/sites\/13\/2019\/05\/ruralistas02-230x173.jpg 230w\" sizes=\"auto, (max-width: 535px) 100vw, 535px\" \/><figcaption id=\"caption-attachment-14192\" class=\"wp-caption-text\">Charge do Cerino<\/figcaption><\/figure>\n<p>&nbsp;<\/p>\n<p>No intuito de querer agradar a chamada bancada ruralista e assim obter maior apoio no parlamento e em atendimento tamb\u00e9m ao poderoso lobby do agroneg\u00f3cio, o atual governo vai, aos poucos, se emaranhando na quest\u00e3o ambiental pela porta dos fundos, repetindo o mantra e as estrat\u00e9gias desse setor que, de maneira duvidosa, coloca a quest\u00e3o da preserva\u00e7\u00e3o e do respeito ao meio ambiente como entrave a ser vencido para o pleno desenvolvimento desse setor. Ao apontar a manuten\u00e7\u00e3o do riqu\u00edssimo e delicado bioma nacional como inimigos a serem derrotados para a plena expans\u00e3o do agroneg\u00f3cio, seus autores v\u00e3o, aos poucos, n\u00e3o s\u00f3 capturando todo governo para esse enredo tr\u00e1gico, como colocando em s\u00e9rio risco todo esse patrim\u00f4nio natural de forma irrevers\u00edvel. Pelo o que se tem observado em todo o planeta em decorr\u00eancia das altera\u00e7\u00f5es clim\u00e1ticas severas, n\u00e3o ser\u00e1 de todo exagerado supor que, ali mais adiante, esse governo e outros, com a mesma tend\u00eancia em rela\u00e7\u00e3o \u00e0s quest\u00f5es de preserva\u00e7\u00e3o, venham se sentar no banco dos r\u00e9us, acusados de crimes graves contra o meio ambiente.<\/p>\n<p>A miopia que faz com que os ruralistas e grandes produtores n\u00e3o enxerguem a possibilidade da coexist\u00eancia pac\u00edfica e harmoniosa entre agroneg\u00f3cio e a preserva\u00e7\u00e3o do meio ambiente pode vir a antecipar a decad\u00eancia e a ru\u00edna desse importante setor da nossa economia, colocado, perante o mundo, como agente ativo de destrui\u00e7\u00e3o do planeta, tendo, tamb\u00e9m, seus produtos rejeitados pela comunidade de pa\u00edses importadores.<\/p>\n<p>Nesse momento, um grupo de mais de 600 cientistas de todo o mundo est\u00e3o pressionando as lideran\u00e7as da Uni\u00e3o Europeia para que deixem de comprar todos os itens produzidos pelo agroneg\u00f3cio brasileiros que n\u00e3o possuam certificado v\u00e1lido de que foram obtidos com respeito ao meio ambiente.<\/p>\n<p>O desmonte de algumas estruturas de combate e controle aos desmatamentos, assim como a afrouxamento de muitas leis de preserva\u00e7\u00e3o podem, em princ\u00edpio, favorecer algumas estrat\u00e9gias pol\u00edticas do atual governo, mas poder\u00e1, ao fim do processo, servir de provas de crimes que est\u00e3o sendo perpetrados por gente gananciosa, pragm\u00e1tica e pouco ilustrada, que se move apenas em busca de lucros m\u00e1ximos.<\/p>\n<p>Aos poucos, a bancada ruralista vem se articulando para inserir no C\u00f3digo Florestal mais de trinta novas emendas flexibilizando regras para permitir o aumento de desmatamento em at\u00e9 5 milh\u00f5es de hectares de florestas, atrasando ainda o reflorestamento de outros 4 milh\u00f5es de hectares de \u00e1reas j\u00e1 desmatadas.<\/p>\n<p>&nbsp;<\/p>\n<p>&nbsp;<\/p>\n<p>&nbsp;<\/p>\n<p><strong>A frase que foi pronunciada:<\/strong><\/p>\n<p><em>\u201cA agricultura foi a primeira ocupa\u00e7\u00e3o do homem e, como abrange toda a terra, \u00e9 a base de todas as outras ind\u00fastrias.\u201d<\/em><\/p>\n<p>Edward W. Stewart, pol\u00edtico irland\u00eas<\/p>\n<figure id=\"attachment_14189\" aria-describedby=\"caption-attachment-14189\" style=\"width: 382px\" class=\"wp-caption aligncenter\"><img loading=\"lazy\" decoding=\"async\" class=\" wp-image-14189\" src=\"https:\/\/blogs.correiobraziliense.com.br\/aricunha\/wp-content\/uploads\/sites\/13\/2019\/05\/hc-obituary-edward-w-stewart-20190409-thumbnail.jpg\" alt=\"\" width=\"382\" height=\"445\" srcset=\"https:\/\/blogs.correiobraziliense.com.br\/aricunha\/wp-content\/uploads\/sites\/13\/2019\/05\/hc-obituary-edward-w-stewart-20190409-thumbnail.jpg 1200w, https:\/\/blogs.correiobraziliense.com.br\/aricunha\/wp-content\/uploads\/sites\/13\/2019\/05\/hc-obituary-edward-w-stewart-20190409-thumbnail-257x300.jpg 257w, https:\/\/blogs.correiobraziliense.com.br\/aricunha\/wp-content\/uploads\/sites\/13\/2019\/05\/hc-obituary-edward-w-stewart-20190409-thumbnail-768x895.jpg 768w, https:\/\/blogs.correiobraziliense.com.br\/aricunha\/wp-content\/uploads\/sites\/13\/2019\/05\/hc-obituary-edward-w-stewart-20190409-thumbnail-878x1024.jpg 878w, https:\/\/blogs.correiobraziliense.com.br\/aricunha\/wp-content\/uploads\/sites\/13\/2019\/05\/hc-obituary-edward-w-stewart-20190409-thumbnail-300x350.jpg 300w, https:\/\/blogs.correiobraziliense.com.br\/aricunha\/wp-content\/uploads\/sites\/13\/2019\/05\/hc-obituary-edward-w-stewart-20190409-thumbnail-550x641.jpg 550w, https:\/\/blogs.correiobraziliense.com.br\/aricunha\/wp-content\/uploads\/sites\/13\/2019\/05\/hc-obituary-edward-w-stewart-20190409-thumbnail-230x268.jpg 230w\" sizes=\"auto, (max-width: 382px) 100vw, 382px\" \/><figcaption id=\"caption-attachment-14189\" class=\"wp-caption-text\">Foto: courant.com<\/figcaption><\/figure>\n<p><strong>\u00a0<\/strong><\/p>\n<p><strong>\u00a0<\/strong><\/p>\n<p><strong>Divulga\u00e7\u00e3o\u00a0\u00a0\u00a0\u00a0\u00a0 \u00a0\u00a0\u00a0\u00a0\u00a0\u00a0\u00a0\u00a0\u00a0\u00a0\u00a0\u00a0\u00a0\u00a0\u00a0\u00a0\u00a0\u00a0\u00a0\u00a0\u00a0\u00a0\u00a0\u00a0\u00a0\u00a0\u00a0\u00a0\u00a0\u00a0\u00a0<\/strong><\/p>\n<p>Sesc divulga a iniciativa nacional \u00a0no combate \u00e0 fome e desperd\u00edcio de alimentos. Mesa Brasil Sesc \u00e9 o nome do programa. S\u00e3o diferentes personagens entre os doadores e as institui\u00e7\u00f5es que s\u00e3o assistidas. Em Bras\u00edlia os n\u00fameros ainda s\u00e3o t\u00edmidos.<\/p>\n<figure id=\"attachment_14190\" aria-describedby=\"caption-attachment-14190\" style=\"width: 547px\" class=\"wp-caption aligncenter\"><img loading=\"lazy\" decoding=\"async\" class=\" wp-image-14190\" src=\"https:\/\/blogs.correiobraziliense.com.br\/aricunha\/wp-content\/uploads\/sites\/13\/2019\/05\/Sesc.jpg\" alt=\"\" width=\"547\" height=\"343\" srcset=\"https:\/\/blogs.correiobraziliense.com.br\/aricunha\/wp-content\/uploads\/sites\/13\/2019\/05\/Sesc.jpg 826w, https:\/\/blogs.correiobraziliense.com.br\/aricunha\/wp-content\/uploads\/sites\/13\/2019\/05\/Sesc-300x188.jpg 300w, https:\/\/blogs.correiobraziliense.com.br\/aricunha\/wp-content\/uploads\/sites\/13\/2019\/05\/Sesc-768x482.jpg 768w, https:\/\/blogs.correiobraziliense.com.br\/aricunha\/wp-content\/uploads\/sites\/13\/2019\/05\/Sesc-350x219.jpg 350w, https:\/\/blogs.correiobraziliense.com.br\/aricunha\/wp-content\/uploads\/sites\/13\/2019\/05\/Sesc-550x345.jpg 550w, https:\/\/blogs.correiobraziliense.com.br\/aricunha\/wp-content\/uploads\/sites\/13\/2019\/05\/Sesc-230x144.jpg 230w\" sizes=\"auto, (max-width: 547px) 100vw, 547px\" \/><figcaption id=\"caption-attachment-14190\" class=\"wp-caption-text\">Print: sesc.com.br<\/figcaption><\/figure>\n<p>&nbsp;<\/p>\n<p>&nbsp;<\/p>\n<p><strong>Pelo pa\u00eds<\/strong><\/p>\n<p>Em 2018, o projeto doou 37 mil toneladas de alimentos e atendeu 1,5 milh\u00e3o de pessoas por dia a pessoas em situa\u00e7\u00e3o de vulnerabilidade em uma perspectiva de inclus\u00e3o social. O Programa de Seguran\u00e7a Alimentar e Nutricional \u00e9 baseado em a\u00e7\u00f5es educativas e de distribui\u00e7\u00e3o de alimentos excedentes. Na pr\u00e1tica, o Mesa Brasil Sesc busca onde sobra e entrega onde falta. De um lado, contribui para a diminui\u00e7\u00e3o do desperd\u00edcio, e de outro reduz a condi\u00e7\u00e3o de inseguran\u00e7a alimentar de crian\u00e7as, jovens, adultos e idosos. Em ambos os polos desse percurso, as estrat\u00e9gias de mobiliza\u00e7\u00e3o e as a\u00e7\u00f5es educativas incentivam a solidariedade e o desenvolvimento comunit\u00e1rio.<\/p>\n<figure id=\"attachment_14191\" aria-describedby=\"caption-attachment-14191\" style=\"width: 545px\" class=\"wp-caption aligncenter\"><img loading=\"lazy\" decoding=\"async\" class=\" wp-image-14191\" src=\"https:\/\/blogs.correiobraziliense.com.br\/aricunha\/wp-content\/uploads\/sites\/13\/2019\/05\/Capturar-10.jpg\" alt=\"\" width=\"545\" height=\"299\" srcset=\"https:\/\/blogs.correiobraziliense.com.br\/aricunha\/wp-content\/uploads\/sites\/13\/2019\/05\/Capturar-10.jpg 518w, https:\/\/blogs.correiobraziliense.com.br\/aricunha\/wp-content\/uploads\/sites\/13\/2019\/05\/Capturar-10-300x164.jpg 300w, https:\/\/blogs.correiobraziliense.com.br\/aricunha\/wp-content\/uploads\/sites\/13\/2019\/05\/Capturar-10-350x192.jpg 350w, https:\/\/blogs.correiobraziliense.com.br\/aricunha\/wp-content\/uploads\/sites\/13\/2019\/05\/Capturar-10-230x126.jpg 230w\" sizes=\"auto, (max-width: 545px) 100vw, 545px\" \/><figcaption id=\"caption-attachment-14191\" class=\"wp-caption-text\">Foto: sesc.com.br<\/figcaption><\/figure>\n<p>&nbsp;<\/p>\n<p>&nbsp;<\/p>\n<p><strong>Estrat\u00e9gias<\/strong><\/p>\n<p>S\u00e3o duas, as frentes do programa: o banco de alimentos e a colheita urbana. No primeiro, o trabalho \u00e9 realizado por meio da busca de alimentos que estejam fora de padr\u00f5es definidos para comercializa\u00e7\u00e3o por produtores, supermercados, atacadistas e outros agentes. Esses produtos s\u00e3o armazenados em espa\u00e7os pr\u00f3prios e distribu\u00eddos para entidades sociais. J\u00e1 a colheita urbana \u00e9 feita diariamente, com a coleta de alimentos frescos, produtos hortifrutigranjeiros e alimentos industrializados, que s\u00e3o distribu\u00eddos de forma imediata, sem estoque, por sua caracter\u00edstica de perecibilidade.<\/p>\n<p>&nbsp;<\/p>\n<p>&nbsp;<\/p>\n<p><strong>\u00a0<\/strong><\/p>\n<p><strong>Conex\u00e3o<\/strong><\/p>\n<p>Os produtos arrecadados s\u00e3o direcionados a aproximadamente 6.000 entidades cadastradas. Para realiza\u00e7\u00e3o deste trabalho, o Mesa Brasil Sesc conta com a parceria de empresas doadoras, atualmente mais de 3,3 mil, entre estabelecimentos comerciais, ind\u00fastrias aliment\u00edcias e empresas de servi\u00e7os. Tamb\u00e9m participam desta rede de solidariedade cerca de 380 volunt\u00e1rios, que atuam em atividades como sele\u00e7\u00e3o e armazenamento de alimentos, a\u00e7\u00f5es educativas e capta\u00e7\u00e3o de recursos.<\/p>\n<p>&nbsp;<\/p>\n<p>&nbsp;<\/p>\n<p>&nbsp;<\/p>\n<p><strong>Na pr\u00e1tica<\/strong><\/p>\n<p>Paralelo ao trabalho de coleta e distribui\u00e7\u00e3o de alimentos, o programa oferece atividades como cursos, oficinas e palestras, para difus\u00e3o de conhecimentos, troca de informa\u00e7\u00f5es e experi\u00eancias junto aos profissionais, volunt\u00e1rios e benefici\u00e1rios das entidades sociais, bem como \u00e0s empresas doadoras. Tais a\u00e7\u00f5es educativas t\u00eam como objetivo promover a alimenta\u00e7\u00e3o adequada, a reeduca\u00e7\u00e3o alimentar e fortalecer as institui\u00e7\u00f5es assistidas.<\/p>\n<p>&nbsp;<\/p>\n<p>&nbsp;<\/p>\n<p>&nbsp;<\/p>\n<p><strong>HIST\u00d3RIA DE BRAS\u00cdLIA<\/strong><\/p>\n<p>A numera\u00e7\u00e3o das quadras da W-3 ainda n\u00e3o foi modificada, o que deveria ter sido feito h\u00e1 muito tempo. H\u00e1 um plano do dr. Vasco que facilita muito a identifica\u00e7\u00e3o das quadras, mas ainda n\u00e3o foi utilizado. <strong>(Publicado em 22\/11\/1961)<\/strong><\/p>\n","protected":false},"excerpt":{"rendered":"<p>VISTO, LIDO E OUVIDO, criada por Ari Cunha (In memoriam) Desde 1960, com Circe Cunha e Mamfil jornalistacircecunha@gmail.com Facebook.com\/vistolidoeouvido Instagram.com\/vistolidoeouvido &nbsp; &nbsp; No intuito de querer agradar a chamada bancada ruralista e assim obter maior apoio no parlamento e em atendimento tamb\u00e9m ao poderoso lobby do agroneg\u00f3cio, o atual governo vai, aos poucos, se emaranhando na quest\u00e3o ambiental pela porta [&hellip;]<\/p>\n","protected":false},"author":34,"featured_media":14192,"comment_status":"open","ping_status":"open","sticky":false,"template":"","format":"standard","meta":{"footnotes":""},"categories":[23],"tags":[441,354,114,410,1580,68,2,69,16],"class_list":["post-14187","post","type-post","status-publish","format-standard","has-post-thumbnail","hentry","category-integra","tag-agronegocionobrasil","tag-bancadaruralista","tag-historiadebrasilia","tag-meioambiente","tag-ministerio","tag-aricunha","tag-brasilia","tag-circecunha","tag-mamfil"],"_links":{"self":[{"href":"https:\/\/blogs.correiobraziliense.com.br\/aricunha\/wp-json\/wp\/v2\/posts\/14187","targetHints":{"allow":["GET"]}}],"collection":[{"href":"https:\/\/blogs.correiobraziliense.com.br\/aricunha\/wp-json\/wp\/v2\/posts"}],"about":[{"href":"https:\/\/blogs.correiobraziliense.com.br\/aricunha\/wp-json\/wp\/v2\/types\/post"}],"author":[{"embeddable":true,"href":"https:\/\/blogs.correiobraziliense.com.br\/aricunha\/wp-json\/wp\/v2\/users\/34"}],"replies":[{"embeddable":true,"href":"https:\/\/blogs.correiobraziliense.com.br\/aricunha\/wp-json\/wp\/v2\/comments?post=14187"}],"version-history":[{"count":4,"href":"https:\/\/blogs.correiobraziliense.com.br\/aricunha\/wp-json\/wp\/v2\/posts\/14187\/revisions"}],"predecessor-version":[{"id":14197,"href":"https:\/\/blogs.correiobraziliense.com.br\/aricunha\/wp-json\/wp\/v2\/posts\/14187\/revisions\/14197"}],"wp:featuredmedia":[{"embeddable":true,"href":"https:\/\/blogs.correiobraziliense.com.br\/aricunha\/wp-json\/wp\/v2\/media\/14192"}],"wp:attachment":[{"href":"https:\/\/blogs.correiobraziliense.com.br\/aricunha\/wp-json\/wp\/v2\/media?parent=14187"}],"wp:term":[{"taxonomy":"category","embeddable":true,"href":"https:\/\/blogs.correiobraziliense.com.br\/aricunha\/wp-json\/wp\/v2\/categories?post=14187"},{"taxonomy":"post_tag","embeddable":true,"href":"https:\/\/blogs.correiobraziliense.com.br\/aricunha\/wp-json\/wp\/v2\/tags?post=14187"}],"curies":[{"name":"wp","href":"https:\/\/api.w.org\/{rel}","templated":true}]}}