{"id":14156,"date":"2019-05-29T01:00:59","date_gmt":"2019-05-29T04:00:59","guid":{"rendered":"https:\/\/blogs.correiobraziliense.com.br\/aricunha\/?p=14156"},"modified":"2019-05-28T19:08:50","modified_gmt":"2019-05-28T22:08:50","slug":"desperdicio-de-alimentos-e-recorde-num-pais-onde-milhoes-passam-fome","status":"publish","type":"post","link":"https:\/\/blogs.correiobraziliense.com.br\/aricunha\/desperdicio-de-alimentos-e-recorde-num-pais-onde-milhoes-passam-fome\/","title":{"rendered":"Desperd\u00edcio de alimentos \u00e9 recorde num pa\u00eds onde milh\u00f5es passam fome"},"content":{"rendered":"<p>VISTO, LIDO E OUVIDO Criada por Ari Cunha (In memoriam)<br \/>\nDesde 1960 Com Circe Cunha e Mamfil<br \/>\njornalistacircecunha@gmail.com<br \/>\nFacebook.com\/vistolidoeouvido<br \/>\nInstagram.com\/vistolidoeouvido<\/p>\n<p>&nbsp;<\/p>\n<figure id=\"attachment_14160\" aria-describedby=\"caption-attachment-14160\" style=\"width: 746px\" class=\"wp-caption aligncenter\"><img loading=\"lazy\" decoding=\"async\" class=\"size-full wp-image-14160\" src=\"https:\/\/blogs.correiobraziliense.com.br\/aricunha\/wp-content\/uploads\/sites\/13\/2019\/05\/alimentos.jpg\" alt=\"\" width=\"746\" height=\"472\" srcset=\"https:\/\/blogs.correiobraziliense.com.br\/aricunha\/wp-content\/uploads\/sites\/13\/2019\/05\/alimentos.jpg 746w, https:\/\/blogs.correiobraziliense.com.br\/aricunha\/wp-content\/uploads\/sites\/13\/2019\/05\/alimentos-300x190.jpg 300w, https:\/\/blogs.correiobraziliense.com.br\/aricunha\/wp-content\/uploads\/sites\/13\/2019\/05\/alimentos-350x221.jpg 350w, https:\/\/blogs.correiobraziliense.com.br\/aricunha\/wp-content\/uploads\/sites\/13\/2019\/05\/alimentos-550x348.jpg 550w, https:\/\/blogs.correiobraziliense.com.br\/aricunha\/wp-content\/uploads\/sites\/13\/2019\/05\/alimentos-230x146.jpg 230w\" sizes=\"auto, (max-width: 746px) 100vw, 746px\" \/><figcaption id=\"caption-attachment-14160\" class=\"wp-caption-text\">Foto: divulga\u00e7\u00e3o\/Instituto Cidade Amiga<\/figcaption><\/figure>\n<p>&nbsp;<\/p>\n<p>Dados fornecidos pela Organiza\u00e7\u00e3o das Na\u00e7\u00f5es Unidas para a Alimenta\u00e7\u00e3o e a Agricultura de 2018 d\u00e3o conta de que no Brasil a fome atinge mais de 5,2 milh\u00f5es de pessoas, o que equivale quase a popula\u00e7\u00e3o total de um pa\u00eds como o Uruguai. Note que esse \u00e9 um dado colhido de modo protocolar com base em n\u00fameros oficiais, sempre el\u00e1sticos e, n\u00e3o raro, subestimados. De fato, esse quantitativo se aproxima da casa dos 20 milh\u00f5es, contando a\u00ed aquelas pessoas que fazem apenas uma refei\u00e7\u00e3o por dia, sem grande potencial nutritivo. Para um pa\u00eds com 14 milh\u00f5es de desempregados, segundo tamb\u00e9m dados oficiais, essa \u00e9 uma realidade at\u00e9 esperada. Por situa\u00e7\u00f5es como essas, o Brasil segue em 75\u00ba lugar entre os pa\u00edses com menores \u00cdndices de Desenvolvimento Humano (IDH). Diante de um quadro desolador como esse, n\u00e3o ser\u00e1 exagero se o Brasil vier a integrar o Mapa da ONU, referente a pa\u00edses onde se verificam o fen\u00f4meno da fome, j\u00e1 que os indicadores relativos tanto de pobreza, como de desemprego, v\u00eam aumentado de modo cont\u00ednuo nesses \u00faltimos anos.<\/p>\n<p>Essa realidade torna-se ainda mais paradoxal quando se sabe que o Brasil \u00e9 um dos grandes celeiros de alimentos do mundo, fornecendo gr\u00e3os e prote\u00ednas para diversos pa\u00edses, gra\u00e7as ao chamado agroneg\u00f3cio, gerador de divisas e um dos setores que tem passado ao largo dessas crises. Ocorre que esse \u00e9 um setor, por excel\u00eancia, concentrador de renda, beneficiando de imediato apenas uma pequena parcela da popula\u00e7\u00e3o.<\/p>\n<p>A agricultura familiar, que poderia resolver boa parte do problema da fome dos brasileiros, infelizmente n\u00e3o recebe, nem de longe, os mesmos incentivos concedidos aos grandes produtores. Guilherme Scartezini, especialista em negocia\u00e7\u00e3o durante processos de licenciamento ambiental e projetos de responsabilidade social, \u00e9 uma excelente fonte sobre o assunto.<\/p>\n<p>Para complicar uma situa\u00e7\u00e3o que em si pr\u00f3pria j\u00e1 \u00e9 dif\u00edcil, o Brasil ainda \u00e9 um dos grandes recordistas em desperd\u00edcio de muitos produtos, sobretudo de alimentos. O mais incr\u00edvel \u00e9 que por detr\u00e1s dessa situa\u00e7\u00e3o existe um fator que acaba por impulsionar o desperd\u00edcio de alimentos e que eles identificam como sendo a \u201ccultura da fartura\u201d que faz com que cada brasileiro chegue a descartar at\u00e9 40 quilos diretamente no lixo a cada ano. De acordo com esses especialistas no assunto, esse desperd\u00edcio seria suficiente para alimentar 13 milh\u00f5es de pessoas.<\/p>\n<p>Pesquisa realizada no in\u00edcio desse ano pela Embrapa e com apoio da Funda\u00e7\u00e3o Get\u00falio Vargas indicou que o lema popular do \u201cmelhor sobrar do que faltar\u201d est\u00e1 presente desde a ida ao supermercado at\u00e9 ao preparo dos alimentos, onde tudo \u00e9 exagerado. Com isso, os alimentos s\u00e3o estocados, preparados em grandes por\u00e7\u00f5es e n\u00e3o s\u00e3o reaproveitados com efici\u00eancia, indo parar na geladeira para depois serem jogados no lixo.<\/p>\n<p>Essa situa\u00e7\u00e3o ocorre tanto entre as classes mais abastadas, como entre as fam\u00edlias de baixa renda. Esse desperd\u00edcio irracional tem reflexos n\u00e3o apenas nas finan\u00e7as das fam\u00edlias, como impactam tamb\u00e9m o meio ambiente na forma de desperd\u00edcio de \u00e1gua para produzi-los, adubos, defensivos, alargamentos das fronteiras agr\u00edcolas e outros esfor\u00e7os que tamb\u00e9m s\u00e3o desprezados, gerando preju\u00edzos para todos.<\/p>\n<p>Segundo a FAO, o desperd\u00edcio de alimentos no mundo tem impacto grave de cerca de 8% na emiss\u00e3o de gases de efeito estufa no planeta. Fossem direcionados de forma sist\u00eamica para as fam\u00edlias que necessitam de alimentos, n\u00e3o haveria fome no planeta e principalmente no Brasil onde 8,7 milh\u00f5es de toneladas de alimentos s\u00e3o desperdi\u00e7ados a cada ano, sendo que esse descarte chega a ser de 353 gramas por domic\u00edlio a cada dia.<\/p>\n<p>&nbsp;<\/p>\n<p>&nbsp;<\/p>\n<p>&nbsp;<\/p>\n<p><strong>A frase que foi pronunciada:<\/strong><\/p>\n<p><em>&#8220;No Brasil, o elevado desperd\u00edcio de alimentos convive com a inseguran\u00e7a alimentar, uma combina\u00e7\u00e3o infeliz para um pa\u00eds onde 22,6% da popula\u00e7\u00e3o enfrenta algum n\u00edvel de inseguran\u00e7a alimentar e com 54,8 milh\u00f5es de pessoas vivendo com at\u00e9 US$ 5,5 por dia, linha de pobreza proposta pelo Banco Mundial&#8221;.<\/em><\/p>\n<p>Gustavo Porpino, analista da Embrapa e l\u00edder da pesquisa sobre desperd\u00edcio, realizada no \u00e2mbito dos Di\u00e1logos Setoriais Uni\u00e3o Europeia-Brasil.<\/p>\n<p><iframe loading=\"lazy\" title=\"Desperd\u00edcio de alimentos: fam\u00edlias t\u00eam que adotar h\u00e1bitos sustent\u00e1veis de consumo\" width=\"1440\" height=\"810\" src=\"https:\/\/www.youtube.com\/embed\/eEgjzgug2gY?start=75&amp;feature=oembed\" frameborder=\"0\" allow=\"accelerometer; autoplay; clipboard-write; encrypted-media; gyroscope; picture-in-picture; web-share\" referrerpolicy=\"strict-origin-when-cross-origin\" allowfullscreen><\/iframe><\/p>\n<p>&nbsp;<\/p>\n<p>&nbsp;<\/p>\n<p><strong>Cilada<\/strong><\/p>\n<p>\u00daltimo amigo que chegou confirma que no Aeroporto de Bras\u00edlia n\u00e3o h\u00e1 mais o quiosque que vende revistas. Cuidado! De posse dos seus dados oferecem revistas. Poucos dias depois come\u00e7am a debitar contas no seu cart\u00e3o de cr\u00e9dito. Para desfazer a opera\u00e7\u00e3o \u00e9 um Deus nos acuda. O banco diz que a responsabilidade \u00e9 do cart\u00e3o, a bandeira do cart\u00e3o afirma n\u00e3o poder fazer nada e a editora da revista desconhece o contrato.<\/p>\n<figure id=\"attachment_10345\" aria-describedby=\"caption-attachment-10345\" style=\"width: 550px\" class=\"wp-caption aligncenter\"><img loading=\"lazy\" decoding=\"async\" class=\" wp-image-10345\" src=\"https:\/\/blogs.correiobraziliense.com.br\/aricunha\/wp-content\/uploads\/sites\/13\/2018\/03\/1062.jpg\" alt=\"\" width=\"550\" height=\"454\" srcset=\"https:\/\/blogs.correiobraziliense.com.br\/aricunha\/wp-content\/uploads\/sites\/13\/2018\/03\/1062.jpg 800w, https:\/\/blogs.correiobraziliense.com.br\/aricunha\/wp-content\/uploads\/sites\/13\/2018\/03\/1062-300x248.jpg 300w, https:\/\/blogs.correiobraziliense.com.br\/aricunha\/wp-content\/uploads\/sites\/13\/2018\/03\/1062-768x635.jpg 768w, https:\/\/blogs.correiobraziliense.com.br\/aricunha\/wp-content\/uploads\/sites\/13\/2018\/03\/1062-350x289.jpg 350w, https:\/\/blogs.correiobraziliense.com.br\/aricunha\/wp-content\/uploads\/sites\/13\/2018\/03\/1062-550x454.jpg 550w, https:\/\/blogs.correiobraziliense.com.br\/aricunha\/wp-content\/uploads\/sites\/13\/2018\/03\/1062-230x190.jpg 230w\" sizes=\"auto, (max-width: 550px) 100vw, 550px\" \/><figcaption id=\"caption-attachment-10345\" class=\"wp-caption-text\">Foto: bsb.aero<\/figcaption><\/figure>\n<p>&nbsp;<\/p>\n<p>&nbsp;<\/p>\n<p><strong>Dica<\/strong><\/p>\n<p>Depois de tantos protestos de motoristas com a inseguran\u00e7a pela qual passam os ciclistas, veio de Celina Mariano a ideia: liberar o aut\u00f3dromo para treino dos ciclistas. Assim, ficariam livres de qualquer perigo e, com certeza, alcan\u00e7ariam performances fenomenais.<\/p>\n<figure id=\"attachment_14158\" aria-describedby=\"caption-attachment-14158\" style=\"width: 552px\" class=\"wp-caption aligncenter\"><img loading=\"lazy\" decoding=\"async\" class=\" wp-image-14158\" src=\"https:\/\/blogs.correiobraziliense.com.br\/aricunha\/wp-content\/uploads\/sites\/13\/2019\/05\/Capturar-9.jpg\" alt=\"\" width=\"552\" height=\"299\" srcset=\"https:\/\/blogs.correiobraziliense.com.br\/aricunha\/wp-content\/uploads\/sites\/13\/2019\/05\/Capturar-9.jpg 804w, https:\/\/blogs.correiobraziliense.com.br\/aricunha\/wp-content\/uploads\/sites\/13\/2019\/05\/Capturar-9-300x162.jpg 300w, https:\/\/blogs.correiobraziliense.com.br\/aricunha\/wp-content\/uploads\/sites\/13\/2019\/05\/Capturar-9-768x416.jpg 768w, https:\/\/blogs.correiobraziliense.com.br\/aricunha\/wp-content\/uploads\/sites\/13\/2019\/05\/Capturar-9-350x189.jpg 350w, https:\/\/blogs.correiobraziliense.com.br\/aricunha\/wp-content\/uploads\/sites\/13\/2019\/05\/Capturar-9-550x298.jpg 550w, https:\/\/blogs.correiobraziliense.com.br\/aricunha\/wp-content\/uploads\/sites\/13\/2019\/05\/Capturar-9-230x124.jpg 230w\" sizes=\"auto, (max-width: 552px) 100vw, 552px\" \/><figcaption id=\"caption-attachment-14158\" class=\"wp-caption-text\">Foto: TV Globo\/Reprodu\u00e7\u00e3o<\/figcaption><\/figure>\n<p>&nbsp;<\/p>\n<p>&nbsp;<\/p>\n<p><strong>N\u00e3o percam!<\/strong><\/p>\n<p>Aten\u00e7\u00e3o, ministro do Turismo, Marcelo \u00c1lvaro Ant\u00f4nio, e Vanessa Chaves de Mendon\u00e7a, Secret\u00e1ria de Estado de Turismo do Distrito Federal. Hoje \u00e9 dia de Poeira e Batom no Cine Bras\u00edlia, \u00e0s 20h. Hist\u00f3ria da cidade pela viv\u00eancia das mulheres que todos merecem conhecer. Contato com T\u00e2nia Fontenele.<\/p>\n<figure id=\"attachment_10081\" aria-describedby=\"caption-attachment-10081\" style=\"width: 550px\" class=\"wp-caption aligncenter\"><img loading=\"lazy\" decoding=\"async\" class=\" wp-image-10081\" src=\"https:\/\/blogs.correiobraziliense.com.br\/aricunha\/wp-content\/uploads\/sites\/13\/2018\/03\/Poeira_Batom_livro_350.jpg\" alt=\"\" width=\"550\" height=\"490\" srcset=\"https:\/\/blogs.correiobraziliense.com.br\/aricunha\/wp-content\/uploads\/sites\/13\/2018\/03\/Poeira_Batom_livro_350.jpg 393w, https:\/\/blogs.correiobraziliense.com.br\/aricunha\/wp-content\/uploads\/sites\/13\/2018\/03\/Poeira_Batom_livro_350-300x267.jpg 300w, https:\/\/blogs.correiobraziliense.com.br\/aricunha\/wp-content\/uploads\/sites\/13\/2018\/03\/Poeira_Batom_livro_350-350x312.jpg 350w, https:\/\/blogs.correiobraziliense.com.br\/aricunha\/wp-content\/uploads\/sites\/13\/2018\/03\/Poeira_Batom_livro_350-230x205.jpg 230w\" sizes=\"auto, (max-width: 550px) 100vw, 550px\" \/><figcaption id=\"caption-attachment-10081\" class=\"wp-caption-text\">Imagem: cultura.gov.br<\/figcaption><\/figure>\n<p>&nbsp;<\/p>\n<p>&nbsp;<\/p>\n<p><strong>HIST\u00d3RIA DE BRAS\u00cdLIA<\/strong><\/p>\n<p>Depois de construir toda Bras\u00edlia, o sr. Israel Pinheiro est\u00e1 enfrentando, agora, uma situa\u00e7\u00e3o das piores perante sua obra. \u00c9 que est\u00e1 organizando uma firma particular, e n\u00e3o encontra um lugar para se instalar, reclamando a todos os seus amigos, os altos pre\u00e7os dos im\u00f3veis no Distrito Federal. <strong>(Publicado em 21.11.1961)<\/strong><\/p>\n","protected":false},"excerpt":{"rendered":"<p>VISTO, LIDO E OUVIDO Criada por Ari Cunha (In memoriam) Desde 1960 Com Circe Cunha e Mamfil jornalistacircecunha@gmail.com Facebook.com\/vistolidoeouvido Instagram.com\/vistolidoeouvido &nbsp; &nbsp; Dados fornecidos pela Organiza\u00e7\u00e3o das Na\u00e7\u00f5es Unidas para a Alimenta\u00e7\u00e3o e a Agricultura de 2018 d\u00e3o conta de que no Brasil a fome atinge mais de 5,2 milh\u00f5es de pessoas, o que equivale quase a popula\u00e7\u00e3o total de [&hellip;]<\/p>\n","protected":false},"author":34,"featured_media":14160,"comment_status":"open","ping_status":"open","sticky":false,"template":"","format":"standard","meta":{"footnotes":""},"categories":[23],"tags":[1576,1572,1575,117,114,410,68,2,69,16],"class_list":["post-14156","post","type-post","status-publish","format-standard","has-post-thumbnail","hentry","category-integra","tag-agriculturafamiliar","tag-agronegocio","tag-desperdiciodealimentosnobrasil","tag-fomenobrasil","tag-historiadebrasilia","tag-meioambiente","tag-aricunha","tag-brasilia","tag-circecunha","tag-mamfil"],"_links":{"self":[{"href":"https:\/\/blogs.correiobraziliense.com.br\/aricunha\/wp-json\/wp\/v2\/posts\/14156","targetHints":{"allow":["GET"]}}],"collection":[{"href":"https:\/\/blogs.correiobraziliense.com.br\/aricunha\/wp-json\/wp\/v2\/posts"}],"about":[{"href":"https:\/\/blogs.correiobraziliense.com.br\/aricunha\/wp-json\/wp\/v2\/types\/post"}],"author":[{"embeddable":true,"href":"https:\/\/blogs.correiobraziliense.com.br\/aricunha\/wp-json\/wp\/v2\/users\/34"}],"replies":[{"embeddable":true,"href":"https:\/\/blogs.correiobraziliense.com.br\/aricunha\/wp-json\/wp\/v2\/comments?post=14156"}],"version-history":[{"count":3,"href":"https:\/\/blogs.correiobraziliense.com.br\/aricunha\/wp-json\/wp\/v2\/posts\/14156\/revisions"}],"predecessor-version":[{"id":14161,"href":"https:\/\/blogs.correiobraziliense.com.br\/aricunha\/wp-json\/wp\/v2\/posts\/14156\/revisions\/14161"}],"wp:featuredmedia":[{"embeddable":true,"href":"https:\/\/blogs.correiobraziliense.com.br\/aricunha\/wp-json\/wp\/v2\/media\/14160"}],"wp:attachment":[{"href":"https:\/\/blogs.correiobraziliense.com.br\/aricunha\/wp-json\/wp\/v2\/media?parent=14156"}],"wp:term":[{"taxonomy":"category","embeddable":true,"href":"https:\/\/blogs.correiobraziliense.com.br\/aricunha\/wp-json\/wp\/v2\/categories?post=14156"},{"taxonomy":"post_tag","embeddable":true,"href":"https:\/\/blogs.correiobraziliense.com.br\/aricunha\/wp-json\/wp\/v2\/tags?post=14156"}],"curies":[{"name":"wp","href":"https:\/\/api.w.org\/{rel}","templated":true}]}}