{"id":14133,"date":"2019-05-25T01:00:20","date_gmt":"2019-05-25T04:00:20","guid":{"rendered":"https:\/\/blogs.correiobraziliense.com.br\/aricunha\/?p=14133"},"modified":"2019-05-24T17:52:28","modified_gmt":"2019-05-24T20:52:28","slug":"quando-o-homem-se-afasta-da-natureza-chega-mais-perto-da-morte","status":"publish","type":"post","link":"https:\/\/blogs.correiobraziliense.com.br\/aricunha\/quando-o-homem-se-afasta-da-natureza-chega-mais-perto-da-morte\/","title":{"rendered":"Quando o homem se afasta da natureza chega mais perto da morte"},"content":{"rendered":"<p>VISTO, LIDO E OUVIDO Criada por Ari Cunha (In memoriam)<br \/>\nDesde 1960 Com Circe Cunha e Mamfil<br \/>\njornalistacircecunha@gmail.com<br \/>\nFacebook.com\/vistolidoeouvido<br \/>\nInstagram.com\/vistolidoeouvido<\/p>\n<p>&nbsp;<\/p>\n<figure id=\"attachment_14140\" aria-describedby=\"caption-attachment-14140\" style=\"width: 630px\" class=\"wp-caption aligncenter\"><img loading=\"lazy\" decoding=\"async\" class=\"size-full wp-image-14140\" src=\"https:\/\/blogs.correiobraziliense.com.br\/aricunha\/wp-content\/uploads\/sites\/13\/2019\/05\/pul.jpg\" alt=\"\" width=\"630\" height=\"413\" srcset=\"https:\/\/blogs.correiobraziliense.com.br\/aricunha\/wp-content\/uploads\/sites\/13\/2019\/05\/pul.jpg 630w, https:\/\/blogs.correiobraziliense.com.br\/aricunha\/wp-content\/uploads\/sites\/13\/2019\/05\/pul-300x197.jpg 300w, https:\/\/blogs.correiobraziliense.com.br\/aricunha\/wp-content\/uploads\/sites\/13\/2019\/05\/pul-350x229.jpg 350w, https:\/\/blogs.correiobraziliense.com.br\/aricunha\/wp-content\/uploads\/sites\/13\/2019\/05\/pul-550x361.jpg 550w, https:\/\/blogs.correiobraziliense.com.br\/aricunha\/wp-content\/uploads\/sites\/13\/2019\/05\/pul-230x151.jpg 230w\" sizes=\"auto, (max-width: 630px) 100vw, 630px\" \/><figcaption id=\"caption-attachment-14140\" class=\"wp-caption-text\">Foto: Lalo de Almeida<\/figcaption><\/figure>\n<p>&nbsp;<\/p>\n<p>Destruir 19 hectares a cada hora \u00e9 um dado alarmante e exp\u00f5e o Brasil \u00e0 cr\u00edtica un\u00e2nime internacional, colocado como um pa\u00eds que, em pleno per\u00edodo de grandes mudan\u00e7as clim\u00e1ticas, faz vista grossa e orelhas moucas aos alertas mundiais sobre a destrui\u00e7\u00e3o do planeta.<\/p>\n<p>O pior \u00e9 que o n\u00famero de multas por esses crimes ambientais vem caindo sensivelmente no mesmo per\u00edodo, o que refor\u00e7a as suspeitas do poder de lobby desse setor que, aliado \u00e0 extra\u00e7\u00e3o ilegal de madeiras, est\u00e1 abrindo chagas imensas e definitivas na floresta. O problema tamb\u00e9m \u00e9 que o atual presidente da Rep\u00fablica parece refor\u00e7ar a tese daqueles que fazem pouco caso da preserva\u00e7\u00e3o ambiental. Em entrevistas onde tem falado sobre o assunto, o presidente tem criticado, insistentemente, o que chama de \u201cind\u00fastria das multas\u201d, al\u00e9m de promover um amplo desmonte nos \u00f3rg\u00e3os que combatem e controlam o desmatamento, como \u00e9 o caso do fechamento do Departamento de Florestas e Combate ao Desmatamento que atuava no Minist\u00e9rio do Meio Ambiente, al\u00e9m de desprestigiar o trabalho do ICMBio e das unidades de conserva\u00e7\u00e3o por todo o pa\u00eds.<\/p>\n<p>Ao lado desse descaso com a biodiversidade do pa\u00eds, encarada como empecilho ao livre desenvolvimento do agroneg\u00f3cio, paralelamente, o que se tem verificado tamb\u00e9m \u00e9 a libera\u00e7\u00e3o recorde e sem precedentes de novos agrot\u00f3xicos para esse setor, muitos dos quais, definitivamente, banidos da Uni\u00e3o Europeia e dos Estados Unidos.<\/p>\n<p>O pr\u00f3prio Minist\u00e9rio da Agricultura informa que, num espa\u00e7o de poucos meses, 197 novos registros de agrot\u00f3xicos foram liberados para uso no campo. Desses, mais de um quarto s\u00e3o proibidos nos pa\u00edses desenvolvidos e com legisla\u00e7\u00f5es mais rigorosas. Para o governo, esse n\u00famero maior se explica pelo fato de essa nova gest\u00e3o estar priorizando aspectos mais racionais no tr\u00e2mite desses produtos, como, por exemplo, o aumento da concorr\u00eancia desses produtos no mercado e uma queda em seus pre\u00e7os para o consumidor.<\/p>\n<p>Sobre esse ponto, algumas an\u00e1lises feitas nos itens dessa agroind\u00fastria do pa\u00eds t\u00eam revelado que nossa agricultura e pecu\u00e1ria est\u00e3o hoje entre os produtos mais contaminados do planeta. N\u00e3o \u00e9 por outro motivo que carnes e gr\u00e3os s\u00e3o, volta e meia, rejeitados pelo teor de veneno que apresentam. Os longos tr\u00e2mites para a libera\u00e7\u00e3o desses venenos foram tamb\u00e9m encurtados de forma radical, o que n\u00e3o tem impedido que combina\u00e7\u00e3o de venenos, alguns, inclusive, de efeitos desconhecidos para o homem, passem a ser apresentados nas prateleiras dos mercados para os agricultores.<\/p>\n<p>Ignor\u00e2ncia e gan\u00e2ncia. Desse bin\u00f4mio tem surgido, e em tempo c\u00e9lere, um tipo de agroneg\u00f3cio que n\u00e3o se intimida em jogar com a vida e com o futuro do pa\u00eds. Um exemplo claro dessa irresponsabilidade na libera\u00e7\u00e3o desses venenos \u00e9 o glifosato. Considerado pela Organiza\u00e7\u00e3o Mundial de Sa\u00fade com um produto altamente cancer\u00edgeno, como ficou provado nos casos de Linfona N\u00e3o-Hodgkin, e que \u00e9 proibido na Uni\u00e3o Europeia e nos Estados Unidos, vem sendo largamente utilizado no Brasil, sob o consentimento da Ag\u00eancia de Vigil\u00e2ncia Sanit\u00e1ria e outros \u00f3rg\u00e3os do atual governo. Como resultado dessa inc\u00faria com rela\u00e7\u00e3o a esses agrot\u00f3xicos, vem aumentando em todo o pa\u00eds os casos de intoxica\u00e7\u00e3o e de envenenamento.<\/p>\n<p>De 2009 para c\u00e1, segundo o Minist\u00e9rio das Sa\u00fade, os casos de intoxica\u00e7\u00e3o passaram de 7. 000 para 14.664, ou mais do que o dobro, embora as autoridades estimem que esses casos sejam ainda maiores, j\u00e1 que muitos centros de sa\u00fade ou n\u00e3o reconhecem esses efeitos ou n\u00e3o notificam corretamente as autoridades. A situa\u00e7\u00e3o tem chegado a tal ponto que, em comunicado assinado h\u00e1 pouco por todos os ex-ministros do meio ambiente do pa\u00eds, desde a cria\u00e7\u00e3o da pasta em 1992, alertam para a pol\u00edtica sistem\u00e1tica de desconstru\u00e7\u00e3o que vem sendo empreendida pelo atual governo com rela\u00e7\u00e3o ao meio ambiente, com o desmantelamento dos principais organismos de prote\u00e7\u00e3o e fiscaliza\u00e7\u00e3o da nossa biodiversidade.<\/p>\n<p>Para esses ministros, que trabalharam na \u00e1rea e conhecem a fundo a quest\u00e3o, o atual governo n\u00e3o possui, nem de longe, uma agenda ambiental minimamente s\u00e9ria e comprometida com as novas gera\u00e7\u00f5es de brasileiros. Essa preocupa\u00e7\u00e3o tamb\u00e9m j\u00e1 chegou aos mercados internacionais, principalmente da Uni\u00e3o Europeia, que j\u00e1 estuda proibir produtos do agroneg\u00f3cio brasileiro que n\u00e3o possuam certificado reconhecido de produto que n\u00e3o afeta o meio ambiente. Medidas como essas poder\u00e3o, no futuro, prejudicar os produtores nacionais e, quem sabe, obrigarem eles a refazerem seus modos de produ\u00e7\u00e3o, de olho n\u00e3o apenas no lucro imediato, mas com vistas no amanh\u00e3.<\/p>\n<p>&nbsp;<\/p>\n<p>&nbsp;<\/p>\n<p>&nbsp;<\/p>\n<p><strong>A frase que foi pronunciada:<\/strong><\/p>\n<p><em>&#8220;Glifosato \u00e0 sorte \u00e9 perigo de morte&#8221;<\/em><\/p>\n<p>Faixa no protesto do Porto, em Portugal<\/p>\n<figure id=\"attachment_14136\" aria-describedby=\"caption-attachment-14136\" style=\"width: 547px\" class=\"wp-caption aligncenter\"><img loading=\"lazy\" decoding=\"async\" class=\" wp-image-14136\" src=\"https:\/\/blogs.correiobraziliense.com.br\/aricunha\/wp-content\/uploads\/sites\/13\/2019\/05\/26300430.jpg\" alt=\"\" width=\"547\" height=\"308\" srcset=\"https:\/\/blogs.correiobraziliense.com.br\/aricunha\/wp-content\/uploads\/sites\/13\/2019\/05\/26300430.jpg 640w, https:\/\/blogs.correiobraziliense.com.br\/aricunha\/wp-content\/uploads\/sites\/13\/2019\/05\/26300430-300x169.jpg 300w, https:\/\/blogs.correiobraziliense.com.br\/aricunha\/wp-content\/uploads\/sites\/13\/2019\/05\/26300430-350x197.jpg 350w, https:\/\/blogs.correiobraziliense.com.br\/aricunha\/wp-content\/uploads\/sites\/13\/2019\/05\/26300430-550x309.jpg 550w, https:\/\/blogs.correiobraziliense.com.br\/aricunha\/wp-content\/uploads\/sites\/13\/2019\/05\/26300430-230x129.jpg 230w\" sizes=\"auto, (max-width: 547px) 100vw, 547px\" \/><figcaption id=\"caption-attachment-14136\" class=\"wp-caption-text\">Foto: noticiasaominuto.com<\/figcaption><\/figure>\n<p>&nbsp;<\/p>\n<p>&nbsp;<\/p>\n<p><strong>Espalhe<\/strong><\/p>\n<p>Sabe aquela pessoa que fica na frente do banco, no estacionamento do seu trabalho ou no sinal, pedindo dinheiro, comida ou que voc\u00ea compre algo dela? Ela tamb\u00e9m merece aten\u00e7\u00e3o e dignidade. Nesse domingo, a loja de rua ser\u00e1 dedicada a ela e outras pessoas que estejam passando por dificuldades. Trata-se de uma loja de rua, montada entre o Planet\u00e1rio e o Clube do Choro, que vai funcionar entre 9h e 13h. Quem nunca teve oportunidade de escolher roupas, sapatos, acess\u00f3rios, brinquedos, por n\u00e3o ter dinheiro, ter\u00e1 no domingo a oportunidade de escolher o que quer. Quem voc\u00ea indicar tamb\u00e9m receber\u00e1 alimento, ter\u00e1 o cabelo cortado. O ambiente \u00e9 do bem.<\/p>\n<p><img loading=\"lazy\" decoding=\"async\" class=\" wp-image-14135 aligncenter\" src=\"https:\/\/blogs.correiobraziliense.com.br\/aricunha\/wp-content\/uploads\/sites\/13\/2019\/05\/WhatsApp-Image-2019-05-23-at-10.20.08-1.jpeg\" alt=\"\" width=\"549\" height=\"549\" srcset=\"https:\/\/blogs.correiobraziliense.com.br\/aricunha\/wp-content\/uploads\/sites\/13\/2019\/05\/WhatsApp-Image-2019-05-23-at-10.20.08-1.jpeg 1080w, https:\/\/blogs.correiobraziliense.com.br\/aricunha\/wp-content\/uploads\/sites\/13\/2019\/05\/WhatsApp-Image-2019-05-23-at-10.20.08-1-150x150.jpeg 150w, https:\/\/blogs.correiobraziliense.com.br\/aricunha\/wp-content\/uploads\/sites\/13\/2019\/05\/WhatsApp-Image-2019-05-23-at-10.20.08-1-300x300.jpeg 300w, https:\/\/blogs.correiobraziliense.com.br\/aricunha\/wp-content\/uploads\/sites\/13\/2019\/05\/WhatsApp-Image-2019-05-23-at-10.20.08-1-768x768.jpeg 768w, https:\/\/blogs.correiobraziliense.com.br\/aricunha\/wp-content\/uploads\/sites\/13\/2019\/05\/WhatsApp-Image-2019-05-23-at-10.20.08-1-1024x1024.jpeg 1024w, https:\/\/blogs.correiobraziliense.com.br\/aricunha\/wp-content\/uploads\/sites\/13\/2019\/05\/WhatsApp-Image-2019-05-23-at-10.20.08-1-350x350.jpeg 350w, https:\/\/blogs.correiobraziliense.com.br\/aricunha\/wp-content\/uploads\/sites\/13\/2019\/05\/WhatsApp-Image-2019-05-23-at-10.20.08-1-550x550.jpeg 550w, https:\/\/blogs.correiobraziliense.com.br\/aricunha\/wp-content\/uploads\/sites\/13\/2019\/05\/WhatsApp-Image-2019-05-23-at-10.20.08-1-230x230.jpeg 230w\" sizes=\"auto, (max-width: 549px) 100vw, 549px\" \/><\/p>\n<p>&nbsp;<\/p>\n<p>&nbsp;<\/p>\n<p><strong>HIST\u00d3RIA DE BRAS\u00cdLIA<\/strong><\/p>\n<p>Com a C\u00e2mara em recesso, n\u00e3o houve, ontem, o movimento de segunda-feira no aeroporto. As companhias fizeram voos nem sempre lotados, e o movimento na esta\u00e7\u00e3o de passageiros era dos menores. <strong>(Publicado em 21.11.1961)<\/strong><\/p>\n","protected":false},"excerpt":{"rendered":"<p>VISTO, LIDO E OUVIDO Criada por Ari Cunha (In memoriam) Desde 1960 Com Circe Cunha e Mamfil jornalistacircecunha@gmail.com Facebook.com\/vistolidoeouvido Instagram.com\/vistolidoeouvido &nbsp; &nbsp; Destruir 19 hectares a cada hora \u00e9 um dado alarmante e exp\u00f5e o Brasil \u00e0 cr\u00edtica un\u00e2nime internacional, colocado como um pa\u00eds que, em pleno per\u00edodo de grandes mudan\u00e7as clim\u00e1ticas, faz vista grossa e orelhas moucas aos alertas [&hellip;]<\/p>\n","protected":false},"author":34,"featured_media":14140,"comment_status":"open","ping_status":"open","sticky":false,"template":"","format":"standard","meta":{"footnotes":""},"categories":[23],"tags":[1572,392,1136,1235,114,1288,68,2,69,16],"class_list":["post-14133","post","type-post","status-publish","format-standard","has-post-thumbnail","hentry","category-integra","tag-agronegocio","tag-agrotoxicosnobrasil","tag-desmatamentonobrasil","tag-governobolsonaro","tag-historiadebrasilia","tag-ministeriodomeioambiente","tag-aricunha","tag-brasilia","tag-circecunha","tag-mamfil"],"_links":{"self":[{"href":"https:\/\/blogs.correiobraziliense.com.br\/aricunha\/wp-json\/wp\/v2\/posts\/14133","targetHints":{"allow":["GET"]}}],"collection":[{"href":"https:\/\/blogs.correiobraziliense.com.br\/aricunha\/wp-json\/wp\/v2\/posts"}],"about":[{"href":"https:\/\/blogs.correiobraziliense.com.br\/aricunha\/wp-json\/wp\/v2\/types\/post"}],"author":[{"embeddable":true,"href":"https:\/\/blogs.correiobraziliense.com.br\/aricunha\/wp-json\/wp\/v2\/users\/34"}],"replies":[{"embeddable":true,"href":"https:\/\/blogs.correiobraziliense.com.br\/aricunha\/wp-json\/wp\/v2\/comments?post=14133"}],"version-history":[{"count":4,"href":"https:\/\/blogs.correiobraziliense.com.br\/aricunha\/wp-json\/wp\/v2\/posts\/14133\/revisions"}],"predecessor-version":[{"id":14141,"href":"https:\/\/blogs.correiobraziliense.com.br\/aricunha\/wp-json\/wp\/v2\/posts\/14133\/revisions\/14141"}],"wp:featuredmedia":[{"embeddable":true,"href":"https:\/\/blogs.correiobraziliense.com.br\/aricunha\/wp-json\/wp\/v2\/media\/14140"}],"wp:attachment":[{"href":"https:\/\/blogs.correiobraziliense.com.br\/aricunha\/wp-json\/wp\/v2\/media?parent=14133"}],"wp:term":[{"taxonomy":"category","embeddable":true,"href":"https:\/\/blogs.correiobraziliense.com.br\/aricunha\/wp-json\/wp\/v2\/categories?post=14133"},{"taxonomy":"post_tag","embeddable":true,"href":"https:\/\/blogs.correiobraziliense.com.br\/aricunha\/wp-json\/wp\/v2\/tags?post=14133"}],"curies":[{"name":"wp","href":"https:\/\/api.w.org\/{rel}","templated":true}]}}