{"id":14110,"date":"2019-05-22T00:30:50","date_gmt":"2019-05-22T03:30:50","guid":{"rendered":"https:\/\/blogs.correiobraziliense.com.br\/aricunha\/?p=14110"},"modified":"2019-05-22T00:34:16","modified_gmt":"2019-05-22T03:34:16","slug":"temos-muito-ainda-que-avancar-para-sermos-um-pais-respeitado-e-exemplo-para-o-mundo","status":"publish","type":"post","link":"https:\/\/blogs.correiobraziliense.com.br\/aricunha\/temos-muito-ainda-que-avancar-para-sermos-um-pais-respeitado-e-exemplo-para-o-mundo\/","title":{"rendered":"Temos muito ainda que avan\u00e7ar para sermos um pa\u00eds respeitado e exemplo para o mundo"},"content":{"rendered":"<p>VISTO, LIDO E OUVIDO Criada por Ari Cunha (In memoriam)<br \/>\nDesde 1960 Com Circe Cunha e Mamfil<br \/>\njornalistacircecunha@gmail.com<br \/>\nFacebook.com\/vistolidoeouvido<br \/>\nInstagram.com\/vistolidoeouvido<\/p>\n<p>&nbsp;<\/p>\n<figure id=\"attachment_14116\" aria-describedby=\"caption-attachment-14116\" style=\"width: 640px\" class=\"wp-caption aligncenter\"><img loading=\"lazy\" decoding=\"async\" class=\"size-full wp-image-14116\" src=\"https:\/\/blogs.correiobraziliense.com.br\/aricunha\/wp-content\/uploads\/sites\/13\/2019\/05\/Semin\u00e1rio-sobre-a-participa\u00e7\u00e3o-feminina-na-pol\u00edtica-2018.jpg\" alt=\"\" width=\"640\" height=\"399\" srcset=\"https:\/\/blogs.correiobraziliense.com.br\/aricunha\/wp-content\/uploads\/sites\/13\/2019\/05\/Semin\u00e1rio-sobre-a-participa\u00e7\u00e3o-feminina-na-pol\u00edtica-2018.jpg 640w, https:\/\/blogs.correiobraziliense.com.br\/aricunha\/wp-content\/uploads\/sites\/13\/2019\/05\/Semin\u00e1rio-sobre-a-participa\u00e7\u00e3o-feminina-na-pol\u00edtica-2018-300x187.jpg 300w, https:\/\/blogs.correiobraziliense.com.br\/aricunha\/wp-content\/uploads\/sites\/13\/2019\/05\/Semin\u00e1rio-sobre-a-participa\u00e7\u00e3o-feminina-na-pol\u00edtica-2018-350x218.jpg 350w, https:\/\/blogs.correiobraziliense.com.br\/aricunha\/wp-content\/uploads\/sites\/13\/2019\/05\/Semin\u00e1rio-sobre-a-participa\u00e7\u00e3o-feminina-na-pol\u00edtica-2018-550x343.jpg 550w, https:\/\/blogs.correiobraziliense.com.br\/aricunha\/wp-content\/uploads\/sites\/13\/2019\/05\/Semin\u00e1rio-sobre-a-participa\u00e7\u00e3o-feminina-na-pol\u00edtica-2018-230x143.jpg 230w\" sizes=\"auto, (max-width: 640px) 100vw, 640px\" \/><figcaption id=\"caption-attachment-14116\" class=\"wp-caption-text\">FOTO: ZECA RIBEIRO \/CREATIVE COMMONS<\/figcaption><\/figure>\n<p>&nbsp;<\/p>\n<p>Para um pa\u00eds em que a cada dez habitantes cinco s\u00e3o do sexo feminino, fica dif\u00edcil entender e mais ainda explicar o baixo \u00edndice de participa\u00e7\u00e3o das brasileiras no processo pol\u00edtico eleitoral. O normal seria que a metade das cadeiras no parlamento fosse delas. A quest\u00e3o assume car\u00e1ter ainda mais complicado quando se percebe que essa distor\u00e7\u00e3o n\u00e3o \u00e9 provocada pelo desinteresse das mulheres sobre os destinos pol\u00edticos do pa\u00eds, como muitos n\u00e3o se cansam de repetir. Existe esse interesse e ele chega, em algumas situa\u00e7\u00f5es, a ser maior, inclusive, que o demonstrado pela ala masculina dos brasileiros.<\/p>\n<p>O que, de fato, tem ocorrido com essa despropor\u00e7\u00e3o na representa\u00e7\u00e3o por sexos entre mulheres e homens nos partidos \u00e9 que, infelizmente, a maioria das legendas que participam dos pleitos eleitorais a cada quatro anos s\u00e3o, invariavelmente, comandadas por homens. S\u00e3o esses caciques, que agindo como verdadeiros donos das siglas, determinam as vagas que ser\u00e3o oportunizadas para a participa\u00e7\u00e3o feminina. O pior \u00e9 que, como ficaram demonstradas por investiga\u00e7\u00f5es feitas, ainda de forma preliminar sobre as \u00faltimas elei\u00e7\u00f5es, muitas mulheres foram simplesmente usadas como laranjas para as movimenta\u00e7\u00f5es e loca\u00e7\u00f5es irregulares dos recursos partid\u00e1rios.<\/p>\n<p>Os partidos, que deveriam investir o m\u00ednimo de 5% do Fundo Partid\u00e1rio, na promo\u00e7\u00e3o pol\u00edtica das mulheres entre 2010 e 2018, simplesmente usaram esses recursos para turbinar candidaturas dos homens e daqueles indiv\u00edduos, escolhidos a dedo pela dire\u00e7\u00e3o das legendas, burlando a lei, fraudando a justi\u00e7a eleitoral e, de quebra, enganando os eleitores de todo o pa\u00eds. Acima de tudo, essa manobra malandra representou uma afronta direta e um desrespeito \u00e0 toda cidad\u00e3 brasileira, mostrando at\u00e9 onde esses partidos s\u00e3o capazes de descer para fazer valer seus prop\u00f3sitos.<\/p>\n<p>Apenas por essa manobra sem \u00e9tica, num pa\u00eds s\u00e9rio, essas legendas seriam exemplarmente punidas, inclusive com a cassa\u00e7\u00e3o do registro partid\u00e1rio. Mas estamos no Brasil do realismo fant\u00e1stico, onde uma coisa pode ser avessa, num passe de m\u00e1gica. Com a perspectiva de virem a ser punidos pela justi\u00e7a eleitoral, com a chance de terem recusadas suas presta\u00e7\u00f5es de contas, os mesmos legisladores que criaram a lei que incentiva um m\u00ednimo de 30% de mulheres nos pleitos eleitorais acabam de levar \u00e0 san\u00e7\u00e3o presidencial uma esp\u00e9cie de contraproposta, que anistia o n\u00e3o cumprimento dessa regra, livrando os partidos e seus dirigentes de puni\u00e7\u00e3o.<\/p>\n<p>Antigamente, tal atitude era classificada com o ditado: \u201cdesfez com os p\u00e9s, o que foi feito pelas m\u00e3os\u201d, querendo significar uma rea\u00e7\u00e3o bruta contra o que foi constru\u00eddo com trabalho e empenho. A anistia aprovada agora pelo presidente Bolsonaro, depois de neg\u00e1-la de forma incisiva, demonstra o quanto ainda temos que avan\u00e7ar em civiliza\u00e7\u00e3o e \u00e9tica at\u00e9 alcan\u00e7armos o patamar de pa\u00eds respeitado pelo mundo.<\/p>\n<p>&nbsp;<\/p>\n<p>&nbsp;<\/p>\n<p><strong>A frase que foi pronunciada:<\/strong><\/p>\n<p><em>&#8220;A participa\u00e7\u00e3o efetiva das mulheres na pol\u00edtica, ao mesmo tempo em que \u00e9 uma forma de garantia da pr\u00f3pria igualdade de g\u00eanero, tamb\u00e9m se constitui em um alicerce sobre o qual \u00e9 poss\u00edvel almejar transforma\u00e7\u00f5es mais profundas nas estruturas da nossa sociedade.&#8221;<\/em><\/p>\n<p>Nota assinada pela\u00a0\u00a0Comiss\u00e3o Nacional da Mulher Advogada, a Comiss\u00e3o Especial de Estudo da Reforma Pol\u00edtica e a Comiss\u00e3o Especial de Direito Eleitoral do Conselho Federal da OAB<\/p>\n<p>&nbsp;<\/p>\n<p>&nbsp;<\/p>\n<p>&nbsp;<\/p>\n<p><strong>Encontro<\/strong><\/p>\n<p>Na Comiss\u00e3o de Direitos Humanos do Senado, audi\u00eancia sobre viol\u00eancia sexual contra vulner\u00e1veis, estava presente a delegada federal, Paula Mary Albuquerque, chefe da Delinst\/RJ.<\/p>\n<p><iframe loading=\"lazy\" title=\"CDH   Viol\u00eancia sexual contra vulner\u00e1veis\" width=\"1333\" height=\"1000\" src=\"https:\/\/www.youtube.com\/embed\/Lz9PqqH8IkI?feature=oembed\" frameborder=\"0\" allow=\"accelerometer; autoplay; clipboard-write; encrypted-media; gyroscope; picture-in-picture; web-share\" referrerpolicy=\"strict-origin-when-cross-origin\" allowfullscreen><\/iframe><\/p>\n<p>&nbsp;<\/p>\n<p>&nbsp;<\/p>\n<p><strong>Capacita\u00e7\u00e3o<\/strong><\/p>\n<p>Uma das observa\u00e7\u00f5es da Dra. Paula Mary \u00e9 que nem hospitais ou escolas de todo o pa\u00eds est\u00e3o prontos para tomar a atitude certa em casos suspeitos de abuso sexual. A capacita\u00e7\u00e3o de profissionais da \u00e1rea de sa\u00fade e educa\u00e7\u00e3o \u00e9 um passo importante.<\/p>\n<figure id=\"attachment_14113\" aria-describedby=\"caption-attachment-14113\" style=\"width: 549px\" class=\"wp-caption aligncenter\"><img loading=\"lazy\" decoding=\"async\" class=\" wp-image-14113\" src=\"https:\/\/blogs.correiobraziliense.com.br\/aricunha\/wp-content\/uploads\/sites\/13\/2019\/05\/Paula.jpg\" alt=\"\" width=\"549\" height=\"405\" srcset=\"https:\/\/blogs.correiobraziliense.com.br\/aricunha\/wp-content\/uploads\/sites\/13\/2019\/05\/Paula.jpg 531w, https:\/\/blogs.correiobraziliense.com.br\/aricunha\/wp-content\/uploads\/sites\/13\/2019\/05\/Paula-300x221.jpg 300w, https:\/\/blogs.correiobraziliense.com.br\/aricunha\/wp-content\/uploads\/sites\/13\/2019\/05\/Paula-350x258.jpg 350w, https:\/\/blogs.correiobraziliense.com.br\/aricunha\/wp-content\/uploads\/sites\/13\/2019\/05\/Paula-230x169.jpg 230w\" sizes=\"auto, (max-width: 549px) 100vw, 549px\" \/><figcaption id=\"caption-attachment-14113\" class=\"wp-caption-text\">Foto: Fernanda Dias\/Ag\u00eancia O Dia<\/figcaption><\/figure>\n<p>&nbsp;<\/p>\n<p>&nbsp;<\/p>\n<p><strong>De volta<\/strong><\/p>\n<p>Outro dado fundamental trazido nessa reuni\u00e3o \u00e9 que os criminosos sexuais s\u00e3o reincidentes. Quando as autoridades conseguem prender, em 4 anos j\u00e1 est\u00e3o de volta para a sociedade. Geralmente buscam uma nova chance em escolas para manter os mesmos crimes.<\/p>\n<p>&nbsp;<\/p>\n<p>&nbsp;<\/p>\n<p>&nbsp;<\/p>\n<p><strong>In\u00e9pcia<\/strong><\/p>\n<p>Segundo informa\u00e7\u00f5es da delegada Paula Mary, casos de abuso sexual em escolas geralmente s\u00e3o encerrados com a demiss\u00e3o do criminoso e o sil\u00eancio da dire\u00e7\u00e3o.<\/p>\n<figure id=\"attachment_14114\" aria-describedby=\"caption-attachment-14114\" style=\"width: 546px\" class=\"wp-caption aligncenter\"><img loading=\"lazy\" decoding=\"async\" class=\" wp-image-14114\" src=\"https:\/\/blogs.correiobraziliense.com.br\/aricunha\/wp-content\/uploads\/sites\/13\/2019\/05\/assedio-na-escola-23032018175314478.jpeg\" alt=\"\" width=\"546\" height=\"298\" srcset=\"https:\/\/blogs.correiobraziliense.com.br\/aricunha\/wp-content\/uploads\/sites\/13\/2019\/05\/assedio-na-escola-23032018175314478.jpeg 660w, https:\/\/blogs.correiobraziliense.com.br\/aricunha\/wp-content\/uploads\/sites\/13\/2019\/05\/assedio-na-escola-23032018175314478-300x164.jpeg 300w, https:\/\/blogs.correiobraziliense.com.br\/aricunha\/wp-content\/uploads\/sites\/13\/2019\/05\/assedio-na-escola-23032018175314478-350x191.jpeg 350w, https:\/\/blogs.correiobraziliense.com.br\/aricunha\/wp-content\/uploads\/sites\/13\/2019\/05\/assedio-na-escola-23032018175314478-550x300.jpeg 550w, https:\/\/blogs.correiobraziliense.com.br\/aricunha\/wp-content\/uploads\/sites\/13\/2019\/05\/assedio-na-escola-23032018175314478-230x125.jpeg 230w\" sizes=\"auto, (max-width: 546px) 100vw, 546px\" \/><figcaption id=\"caption-attachment-14114\" class=\"wp-caption-text\">Arte: R7 (noticias.r7.com)<\/figcaption><\/figure>\n<p>&nbsp;<\/p>\n<p>&nbsp;<\/p>\n<p><strong>Interligados<\/strong><\/p>\n<p>Dentro de uma perspectiva de pol\u00edtica p\u00fablica sobre o assunto, a delegada Paula Mary sugere que seja montada uma teia de comunica\u00e7\u00e3o que comece nas delegacias municipais, estaduais e federais; todas interligadas. As folhas de antecedentes criminais de um estuprador registradas em um munic\u00edpio n\u00e3o chegam ao conhecimento da delegacia estadual nem de outros munic\u00edpios, dando ao criminoso mais liberdade de agir. A legisla\u00e7\u00e3o deve proteger a crian\u00e7a e n\u00e3o o estuprador. Por isso, um banco nacional com dados dos criminosos sexuais deveria ser formado e disponibilizado para consulta (pelo menos de autoridades).<\/p>\n<p>&nbsp;<\/p>\n<p>&nbsp;<\/p>\n<p>&nbsp;<\/p>\n<p><strong>Educar<\/strong><\/p>\n<p>Dra. Paula Mary refor\u00e7a o perigo de uma crian\u00e7a ficar sozinha navegando pela Internet. Os criminosos n\u00e3o descansam e os pais s\u00f3 conseguem descansar se conseguirem a confian\u00e7a dos filhos.<\/p>\n<figure id=\"attachment_13742\" aria-describedby=\"caption-attachment-13742\" style=\"width: 398px\" class=\"wp-caption aligncenter\"><img loading=\"lazy\" decoding=\"async\" class=\" wp-image-13742\" src=\"https:\/\/blogs.correiobraziliense.com.br\/aricunha\/wp-content\/uploads\/sites\/13\/2019\/03\/pedofilia-na-internet.jpg\" alt=\"\" width=\"398\" height=\"463\" srcset=\"https:\/\/blogs.correiobraziliense.com.br\/aricunha\/wp-content\/uploads\/sites\/13\/2019\/03\/pedofilia-na-internet.jpg 315w, https:\/\/blogs.correiobraziliense.com.br\/aricunha\/wp-content\/uploads\/sites\/13\/2019\/03\/pedofilia-na-internet-257x300.jpg 257w, https:\/\/blogs.correiobraziliense.com.br\/aricunha\/wp-content\/uploads\/sites\/13\/2019\/03\/pedofilia-na-internet-300x350.jpg 300w, https:\/\/blogs.correiobraziliense.com.br\/aricunha\/wp-content\/uploads\/sites\/13\/2019\/03\/pedofilia-na-internet-230x268.jpg 230w\" sizes=\"auto, (max-width: 398px) 100vw, 398px\" \/><figcaption id=\"caption-attachment-13742\" class=\"wp-caption-text\">Charge do Ricardo Jottas<\/figcaption><\/figure>\n<p>&nbsp;<\/p>\n<p>&nbsp;<\/p>\n<p><strong>HIST\u00d3RIA DE BRAS\u00cdLIA<\/strong><\/p>\n<p>O supermercado UV-1 disp\u00f5e apenas de sacos pequenos, e por isto, as filas ainda s\u00e3o maiores, atualmente. <strong>(Publicado em 21.11.1961)<\/strong><\/p>\n","protected":false},"excerpt":{"rendered":"<p>VISTO, LIDO E OUVIDO Criada por Ari Cunha (In memoriam) Desde 1960 Com Circe Cunha e Mamfil jornalistacircecunha@gmail.com Facebook.com\/vistolidoeouvido Instagram.com\/vistolidoeouvido &nbsp; &nbsp; Para um pa\u00eds em que a cada dez habitantes cinco s\u00e3o do sexo feminino, fica dif\u00edcil entender e mais ainda explicar o baixo \u00edndice de participa\u00e7\u00e3o das brasileiras no processo pol\u00edtico eleitoral. O normal seria que a metade [&hellip;]<\/p>\n","protected":false},"author":34,"featured_media":14116,"comment_status":"open","ping_status":"open","sticky":false,"template":"","format":"standard","meta":{"footnotes":""},"categories":[23],"tags":[557,1565,114,1567,1566,1568,1553,68,2,69,16],"class_list":["post-14110","post","type-post","status-publish","format-standard","has-post-thumbnail","hentry","category-integra","tag-abusosexual","tag-assedionaescola","tag-historiadebrasilia","tag-mulhernocongresso","tag-participacaodamulhernapolitica","tag-participacaofemininanobrasil","tag-pedofilia","tag-aricunha","tag-brasilia","tag-circecunha","tag-mamfil"],"_links":{"self":[{"href":"https:\/\/blogs.correiobraziliense.com.br\/aricunha\/wp-json\/wp\/v2\/posts\/14110","targetHints":{"allow":["GET"]}}],"collection":[{"href":"https:\/\/blogs.correiobraziliense.com.br\/aricunha\/wp-json\/wp\/v2\/posts"}],"about":[{"href":"https:\/\/blogs.correiobraziliense.com.br\/aricunha\/wp-json\/wp\/v2\/types\/post"}],"author":[{"embeddable":true,"href":"https:\/\/blogs.correiobraziliense.com.br\/aricunha\/wp-json\/wp\/v2\/users\/34"}],"replies":[{"embeddable":true,"href":"https:\/\/blogs.correiobraziliense.com.br\/aricunha\/wp-json\/wp\/v2\/comments?post=14110"}],"version-history":[{"count":3,"href":"https:\/\/blogs.correiobraziliense.com.br\/aricunha\/wp-json\/wp\/v2\/posts\/14110\/revisions"}],"predecessor-version":[{"id":14117,"href":"https:\/\/blogs.correiobraziliense.com.br\/aricunha\/wp-json\/wp\/v2\/posts\/14110\/revisions\/14117"}],"wp:featuredmedia":[{"embeddable":true,"href":"https:\/\/blogs.correiobraziliense.com.br\/aricunha\/wp-json\/wp\/v2\/media\/14116"}],"wp:attachment":[{"href":"https:\/\/blogs.correiobraziliense.com.br\/aricunha\/wp-json\/wp\/v2\/media?parent=14110"}],"wp:term":[{"taxonomy":"category","embeddable":true,"href":"https:\/\/blogs.correiobraziliense.com.br\/aricunha\/wp-json\/wp\/v2\/categories?post=14110"},{"taxonomy":"post_tag","embeddable":true,"href":"https:\/\/blogs.correiobraziliense.com.br\/aricunha\/wp-json\/wp\/v2\/tags?post=14110"}],"curies":[{"name":"wp","href":"https:\/\/api.w.org\/{rel}","templated":true}]}}