{"id":14102,"date":"2019-05-21T01:00:38","date_gmt":"2019-05-21T04:00:38","guid":{"rendered":"https:\/\/blogs.correiobraziliense.com.br\/aricunha\/?p=14102"},"modified":"2019-05-20T19:29:12","modified_gmt":"2019-05-20T22:29:12","slug":"mercado-informal-vai-engolindo-a-economia-tradicional","status":"publish","type":"post","link":"https:\/\/blogs.correiobraziliense.com.br\/aricunha\/mercado-informal-vai-engolindo-a-economia-tradicional\/","title":{"rendered":"Mercado informal vai engolindo a economia tradicional"},"content":{"rendered":"<p>VISTO, LIDO E OUVIDO Criada por Ari Cunha (In memoriam)<br \/>\nDesde 1960 Com Circe Cunha e Mamfil<br \/>\njornalistacircecunha@gmail.com<br \/>\nFacebook.com\/vistolidoeouvido<br \/>\nInstagram.com\/vistolidoeouvido<\/p>\n<p>&nbsp;<\/p>\n<figure id=\"attachment_14108\" aria-describedby=\"caption-attachment-14108\" style=\"width: 722px\" class=\"wp-caption aligncenter\"><img loading=\"lazy\" decoding=\"async\" class=\" wp-image-14108\" src=\"https:\/\/blogs.correiobraziliense.com.br\/aricunha\/wp-content\/uploads\/sites\/13\/2019\/05\/PNADtri_home-JosCruz-AgBrasil.jpg\" alt=\"\" width=\"722\" height=\"400\" srcset=\"https:\/\/blogs.correiobraziliense.com.br\/aricunha\/wp-content\/uploads\/sites\/13\/2019\/05\/PNADtri_home-JosCruz-AgBrasil.jpg 875w, https:\/\/blogs.correiobraziliense.com.br\/aricunha\/wp-content\/uploads\/sites\/13\/2019\/05\/PNADtri_home-JosCruz-AgBrasil-300x166.jpg 300w, https:\/\/blogs.correiobraziliense.com.br\/aricunha\/wp-content\/uploads\/sites\/13\/2019\/05\/PNADtri_home-JosCruz-AgBrasil-768x426.jpg 768w, https:\/\/blogs.correiobraziliense.com.br\/aricunha\/wp-content\/uploads\/sites\/13\/2019\/05\/PNADtri_home-JosCruz-AgBrasil-350x194.jpg 350w, https:\/\/blogs.correiobraziliense.com.br\/aricunha\/wp-content\/uploads\/sites\/13\/2019\/05\/PNADtri_home-JosCruz-AgBrasil-550x305.jpg 550w, https:\/\/blogs.correiobraziliense.com.br\/aricunha\/wp-content\/uploads\/sites\/13\/2019\/05\/PNADtri_home-JosCruz-AgBrasil-230x127.jpg 230w\" sizes=\"auto, (max-width: 722px) 100vw, 722px\" \/><figcaption id=\"caption-attachment-14108\" class=\"wp-caption-text\">Foto: Jos\u00e9 Cruz\/Ag\u00eancia Brasil<\/figcaption><\/figure>\n<p>&nbsp;<\/p>\n<p>Dados do desemprego tanto no Brasil quanto em sua capital n\u00e3o param de crescer. Segundo o Instituto Brasileiro de Geografia e Estat\u00edstica (IBGE), o \u00edndice m\u00e9dio de desempregados saltou de 11,6% para 12,4%. No Distrito Federal, a situa\u00e7\u00e3o parece ser a mesma. O \u00edndice m\u00e9dio de desemprego na capital subiu de 18,2% para 18,7%. No pa\u00eds s\u00e3o mais de 13 milh\u00f5es de desempregados. Em Bras\u00edlia esse n\u00famero \u00e9 de 315 mil pessoas sem emprego. Com \u00edndices dessa magnitude e sem quaisquer perspectivas \u00e0 frente de que a situa\u00e7\u00e3o v\u00e1 melhorar a curto prazo, o Brasil e sua moderna capital enfrentam situa\u00e7\u00f5es de grande instabilidade econ\u00f4mica e sobretudo social.<\/p>\n<p>Basta dizer que onde existe desemprego existe tamb\u00e9m uma s\u00e9rie de fatores negativos que acabam influenciando outros setores, mesmo aqueles que aparentemente est\u00e3o imunes a esse tipo de situa\u00e7\u00e3o, tanto na cidade como nas \u00e1reas rurais. N\u00e3o h\u00e1 d\u00favidas de que al\u00e9m da crise econ\u00f4mica persistente, exista ainda uma mudan\u00e7a, trazida pelas novas tecnologias, no perfil dos profissionais buscados tanto pelas empresas como pela ind\u00fastria. Uma coisa n\u00e3o mudou durante todos esses anos. O desemprego continua a afetar mais mulheres, negros e jovens. O Estado que era o grande empregador, quando chegou nos anos sessenta e setenta a contratar at\u00e9 30% da for\u00e7a de trabalho, reduziu esse n\u00famero, com o encolhimento do chamado Estado do bem-estar social e das pol\u00edticas estatizantes, verificadas sobretudo no per\u00edodo militar.<\/p>\n<p>\u00c9 preciso levar em conta que, num mundo globalizado, as oscila\u00e7\u00f5es da economia em outros pa\u00edses acabam influenciando tamb\u00e9m a situa\u00e7\u00e3o local, principalmente nos pa\u00edses perif\u00e9ricos dependentes. Ao lado das consequ\u00eancias j\u00e1 conhecidas advindas da falta de trabalho como o aumento da viol\u00eancia, da pobreza e das desigualdades, do qual o Brasil \u00e9 ainda campe\u00e3o mundial, o desemprego fez explodir a n\u00edveis nunca antes verificados do emprego informal e sua cong\u00eanere, o mercado informal. Com isso, aumentou tamb\u00e9m a quantidade de produtos contrabandeados nas ruas e avenidas de todo o pa\u00eds.<\/p>\n<p>Segundo dados fornecidos pelo \u00cdndice de Economia Subterr\u00e2nea (IES), fosse um pa\u00eds, o mercado informal brasileiro ocuparia a 39\u00aa posi\u00e7\u00e3o entre as economias do planeta, com um Produto Interno Bruto (PIB) de R$ 1,173 trilh\u00e3o, o que equivale a 16,9% do PIB nacional. N\u00e3o h\u00e1 como negar: andar pelas ruas do Brasil \u00e9 como se movimentar dentro de uma feira a c\u00e9u aberto. Por todo lado que se olha, comerciantes e camel\u00f4s est\u00e3o vendendo todo o tipo de produto.<\/p>\n<p>A situa\u00e7\u00e3o chegou a tal limite que muitas prefeituras e administra\u00e7\u00f5es j\u00e1 n\u00e3o conseguem mais controlar essa multid\u00e3o de gente negociando pelas ruas. O pior \u00e9 que esse com\u00e9rcio informal, que n\u00e3o paga e ainda por cima sonega impostos, e n\u00e3o cumpre as obriga\u00e7\u00f5es trabalhistas vem se expandindo enormemente por toda a parte.<\/p>\n<p>Em Bras\u00edlia essa \u00e9 uma realidade que parece ter vindo para ficar. Ambulantes armam suas barracas em frente ao com\u00e9rcio legalizado. Para piorar, o brasiliense assiste tamb\u00e9m \u00e0 prolifera\u00e7\u00e3o dos chamados com\u00e9rcios de lata. S\u00e3o Barracos de lata fixos em todas as quadras residenciais e os chamados foodtrucks, que se espalharam pela cidade, formando um verdadeiro ex\u00e9rcito de ambulantes que trabalham sem fiscaliza\u00e7\u00e3o, em \u00e1reas p\u00fablicas, nas entre quadras e em qualquer estacionamento vazio. Trata-se de uma situa\u00e7\u00e3o que exigir\u00e1 enorme esfor\u00e7o das autoridades, caso elas venham realmente a cuidar dessa quest\u00e3o. Por sua magnitude e pelo pouco caso demonstrado at\u00e9 agora pelos governantes, diante de uma situa\u00e7\u00e3o de desemprego geral, n\u00e3o seria exagero se o pa\u00eds e sua capital n\u00e3o viessem a ser totalmente dominados por esse tipo de com\u00e9rcio ambulante, transformando nossas ruas em feiras abertas, sujas, perigosas, intransit\u00e1veis. Um decadente retrato do terceiro mundo, em pleno s\u00e9culo XXI.<\/p>\n<p>&nbsp;<\/p>\n<p>&nbsp;<\/p>\n<p>&nbsp;<\/p>\n<p><strong>A frase que foi pronunciada:<\/strong><\/p>\n<p><em>\u201cPor volta de 2035, n\u00e3o haver\u00e1 quase nenhum pa\u00eds pobre deixado no mundo. Quase todos os pa\u00edses ser\u00e3o o que agora chamamos de renda m\u00e9dia-baixa ou mais rica.\u201d<\/em><\/p>\n<p>Bill Gates, empres\u00e1rio, filantropo e autor americano<\/p>\n<figure id=\"attachment_14106\" aria-describedby=\"caption-attachment-14106\" style=\"width: 548px\" class=\"wp-caption aligncenter\"><img loading=\"lazy\" decoding=\"async\" class=\" wp-image-14106\" src=\"https:\/\/blogs.correiobraziliense.com.br\/aricunha\/wp-content\/uploads\/sites\/13\/2019\/05\/Bill.jpg\" alt=\"\" width=\"548\" height=\"390\" srcset=\"https:\/\/blogs.correiobraziliense.com.br\/aricunha\/wp-content\/uploads\/sites\/13\/2019\/05\/Bill.jpg 492w, https:\/\/blogs.correiobraziliense.com.br\/aricunha\/wp-content\/uploads\/sites\/13\/2019\/05\/Bill-300x213.jpg 300w, https:\/\/blogs.correiobraziliense.com.br\/aricunha\/wp-content\/uploads\/sites\/13\/2019\/05\/Bill-350x249.jpg 350w, https:\/\/blogs.correiobraziliense.com.br\/aricunha\/wp-content\/uploads\/sites\/13\/2019\/05\/Bill-230x164.jpg 230w\" sizes=\"auto, (max-width: 548px) 100vw, 548px\" \/><figcaption id=\"caption-attachment-14106\" class=\"wp-caption-text\">Foto: gatesnotes.com\/Bio<\/figcaption><\/figure>\n<p>&nbsp;<\/p>\n<p>&nbsp;<\/p>\n<p><strong>Celebra\u00e7\u00e3o<\/strong><\/p>\n<p>Chega a not\u00edcia do Cear\u00e1, pelo Cel Jucenilio Evangelista da Silva, que convida todos os ex-alunos espalhados pelo pa\u00eds para participar dos eventos da Solenidade do Centen\u00e1rio do Col\u00e9gio Militar de Fortaleza. Dia 31, a partir das 19h na Aldeota.<\/p>\n<figure id=\"attachment_14105\" aria-describedby=\"caption-attachment-14105\" style=\"width: 394px\" class=\"wp-caption aligncenter\"><img loading=\"lazy\" decoding=\"async\" class=\" wp-image-14105\" src=\"https:\/\/blogs.correiobraziliense.com.br\/aricunha\/wp-content\/uploads\/sites\/13\/2019\/05\/Cartaz.jpg\" alt=\"\" width=\"394\" height=\"550\" srcset=\"https:\/\/blogs.correiobraziliense.com.br\/aricunha\/wp-content\/uploads\/sites\/13\/2019\/05\/Cartaz.jpg 412w, https:\/\/blogs.correiobraziliense.com.br\/aricunha\/wp-content\/uploads\/sites\/13\/2019\/05\/Cartaz-215x300.jpg 215w, https:\/\/blogs.correiobraziliense.com.br\/aricunha\/wp-content\/uploads\/sites\/13\/2019\/05\/Cartaz-251x350.jpg 251w, https:\/\/blogs.correiobraziliense.com.br\/aricunha\/wp-content\/uploads\/sites\/13\/2019\/05\/Cartaz-230x321.jpg 230w\" sizes=\"auto, (max-width: 394px) 100vw, 394px\" \/><figcaption id=\"caption-attachment-14105\" class=\"wp-caption-text\">Cartaz: cmf.eb.mil.br<\/figcaption><\/figure>\n<p>&nbsp;<\/p>\n<p>&nbsp;<\/p>\n<p><strong>Souza Cruz<\/strong><\/p>\n<p>\u201cEstamos confiantes que as autoridades entender\u00e3o que esses dispositivos s\u00e3o importantes para a redu\u00e7\u00e3o dos danos do cigarro \u00e0 sa\u00fade e uma forma de preservar a sustentabilidade da cadeia produtiva do tabaco\u201d, disse o executivo sul-mato-grossense, Liel Miranda, \u00e0 revista DINHEIRO. Se faz mal \u00e0 sa\u00fade, a cadeia produtiva do tabaco precisa ser interrompida. O que n\u00e3o faz sentido \u00e9 o pa\u00eds ter sido vitorioso na diminui\u00e7\u00e3o de mortes por fumo atrav\u00e9s de uma legisla\u00e7\u00e3o moderna e a fundamenta\u00e7\u00e3o para que tudo vire fuma\u00e7a seja a produ\u00e7\u00e3o do tabaco.<\/p>\n<figure id=\"attachment_14104\" aria-describedby=\"caption-attachment-14104\" style=\"width: 546px\" class=\"wp-caption aligncenter\"><img loading=\"lazy\" decoding=\"async\" class=\" wp-image-14104\" src=\"https:\/\/blogs.correiobraziliense.com.br\/aricunha\/wp-content\/uploads\/sites\/13\/2019\/05\/din1102-souzacruz1-418x235.jpg\" alt=\"\" width=\"546\" height=\"307\" srcset=\"https:\/\/blogs.correiobraziliense.com.br\/aricunha\/wp-content\/uploads\/sites\/13\/2019\/05\/din1102-souzacruz1-418x235.jpg 418w, https:\/\/blogs.correiobraziliense.com.br\/aricunha\/wp-content\/uploads\/sites\/13\/2019\/05\/din1102-souzacruz1-418x235-300x169.jpg 300w, https:\/\/blogs.correiobraziliense.com.br\/aricunha\/wp-content\/uploads\/sites\/13\/2019\/05\/din1102-souzacruz1-418x235-350x197.jpg 350w, https:\/\/blogs.correiobraziliense.com.br\/aricunha\/wp-content\/uploads\/sites\/13\/2019\/05\/din1102-souzacruz1-418x235-230x129.jpg 230w\" sizes=\"auto, (max-width: 546px) 100vw, 546px\" \/><figcaption id=\"caption-attachment-14104\" class=\"wp-caption-text\">Foto: istoedinheiro.com.br<\/figcaption><\/figure>\n<p>&nbsp;<\/p>\n<p>&nbsp;<\/p>\n<p><strong>HIST\u00d3RIA DE BRAS\u00cdLIA<\/strong><\/p>\n<p>A mudan\u00e7a das favelas tem tomado tempo demais do Prefeito, e com isto, at\u00e9 o momento, n\u00e3o sabemos quando teremos novo supermercado, que \u00e9, atualmente, o de que mais se ressente a popula\u00e7\u00e3o. <strong>(Publicado em 21.11.1961)<\/strong><\/p>\n","protected":false},"excerpt":{"rendered":"<p>VISTO, LIDO E OUVIDO Criada por Ari Cunha (In memoriam) Desde 1960 Com Circe Cunha e Mamfil jornalistacircecunha@gmail.com Facebook.com\/vistolidoeouvido Instagram.com\/vistolidoeouvido &nbsp; &nbsp; Dados do desemprego tanto no Brasil quanto em sua capital n\u00e3o param de crescer. Segundo o Instituto Brasileiro de Geografia e Estat\u00edstica (IBGE), o \u00edndice m\u00e9dio de desempregados saltou de 11,6% para 12,4%. No Distrito Federal, a situa\u00e7\u00e3o [&hellip;]<\/p>\n","protected":false},"author":34,"featured_media":14108,"comment_status":"open","ping_status":"open","sticky":false,"template":"","format":"standard","meta":{"footnotes":""},"categories":[23],"tags":[494,1545,1564,114,68,2,69,16],"class_list":["post-14102","post","type-post","status-publish","format-standard","has-post-thumbnail","hentry","category-integra","tag-criseeconomica","tag-desempregonobrasil","tag-desempregonodf","tag-historiadebrasilia","tag-aricunha","tag-brasilia","tag-circecunha","tag-mamfil"],"_links":{"self":[{"href":"https:\/\/blogs.correiobraziliense.com.br\/aricunha\/wp-json\/wp\/v2\/posts\/14102","targetHints":{"allow":["GET"]}}],"collection":[{"href":"https:\/\/blogs.correiobraziliense.com.br\/aricunha\/wp-json\/wp\/v2\/posts"}],"about":[{"href":"https:\/\/blogs.correiobraziliense.com.br\/aricunha\/wp-json\/wp\/v2\/types\/post"}],"author":[{"embeddable":true,"href":"https:\/\/blogs.correiobraziliense.com.br\/aricunha\/wp-json\/wp\/v2\/users\/34"}],"replies":[{"embeddable":true,"href":"https:\/\/blogs.correiobraziliense.com.br\/aricunha\/wp-json\/wp\/v2\/comments?post=14102"}],"version-history":[{"count":3,"href":"https:\/\/blogs.correiobraziliense.com.br\/aricunha\/wp-json\/wp\/v2\/posts\/14102\/revisions"}],"predecessor-version":[{"id":14109,"href":"https:\/\/blogs.correiobraziliense.com.br\/aricunha\/wp-json\/wp\/v2\/posts\/14102\/revisions\/14109"}],"wp:featuredmedia":[{"embeddable":true,"href":"https:\/\/blogs.correiobraziliense.com.br\/aricunha\/wp-json\/wp\/v2\/media\/14108"}],"wp:attachment":[{"href":"https:\/\/blogs.correiobraziliense.com.br\/aricunha\/wp-json\/wp\/v2\/media?parent=14102"}],"wp:term":[{"taxonomy":"category","embeddable":true,"href":"https:\/\/blogs.correiobraziliense.com.br\/aricunha\/wp-json\/wp\/v2\/categories?post=14102"},{"taxonomy":"post_tag","embeddable":true,"href":"https:\/\/blogs.correiobraziliense.com.br\/aricunha\/wp-json\/wp\/v2\/tags?post=14102"}],"curies":[{"name":"wp","href":"https:\/\/api.w.org\/{rel}","templated":true}]}}