{"id":14078,"date":"2019-05-16T01:00:11","date_gmt":"2019-05-16T04:00:11","guid":{"rendered":"https:\/\/blogs.correiobraziliense.com.br\/aricunha\/?p=14078"},"modified":"2019-05-16T15:27:14","modified_gmt":"2019-05-16T18:27:14","slug":"governanca-ao-inves-de-privatizacoes-acodadas","status":"publish","type":"post","link":"https:\/\/blogs.correiobraziliense.com.br\/aricunha\/governanca-ao-inves-de-privatizacoes-acodadas\/","title":{"rendered":"Governan\u00e7a ao inv\u00e9s de privatiza\u00e7\u00f5es a\u00e7odadas"},"content":{"rendered":"<p>VISTO, LIDO E OUVIDO Criada por Ari Cunha (In memoriam)<\/p>\n<p>Desde 1960 Com Circe Cunha e Mamfil<\/p>\n<p>jornalistacircecunha@gmail.com<\/p>\n<p>Facebook.com\/vistolidoeouvido<\/p>\n<p>Instagram.com\/vistolidoeouvido<\/p>\n<p>&nbsp;<\/p>\n<figure id=\"attachment_14082\" aria-describedby=\"caption-attachment-14082\" style=\"width: 426px\" class=\"wp-caption alignleft\"><img loading=\"lazy\" decoding=\"async\" class=\"size-full wp-image-14082\" src=\"https:\/\/blogs.correiobraziliense.com.br\/aricunha\/wp-content\/uploads\/sites\/13\/2019\/05\/genildo-5-426x420.jpg\" alt=\"\" width=\"426\" height=\"420\" srcset=\"https:\/\/blogs.correiobraziliense.com.br\/aricunha\/wp-content\/uploads\/sites\/13\/2019\/05\/genildo-5-426x420.jpg 426w, https:\/\/blogs.correiobraziliense.com.br\/aricunha\/wp-content\/uploads\/sites\/13\/2019\/05\/genildo-5-426x420-300x296.jpg 300w, https:\/\/blogs.correiobraziliense.com.br\/aricunha\/wp-content\/uploads\/sites\/13\/2019\/05\/genildo-5-426x420-350x345.jpg 350w, https:\/\/blogs.correiobraziliense.com.br\/aricunha\/wp-content\/uploads\/sites\/13\/2019\/05\/genildo-5-426x420-230x227.jpg 230w\" sizes=\"auto, (max-width: 426px) 100vw, 426px\" \/><figcaption id=\"caption-attachment-14082\" class=\"wp-caption-text\">Charge do Genildo<\/figcaption><\/figure>\n<p>Ficasse firmado na Constitui\u00e7\u00e3o, logo em seu pre\u00e2mbulo, que todos os recursos p\u00fablicos, emanados da for\u00e7a de trabalho do povo brasileiro, por se tratar de riquezas de alta relev\u00e2ncia capaz de garantir a vida e o futuro da popula\u00e7\u00e3o, devem ter destino absolutamente justific\u00e1vel, aplicado com transpar\u00eancia e rastreado pelo pr\u00f3prio contribuinte, muitos problemas seculares de nosso pa\u00eds seriam evitados na origem.<\/p>\n<p>Com isso, mordomias nababescas e corrup\u00e7\u00e3o sist\u00eamica, duas pragas oriundas e permanentes nas altas c\u00fapulas do poder, assim como a m\u00e1 gest\u00e3o de recursos, seriam banidas ou ao menos minoradas. A essa altura, todos j\u00e1 perceberam que est\u00e1 na malversa\u00e7\u00e3o do dinheiro p\u00fablico grande parte dos problemas financeiros do Estado, justamente naqueles quesitos relativos ao bem-estar da sociedade. N\u00e3o \u00e9 poss\u00edvel haver justificativa plaus\u00edvel quando se destina milhares de reais para a compra de guloseimas e outros acepipes requintados, como vinhos car\u00edssimos e outros mimos, tamb\u00e9m a pre\u00e7o de ouro, apenas para uma pequen\u00edssima parcela do funcionalismo p\u00fablico, enquanto faltam leitos e rem\u00e9dios em hospitais, merendas e materiais did\u00e1ticos nas escolas, por absoluta falta de verbas.<\/p>\n<p>Nas altas esferas da administra\u00e7\u00e3o federal, os altos sal\u00e1rios, seguidos das generosas aposentadorias, demonstram, de modo claro, a pouca sensibilidade para reais problemas do pa\u00eds e as flagrantes injusti\u00e7as na reparti\u00e7\u00e3o dos recursos da Uni\u00e3o. Fossem estabelecidas, ao menos, prioridades, poder\u00edamos contornar o problema. Enquanto n\u00e3o forem atendidas as necessidades b\u00e1sicas como escolas modernas, hospitais de qualidade, seguran\u00e7a, moradia digna e outras benesses necess\u00e1rias e urgentes, nenhum recurso deveria ser gasto, de modo sup\u00e9rfluo em outras \u00e1reas. O desrespeito e o modo perdul\u00e1rio como s\u00e3o gastos os recursos da popula\u00e7\u00e3o, priorizando sempre o atendimento do topo da pir\u00e2mide da administra\u00e7\u00e3o p\u00fablica, soa, ao brasileiro comum, como uma afronta.<\/p>\n<p>A quest\u00e3o \u00e9 como estabelecer uma conviv\u00eancia pac\u00edfica entre um Estado absolutamente rico e poderoso e uma popula\u00e7\u00e3o pobre e desassistida, for\u00e7ada ainda a bancar essas desigualdades. O dinheiro, como dizia o fil\u00f3sofo de Mondubim, n\u00e3o suporta desaforos. Esse descompasso entre o que pagam os brasileiros de impostos, tributos, tarifas e contribui\u00e7\u00f5es, entre outras cobran\u00e7as, \u00e9 agravado ainda quando se verifica que muitas obras de vital import\u00e2ncia para o cidad\u00e3o, financiadas com recursos p\u00fablicos, muitas inclusive ultrapassando as cifras de centenas de milh\u00f5es de reais, t\u00e3o logo come\u00e7am a apresentar problemas que o governo considera momentaneamente incontorn\u00e1vel, s\u00e3o imediatamente postas \u00e0 venda, dentro da bacia das almas das privatiza\u00e7\u00f5es. Essa \u00e9 realmente uma situa\u00e7\u00e3o grave de desrespeito e desprezo pelo dinheiro do contribuinte.<\/p>\n<p>Privatizar ou entregar \u00e0 iniciativa privada, que todos j\u00e1 conhecem bem o perfil, setores como o fornecimento de \u00e1gua pot\u00e1vel, coleta de esgoto, fornecimento de energia el\u00e9trica ou transporte de massa, como o metr\u00f4, todas elas obras car\u00edssimas e que sorveram, por anos, montanhas de recursos preciosos, a particulares para que explorem esses servi\u00e7os com vista, obviamente, em lucros fabulosos, parece insano e at\u00e9 criminoso. Ao bom gestor, cabe sanear essas empresas, eliminando altos sal\u00e1rios, mordomias, inc\u00farias, nomea\u00e7\u00f5es pol\u00edticas e outras distor\u00e7\u00f5es, deixando essas empresas em condi\u00e7\u00f5es de fornecer os servi\u00e7os solicitados pelo cidad\u00e3o.<\/p>\n<p>Falar em privatiza\u00e7\u00e3o quando se sabe da import\u00e2ncia estrat\u00e9gicas dessas empresas para a vida das pessoas \u00e9 um contrassenso suspeito. Muito mais barato \u00e9 a ado\u00e7\u00e3o das chamadas boas pr\u00e1ticas administrativas de gest\u00e3o, conhecidas por governan\u00e7a ou compliance. Infelizmente esse tipo de f\u00f3rmula n\u00e3o consta do manual pol\u00edtico, por excesso de itens de \u00e9tica p\u00fablica.<\/p>\n<p>&nbsp;<\/p>\n<p>&nbsp;<\/p>\n<p><strong>A frase que foi pronunciada:<\/strong><\/p>\n<p><em>\u201cA moral e a \u00e9tica s\u00e3o duas inven\u00e7\u00f5es humanas que dependem muito do espa\u00e7o geogr\u00e1fico que voc\u00ea ocupa.\u201d<\/em><\/p>\n<p>Augusto Branco, poeta e escritor<\/p>\n<figure id=\"attachment_14080\" aria-describedby=\"caption-attachment-14080\" style=\"width: 548px\" class=\"wp-caption aligncenter\"><img loading=\"lazy\" decoding=\"async\" class=\" wp-image-14080\" src=\"https:\/\/blogs.correiobraziliense.com.br\/aricunha\/wp-content\/uploads\/sites\/13\/2019\/05\/17990847_1506439746035696_6011304211286819790_n.jpg\" alt=\"\" width=\"548\" height=\"548\" srcset=\"https:\/\/blogs.correiobraziliense.com.br\/aricunha\/wp-content\/uploads\/sites\/13\/2019\/05\/17990847_1506439746035696_6011304211286819790_n.jpg 864w, https:\/\/blogs.correiobraziliense.com.br\/aricunha\/wp-content\/uploads\/sites\/13\/2019\/05\/17990847_1506439746035696_6011304211286819790_n-150x150.jpg 150w, https:\/\/blogs.correiobraziliense.com.br\/aricunha\/wp-content\/uploads\/sites\/13\/2019\/05\/17990847_1506439746035696_6011304211286819790_n-300x300.jpg 300w, https:\/\/blogs.correiobraziliense.com.br\/aricunha\/wp-content\/uploads\/sites\/13\/2019\/05\/17990847_1506439746035696_6011304211286819790_n-768x768.jpg 768w, https:\/\/blogs.correiobraziliense.com.br\/aricunha\/wp-content\/uploads\/sites\/13\/2019\/05\/17990847_1506439746035696_6011304211286819790_n-350x350.jpg 350w, https:\/\/blogs.correiobraziliense.com.br\/aricunha\/wp-content\/uploads\/sites\/13\/2019\/05\/17990847_1506439746035696_6011304211286819790_n-550x550.jpg 550w, https:\/\/blogs.correiobraziliense.com.br\/aricunha\/wp-content\/uploads\/sites\/13\/2019\/05\/17990847_1506439746035696_6011304211286819790_n-230x230.jpg 230w\" sizes=\"auto, (max-width: 548px) 100vw, 548px\" \/><figcaption id=\"caption-attachment-14080\" class=\"wp-caption-text\">facebook.com\/AugustoBranco2020<\/figcaption><\/figure>\n<p>&nbsp;<\/p>\n<p>&nbsp;<\/p>\n<p><strong>Sempre limpo<\/strong><\/p>\n<p>At\u00e9 agora ningu\u00e9m entende qual a finalidade dos banheiros p\u00fablicos na esta\u00e7\u00e3o 108 do metr\u00f4. Os seguran\u00e7as da \u00e1rea desconhecem o paradeiro das chaves e o local fica trancado.<\/p>\n<p><img loading=\"lazy\" decoding=\"async\" class=\" wp-image-14081 aligncenter\" src=\"https:\/\/blogs.correiobraziliense.com.br\/aricunha\/wp-content\/uploads\/sites\/13\/2019\/05\/fffdc99f76e9615afdfea6b41fc7c9ce.jpg\" alt=\"\" width=\"551\" height=\"429\" srcset=\"https:\/\/blogs.correiobraziliense.com.br\/aricunha\/wp-content\/uploads\/sites\/13\/2019\/05\/fffdc99f76e9615afdfea6b41fc7c9ce.jpg 700w, https:\/\/blogs.correiobraziliense.com.br\/aricunha\/wp-content\/uploads\/sites\/13\/2019\/05\/fffdc99f76e9615afdfea6b41fc7c9ce-300x234.jpg 300w, https:\/\/blogs.correiobraziliense.com.br\/aricunha\/wp-content\/uploads\/sites\/13\/2019\/05\/fffdc99f76e9615afdfea6b41fc7c9ce-350x273.jpg 350w, https:\/\/blogs.correiobraziliense.com.br\/aricunha\/wp-content\/uploads\/sites\/13\/2019\/05\/fffdc99f76e9615afdfea6b41fc7c9ce-550x428.jpg 550w, https:\/\/blogs.correiobraziliense.com.br\/aricunha\/wp-content\/uploads\/sites\/13\/2019\/05\/fffdc99f76e9615afdfea6b41fc7c9ce-230x179.jpg 230w\" sizes=\"auto, (max-width: 551px) 100vw, 551px\" \/><\/p>\n<p>&nbsp;<\/p>\n<p>&nbsp;<\/p>\n<p><strong>Insubstitu\u00edvel<\/strong><\/p>\n<p>Outro fato interessante acontece no HRAN. A informa\u00e7\u00e3o \u00e9 que uma funcion\u00e1ria dos Recursos Humanos faleceu e quem precisa de documentos e declara\u00e7\u00f5es n\u00e3o t\u00eam a quem recorrer.<\/p>\n<figure id=\"attachment_13181\" aria-describedby=\"caption-attachment-13181\" style=\"width: 549px\" class=\"wp-caption aligncenter\"><img loading=\"lazy\" decoding=\"async\" class=\" wp-image-13181\" src=\"https:\/\/blogs.correiobraziliense.com.br\/aricunha\/wp-content\/uploads\/sites\/13\/2019\/01\/esta-no-ar-a-pagina-exclusiva-do-hran-1114_XL.jpg\" alt=\"\" width=\"549\" height=\"366\" srcset=\"https:\/\/blogs.correiobraziliense.com.br\/aricunha\/wp-content\/uploads\/sites\/13\/2019\/01\/esta-no-ar-a-pagina-exclusiva-do-hran-1114_XL.jpg 900w, https:\/\/blogs.correiobraziliense.com.br\/aricunha\/wp-content\/uploads\/sites\/13\/2019\/01\/esta-no-ar-a-pagina-exclusiva-do-hran-1114_XL-300x200.jpg 300w, https:\/\/blogs.correiobraziliense.com.br\/aricunha\/wp-content\/uploads\/sites\/13\/2019\/01\/esta-no-ar-a-pagina-exclusiva-do-hran-1114_XL-768x512.jpg 768w, https:\/\/blogs.correiobraziliense.com.br\/aricunha\/wp-content\/uploads\/sites\/13\/2019\/01\/esta-no-ar-a-pagina-exclusiva-do-hran-1114_XL-350x233.jpg 350w, https:\/\/blogs.correiobraziliense.com.br\/aricunha\/wp-content\/uploads\/sites\/13\/2019\/01\/esta-no-ar-a-pagina-exclusiva-do-hran-1114_XL-550x367.jpg 550w, https:\/\/blogs.correiobraziliense.com.br\/aricunha\/wp-content\/uploads\/sites\/13\/2019\/01\/esta-no-ar-a-pagina-exclusiva-do-hran-1114_XL-230x153.jpg 230w\" sizes=\"auto, (max-width: 549px) 100vw, 549px\" \/><figcaption id=\"caption-attachment-13181\" class=\"wp-caption-text\">Foto: sindsaude.org.br<\/figcaption><\/figure>\n<p>&nbsp;<\/p>\n<p>&nbsp;<\/p>\n<p><strong>Mudan\u00e7as<\/strong><\/p>\n<p>Entre as novidades do Estatuto da Crian\u00e7a, est\u00e1 a Pol\u00edtica Nacional de Busca de Pessoas Desaparecidas. Menores de 16 anos n\u00e3o viajam desacompanhados; apenas se tiverem autoriza\u00e7\u00e3o. Tecnologia de ponta ajudar\u00e1 a identificar menores desaparecidos.<\/p>\n<figure id=\"attachment_14079\" aria-describedby=\"caption-attachment-14079\" style=\"width: 551px\" class=\"wp-caption aligncenter\"><img loading=\"lazy\" decoding=\"async\" class=\" wp-image-14079\" src=\"https:\/\/blogs.correiobraziliense.com.br\/aricunha\/wp-content\/uploads\/sites\/13\/2019\/05\/fcpzzb_abr_10051915508-8719620.jpg\" alt=\"\" width=\"551\" height=\"367\" srcset=\"https:\/\/blogs.correiobraziliense.com.br\/aricunha\/wp-content\/uploads\/sites\/13\/2019\/05\/fcpzzb_abr_10051915508-8719620.jpg 800w, https:\/\/blogs.correiobraziliense.com.br\/aricunha\/wp-content\/uploads\/sites\/13\/2019\/05\/fcpzzb_abr_10051915508-8719620-300x200.jpg 300w, https:\/\/blogs.correiobraziliense.com.br\/aricunha\/wp-content\/uploads\/sites\/13\/2019\/05\/fcpzzb_abr_10051915508-8719620-768x512.jpg 768w, https:\/\/blogs.correiobraziliense.com.br\/aricunha\/wp-content\/uploads\/sites\/13\/2019\/05\/fcpzzb_abr_10051915508-8719620-350x233.jpg 350w, https:\/\/blogs.correiobraziliense.com.br\/aricunha\/wp-content\/uploads\/sites\/13\/2019\/05\/fcpzzb_abr_10051915508-8719620-550x366.jpg 550w, https:\/\/blogs.correiobraziliense.com.br\/aricunha\/wp-content\/uploads\/sites\/13\/2019\/05\/fcpzzb_abr_10051915508-8719620-230x153.jpg 230w\" sizes=\"auto, (max-width: 551px) 100vw, 551px\" \/><figcaption id=\"caption-attachment-14079\" class=\"wp-caption-text\">Foto: F\u00e1bio Rodrigues Pozzebom\/Ag\u00eancia Brasil\/Jc &#8211; Jornal Do Com\u00e9rcio<\/figcaption><\/figure>\n<p>&nbsp;<\/p>\n<p>&nbsp;<\/p>\n<p><strong>Ecosoci\u00f3logo<\/strong><\/p>\n<p>Sem se intimidar com a pot\u00eancia da comunica\u00e7\u00e3o digital, Eug\u00eanio Giovenardi tem um excelente blog intitulado \u201cO Observador\u201d. Assista uma entrevista, dada ao Correio Braziliense no Projeto Pioneiro, com o ecosoci\u00f3logo a seguir.<\/p>\n<p>https:\/\/www.youtube.com\/watch?v=x88vbbcUGVU<\/p>\n<p>&nbsp;<\/p>\n<p>&nbsp;<\/p>\n<p><strong>HIST\u00d3RIA DE BRAS\u00cdLIA<\/strong><\/p>\n<p>Foi proibida a pesca no Lago, mas ningu\u00e9m se lembrou de prender os ca\u00e7adores que espantaram as gar\u00e7as que enfeitavam as margens, e o p\u00e2ntano do Jardim Zool\u00f3gico. <strong>(Publicado em 19.11.1961)<\/strong><\/p>\n","protected":false},"excerpt":{"rendered":"<p>VISTO, LIDO E OUVIDO Criada por Ari Cunha (In memoriam) Desde 1960 Com Circe Cunha e Mamfil jornalistacircecunha@gmail.com Facebook.com\/vistolidoeouvido Instagram.com\/vistolidoeouvido &nbsp; Ficasse firmado na Constitui\u00e7\u00e3o, logo em seu pre\u00e2mbulo, que todos os recursos p\u00fablicos, emanados da for\u00e7a de trabalho do povo brasileiro, por se tratar de riquezas de alta relev\u00e2ncia capaz de garantir a vida e o futuro da popula\u00e7\u00e3o, [&hellip;]<\/p>\n","protected":false},"author":34,"featured_media":14082,"comment_status":"open","ping_status":"open","sticky":false,"template":"","format":"standard","meta":{"footnotes":""},"categories":[23],"tags":[114,68,2,69,16],"class_list":["post-14078","post","type-post","status-publish","format-standard","has-post-thumbnail","hentry","category-integra","tag-historiadebrasilia","tag-aricunha","tag-brasilia","tag-circecunha","tag-mamfil"],"_links":{"self":[{"href":"https:\/\/blogs.correiobraziliense.com.br\/aricunha\/wp-json\/wp\/v2\/posts\/14078","targetHints":{"allow":["GET"]}}],"collection":[{"href":"https:\/\/blogs.correiobraziliense.com.br\/aricunha\/wp-json\/wp\/v2\/posts"}],"about":[{"href":"https:\/\/blogs.correiobraziliense.com.br\/aricunha\/wp-json\/wp\/v2\/types\/post"}],"author":[{"embeddable":true,"href":"https:\/\/blogs.correiobraziliense.com.br\/aricunha\/wp-json\/wp\/v2\/users\/34"}],"replies":[{"embeddable":true,"href":"https:\/\/blogs.correiobraziliense.com.br\/aricunha\/wp-json\/wp\/v2\/comments?post=14078"}],"version-history":[{"count":3,"href":"https:\/\/blogs.correiobraziliense.com.br\/aricunha\/wp-json\/wp\/v2\/posts\/14078\/revisions"}],"predecessor-version":[{"id":14085,"href":"https:\/\/blogs.correiobraziliense.com.br\/aricunha\/wp-json\/wp\/v2\/posts\/14078\/revisions\/14085"}],"wp:featuredmedia":[{"embeddable":true,"href":"https:\/\/blogs.correiobraziliense.com.br\/aricunha\/wp-json\/wp\/v2\/media\/14082"}],"wp:attachment":[{"href":"https:\/\/blogs.correiobraziliense.com.br\/aricunha\/wp-json\/wp\/v2\/media?parent=14078"}],"wp:term":[{"taxonomy":"category","embeddable":true,"href":"https:\/\/blogs.correiobraziliense.com.br\/aricunha\/wp-json\/wp\/v2\/categories?post=14078"},{"taxonomy":"post_tag","embeddable":true,"href":"https:\/\/blogs.correiobraziliense.com.br\/aricunha\/wp-json\/wp\/v2\/tags?post=14078"}],"curies":[{"name":"wp","href":"https:\/\/api.w.org\/{rel}","templated":true}]}}