{"id":13980,"date":"2019-05-04T01:00:54","date_gmt":"2019-05-04T04:00:54","guid":{"rendered":"https:\/\/blogs.correiobraziliense.com.br\/aricunha\/?p=13980"},"modified":"2019-05-04T14:18:17","modified_gmt":"2019-05-04T17:18:17","slug":"uma-possivel-escalada-da-guerra-na-venezuela-ajudaria-o-ditador-e-seu-grupo","status":"publish","type":"post","link":"https:\/\/blogs.correiobraziliense.com.br\/aricunha\/uma-possivel-escalada-da-guerra-na-venezuela-ajudaria-o-ditador-e-seu-grupo\/","title":{"rendered":"Uma poss\u00edvel escalada da guerra na Venezuela ajudaria o ditador e seu grupo"},"content":{"rendered":"<p>VISTO, LIDO E OUVIDO Criada por Ari Cunha (In memoriam)<\/p>\n<p>Desde 1960 Com Circe Cunha e Mamfil<\/p>\n<p>jornalistacircecunha@gmail.com<\/p>\n<p>Facebook.com\/vistolidoeouvido<\/p>\n<p>Instagram.com\/vistolidoeouvido<\/p>\n<p>&nbsp;<\/p>\n<figure id=\"attachment_13982\" aria-describedby=\"caption-attachment-13982\" style=\"width: 694px\" class=\"wp-caption aligncenter\"><img loading=\"lazy\" decoding=\"async\" class=\"wp-image-13982 \" src=\"https:\/\/blogs.correiobraziliense.com.br\/aricunha\/wp-content\/uploads\/sites\/13\/2019\/05\/WhatsApp-Image-2019-05-03-at-18.06.13-1-e1556927519748.jpeg\" alt=\"\" width=\"694\" height=\"462\" srcset=\"https:\/\/blogs.correiobraziliense.com.br\/aricunha\/wp-content\/uploads\/sites\/13\/2019\/05\/WhatsApp-Image-2019-05-03-at-18.06.13-1-e1556927519748.jpeg 1080w, https:\/\/blogs.correiobraziliense.com.br\/aricunha\/wp-content\/uploads\/sites\/13\/2019\/05\/WhatsApp-Image-2019-05-03-at-18.06.13-1-e1556927519748-300x199.jpeg 300w, https:\/\/blogs.correiobraziliense.com.br\/aricunha\/wp-content\/uploads\/sites\/13\/2019\/05\/WhatsApp-Image-2019-05-03-at-18.06.13-1-e1556927519748-768x511.jpeg 768w, https:\/\/blogs.correiobraziliense.com.br\/aricunha\/wp-content\/uploads\/sites\/13\/2019\/05\/WhatsApp-Image-2019-05-03-at-18.06.13-1-e1556927519748-1024x681.jpeg 1024w, https:\/\/blogs.correiobraziliense.com.br\/aricunha\/wp-content\/uploads\/sites\/13\/2019\/05\/WhatsApp-Image-2019-05-03-at-18.06.13-1-e1556927519748-350x233.jpeg 350w, https:\/\/blogs.correiobraziliense.com.br\/aricunha\/wp-content\/uploads\/sites\/13\/2019\/05\/WhatsApp-Image-2019-05-03-at-18.06.13-1-e1556927519748-550x366.jpeg 550w, https:\/\/blogs.correiobraziliense.com.br\/aricunha\/wp-content\/uploads\/sites\/13\/2019\/05\/WhatsApp-Image-2019-05-03-at-18.06.13-1-e1556927519748-230x153.jpeg 230w\" sizes=\"auto, (max-width: 694px) 100vw, 694px\" \/><figcaption id=\"caption-attachment-13982\" class=\"wp-caption-text\">Foto: Divulga\u00e7\u00e3o\/ Minist\u00e9rio Defesa da Venezuela<\/figcaption><\/figure>\n<p>&nbsp;<\/p>\n<p>Especialistas em quest\u00f5es estrat\u00e9gicas militares v\u00eam alertando para o perigo de uma escalada do conflito entre as superpot\u00eancias nucleares. O novo palco de guerra, dessa vez, seria em plena Am\u00e9rica Latina e teria a Venezuela como pano de fundo, tanto para a exibi\u00e7\u00e3o do novo poderio b\u00e9lico da R\u00fassia, China e dos Estados Unidos, como para o reposicionamento t\u00e1tico dessas pot\u00eancias militares no mundo nesse in\u00edcio do s\u00e9culo XXI.<\/p>\n<p>Para esses estudiosos das movimenta\u00e7\u00f5es no imenso tabuleiro mundial das for\u00e7as de guerra, o novo teatro de opera\u00e7\u00f5es, representado dessa vez por uma Venezuela decadente e carcomida pela corrup\u00e7\u00e3o, garantiria a presen\u00e7a efetiva da China e principalmente da R\u00fassia em nosso continente, mesmo desconsiderando fatores como dist\u00e2ncia geogr\u00e1fica e de que a Am\u00e9rica Latina \u00e9, por sua posi\u00e7\u00e3o no mapa, uma \u00e1rea de n\u00edtida influ\u00eancia norte americana h\u00e1 s\u00e9culos.<\/p>\n<p>A transfer\u00eancia de homens e equipamentos de guerra sofisticados, tanto russos como chineses para a Venezuela, demonstraria, na pr\u00e1tica, que j\u00e1 estar\u00edamos em pleno per\u00edodo de prepara\u00e7\u00e3o para os conflitos. Obviamente que, em situa\u00e7\u00f5es tensas como essa, as poderosas ind\u00fastrias de armamentos estariam comemorando o incremento nas vendas. De fato, desde os atentados de 2001 contra as Torres G\u00eameas, os Estados Unidos v\u00eam intensificando seu poderio militar e, com a elei\u00e7\u00e3o de Trump, essa estrat\u00e9gia ganhou ainda mais f\u00f4lego.<\/p>\n<p>\u00c0 essas a\u00e7\u00f5es, correspondem rea\u00e7\u00f5es id\u00eanticas da China e da R\u00fassia que tamb\u00e9m t\u00eam investido pesado em equipamentos de guerra. Segundo dados do Instituto Internacional de Estocolmo para a Pesquisa da Paz (SIPRI), Pequim e Washington somam, de forma in\u00e9dita, mais da metade dos investimentos globais em Defesa. Com isso, a velha doutrina da \u201cAm\u00e9rica para os americanos\u201d, sintetizada na chamada Doutrina Moroe de 1823, parece que vai perdendo o sentido, pelo menos aparentemente.<\/p>\n<p>Por detr\u00e1s desse novo polo de tens\u00e3o, aparece a quest\u00e3o do petr\u00f3leo, uma vez que estudos t\u00eam apontado que a Venezuela possui hoje a maior reserva mundial de petr\u00f3leo de boa qualidade sob seu territ\u00f3rio. Na verdade, se \u00e9 que se pode falar em verdades no caso de guerras, um conflito nessa regi\u00e3o interessa n\u00e3o s\u00f3 aos fabricantes de armamentos e ao reposicionamento de for\u00e7as no globo, mas, principalmente, ao atual presidente da Venezuela e seu grupo imediato de apoio, formado por militares com implica\u00e7\u00f5es ser\u00edssimas no narcotr\u00e1fico e outros epis\u00f3dios criminosos.<\/p>\n<p>De fato, o governo Maduro j\u00e1 teria reconhecido ser imposs\u00edvel a sua administra\u00e7\u00e3o, reverter o caos em que se transformou a Venezuela sob o regime do bolivarianismo. Nesse caso, um conflito em larga escala nesse pa\u00eds serviria como um \u00e1libi a esse ditador para escapar desse inferno criado por ele com colabora\u00e7\u00e3o dos governos petistas do Brasil. Ao Brasil, nesse conflito de Tit\u00e3s, cabe apenas receber as consequ\u00eancias nefastas de uma poss\u00edvel guerra, acolhendo refugiados e redobrando a seguran\u00e7a nas fronteiras naquela \u00e1rea.<\/p>\n<p>&nbsp;<\/p>\n<p>&nbsp;<\/p>\n<p>&nbsp;<\/p>\n<p><strong>A frase que foi pronunciada:<\/strong><\/p>\n<p><em>\u201cUm povo ignorante \u00e9 instrumento cego de sua destrui\u00e7\u00e3o.\u201d<\/em><\/p>\n<p>Sim\u00f3n Bol\u00edvar<\/p>\n<figure id=\"attachment_13989\" aria-describedby=\"caption-attachment-13989\" style=\"width: 449px\" class=\"wp-caption aligncenter\"><img loading=\"lazy\" decoding=\"async\" class=\" wp-image-13989\" src=\"https:\/\/blogs.correiobraziliense.com.br\/aricunha\/wp-content\/uploads\/sites\/13\/2019\/05\/WhatsApp-Image-2019-05-03-at-17.39.44-1.jpeg\" alt=\"\" width=\"449\" height=\"567\" srcset=\"https:\/\/blogs.correiobraziliense.com.br\/aricunha\/wp-content\/uploads\/sites\/13\/2019\/05\/WhatsApp-Image-2019-05-03-at-17.39.44-1.jpeg 1014w, https:\/\/blogs.correiobraziliense.com.br\/aricunha\/wp-content\/uploads\/sites\/13\/2019\/05\/WhatsApp-Image-2019-05-03-at-17.39.44-1-238x300.jpeg 238w, https:\/\/blogs.correiobraziliense.com.br\/aricunha\/wp-content\/uploads\/sites\/13\/2019\/05\/WhatsApp-Image-2019-05-03-at-17.39.44-1-768x969.jpeg 768w, https:\/\/blogs.correiobraziliense.com.br\/aricunha\/wp-content\/uploads\/sites\/13\/2019\/05\/WhatsApp-Image-2019-05-03-at-17.39.44-1-811x1024.jpeg 811w, https:\/\/blogs.correiobraziliense.com.br\/aricunha\/wp-content\/uploads\/sites\/13\/2019\/05\/WhatsApp-Image-2019-05-03-at-17.39.44-1-277x350.jpeg 277w, https:\/\/blogs.correiobraziliense.com.br\/aricunha\/wp-content\/uploads\/sites\/13\/2019\/05\/WhatsApp-Image-2019-05-03-at-17.39.44-1-550x694.jpeg 550w, https:\/\/blogs.correiobraziliense.com.br\/aricunha\/wp-content\/uploads\/sites\/13\/2019\/05\/WhatsApp-Image-2019-05-03-at-17.39.44-1-230x290.jpeg 230w\" sizes=\"auto, (max-width: 449px) 100vw, 449px\" \/><figcaption id=\"caption-attachment-13989\" class=\"wp-caption-text\">Imagem: britannica.com<\/figcaption><\/figure>\n<p>&nbsp;<\/p>\n<p>&nbsp;<\/p>\n<p><strong>Segredo<\/strong><\/p>\n<p>Dia 7 de maio, o concerto da Orquestra do Teatro Nacional Claudio Santoro vai abrigar uma raridade feita pelo nosso famoso fagotista e luthier Hary Schweizer. Ele prometeu, em 2018, durante o II Encontro da ABPD, em S\u00e3o Paulo, e cumpriu. O fagote verde est\u00e1 pronto. Veja a foto a seguir.<\/p>\n<p><img loading=\"lazy\" decoding=\"async\" class=\" wp-image-13987 aligncenter\" src=\"https:\/\/blogs.correiobraziliense.com.br\/aricunha\/wp-content\/uploads\/sites\/13\/2019\/05\/WhatsApp-Image-2019-05-03-at-17.41.25-1.jpeg\" alt=\"\" width=\"547\" height=\"411\" srcset=\"https:\/\/blogs.correiobraziliense.com.br\/aricunha\/wp-content\/uploads\/sites\/13\/2019\/05\/WhatsApp-Image-2019-05-03-at-17.41.25-1.jpeg 1000w, https:\/\/blogs.correiobraziliense.com.br\/aricunha\/wp-content\/uploads\/sites\/13\/2019\/05\/WhatsApp-Image-2019-05-03-at-17.41.25-1-300x225.jpeg 300w, https:\/\/blogs.correiobraziliense.com.br\/aricunha\/wp-content\/uploads\/sites\/13\/2019\/05\/WhatsApp-Image-2019-05-03-at-17.41.25-1-768x576.jpeg 768w, https:\/\/blogs.correiobraziliense.com.br\/aricunha\/wp-content\/uploads\/sites\/13\/2019\/05\/WhatsApp-Image-2019-05-03-at-17.41.25-1-350x263.jpeg 350w, https:\/\/blogs.correiobraziliense.com.br\/aricunha\/wp-content\/uploads\/sites\/13\/2019\/05\/WhatsApp-Image-2019-05-03-at-17.41.25-1-550x413.jpeg 550w, https:\/\/blogs.correiobraziliense.com.br\/aricunha\/wp-content\/uploads\/sites\/13\/2019\/05\/WhatsApp-Image-2019-05-03-at-17.41.25-1-230x173.jpeg 230w\" sizes=\"auto, (max-width: 547px) 100vw, 547px\" \/><\/p>\n<figure id=\"attachment_13988\" aria-describedby=\"caption-attachment-13988\" style=\"width: 549px\" class=\"wp-caption aligncenter\"><img loading=\"lazy\" decoding=\"async\" class=\" wp-image-13988\" src=\"https:\/\/blogs.correiobraziliense.com.br\/aricunha\/wp-content\/uploads\/sites\/13\/2019\/05\/WhatsApp-Image-2019-05-03-at-18.42.59-1.jpeg\" alt=\"\" width=\"549\" height=\"309\" srcset=\"https:\/\/blogs.correiobraziliense.com.br\/aricunha\/wp-content\/uploads\/sites\/13\/2019\/05\/WhatsApp-Image-2019-05-03-at-18.42.59-1.jpeg 1280w, https:\/\/blogs.correiobraziliense.com.br\/aricunha\/wp-content\/uploads\/sites\/13\/2019\/05\/WhatsApp-Image-2019-05-03-at-18.42.59-1-300x169.jpeg 300w, https:\/\/blogs.correiobraziliense.com.br\/aricunha\/wp-content\/uploads\/sites\/13\/2019\/05\/WhatsApp-Image-2019-05-03-at-18.42.59-1-768x432.jpeg 768w, https:\/\/blogs.correiobraziliense.com.br\/aricunha\/wp-content\/uploads\/sites\/13\/2019\/05\/WhatsApp-Image-2019-05-03-at-18.42.59-1-1024x576.jpeg 1024w, https:\/\/blogs.correiobraziliense.com.br\/aricunha\/wp-content\/uploads\/sites\/13\/2019\/05\/WhatsApp-Image-2019-05-03-at-18.42.59-1-350x197.jpeg 350w, https:\/\/blogs.correiobraziliense.com.br\/aricunha\/wp-content\/uploads\/sites\/13\/2019\/05\/WhatsApp-Image-2019-05-03-at-18.42.59-1-550x309.jpeg 550w, https:\/\/blogs.correiobraziliense.com.br\/aricunha\/wp-content\/uploads\/sites\/13\/2019\/05\/WhatsApp-Image-2019-05-03-at-18.42.59-1-230x129.jpeg 230w\" sizes=\"auto, (max-width: 549px) 100vw, 549px\" \/><figcaption id=\"caption-attachment-13988\" class=\"wp-caption-text\">Foto: H\u00e9lio Bianchini<br \/>Arte: F\u00e1bio Szabluk<\/figcaption><\/figure>\n<p>&nbsp;<\/p>\n<p>&nbsp;<\/p>\n<p><strong>Golpe<\/strong><\/p>\n<p>Conhecido como Boa Noite Cinderela, o golpe \u00e9 o terror dos pais que liberam os filhos e filhas para festas. Paula Ottoni, trabalha na campanha que divulga um projeto com o objetivo de ajudar. Trata-se de um adesivo que pode ser colocado na unha. Se tocar em bebida alterada, muda de cor imediatamente. O adesivo vai ser vendido. \u00c9 um produto open souce, o que permite que repliquem para vender tamb\u00e9m.<\/p>\n<p><iframe loading=\"lazy\" title=\"Desperta | Detecta na hora o golpe da bebida adulterada\" width=\"1440\" height=\"810\" src=\"https:\/\/www.youtube.com\/embed\/UibcYo68Gls?feature=oembed\" frameborder=\"0\" allow=\"accelerometer; autoplay; clipboard-write; encrypted-media; gyroscope; picture-in-picture; web-share\" referrerpolicy=\"strict-origin-when-cross-origin\" allowfullscreen><\/iframe><\/p>\n<p>&nbsp;<\/p>\n<p><strong>\u00a0<\/strong><\/p>\n<p><strong>Cultura<\/strong><\/p>\n<p>Admitido o projeto do deputado distrital Eduardo Pedrosa que pro\u00edbe o descarte de aves nos estabelecimentos av\u00edcolas, por meio de tritura\u00e7\u00e3o, sufocamento ou qualquer outro meio cruel de abate. O texto segue para o plen\u00e1rio da C\u00e2mara. Segundo Pedrosa, em abril do ano passado, uma \u00fanica empresa, a BRF, das marcas Sadia e Perdig\u00e3o, sacrificou mais de 40 milh\u00f5es de pintinhos queimados ou triturados. Os filhotes machos s\u00e3o eliminados por n\u00e3o produzirem ovos.<\/p>\n<figure id=\"attachment_13986\" aria-describedby=\"caption-attachment-13986\" style=\"width: 551px\" class=\"wp-caption aligncenter\"><img loading=\"lazy\" decoding=\"async\" class=\" wp-image-13986\" src=\"https:\/\/blogs.correiobraziliense.com.br\/aricunha\/wp-content\/uploads\/sites\/13\/2019\/05\/WhatsApp-Image-2019-05-03-at-17.50.20-1.jpeg\" alt=\"\" width=\"551\" height=\"367\" srcset=\"https:\/\/blogs.correiobraziliense.com.br\/aricunha\/wp-content\/uploads\/sites\/13\/2019\/05\/WhatsApp-Image-2019-05-03-at-17.50.20-1.jpeg 1280w, https:\/\/blogs.correiobraziliense.com.br\/aricunha\/wp-content\/uploads\/sites\/13\/2019\/05\/WhatsApp-Image-2019-05-03-at-17.50.20-1-300x200.jpeg 300w, https:\/\/blogs.correiobraziliense.com.br\/aricunha\/wp-content\/uploads\/sites\/13\/2019\/05\/WhatsApp-Image-2019-05-03-at-17.50.20-1-768x512.jpeg 768w, https:\/\/blogs.correiobraziliense.com.br\/aricunha\/wp-content\/uploads\/sites\/13\/2019\/05\/WhatsApp-Image-2019-05-03-at-17.50.20-1-1024x682.jpeg 1024w, https:\/\/blogs.correiobraziliense.com.br\/aricunha\/wp-content\/uploads\/sites\/13\/2019\/05\/WhatsApp-Image-2019-05-03-at-17.50.20-1-350x233.jpeg 350w, https:\/\/blogs.correiobraziliense.com.br\/aricunha\/wp-content\/uploads\/sites\/13\/2019\/05\/WhatsApp-Image-2019-05-03-at-17.50.20-1-550x367.jpeg 550w, https:\/\/blogs.correiobraziliense.com.br\/aricunha\/wp-content\/uploads\/sites\/13\/2019\/05\/WhatsApp-Image-2019-05-03-at-17.50.20-1-230x153.jpeg 230w\" sizes=\"auto, (max-width: 551px) 100vw, 551px\" \/><figcaption id=\"caption-attachment-13986\" class=\"wp-caption-text\">Foto: cl.df.gov.br<\/figcaption><\/figure>\n<p>&nbsp;<\/p>\n<p>&nbsp;<\/p>\n<p><strong>Curiosidade<\/strong><\/p>\n<p>Parece que nossos abatedouros n\u00e3o atendem as exig\u00eancias da Ar\u00e1bia Saudita, primeiro comprador de frangos do Brasil. &#8220;O meu trabalho \u00e9 um trabalho religioso. N\u00f3s, sangradores isl\u00e2micos, matamos o frango e mencionamos o nome de Allah, o nome de Deus. \u2018Bismilah, Allaho Akbar\u2019, significa \u2018em nome de Deus, Deus \u00e9 grandioso\u2019&#8221;, explica Mourad el Moutaqi, em entrevista ao Globo Rural. Outra exig\u00eancia \u00e9 que, na hora da sangria, os frangos estejam com o peito virado para a Meca, na Ar\u00e1bia Saudita, a cidade sagrada dos mu\u00e7ulmanos.<\/p>\n<figure id=\"attachment_13985\" aria-describedby=\"caption-attachment-13985\" style=\"width: 546px\" class=\"wp-caption aligncenter\"><img loading=\"lazy\" decoding=\"async\" class=\" wp-image-13985\" src=\"https:\/\/blogs.correiobraziliense.com.br\/aricunha\/wp-content\/uploads\/sites\/13\/2019\/05\/WhatsApp-Image-2019-05-03-at-18.00.39-1.jpeg\" alt=\"\" width=\"546\" height=\"360\" srcset=\"https:\/\/blogs.correiobraziliense.com.br\/aricunha\/wp-content\/uploads\/sites\/13\/2019\/05\/WhatsApp-Image-2019-05-03-at-18.00.39-1.jpeg 1080w, https:\/\/blogs.correiobraziliense.com.br\/aricunha\/wp-content\/uploads\/sites\/13\/2019\/05\/WhatsApp-Image-2019-05-03-at-18.00.39-1-300x198.jpeg 300w, https:\/\/blogs.correiobraziliense.com.br\/aricunha\/wp-content\/uploads\/sites\/13\/2019\/05\/WhatsApp-Image-2019-05-03-at-18.00.39-1-768x506.jpeg 768w, https:\/\/blogs.correiobraziliense.com.br\/aricunha\/wp-content\/uploads\/sites\/13\/2019\/05\/WhatsApp-Image-2019-05-03-at-18.00.39-1-1024x674.jpeg 1024w, https:\/\/blogs.correiobraziliense.com.br\/aricunha\/wp-content\/uploads\/sites\/13\/2019\/05\/WhatsApp-Image-2019-05-03-at-18.00.39-1-350x230.jpeg 350w, https:\/\/blogs.correiobraziliense.com.br\/aricunha\/wp-content\/uploads\/sites\/13\/2019\/05\/WhatsApp-Image-2019-05-03-at-18.00.39-1-550x362.jpeg 550w, https:\/\/blogs.correiobraziliense.com.br\/aricunha\/wp-content\/uploads\/sites\/13\/2019\/05\/WhatsApp-Image-2019-05-03-at-18.00.39-1-230x151.jpeg 230w\" sizes=\"auto, (max-width: 546px) 100vw, 546px\" \/><figcaption id=\"caption-attachment-13985\" class=\"wp-caption-text\">Foto do Marcelo Min<\/figcaption><\/figure>\n<p>&nbsp;<\/p>\n<p>&nbsp;<\/p>\n<p><strong>Vale ir<\/strong><\/p>\n<p>Vai at\u00e9 domingo a feira de artesanatos \u201cA arte do encontro e outras artes\u201d. J\u00e1 \u00e9 a 41\u00aa edi\u00e7\u00e3o. Na QI 14, conj.8, casa 23 no Lago Norte. Arte, artesanato, Design e Gastronomia.<\/p>\n<p><img loading=\"lazy\" decoding=\"async\" class=\" wp-image-13984 aligncenter\" src=\"https:\/\/blogs.correiobraziliense.com.br\/aricunha\/wp-content\/uploads\/sites\/13\/2019\/05\/Capturar-3.jpg\" alt=\"\" width=\"547\" height=\"543\" srcset=\"https:\/\/blogs.correiobraziliense.com.br\/aricunha\/wp-content\/uploads\/sites\/13\/2019\/05\/Capturar-3.jpg 611w, https:\/\/blogs.correiobraziliense.com.br\/aricunha\/wp-content\/uploads\/sites\/13\/2019\/05\/Capturar-3-150x150.jpg 150w, https:\/\/blogs.correiobraziliense.com.br\/aricunha\/wp-content\/uploads\/sites\/13\/2019\/05\/Capturar-3-300x298.jpg 300w, https:\/\/blogs.correiobraziliense.com.br\/aricunha\/wp-content\/uploads\/sites\/13\/2019\/05\/Capturar-3-350x348.jpg 350w, https:\/\/blogs.correiobraziliense.com.br\/aricunha\/wp-content\/uploads\/sites\/13\/2019\/05\/Capturar-3-550x546.jpg 550w, https:\/\/blogs.correiobraziliense.com.br\/aricunha\/wp-content\/uploads\/sites\/13\/2019\/05\/Capturar-3-230x228.jpg 230w\" sizes=\"auto, (max-width: 547px) 100vw, 547px\" \/><\/p>\n<p>&nbsp;<\/p>\n<p>&nbsp;<\/p>\n<p><strong>HIST\u00d3RIA DE BRAS\u00cdLIA<\/strong><\/p>\n<p>Dois telefones que ningu\u00e9m consegue ouvir: Hospital distrital e Pal\u00e1cio Planalto. <strong>(Publicado em 19.10.1961)<\/strong><\/p>\n","protected":false},"excerpt":{"rendered":"<p>VISTO, LIDO E OUVIDO Criada por Ari Cunha (In memoriam) Desde 1960 Com Circe Cunha e Mamfil jornalistacircecunha@gmail.com Facebook.com\/vistolidoeouvido Instagram.com\/vistolidoeouvido &nbsp; &nbsp; Especialistas em quest\u00f5es estrat\u00e9gicas militares v\u00eam alertando para o perigo de uma escalada do conflito entre as superpot\u00eancias nucleares. O novo palco de guerra, dessa vez, seria em plena Am\u00e9rica Latina e teria a Venezuela como pano de [&hellip;]<\/p>\n","protected":false},"author":34,"featured_media":13982,"comment_status":"open","ping_status":"open","sticky":false,"template":"","format":"standard","meta":{"footnotes":""},"categories":[23],"tags":[1532,1540,114,1531,983,1539,982,68,2,69,16],"class_list":["post-13980","post","type-post","status-publish","format-standard","has-post-thumbnail","hentry","category-integra","tag-ditaduranavenezuela","tag-guerracivilnavenezuela","tag-historiadebrasilia","tag-juanguaido","tag-nicolasmaduro","tag-socialismonavenezuela","tag-venezuela","tag-aricunha","tag-brasilia","tag-circecunha","tag-mamfil"],"_links":{"self":[{"href":"https:\/\/blogs.correiobraziliense.com.br\/aricunha\/wp-json\/wp\/v2\/posts\/13980","targetHints":{"allow":["GET"]}}],"collection":[{"href":"https:\/\/blogs.correiobraziliense.com.br\/aricunha\/wp-json\/wp\/v2\/posts"}],"about":[{"href":"https:\/\/blogs.correiobraziliense.com.br\/aricunha\/wp-json\/wp\/v2\/types\/post"}],"author":[{"embeddable":true,"href":"https:\/\/blogs.correiobraziliense.com.br\/aricunha\/wp-json\/wp\/v2\/users\/34"}],"replies":[{"embeddable":true,"href":"https:\/\/blogs.correiobraziliense.com.br\/aricunha\/wp-json\/wp\/v2\/comments?post=13980"}],"version-history":[{"count":5,"href":"https:\/\/blogs.correiobraziliense.com.br\/aricunha\/wp-json\/wp\/v2\/posts\/13980\/revisions"}],"predecessor-version":[{"id":14002,"href":"https:\/\/blogs.correiobraziliense.com.br\/aricunha\/wp-json\/wp\/v2\/posts\/13980\/revisions\/14002"}],"wp:featuredmedia":[{"embeddable":true,"href":"https:\/\/blogs.correiobraziliense.com.br\/aricunha\/wp-json\/wp\/v2\/media\/13982"}],"wp:attachment":[{"href":"https:\/\/blogs.correiobraziliense.com.br\/aricunha\/wp-json\/wp\/v2\/media?parent=13980"}],"wp:term":[{"taxonomy":"category","embeddable":true,"href":"https:\/\/blogs.correiobraziliense.com.br\/aricunha\/wp-json\/wp\/v2\/categories?post=13980"},{"taxonomy":"post_tag","embeddable":true,"href":"https:\/\/blogs.correiobraziliense.com.br\/aricunha\/wp-json\/wp\/v2\/tags?post=13980"}],"curies":[{"name":"wp","href":"https:\/\/api.w.org\/{rel}","templated":true}]}}