{"id":13925,"date":"2019-04-25T01:00:13","date_gmt":"2019-04-25T04:00:13","guid":{"rendered":"https:\/\/blogs.correiobraziliense.com.br\/aricunha\/?p=13925"},"modified":"2019-04-24T18:26:54","modified_gmt":"2019-04-24T21:26:54","slug":"todos-sao-iguais-perante-a-lei","status":"publish","type":"post","link":"https:\/\/blogs.correiobraziliense.com.br\/aricunha\/todos-sao-iguais-perante-a-lei\/","title":{"rendered":"Todos s\u00e3o iguais perante \u00e0 lei?"},"content":{"rendered":"<p>VISTO, LIDO E OUVIDO Criada por Ari Cunha (In memoriam)<\/p>\n<p>Desde 1960 Com Circe Cunha e Mamfil<\/p>\n<p>jornalistacircecunha@gmail.com<\/p>\n<p>Facebook.com\/vistolidoeouvido<\/p>\n<p>Instagram.com\/vistolidoeouvido<\/p>\n<p>&nbsp;<\/p>\n<figure id=\"attachment_9643\" aria-describedby=\"caption-attachment-9643\" style=\"width: 673px\" class=\"wp-caption aligncenter\"><img loading=\"lazy\" decoding=\"async\" class=\" wp-image-9643\" src=\"https:\/\/blogs.correiobraziliense.com.br\/aricunha\/wp-content\/uploads\/sites\/13\/2018\/01\/xlula.jpg.pagespeed.ic_.YyUwgD7Dxb.jpg\" alt=\"\" width=\"673\" height=\"293\" srcset=\"https:\/\/blogs.correiobraziliense.com.br\/aricunha\/wp-content\/uploads\/sites\/13\/2018\/01\/xlula.jpg.pagespeed.ic_.YyUwgD7Dxb.jpg 1265w, https:\/\/blogs.correiobraziliense.com.br\/aricunha\/wp-content\/uploads\/sites\/13\/2018\/01\/xlula.jpg.pagespeed.ic_.YyUwgD7Dxb-300x130.jpg 300w, https:\/\/blogs.correiobraziliense.com.br\/aricunha\/wp-content\/uploads\/sites\/13\/2018\/01\/xlula.jpg.pagespeed.ic_.YyUwgD7Dxb-768x334.jpg 768w, https:\/\/blogs.correiobraziliense.com.br\/aricunha\/wp-content\/uploads\/sites\/13\/2018\/01\/xlula.jpg.pagespeed.ic_.YyUwgD7Dxb-1024x445.jpg 1024w, https:\/\/blogs.correiobraziliense.com.br\/aricunha\/wp-content\/uploads\/sites\/13\/2018\/01\/xlula.jpg.pagespeed.ic_.YyUwgD7Dxb-350x152.jpg 350w, https:\/\/blogs.correiobraziliense.com.br\/aricunha\/wp-content\/uploads\/sites\/13\/2018\/01\/xlula.jpg.pagespeed.ic_.YyUwgD7Dxb-550x239.jpg 550w, https:\/\/blogs.correiobraziliense.com.br\/aricunha\/wp-content\/uploads\/sites\/13\/2018\/01\/xlula.jpg.pagespeed.ic_.YyUwgD7Dxb-230x100.jpg 230w\" sizes=\"auto, (max-width: 673px) 100vw, 673px\" \/><figcaption id=\"caption-attachment-9643\" class=\"wp-caption-text\">Foto: O ex-presidente Luiz In\u00e1cio Lula da Silva &#8211; Givaldo Barbosa \/ Ag\u00eancia O Globo \/ 5-6-17\/ oglobo.globo.com<\/figcaption><\/figure>\n<p>&nbsp;<\/p>\n<p>Desde que foi encarcerado h\u00e1 um ano, n\u00e3o se conhece minimamente, at\u00e9 hoje, a origem dos vultosos recursos despendidos por Lula para bancar os car\u00edssimos escrit\u00f3rios de advocacia que lutam nos tribunais para livr\u00e1-lo das in\u00fameras condena\u00e7\u00f5es de que \u00e9 alvo nas diversas inst\u00e2ncias da justi\u00e7a. Muito antes de ser preso, sua banca estrelada j\u00e1 estava em campo, trabalhando diuturnamente com esse objetivo.<\/p>\n<p>Obviamente que esses altos valores, transformados em honor\u00e1rios advocat\u00edcios, s\u00e3o lan\u00e7ados no ambiente escuro e herm\u00e9tico do sigilo profissional, ficando bem longe da curiosidade da popula\u00e7\u00e3o e da imprensa. O que se cogita, conhecendo os pre\u00e7os cobrados desses escrit\u00f3rios exclusiv\u00edssimos, alguns com bandeirada come\u00e7ando na casa do milh\u00e3o, \u00e9 que n\u00e3o ser\u00e1 surpresa se o ex-presidente, ou algu\u00e9m em seu nome, j\u00e1 tenha desembolsado algumas dezenas de milh\u00f5es de reais.<\/p>\n<p>No meio jur\u00eddico, sabe-se que os honor\u00e1rios cobrados por advogados, principalmente aqueles que foram ministros das altas cortes e que trabalham nesses casos, variam de R$ 2 milh\u00f5es a R$ 10 milh\u00f5es, dependendo da complexidade de cada processo. O que \u00e9 fato \u00e9 que, fossem somados todos os bens do ex-presidente, seus rendimentos ou poss\u00edveis aplica\u00e7\u00f5es, o total n\u00e3o chegaria nem perto do que est\u00e1 sendo gasto com esses caus\u00eddicos de ouro.<\/p>\n<p>A hip\u00f3tese menos fantasiosa, dado o patrim\u00f4nio sabido de Lula, \u00e9 que essas bancas est\u00e3o trabalhando graciosamente em nome de algum ardor idealista ou pendor humanista. Todavia, em face de todo esse mist\u00e9rio atual, importa muito mais constatar que, pela atua\u00e7\u00e3o dessa banca famosa, os tribunais superiores, incluindo ai o pr\u00f3prio Supremo, tem, seguidas vezes, interrompido seus afazeres rotineiros, apenas para atender as demandas jur\u00eddicas dos defensores do ex-presidente.<\/p>\n<p>N\u00e3o passa um m\u00eas sequer que essas cortes n\u00e3o tenham feito alguma delibera\u00e7\u00e3o sobre os in\u00fameros rolos do ex-presidente que tramitam na justi\u00e7a. O que tamb\u00e9m \u00e9 fato \u00e9 que, em tempo algum, essas importantes inst\u00e2ncias, que por suas elevadas fun\u00e7\u00f5es, num pa\u00eds com tantos problemas e em meio a crises profundas, jamais se ocuparam por tanto tempo em julgamentos e decis\u00f5es envolvendo um \u00fanico personagem. O que um observador ocasional pode constatar, diante desses acontecimentos cont\u00ednuos, \u00e9 que fica muito dif\u00edcil, para n\u00e3o dizer imposs\u00edvel, acreditar que todos os brasileiros s\u00e3o iguais perante a lei, conforme reza o Art. 5\u00ba da Carta da Rep\u00fablica.<\/p>\n<p>Quando se verifica o empenho persistente em atendimento a pleito de um \u00fanico cidad\u00e3o, a quem se imputa n\u00e3o crimes pol\u00edticos, mas crimes comuns como corrup\u00e7\u00e3o passiva e lavagem de dinheiro e, sabendo-se que muitos outros processos de igual teor est\u00e3o por vir na sequ\u00eancia, o cidad\u00e3o comum, como diria o jurista Rui Barbosa, \u201cchega a desanimar-se da virtude, a rir-se da honra e a ter vergonha de ser honesto.\u201d E o que \u00e9 pior: desconfiar na a\u00e7\u00e3o e isen\u00e7\u00e3o da pr\u00f3pria justi\u00e7a e dessa pretensa igualdade.<\/p>\n<p>&nbsp;<\/p>\n<p>&nbsp;<\/p>\n<p>&nbsp;<\/p>\n<p><strong>A frase n\u00e3o que pronunciada:<\/strong><\/p>\n<p><em>\u201cAlegoria da equidade n\u00e3o tem nada a ver com escola de samba nem com o Joquey Club!\u201d <\/em><\/p>\n<p>Conversa entre risos na porta da faculdade<\/p>\n<p>&nbsp;<\/p>\n<p>&nbsp;<\/p>\n<p><strong>\u00a0<\/strong><\/p>\n<p><strong>Compet\u00eancia<\/strong><\/p>\n<p>Professor Dr. Rodrigo More \u00e9 o candidato do Brasil no Tribunal do Mar. O \u00f3rg\u00e3o jurisdicional \u00e9 contemplado pelo Direito Internacional. Trata dos mecanismos para solu\u00e7\u00e3o de controv\u00e9rsias mar\u00edtimas. Foi a Conven\u00e7\u00e3o de Montego Bay que estabeleceu a independ\u00eancia da entidade. O Brasil estar\u00e1 muito bem representado se conquistar a cadeira que pleiteia.<\/p>\n<p><img loading=\"lazy\" decoding=\"async\" class=\" wp-image-13926 aligncenter\" src=\"https:\/\/blogs.correiobraziliense.com.br\/aricunha\/wp-content\/uploads\/sites\/13\/2019\/04\/WhatsApp-Image-2019-04-24-at-15.22.12-1-e1556140276955.jpeg\" alt=\"\" width=\"447\" height=\"634\" srcset=\"https:\/\/blogs.correiobraziliense.com.br\/aricunha\/wp-content\/uploads\/sites\/13\/2019\/04\/WhatsApp-Image-2019-04-24-at-15.22.12-1-e1556140276955.jpeg 681w, https:\/\/blogs.correiobraziliense.com.br\/aricunha\/wp-content\/uploads\/sites\/13\/2019\/04\/WhatsApp-Image-2019-04-24-at-15.22.12-1-e1556140276955-211x300.jpeg 211w, https:\/\/blogs.correiobraziliense.com.br\/aricunha\/wp-content\/uploads\/sites\/13\/2019\/04\/WhatsApp-Image-2019-04-24-at-15.22.12-1-e1556140276955-247x350.jpeg 247w, https:\/\/blogs.correiobraziliense.com.br\/aricunha\/wp-content\/uploads\/sites\/13\/2019\/04\/WhatsApp-Image-2019-04-24-at-15.22.12-1-e1556140276955-550x780.jpeg 550w, https:\/\/blogs.correiobraziliense.com.br\/aricunha\/wp-content\/uploads\/sites\/13\/2019\/04\/WhatsApp-Image-2019-04-24-at-15.22.12-1-e1556140276955-230x326.jpeg 230w\" sizes=\"auto, (max-width: 447px) 100vw, 447px\" \/><\/p>\n<p>&nbsp;<\/p>\n<p>&nbsp;<\/p>\n<p><strong>Novidade<\/strong><\/p>\n<p>Vejam a seguir tudo sobre o Fashion Revolution Natal, movimento global que aconteceu no audit\u00f3rio do Sebrae, o maior apoiador.<\/p>\n<p>Leia mais em:\u00a0<a href=\"http:\/\/www.rn.agenciasebrae.com.br\/sites\/asn\/uf\/RN\/sebrae-apoia-e-abraca-a-causa-do-fashion-revolution-natal,eaf525981b13a610VgnVCM1000004c00210aRCRD#prettyPhoto\">Sebrae apoia e abra\u00e7a a causa do Fashion Revolution Natal<\/a><\/p>\n<p><img loading=\"lazy\" decoding=\"async\" class=\" wp-image-13927 aligncenter\" src=\"https:\/\/blogs.correiobraziliense.com.br\/aricunha\/wp-content\/uploads\/sites\/13\/2019\/04\/Capturar-13.jpg\" alt=\"\" width=\"549\" height=\"365\" srcset=\"https:\/\/blogs.correiobraziliense.com.br\/aricunha\/wp-content\/uploads\/sites\/13\/2019\/04\/Capturar-13.jpg 618w, https:\/\/blogs.correiobraziliense.com.br\/aricunha\/wp-content\/uploads\/sites\/13\/2019\/04\/Capturar-13-300x200.jpg 300w, https:\/\/blogs.correiobraziliense.com.br\/aricunha\/wp-content\/uploads\/sites\/13\/2019\/04\/Capturar-13-350x233.jpg 350w, https:\/\/blogs.correiobraziliense.com.br\/aricunha\/wp-content\/uploads\/sites\/13\/2019\/04\/Capturar-13-550x366.jpg 550w, https:\/\/blogs.correiobraziliense.com.br\/aricunha\/wp-content\/uploads\/sites\/13\/2019\/04\/Capturar-13-230x153.jpg 230w\" sizes=\"auto, (max-width: 549px) 100vw, 549px\" \/><\/p>\n<p>&nbsp;<\/p>\n<p>&nbsp;<\/p>\n<p><strong>Redome<\/strong><\/p>\n<p>Registro Nacional de Doadores de Medula \u00d3ssea tem um banco de dados nacional. \u00c9 preciso que os doadores mantenham o cadastro atualizado. Hoje o n\u00famero de doadores ultrapassa 5 milh\u00f5es de pessoas.<\/p>\n<figure id=\"attachment_13929\" aria-describedby=\"caption-attachment-13929\" style=\"width: 677px\" class=\"wp-caption aligncenter\"><img loading=\"lazy\" decoding=\"async\" class=\" wp-image-13929\" src=\"https:\/\/blogs.correiobraziliense.com.br\/aricunha\/wp-content\/uploads\/sites\/13\/2019\/04\/Capturar-14.jpg\" alt=\"\" width=\"677\" height=\"193\" srcset=\"https:\/\/blogs.correiobraziliense.com.br\/aricunha\/wp-content\/uploads\/sites\/13\/2019\/04\/Capturar-14.jpg 983w, https:\/\/blogs.correiobraziliense.com.br\/aricunha\/wp-content\/uploads\/sites\/13\/2019\/04\/Capturar-14-300x85.jpg 300w, https:\/\/blogs.correiobraziliense.com.br\/aricunha\/wp-content\/uploads\/sites\/13\/2019\/04\/Capturar-14-768x219.jpg 768w, https:\/\/blogs.correiobraziliense.com.br\/aricunha\/wp-content\/uploads\/sites\/13\/2019\/04\/Capturar-14-350x100.jpg 350w, https:\/\/blogs.correiobraziliense.com.br\/aricunha\/wp-content\/uploads\/sites\/13\/2019\/04\/Capturar-14-550x157.jpg 550w, https:\/\/blogs.correiobraziliense.com.br\/aricunha\/wp-content\/uploads\/sites\/13\/2019\/04\/Capturar-14-230x66.jpg 230w\" sizes=\"auto, (max-width: 677px) 100vw, 677px\" \/><figcaption id=\"caption-attachment-13929\" class=\"wp-caption-text\">Foto: redome.inca.gov.br\/<\/figcaption><\/figure>\n<p>&nbsp;<\/p>\n<p>&nbsp;<\/p>\n<p><strong>Guar\u00e1<\/strong><\/p>\n<p>A banca da Alice, na feira do Guar\u00e1, e banca Doce de Arax\u00e1 s\u00e3o os \u00fanicos lugares da redondeza onde se encontram pastel sem gl\u00faten ao queijo da Serra da Canastra. Produtos e atendimento continuam a fazer valer a pena a visita.<\/p>\n<p>&nbsp;<\/p>\n<p>&nbsp;<\/p>\n<p>&nbsp;<\/p>\n<p><strong>S\u00f3 alegria<\/strong><\/p>\n<p>Not\u00edcia boa. A aeroflap divulgou que o aeroporto de Bras\u00edlia \u00e9 o primeiro mais pontual do pa\u00eds.<\/p>\n<p><iframe loading=\"lazy\" title=\"Aeroporto de Bras\u00edlia :: 60 Anos\" width=\"1440\" height=\"810\" src=\"https:\/\/www.youtube.com\/embed\/kGDXhk5NUk0?feature=oembed\" frameborder=\"0\" allow=\"accelerometer; autoplay; clipboard-write; encrypted-media; gyroscope; picture-in-picture; web-share\" referrerpolicy=\"strict-origin-when-cross-origin\" allowfullscreen><\/iframe><\/p>\n<p>&nbsp;<\/p>\n<p>&nbsp;<\/p>\n<p><strong>Consumidor<\/strong><\/p>\n<p>Por falar em aeroporto, os passageiros da Avianca continuam na peleja. Voos cancelados e atendimento sofr\u00edvel deixam os consumidores que n\u00e3o v\u00e3o buscar a justi\u00e7a, no preju\u00edzo.<\/p>\n<figure id=\"attachment_13928\" aria-describedby=\"caption-attachment-13928\" style=\"width: 546px\" class=\"wp-caption aligncenter\"><img loading=\"lazy\" decoding=\"async\" class=\" wp-image-13928\" src=\"https:\/\/blogs.correiobraziliense.com.br\/aricunha\/wp-content\/uploads\/sites\/13\/2019\/04\/Capturar-1-7.jpg\" alt=\"\" width=\"546\" height=\"362\" srcset=\"https:\/\/blogs.correiobraziliense.com.br\/aricunha\/wp-content\/uploads\/sites\/13\/2019\/04\/Capturar-1-7.jpg 558w, https:\/\/blogs.correiobraziliense.com.br\/aricunha\/wp-content\/uploads\/sites\/13\/2019\/04\/Capturar-1-7-300x199.jpg 300w, https:\/\/blogs.correiobraziliense.com.br\/aricunha\/wp-content\/uploads\/sites\/13\/2019\/04\/Capturar-1-7-350x232.jpg 350w, https:\/\/blogs.correiobraziliense.com.br\/aricunha\/wp-content\/uploads\/sites\/13\/2019\/04\/Capturar-1-7-550x365.jpg 550w, https:\/\/blogs.correiobraziliense.com.br\/aricunha\/wp-content\/uploads\/sites\/13\/2019\/04\/Capturar-1-7-230x153.jpg 230w\" sizes=\"auto, (max-width: 546px) 100vw, 546px\" \/><figcaption id=\"caption-attachment-13928\" class=\"wp-caption-text\">Foto: Avianca\/Reprodu\u00e7\u00e3o<\/figcaption><\/figure>\n<p>&nbsp;<\/p>\n<p>&nbsp;<\/p>\n<p><strong>HIST\u00d3RIA DE BRAS\u00cdLIA<\/strong><\/p>\n<p>Ningu\u00e9m p\u00f5e em d\u00favida o alto gabarito dos engenheiros do DTUI. H\u00e1, entretanto, uma ressalva a fazer quanto \u00e0 conserva\u00e7\u00e3o de linhas, Hoje completa, exatamente, onze dias que o telefone 2-2902 est\u00e1 dando sinal de interrompido, sem que ningu\u00e9m chegue a uma conclus\u00e3o, apesar das reclama\u00e7\u00f5es di\u00e1rias. <strong>(Publicado em 18.11.1961)<\/strong><\/p>\n","protected":false},"excerpt":{"rendered":"<p>VISTO, LIDO E OUVIDO Criada por Ari Cunha (In memoriam) Desde 1960 Com Circe Cunha e Mamfil jornalistacircecunha@gmail.com Facebook.com\/vistolidoeouvido Instagram.com\/vistolidoeouvido &nbsp; &nbsp; Desde que foi encarcerado h\u00e1 um ano, n\u00e3o se conhece minimamente, at\u00e9 hoje, a origem dos vultosos recursos despendidos por Lula para bancar os car\u00edssimos escrit\u00f3rios de advocacia que lutam nos tribunais para livr\u00e1-lo das in\u00fameras condena\u00e7\u00f5es de [&hellip;]<\/p>\n","protected":false},"author":34,"featured_media":9643,"comment_status":"open","ping_status":"open","sticky":false,"template":"","format":"standard","meta":{"footnotes":""},"categories":[23],"tags":[114,1475,553,509,1516,68,2,69,16,65],"class_list":["post-13925","post","type-post","status-publish","format-standard","has-post-thumbnail","hentry","category-integra","tag-historiadebrasilia","tag-justicanobrasil","tag-lula","tag-oab","tag-sigilo","tag-aricunha","tag-brasilia","tag-circecunha","tag-mamfil","tag-stf"],"_links":{"self":[{"href":"https:\/\/blogs.correiobraziliense.com.br\/aricunha\/wp-json\/wp\/v2\/posts\/13925","targetHints":{"allow":["GET"]}}],"collection":[{"href":"https:\/\/blogs.correiobraziliense.com.br\/aricunha\/wp-json\/wp\/v2\/posts"}],"about":[{"href":"https:\/\/blogs.correiobraziliense.com.br\/aricunha\/wp-json\/wp\/v2\/types\/post"}],"author":[{"embeddable":true,"href":"https:\/\/blogs.correiobraziliense.com.br\/aricunha\/wp-json\/wp\/v2\/users\/34"}],"replies":[{"embeddable":true,"href":"https:\/\/blogs.correiobraziliense.com.br\/aricunha\/wp-json\/wp\/v2\/comments?post=13925"}],"version-history":[{"count":1,"href":"https:\/\/blogs.correiobraziliense.com.br\/aricunha\/wp-json\/wp\/v2\/posts\/13925\/revisions"}],"predecessor-version":[{"id":13930,"href":"https:\/\/blogs.correiobraziliense.com.br\/aricunha\/wp-json\/wp\/v2\/posts\/13925\/revisions\/13930"}],"wp:featuredmedia":[{"embeddable":true,"href":"https:\/\/blogs.correiobraziliense.com.br\/aricunha\/wp-json\/wp\/v2\/media\/9643"}],"wp:attachment":[{"href":"https:\/\/blogs.correiobraziliense.com.br\/aricunha\/wp-json\/wp\/v2\/media?parent=13925"}],"wp:term":[{"taxonomy":"category","embeddable":true,"href":"https:\/\/blogs.correiobraziliense.com.br\/aricunha\/wp-json\/wp\/v2\/categories?post=13925"},{"taxonomy":"post_tag","embeddable":true,"href":"https:\/\/blogs.correiobraziliense.com.br\/aricunha\/wp-json\/wp\/v2\/tags?post=13925"}],"curies":[{"name":"wp","href":"https:\/\/api.w.org\/{rel}","templated":true}]}}