{"id":13841,"date":"2019-04-14T01:00:37","date_gmt":"2019-04-14T04:00:37","guid":{"rendered":"https:\/\/blogs.correiobraziliense.com.br\/aricunha\/?p=13841"},"modified":"2019-04-12T20:34:36","modified_gmt":"2019-04-12T23:34:36","slug":"vistam-se-de-populacao-brasileira-senhores","status":"publish","type":"post","link":"https:\/\/blogs.correiobraziliense.com.br\/aricunha\/vistam-se-de-populacao-brasileira-senhores\/","title":{"rendered":"Vistam-se de popula\u00e7\u00e3o brasileira, senhores!"},"content":{"rendered":"<p>VISTO, LIDO E OUVIDO Criada por Ari Cunha (In memoriam)<\/p>\n<p>Desde 1960 Com Circe Cunha e Mamfil<\/p>\n<p>jornalistacircecunha@gmail.com<\/p>\n<p>Facebook.com\/vistolidoeouvido<\/p>\n<p>Instagram.com\/vistolidoeouvido<\/p>\n<p>&nbsp;<\/p>\n<figure id=\"attachment_13847\" aria-describedby=\"caption-attachment-13847\" style=\"width: 417px\" class=\"wp-caption alignleft\"><img loading=\"lazy\" decoding=\"async\" class=\" wp-image-13847\" src=\"https:\/\/blogs.correiobraziliense.com.br\/aricunha\/wp-content\/uploads\/sites\/13\/2019\/04\/Charge22011-reforma_politica-e1555111691301.jpg\" alt=\"\" width=\"417\" height=\"374\" srcset=\"https:\/\/blogs.correiobraziliense.com.br\/aricunha\/wp-content\/uploads\/sites\/13\/2019\/04\/Charge22011-reforma_politica-e1555111691301.jpg 390w, https:\/\/blogs.correiobraziliense.com.br\/aricunha\/wp-content\/uploads\/sites\/13\/2019\/04\/Charge22011-reforma_politica-e1555111691301-300x269.jpg 300w, https:\/\/blogs.correiobraziliense.com.br\/aricunha\/wp-content\/uploads\/sites\/13\/2019\/04\/Charge22011-reforma_politica-e1555111691301-350x314.jpg 350w, https:\/\/blogs.correiobraziliense.com.br\/aricunha\/wp-content\/uploads\/sites\/13\/2019\/04\/Charge22011-reforma_politica-e1555111691301-230x206.jpg 230w\" sizes=\"auto, (max-width: 417px) 100vw, 417px\" \/><figcaption id=\"caption-attachment-13847\" class=\"wp-caption-text\">Charge do Mois\u00e9s<\/figcaption><\/figure>\n<p>Quando teve in\u00edcio o processo de migra\u00e7\u00e3o da classe m\u00e9dia e alta das escolas p\u00fablicas para os particulares, entre o fim da d\u00e9cada de 70 e come\u00e7o dos anos 80, o que ocorreu como consequ\u00eancia incontest\u00e1vel foi a deteriora\u00e7\u00e3o progressiva desses estabelecimentos do Estado, o sucateamento do ensino, em todos os n\u00edveis, e a transforma\u00e7\u00e3o dessas institui\u00e7\u00f5es em lugares perigosos para o conv\u00edvio de crian\u00e7as, adolescentes e at\u00e9 para os pr\u00f3prios professores.<\/p>\n<p>As sucessivas reformas feitas a toque de caixa no ensino p\u00fablico, para conter a evas\u00e3o crescente de alunos, n\u00e3o surtiram o efeito desejado e hoje, raras s\u00e3o as escolas p\u00fablicas que conseguem manter algum n\u00edvel regular de qualidade no ensino. Essa \u00e9 uma triste realidade que demonstra cabalmente que a maioria das pol\u00edticas p\u00fablicas e principalmente aquelas direcionadas para as classes mais carentes, s\u00e3o realizadas de modo apenas a suprir lacunas ou a cumprir o que disp\u00f5e e obriga a Constitui\u00e7\u00e3o.<\/p>\n<p>Entregues \u00e0 pr\u00f3pria sorte, o ensino p\u00fablico, da pr\u00e9-escola \u00e0 universidade, com rar\u00edssimas exce\u00e7\u00f5es, est\u00e1 em estado de ru\u00ednas. O mesmo se repete em outros setores, como sa\u00fade, seguran\u00e7a, o que tem levado as fam\u00edlias, com certo n\u00edvel de renda, a procurar tamb\u00e9m amparo em hospitais privados, planos de sa\u00fade, a contratarem seguran\u00e7as particulares, blindarem autom\u00f3veis ou a residir em condom\u00ednios que mais parecem penitenci\u00e1rias. Quem tem recursos, procura suprir essas falhas do Estado como pode. O problema \u00e9 com aqueles que necessitam dessas pol\u00edticas p\u00fablicas e n\u00e3o encontram respaldo. Uma visita a qualquer escola ou hospital da periferia, d\u00e1 uma mostra da qualidade desses servi\u00e7os prestados \u00e0 popula\u00e7\u00e3o da base da pir\u00e2mide.<\/p>\n<p>Mudar essa realidade por leis, reformas ou projetos pol\u00edticos n\u00e3o tem dado certo e a raz\u00e3o \u00e9 simples e clara: nenhuma autoridade, esteja ela na administra\u00e7\u00e3o do Estado ou n\u00e3o, utiliza efetivamente os servi\u00e7os p\u00fablicos. Nem eles, nem seus familiares. Vivem num Brasil \u00e0 parte, onde tudo funciona a contento. Essa realidade \u00e9 ainda agravada quando se observa o arco de prote\u00e7\u00e3o que o Estado proporciona \u00e0s autoridades instaladas nos tr\u00eas poderes da Rep\u00fablica. Quem se der ao trabalho de analisar, de perto, por exemplo, o que disp\u00f5e a nova Lei da Magistratura, poder\u00e1 ter uma ideia desse diferencial de tratamento proporcionado pelo Estado aos ju\u00edzes e aos seus familiares.<\/p>\n<p>O mesmo ocorre com rela\u00e7\u00e3o aos parlamentares, aos ministros, tanto do Executivo como os dos tribunais, todos devidamente blindados contra as agruras e defici\u00eancias dos servi\u00e7os p\u00fablicos prestados ao grosso da popula\u00e7\u00e3o. O mesmo se repete com os transportes p\u00fablicos que s\u00e3o de p\u00e9ssima qualidade para a popula\u00e7\u00e3o de baixa renda. Para os \u00e1ulicos, jatinhos da For\u00e7a A\u00e9rea, carros de \u00faltima gera\u00e7\u00e3o e outras mordomias, bancados, obviamente, pelos impostos extra\u00eddos das massas.<\/p>\n<p>Condicionar as autoridades, com assento nos tr\u00eas Poderes, a utilizar desses mesmos servi\u00e7os p\u00fablicos para o atendimento de suas necessidades em educa\u00e7\u00e3o, sa\u00fade, seguran\u00e7a e transporte, apenas para ficar nesses itens, surtiria mais efeito para melhor\u00e1-los do que qualquer reforma, ou discurso pol\u00edtico. De fato, o que tem impedido, por s\u00e9culos, essas mudan\u00e7as, \u00e9 que o pessoal que, por suas atribui\u00e7\u00f5es, poderia faz\u00ea-lo, n\u00e3o sente a necessidade de modific\u00e1-los, at\u00e9 porque est\u00e3o muito bem servidos, obrigado.<\/p>\n<p>&nbsp;<\/p>\n<p>&nbsp;<\/p>\n<p><strong>A frase que foi pronunciada:<\/strong><\/p>\n<p><em>\u201cLideran\u00e7a \u00e9 servi\u00e7o, n\u00e3o posi\u00e7\u00e3o.\u201d<\/em><\/p>\n<p>Tim Fargo, autor de Sucesso do Alfabeto e Mentiras.<\/p>\n<p>&nbsp;<\/p>\n<p>&nbsp;<\/p>\n<p><strong>Ambiente<\/strong><\/p>\n<p>Sarney Filho, Secret\u00e1rio do Meio Ambiente e dos Recursos H\u00eddricos do DF, promete tirar do papel 17 parques no DF j\u00e1 criados por lei. O secret\u00e1rio garante que at\u00e9 o final do mandato ser\u00e3o 35 parques a mais para a popula\u00e7\u00e3o do DF respirar o verde.<\/p>\n<figure id=\"attachment_13843\" aria-describedby=\"caption-attachment-13843\" style=\"width: 551px\" class=\"wp-caption aligncenter\"><img loading=\"lazy\" decoding=\"async\" class=\" wp-image-13843\" src=\"https:\/\/blogs.correiobraziliense.com.br\/aricunha\/wp-content\/uploads\/sites\/13\/2019\/04\/12.04.2019-2-Ping-pong-com-o-secret\u00e1rio-de-Meio-Ambiente-Jos\u00e9-Sarney-Filho-Foto-L\u00facio-Bernardo-Jr.-Ag\u00eancia-Bras\u00edlia-768x512.jpg\" alt=\"\" width=\"551\" height=\"367\" srcset=\"https:\/\/blogs.correiobraziliense.com.br\/aricunha\/wp-content\/uploads\/sites\/13\/2019\/04\/12.04.2019-2-Ping-pong-com-o-secret\u00e1rio-de-Meio-Ambiente-Jos\u00e9-Sarney-Filho-Foto-L\u00facio-Bernardo-Jr.-Ag\u00eancia-Bras\u00edlia-768x512.jpg 768w, https:\/\/blogs.correiobraziliense.com.br\/aricunha\/wp-content\/uploads\/sites\/13\/2019\/04\/12.04.2019-2-Ping-pong-com-o-secret\u00e1rio-de-Meio-Ambiente-Jos\u00e9-Sarney-Filho-Foto-L\u00facio-Bernardo-Jr.-Ag\u00eancia-Bras\u00edlia-768x512-300x200.jpg 300w, https:\/\/blogs.correiobraziliense.com.br\/aricunha\/wp-content\/uploads\/sites\/13\/2019\/04\/12.04.2019-2-Ping-pong-com-o-secret\u00e1rio-de-Meio-Ambiente-Jos\u00e9-Sarney-Filho-Foto-L\u00facio-Bernardo-Jr.-Ag\u00eancia-Bras\u00edlia-768x512-350x233.jpg 350w, https:\/\/blogs.correiobraziliense.com.br\/aricunha\/wp-content\/uploads\/sites\/13\/2019\/04\/12.04.2019-2-Ping-pong-com-o-secret\u00e1rio-de-Meio-Ambiente-Jos\u00e9-Sarney-Filho-Foto-L\u00facio-Bernardo-Jr.-Ag\u00eancia-Bras\u00edlia-768x512-550x367.jpg 550w, https:\/\/blogs.correiobraziliense.com.br\/aricunha\/wp-content\/uploads\/sites\/13\/2019\/04\/12.04.2019-2-Ping-pong-com-o-secret\u00e1rio-de-Meio-Ambiente-Jos\u00e9-Sarney-Filho-Foto-L\u00facio-Bernardo-Jr.-Ag\u00eancia-Bras\u00edlia-768x512-230x153.jpg 230w\" sizes=\"auto, (max-width: 551px) 100vw, 551px\" \/><figcaption id=\"caption-attachment-13843\" class=\"wp-caption-text\">Foto: L\u00facio Bernardo Jr.\/Ag\u00eancia Bras\u00edlia<\/figcaption><\/figure>\n<p>&nbsp;<\/p>\n<p>&nbsp;<\/p>\n<p><strong>Den\u00fancia<\/strong><\/p>\n<p>Por falar em meio ambiente, continua a vigorar a lei mais estapaf\u00fardia em tempos de economizar \u00e1gua. Se voc\u00ea tem uma sala comercial, \u00e9 obrigado a pagar uma taxa m\u00ednima de consumo. Essa taxa recai sobre a estimativa absurda de 10m\u00b3 de \u00e1gua em uma sala comercial de 30m\u00b2. Decis\u00e3o recente do STJ determinou que a exist\u00eancia de hidr\u00f4metro, por si s\u00f3, impede a cobran\u00e7a por estimativa, crit\u00e9rio que atende as regras do C\u00f3digo de Defesa do Consumidor, na medida em que s\u00f3 poder\u00e1 ser cobrado o que efetivamente for consumido. Mas na capital do pa\u00eds isso n\u00e3o funciona.<\/p>\n<figure id=\"attachment_9702\" aria-describedby=\"caption-attachment-9702\" style=\"width: 550px\" class=\"wp-caption aligncenter\"><img loading=\"lazy\" decoding=\"async\" class=\" wp-image-9702\" src=\"https:\/\/blogs.correiobraziliense.com.br\/aricunha\/wp-content\/uploads\/sites\/13\/2018\/01\/falta-de-agua.jpg\" alt=\"\" width=\"550\" height=\"481\" srcset=\"https:\/\/blogs.correiobraziliense.com.br\/aricunha\/wp-content\/uploads\/sites\/13\/2018\/01\/falta-de-agua.jpg 1601w, https:\/\/blogs.correiobraziliense.com.br\/aricunha\/wp-content\/uploads\/sites\/13\/2018\/01\/falta-de-agua-300x263.jpg 300w, https:\/\/blogs.correiobraziliense.com.br\/aricunha\/wp-content\/uploads\/sites\/13\/2018\/01\/falta-de-agua-768x673.jpg 768w, https:\/\/blogs.correiobraziliense.com.br\/aricunha\/wp-content\/uploads\/sites\/13\/2018\/01\/falta-de-agua-1024x897.jpg 1024w, https:\/\/blogs.correiobraziliense.com.br\/aricunha\/wp-content\/uploads\/sites\/13\/2018\/01\/falta-de-agua-350x306.jpg 350w, https:\/\/blogs.correiobraziliense.com.br\/aricunha\/wp-content\/uploads\/sites\/13\/2018\/01\/falta-de-agua-1440x1261.jpg 1440w, https:\/\/blogs.correiobraziliense.com.br\/aricunha\/wp-content\/uploads\/sites\/13\/2018\/01\/falta-de-agua-550x482.jpg 550w, https:\/\/blogs.correiobraziliense.com.br\/aricunha\/wp-content\/uploads\/sites\/13\/2018\/01\/falta-de-agua-230x201.jpg 230w\" sizes=\"auto, (max-width: 550px) 100vw, 550px\" \/><figcaption id=\"caption-attachment-9702\" class=\"wp-caption-text\">Charge: paradesenhar.wordpress.com<\/figcaption><\/figure>\n<p>&nbsp;<\/p>\n<p>&nbsp;<\/p>\n<p><strong>Enquanto h\u00e1 tempo<\/strong><\/p>\n<p>Problema s\u00e9rio nas superquadras de Bras\u00edlia e nas cidades sat\u00e9lites. Motoqueiros andando nas cal\u00e7adas e ciclovias desrespeitam a lei e colocam a vida de pedestres em risco. Principalmente nas quadras comerciais onde h\u00e1 restaurantes com servi\u00e7o de entrega. Ou se corta o mal pela raiz, ou aguardamos a morte de algu\u00e9m para que alguma provid\u00eancia seja tomada.<\/p>\n<figure id=\"attachment_13845\" aria-describedby=\"caption-attachment-13845\" style=\"width: 546px\" class=\"wp-caption aligncenter\"><img loading=\"lazy\" decoding=\"async\" class=\" wp-image-13845\" src=\"https:\/\/blogs.correiobraziliense.com.br\/aricunha\/wp-content\/uploads\/sites\/13\/2019\/04\/escalas-brasilia-residencial-01-1.jpg\" alt=\"\" width=\"546\" height=\"365\" srcset=\"https:\/\/blogs.correiobraziliense.com.br\/aricunha\/wp-content\/uploads\/sites\/13\/2019\/04\/escalas-brasilia-residencial-01-1.jpg 580w, https:\/\/blogs.correiobraziliense.com.br\/aricunha\/wp-content\/uploads\/sites\/13\/2019\/04\/escalas-brasilia-residencial-01-1-300x200.jpg 300w, https:\/\/blogs.correiobraziliense.com.br\/aricunha\/wp-content\/uploads\/sites\/13\/2019\/04\/escalas-brasilia-residencial-01-1-350x234.jpg 350w, https:\/\/blogs.correiobraziliense.com.br\/aricunha\/wp-content\/uploads\/sites\/13\/2019\/04\/escalas-brasilia-residencial-01-1-550x367.jpg 550w, https:\/\/blogs.correiobraziliense.com.br\/aricunha\/wp-content\/uploads\/sites\/13\/2019\/04\/escalas-brasilia-residencial-01-1-230x153.jpg 230w\" sizes=\"auto, (max-width: 546px) 100vw, 546px\" \/><figcaption id=\"caption-attachment-13845\" class=\"wp-caption-text\">Foto: veracascaes.wordpress.com<\/figcaption><\/figure>\n<p>&nbsp;<\/p>\n<p>&nbsp;<\/p>\n<p><strong>HIST\u00d3RIA DE BRAS\u00cdLIA<\/strong><\/p>\n<p>Algu\u00e9m deve receber puni\u00e7\u00e3o no caso da ilumina\u00e7\u00e3o da Pra\u00e7a dos Tr\u00eas Poderes. O dinheiro gasto, que n\u00e3o foi pouco, n\u00e3o poderia ser empregado em experi\u00eancia, como tudo deixa crer, tenha sido. <strong>(Publicado em 17.11.1961)<\/strong><\/p>\n","protected":false},"excerpt":{"rendered":"<p>VISTO, LIDO E OUVIDO Criada por Ari Cunha (In memoriam) Desde 1960 Com Circe Cunha e Mamfil jornalistacircecunha@gmail.com Facebook.com\/vistolidoeouvido Instagram.com\/vistolidoeouvido &nbsp; Quando teve in\u00edcio o processo de migra\u00e7\u00e3o da classe m\u00e9dia e alta das escolas p\u00fablicas para os particulares, entre o fim da d\u00e9cada de 70 e come\u00e7o dos anos 80, o que ocorreu como consequ\u00eancia incontest\u00e1vel foi a deteriora\u00e7\u00e3o [&hellip;]<\/p>\n","protected":false},"author":34,"featured_media":13847,"comment_status":"open","ping_status":"open","sticky":false,"template":"","format":"standard","meta":{"footnotes":""},"categories":[23],"tags":[114,1497,68,2,69,16],"class_list":["post-13841","post","type-post","status-publish","format-standard","has-post-thumbnail","hentry","category-integra","tag-historiadebrasilia","tag-servicospublicosnobrasil-politicosnobrasil-privilegiosnapolitica","tag-aricunha","tag-brasilia","tag-circecunha","tag-mamfil"],"_links":{"self":[{"href":"https:\/\/blogs.correiobraziliense.com.br\/aricunha\/wp-json\/wp\/v2\/posts\/13841","targetHints":{"allow":["GET"]}}],"collection":[{"href":"https:\/\/blogs.correiobraziliense.com.br\/aricunha\/wp-json\/wp\/v2\/posts"}],"about":[{"href":"https:\/\/blogs.correiobraziliense.com.br\/aricunha\/wp-json\/wp\/v2\/types\/post"}],"author":[{"embeddable":true,"href":"https:\/\/blogs.correiobraziliense.com.br\/aricunha\/wp-json\/wp\/v2\/users\/34"}],"replies":[{"embeddable":true,"href":"https:\/\/blogs.correiobraziliense.com.br\/aricunha\/wp-json\/wp\/v2\/comments?post=13841"}],"version-history":[{"count":3,"href":"https:\/\/blogs.correiobraziliense.com.br\/aricunha\/wp-json\/wp\/v2\/posts\/13841\/revisions"}],"predecessor-version":[{"id":13848,"href":"https:\/\/blogs.correiobraziliense.com.br\/aricunha\/wp-json\/wp\/v2\/posts\/13841\/revisions\/13848"}],"wp:featuredmedia":[{"embeddable":true,"href":"https:\/\/blogs.correiobraziliense.com.br\/aricunha\/wp-json\/wp\/v2\/media\/13847"}],"wp:attachment":[{"href":"https:\/\/blogs.correiobraziliense.com.br\/aricunha\/wp-json\/wp\/v2\/media?parent=13841"}],"wp:term":[{"taxonomy":"category","embeddable":true,"href":"https:\/\/blogs.correiobraziliense.com.br\/aricunha\/wp-json\/wp\/v2\/categories?post=13841"},{"taxonomy":"post_tag","embeddable":true,"href":"https:\/\/blogs.correiobraziliense.com.br\/aricunha\/wp-json\/wp\/v2\/tags?post=13841"}],"curies":[{"name":"wp","href":"https:\/\/api.w.org\/{rel}","templated":true}]}}