{"id":13799,"date":"2019-04-06T01:00:31","date_gmt":"2019-04-06T04:00:31","guid":{"rendered":"https:\/\/blogs.correiobraziliense.com.br\/aricunha\/?p=13799"},"modified":"2019-04-05T19:57:27","modified_gmt":"2019-04-05T22:57:27","slug":"vista-de-cima-nossa-pobreza-e-africana","status":"publish","type":"post","link":"https:\/\/blogs.correiobraziliense.com.br\/aricunha\/vista-de-cima-nossa-pobreza-e-africana\/","title":{"rendered":"Vista de cima, nossa pobreza \u00e9 africana"},"content":{"rendered":"<p>VISTO, LIDO E OUVIDO Criada por Ari Cunha (In memoriam)<\/p>\n<p>Desde 1960 Com Circe Cunha e Mamfil<\/p>\n<p>jornalistacircecunha@gmail.com<\/p>\n<p>Facebook.com\/vistolidoeouvido<\/p>\n<p>Instagram.com\/vistolidoeouvido<\/p>\n<p>&nbsp;<\/p>\n<figure id=\"attachment_13801\" aria-describedby=\"caption-attachment-13801\" style=\"width: 662px\" class=\"wp-caption aligncenter\"><img loading=\"lazy\" decoding=\"async\" class=\"size-full wp-image-13801\" src=\"https:\/\/blogs.correiobraziliense.com.br\/aricunha\/wp-content\/uploads\/sites\/13\/2019\/04\/Mans\u00e3o-1-1-1-1-1.jpg\" alt=\"\" width=\"662\" height=\"596\" srcset=\"https:\/\/blogs.correiobraziliense.com.br\/aricunha\/wp-content\/uploads\/sites\/13\/2019\/04\/Mans\u00e3o-1-1-1-1-1.jpg 662w, https:\/\/blogs.correiobraziliense.com.br\/aricunha\/wp-content\/uploads\/sites\/13\/2019\/04\/Mans\u00e3o-1-1-1-1-1-300x270.jpg 300w, https:\/\/blogs.correiobraziliense.com.br\/aricunha\/wp-content\/uploads\/sites\/13\/2019\/04\/Mans\u00e3o-1-1-1-1-1-350x315.jpg 350w, https:\/\/blogs.correiobraziliense.com.br\/aricunha\/wp-content\/uploads\/sites\/13\/2019\/04\/Mans\u00e3o-1-1-1-1-1-550x495.jpg 550w, https:\/\/blogs.correiobraziliense.com.br\/aricunha\/wp-content\/uploads\/sites\/13\/2019\/04\/Mans\u00e3o-1-1-1-1-1-230x207.jpg 230w\" sizes=\"auto, (max-width: 662px) 100vw, 662px\" \/><figcaption id=\"caption-attachment-13801\" class=\"wp-caption-text\">Foto: spotniks.com<\/figcaption><\/figure>\n<p>&nbsp;<\/p>\n<p>De acordo com economistas que estudam o problema end\u00eamico da pobreza no Brasil, suas causas e consequ\u00eancias, bem como as estrat\u00e9gias capazes de livrar nosso pa\u00eds dessa chaga social e econ\u00f4mica, quaisquer que sejam as f\u00f3rmulas que venham a ser adotadas para tirar boa parte da nossa popula\u00e7\u00e3o dessa condi\u00e7\u00e3o, ter\u00e1 que principiar pelo rompimento do c\u00edrculo fechado em que esse fen\u00f4meno se insere.<\/p>\n<p>De acordo com esses estudos um pa\u00eds ou regi\u00e3o \u00e9 pobre porque h\u00e1 falta de capital; falta capital porque h\u00e1 baixa capacidade de poupan\u00e7a ou acumula\u00e7\u00e3o de riqueza; h\u00e1 baixa capacidade de poupan\u00e7a porque h\u00e1 baixa renda; h\u00e1 baixa renda porque h\u00e1 baixa produtividade e h\u00e1 baixa produtividade porque h\u00e1 falta de capital. Obviamente que, dentro desse c\u00edrculo vicioso, existem outros subfatores que induzem o fen\u00f4meno da pobreza, fazendo com que esse rompimento seja ainda mais complicado.<\/p>\n<p>Dentre eles, podem ser citados o fen\u00f4meno, tamb\u00e9m end\u00eamico, da corrup\u00e7\u00e3o e de sua coirm\u00e3, a concentra\u00e7\u00e3o acentuada de renda em m\u00e3os de poucos brasileiros, o que faz de nosso pa\u00eds um dos campe\u00f5es mundiais da desigualdade.<\/p>\n<p>Uma imagem que tem circulado muito pelas redes sociais e que mostra, de forma did\u00e1tica e bem resumida, o que \u00e9 a pobreza, a corrup\u00e7\u00e3o e a concentra\u00e7\u00e3o absurda de renda em um s\u00f3 enquadramento, apresenta uma tomada a\u00e9rea da super mans\u00e3o do ditador, Jos\u00e9 Eduardo dos Santos, o segundo homem mais rico daquele continente e que est\u00e1 no poder em Angola h\u00e1 exatos quarenta anos. Aparecem na mesma cena, al\u00e9m da imensa propriedade, ocupando vasta \u00e1rea verde com diversas instala\u00e7\u00f5es, uma infinidade de barracos e outras constru\u00e7\u00f5es, formando um conjunto extenso de favelas precar\u00edssimas que cercam os quatro lados dessa nababesca constru\u00e7\u00e3o.<\/p>\n<p>Note-se que nesse pa\u00eds a Odebrecht, gra\u00e7as \u00e0 interfer\u00eancia pessoal do ex-presidente Lula, vem fazendo festa h\u00e1 mais de uma d\u00e9cada, usando os mesmos m\u00e9todos empregados por aqui. Nesse pa\u00eds cuja a popula\u00e7\u00e3o vive em extrema pobreza, o Brasil, gra\u00e7as tamb\u00e9m \u00e0 atua\u00e7\u00e3o petista, chegou a \u201cinvestir\u201d mais de R$ 14 bilh\u00f5es num espa\u00e7o de tempo de pouco menos que oito anos. Claro que essa montanha de dinheiro n\u00e3o foi canalizada para minorar os problemas sociais e econ\u00f4micos daquela gente, indo, sim, parar diretamente nos bolsos dos poderosos daqui e de al\u00e9m mar.<\/p>\n<p>Quadros como esses tamb\u00e9m podem ser captados aqui no Brasil. Como aquela foto tirada em Angola, um pa\u00eds tamb\u00e9m ex-col\u00f4nia portuguesa e como tal, herdeiro desses mesmos v\u00edcios hist\u00f3ricos, sintetiza o mecanismo que faz com que o fen\u00f4meno da pobreza possui causas estruturantes complexas, longevas e absolutamente injustas.<\/p>\n<p>Tamb\u00e9m em nosso pa\u00eds a concentra\u00e7\u00e3o acentuada de renda entra tamb\u00e9m no c\u00e1lculo da pobreza, o que piora de forma desumana esses \u00edndices. Quem chega de avi\u00e3o \u00e0 maioria das grandes capitais brasileiras tamb\u00e9m pode ter essa vis\u00e3o do imenso desn\u00edvel social e econ\u00f4mico experimentado por nossa gente. O Rio de Janeiro, que por muitos anos foi a capital do pa\u00eds e a mais rica de todas as unidades da federa\u00e7\u00e3o, apresenta ao visitante que chega pelo ar um panorama claro de uma cidade que vai, aos poucos, sendo engolida pela expans\u00e3o das favelas, ou seja, pelo aumento da desigualdade, pela concentra\u00e7\u00e3o de renda e pela corrup\u00e7\u00e3o.<\/p>\n<p>Tamb\u00e9m Bras\u00edlia, idealizada para ser a moderna capital dos brasileiros, apresenta aos que chegam de avi\u00e3o a mesma e triste cena da expans\u00e3o das favelas sobre a cidade, repetindo o mesmo fen\u00f4meno presente em todas as metr\u00f3poles brasileiras.<\/p>\n<p>Com isso, \u00e9 poss\u00edvel constatar que a totalidade das cidades de nosso pa\u00eds vistas do ar pouco se diferem da r\u00e9plica cruel que mostra a realidade hoje em Angola. Vistos de cima, somos o que somos e nenhum \u00edndice oficial, por mais engenhoso que seja, \u00e9 capaz de camuflar o que os olhos veem.<\/p>\n<p>&nbsp;<\/p>\n<p>&nbsp;<\/p>\n<p><strong>A frase que foi pronunciada:<\/strong><\/p>\n<p><em>\u201cQuando uma pessoa pobre morre de fome, isso n\u00e3o aconteceu porque Deus n\u00e3o cuidou dela. Isso aconteceu porque nem voc\u00ea nem eu quer\u00edamos dar a essa pessoa o que ela precisava \u201d. <\/em><\/p>\n<p>Madre Teresa de Calcut\u00e1<\/p>\n<figure id=\"attachment_13803\" aria-describedby=\"caption-attachment-13803\" style=\"width: 448px\" class=\"wp-caption aligncenter\"><img loading=\"lazy\" decoding=\"async\" class=\" wp-image-13803\" src=\"https:\/\/blogs.correiobraziliense.com.br\/aricunha\/wp-content\/uploads\/sites\/13\/2019\/04\/madre-teresa-lateral.jpg\" alt=\"\" width=\"448\" height=\"614\" srcset=\"https:\/\/blogs.correiobraziliense.com.br\/aricunha\/wp-content\/uploads\/sites\/13\/2019\/04\/madre-teresa-lateral.jpg 500w, https:\/\/blogs.correiobraziliense.com.br\/aricunha\/wp-content\/uploads\/sites\/13\/2019\/04\/madre-teresa-lateral-219x300.jpg 219w, https:\/\/blogs.correiobraziliense.com.br\/aricunha\/wp-content\/uploads\/sites\/13\/2019\/04\/madre-teresa-lateral-255x350.jpg 255w, https:\/\/blogs.correiobraziliense.com.br\/aricunha\/wp-content\/uploads\/sites\/13\/2019\/04\/madre-teresa-lateral-230x315.jpg 230w\" sizes=\"auto, (max-width: 448px) 100vw, 448px\" \/><figcaption id=\"caption-attachment-13803\" class=\"wp-caption-text\">Madre Teresa, ap\u00f3s receber o Pr\u00eamio Nobel da Paz, em Oslo, a 12 de dezembro de 1979. (padrepauloricardo.org\/blog)<\/figcaption><\/figure>\n<p>&nbsp;<\/p>\n<p><strong>Realidade<\/strong><\/p>\n<p>Coment\u00e1rio no cafezinho da C\u00e2mara. Um admirador do ministro Guedes fez as contas dizendo que at\u00e9 nisso a oposi\u00e7\u00e3o falha. O primeiro dia de governo s\u00f3 come\u00e7a quando o Congresso est\u00e1 pronto para votar. Por isso, Bolsonaro e equipe n\u00e3o fizeram 100 dias de trabalho ainda. Mas j\u00e1 chegaram prontos, com projetos importantes finalizados que s\u00f3 dependem dos representantes do povo.<\/p>\n<p>https:\/\/www.youtube.com\/watch?v=WNjILY5boyM<\/p>\n<p>&nbsp;<\/p>\n<p><strong>Passa r\u00e1pido<\/strong><\/p>\n<p>Falando em tempo, amanh\u00e3 faz um ano que o presidente Lula est\u00e1 preso.<\/p>\n<p><iframe loading=\"lazy\" title=\"CURITIBA RECEBE LULA PRESO: &quot;\u00d4\u00d4\u00d4, O LADR\u00c3O CHEGOU!&quot;\" width=\"1333\" height=\"1000\" src=\"https:\/\/www.youtube.com\/embed\/L21TwrizPcM?feature=oembed\" frameborder=\"0\" allow=\"accelerometer; autoplay; clipboard-write; encrypted-media; gyroscope; picture-in-picture; web-share\" referrerpolicy=\"strict-origin-when-cross-origin\" allowfullscreen><\/iframe><\/p>\n<p>&nbsp;<\/p>\n<p><strong>Avianca<\/strong><\/p>\n<p>Imagine estar sentado em um avi\u00e3o e receber a not\u00edcia de que n\u00e3o poder\u00e1 voar nele porque o transporte foi penhorado. De uma coisa nenhum brasileiro tem o direito de reclamar: n\u00f3s somos um pa\u00eds totalmente sui generis.<\/p>\n<figure id=\"attachment_13804\" aria-describedby=\"caption-attachment-13804\" style=\"width: 449px\" class=\"wp-caption aligncenter\"><img loading=\"lazy\" decoding=\"async\" class=\" wp-image-13804\" src=\"https:\/\/blogs.correiobraziliense.com.br\/aricunha\/wp-content\/uploads\/sites\/13\/2019\/04\/20190405084912103098u.jpg\" alt=\"\" width=\"449\" height=\"299\" srcset=\"https:\/\/blogs.correiobraziliense.com.br\/aricunha\/wp-content\/uploads\/sites\/13\/2019\/04\/20190405084912103098u.jpg 820w, https:\/\/blogs.correiobraziliense.com.br\/aricunha\/wp-content\/uploads\/sites\/13\/2019\/04\/20190405084912103098u-300x199.jpg 300w, https:\/\/blogs.correiobraziliense.com.br\/aricunha\/wp-content\/uploads\/sites\/13\/2019\/04\/20190405084912103098u-768x510.jpg 768w, https:\/\/blogs.correiobraziliense.com.br\/aricunha\/wp-content\/uploads\/sites\/13\/2019\/04\/20190405084912103098u-350x233.jpg 350w, https:\/\/blogs.correiobraziliense.com.br\/aricunha\/wp-content\/uploads\/sites\/13\/2019\/04\/20190405084912103098u-550x366.jpg 550w, https:\/\/blogs.correiobraziliense.com.br\/aricunha\/wp-content\/uploads\/sites\/13\/2019\/04\/20190405084912103098u-230x153.jpg 230w\" sizes=\"auto, (max-width: 449px) 100vw, 449px\" \/><figcaption id=\"caption-attachment-13804\" class=\"wp-caption-text\">Foto: Breno Fortes\/CB\/D.A Press<\/figcaption><\/figure>\n<p>&nbsp;<\/p>\n<p><strong>HIST\u00d3RIA DE BRAS\u00cdLIA<\/strong><\/p>\n<p>O sr. Guilherme Machado castigou firme quando se referiu ao Tribunal de Contas da Uni\u00e3o: \u201c\u00c9 um \u00f3rg\u00e3o anacr\u00f4nico, respons\u00e1vel pela aprova\u00e7\u00e3o de mais de cem mil processos por ano, e incapaz de dar conta de todos eles, em tempo h\u00e1bil e regulamentar\u201d. <strong>(Publicado em 17.11.1961)<\/strong><\/p>\n","protected":false},"excerpt":{"rendered":"<p>VISTO, LIDO E OUVIDO Criada por Ari Cunha (In memoriam) Desde 1960 Com Circe Cunha e Mamfil jornalistacircecunha@gmail.com Facebook.com\/vistolidoeouvido Instagram.com\/vistolidoeouvido &nbsp; &nbsp; De acordo com economistas que estudam o problema end\u00eamico da pobreza no Brasil, suas causas e consequ\u00eancias, bem como as estrat\u00e9gias capazes de livrar nosso pa\u00eds dessa chaga social e econ\u00f4mica, quaisquer que sejam as f\u00f3rmulas que venham [&hellip;]<\/p>\n","protected":false},"author":34,"featured_media":13801,"comment_status":"open","ping_status":"open","sticky":false,"template":"","format":"standard","meta":{"footnotes":""},"categories":[23],"tags":[287,706,114,1485,68,2,69,16],"class_list":["post-13799","post","type-post","status-publish","format-standard","has-post-thumbnail","hentry","category-integra","tag-corrupcao","tag-desigualdadesocialnobrasil","tag-historiadebrasilia","tag-madistribuicaoderenda","tag-aricunha","tag-brasilia","tag-circecunha","tag-mamfil"],"_links":{"self":[{"href":"https:\/\/blogs.correiobraziliense.com.br\/aricunha\/wp-json\/wp\/v2\/posts\/13799","targetHints":{"allow":["GET"]}}],"collection":[{"href":"https:\/\/blogs.correiobraziliense.com.br\/aricunha\/wp-json\/wp\/v2\/posts"}],"about":[{"href":"https:\/\/blogs.correiobraziliense.com.br\/aricunha\/wp-json\/wp\/v2\/types\/post"}],"author":[{"embeddable":true,"href":"https:\/\/blogs.correiobraziliense.com.br\/aricunha\/wp-json\/wp\/v2\/users\/34"}],"replies":[{"embeddable":true,"href":"https:\/\/blogs.correiobraziliense.com.br\/aricunha\/wp-json\/wp\/v2\/comments?post=13799"}],"version-history":[{"count":3,"href":"https:\/\/blogs.correiobraziliense.com.br\/aricunha\/wp-json\/wp\/v2\/posts\/13799\/revisions"}],"predecessor-version":[{"id":13805,"href":"https:\/\/blogs.correiobraziliense.com.br\/aricunha\/wp-json\/wp\/v2\/posts\/13799\/revisions\/13805"}],"wp:featuredmedia":[{"embeddable":true,"href":"https:\/\/blogs.correiobraziliense.com.br\/aricunha\/wp-json\/wp\/v2\/media\/13801"}],"wp:attachment":[{"href":"https:\/\/blogs.correiobraziliense.com.br\/aricunha\/wp-json\/wp\/v2\/media?parent=13799"}],"wp:term":[{"taxonomy":"category","embeddable":true,"href":"https:\/\/blogs.correiobraziliense.com.br\/aricunha\/wp-json\/wp\/v2\/categories?post=13799"},{"taxonomy":"post_tag","embeddable":true,"href":"https:\/\/blogs.correiobraziliense.com.br\/aricunha\/wp-json\/wp\/v2\/tags?post=13799"}],"curies":[{"name":"wp","href":"https:\/\/api.w.org\/{rel}","templated":true}]}}