{"id":13747,"date":"2019-03-30T01:00:59","date_gmt":"2019-03-30T04:00:59","guid":{"rendered":"https:\/\/blogs.correiobraziliense.com.br\/aricunha\/?p=13747"},"modified":"2019-03-29T20:31:45","modified_gmt":"2019-03-29T23:31:45","slug":"tabata-amaral-uma-luz-na-entrada-de-um-novo-tempo","status":"publish","type":"post","link":"https:\/\/blogs.correiobraziliense.com.br\/aricunha\/tabata-amaral-uma-luz-na-entrada-de-um-novo-tempo\/","title":{"rendered":"Tabata Amaral: uma luz na entrada de um novo tempo."},"content":{"rendered":"<p>VISTO, LIDO E OUVIDO Criada por Ari Cunha (In memoriam)<\/p>\n<p>Desde 1960 Com Circe Cunha e Mamfil<\/p>\n<p>jornalistacircecunha@gmail.com<\/p>\n<p>Facebook.com\/vistolidoeouvido<\/p>\n<p>Instagram.com\/vistolidoeouvido<\/p>\n<p>&nbsp;<\/p>\n<figure id=\"attachment_13749\" aria-describedby=\"caption-attachment-13749\" style=\"width: 638px\" class=\"wp-caption aligncenter\"><img loading=\"lazy\" decoding=\"async\" class=\"size-full wp-image-13749\" src=\"https:\/\/blogs.correiobraziliense.com.br\/aricunha\/wp-content\/uploads\/sites\/13\/2019\/03\/Capturar-14.jpg\" alt=\"\" width=\"638\" height=\"376\" srcset=\"https:\/\/blogs.correiobraziliense.com.br\/aricunha\/wp-content\/uploads\/sites\/13\/2019\/03\/Capturar-14.jpg 638w, https:\/\/blogs.correiobraziliense.com.br\/aricunha\/wp-content\/uploads\/sites\/13\/2019\/03\/Capturar-14-300x177.jpg 300w, https:\/\/blogs.correiobraziliense.com.br\/aricunha\/wp-content\/uploads\/sites\/13\/2019\/03\/Capturar-14-350x206.jpg 350w, https:\/\/blogs.correiobraziliense.com.br\/aricunha\/wp-content\/uploads\/sites\/13\/2019\/03\/Capturar-14-550x324.jpg 550w, https:\/\/blogs.correiobraziliense.com.br\/aricunha\/wp-content\/uploads\/sites\/13\/2019\/03\/Capturar-14-230x136.jpg 230w\" sizes=\"auto, (max-width: 638px) 100vw, 638px\" \/><figcaption id=\"caption-attachment-13749\" class=\"wp-caption-text\">Foto: Cleia Viana\/C\u00e2mara dos Deputados<\/figcaption><\/figure>\n<p>&nbsp;<\/p>\n<p>\u201cEu cheguei ao parlamento porque eu vivi tudo o que a educa\u00e7\u00e3o pode fazer pela gente, todo o potencial que ela tem de transformar e porque tamb\u00e9m vivi o outro lado da desigualdade, por isso fui feita uma ativista porque eu vi a import\u00e2ncia transformadora da educa\u00e7\u00e3o e porque percebi, tamb\u00e9m a falta que a educa\u00e7\u00e3o faz nas periferias. Percebi tamb\u00e9m que a educa\u00e7\u00e3o n\u00e3o ir\u00e1 mudar se a pol\u00edtica e os pol\u00edticos n\u00e3o mudarem.\u201d<\/p>\n<p>A afirma\u00e7\u00e3o foi feita pela jovem deputada Tabata Amaral (PDT-SP), considerada por muitos como a mais promissora parlamentar a atuar em defesa de uma educa\u00e7\u00e3o de qualidade para os brasileiros. Em contato com o poder da educa\u00e7\u00e3o h\u00e1 mais de nove anos, Tabata Amaral \u00e9 tamb\u00e9m militante, pesquisadora da \u00e1rea, e uma das coordenadoras, com outros jovens idealistas, do movimento suprapartid\u00e1rio, em prol de uma educa\u00e7\u00e3o de qualidade, denominado Acredito.<\/p>\n<p>Formada em Harvard em Ci\u00eancias Pol\u00edticas, gra\u00e7as a uma Bolsa de Estudos integral, a parlamentar vem fazendo hist\u00f3ria dentro do Congresso, por suas posi\u00e7\u00f5es firmes em defesa da educa\u00e7\u00e3o p\u00fablica no Brasil.<\/p>\n<p>Num v\u00eddeo em que interpela o atual ministro da Educa\u00e7\u00e3o, Velez Rodriguez, sobre os planos dessa pasta para o setor, e que vem sendo visto e aplaudido por milh\u00f5es de internautas nas redes sociais, Tabata mostrou a que veio, ao, literalmente, desmontar o principal gestor do MEC diante de todos. Para aqueles que acompanharam a sess\u00e3o realizada na Comiss\u00e3o de Educa\u00e7\u00e3o da C\u00e2mara dos Deputados, a parlamentar por S\u00e3o Paulo decretou, em seis minutos, o fim da gest\u00e3o Velez, mesmo que ele permane\u00e7a ainda \u00e0 frente desse minist\u00e9rio.<\/p>\n<p>Aos questionamentos certeiros da deputada, restou o sil\u00eancio do representante do MEC, apanhado de surpresa e encurralado com o preparo e clareza das coloca\u00e7\u00f5es da jovem pol\u00edtica. Diante de um ministro levado \u00e0s cordas, Tabata arrematou: \u201csua incapacidade de apresentar propostas \u00e9 um desrespeito \u00e0 educa\u00e7\u00e3o, ao minist\u00e9rio, ao parlamento e ao Brasil como um todo\u201d.<\/p>\n<p>Como a sexta deputada mais votada pelo estado de S\u00e3o Paulo, Tabata Amaral vem defendendo a ideia de que a implanta\u00e7\u00e3o de uma educa\u00e7\u00e3o p\u00fablica no pa\u00eds s\u00f3 se tornar\u00e1 uma realidade plena com a redu\u00e7\u00e3o das desigualdades sociais. Tamb\u00e9m as desigualdades regionais acentuadas s\u00e3o, na vis\u00e3o da deputada, um entrave para a educa\u00e7\u00e3o. \u201cEm muitos estados n\u00e3o h\u00e1 vontade pol\u00edtica para a melhoria da educa\u00e7\u00e3o e ela s\u00f3 vai dar certo quando for colocada como prioridade de pol\u00edtica p\u00fablica, com valoriza\u00e7\u00e3o de professores, ensino integral e outras metas\u201d, diz.<\/p>\n<p>Da ONG Acredito, com atua\u00e7\u00e3o em 14 estados, mais o Distrito Federal, Tabata afirma se tratar de um movimento de renova\u00e7\u00e3o pol\u00edtica que possui agendas de combate \u00e0 desigualdade e privil\u00e9gios e que vai muito al\u00e9m das disputas rasas entre esquerda e direita e que possui, como um dos objetivos centrais, fazer com que as pessoas voltem a acreditar na pol\u00edtica e no Brasil, de modo a mudar a realidade de cada um.<\/p>\n<p>Diante de um desafio que sabe ser gigantesco, a parlamentar diz ser preciso come\u00e7ar essa cruzada pela valoriza\u00e7\u00e3o de professores e educadores, tanto no aspecto financeiro como t\u00e9cnico, melhorando inicialmente os aspectos na carreira profissional dos docentes. \u201cTemos que falar de uma escola onde os jovens tenham chance tanto no vestibular, como no mercado de trabalho e que n\u00e3o tenham seus sonhos destru\u00eddos pela precariedade de nosso modelo atual de educa\u00e7\u00e3o.\u201d<\/p>\n<p>&nbsp;<\/p>\n<p>&nbsp;<\/p>\n<p><strong>A frase que foi pronunciada:<\/strong><\/p>\n<p><em>\u201cBolsonaro n\u00e3o tem jogo pol\u00edtico. Tecla Sap: O balc\u00e3o de neg\u00f3cios fechou.\u201d<\/em><\/p>\n<p>Fernanda Silva, estudante, dando uma opini\u00e3o s\u00e9ria durante a apresenta\u00e7\u00e3o do telejornal enquanto brinca com o controle da TV.<\/p>\n<p><iframe loading=\"lazy\" title=\"WTF??!! TABATA AMARAL MITOU? | Por Renan Santos\" width=\"1440\" height=\"810\" src=\"https:\/\/www.youtube.com\/embed\/D9xLbmiK_FU?feature=oembed\" frameborder=\"0\" allow=\"accelerometer; autoplay; clipboard-write; encrypted-media; gyroscope; picture-in-picture; web-share\" referrerpolicy=\"strict-origin-when-cross-origin\" allowfullscreen><\/iframe><\/p>\n<p>&nbsp;<\/p>\n<p><strong>Fazendo a diferen\u00e7a<\/strong><\/p>\n<p>S\u00e3o 18 anos lutando para continuar existindo. A Casa de Parto de S\u00e3o Sebasti\u00e3o \u00e9 modelo em parto humanizado sem tantas interven\u00e7\u00f5es m\u00e9dicas. As pacientes se sentem completamente respeitadas. J\u00e1 s\u00e3o 1.537 atendimentos.<\/p>\n<figure id=\"attachment_13750\" aria-describedby=\"caption-attachment-13750\" style=\"width: 450px\" class=\"wp-caption aligncenter\"><img loading=\"lazy\" decoding=\"async\" class=\" wp-image-13750\" src=\"https:\/\/blogs.correiobraziliense.com.br\/aricunha\/wp-content\/uploads\/sites\/13\/2019\/03\/interna-1-profissionais-sorridentes.jpg\" alt=\"\" width=\"450\" height=\"301\" srcset=\"https:\/\/blogs.correiobraziliense.com.br\/aricunha\/wp-content\/uploads\/sites\/13\/2019\/03\/interna-1-profissionais-sorridentes.jpg 640w, https:\/\/blogs.correiobraziliense.com.br\/aricunha\/wp-content\/uploads\/sites\/13\/2019\/03\/interna-1-profissionais-sorridentes-300x201.jpg 300w, https:\/\/blogs.correiobraziliense.com.br\/aricunha\/wp-content\/uploads\/sites\/13\/2019\/03\/interna-1-profissionais-sorridentes-350x234.jpg 350w, https:\/\/blogs.correiobraziliense.com.br\/aricunha\/wp-content\/uploads\/sites\/13\/2019\/03\/interna-1-profissionais-sorridentes-550x368.jpg 550w, https:\/\/blogs.correiobraziliense.com.br\/aricunha\/wp-content\/uploads\/sites\/13\/2019\/03\/interna-1-profissionais-sorridentes-230x154.jpg 230w\" sizes=\"auto, (max-width: 450px) 100vw, 450px\" \/><figcaption id=\"caption-attachment-13750\" class=\"wp-caption-text\">Foto: saude.df.gov.br<\/figcaption><\/figure>\n<p>&nbsp;<\/p>\n<p><strong>Movimento<\/strong><\/p>\n<p>Ano Internacional das L\u00ednguas Ind\u00edgenas. A cultura ind\u00edgena merece mais divulga\u00e7\u00e3o nas escolas. Ainda restam 55 l\u00ednguas ind\u00edgenas cadastradas. Temos um tesouro que n\u00e3o \u00e9 valorizado.<\/p>\n<figure id=\"attachment_13751\" aria-describedby=\"caption-attachment-13751\" style=\"width: 444px\" class=\"wp-caption aligncenter\"><img loading=\"lazy\" decoding=\"async\" class=\" wp-image-13751\" src=\"https:\/\/blogs.correiobraziliense.com.br\/aricunha\/wp-content\/uploads\/sites\/13\/2019\/03\/f7a8533403.jpg\" alt=\"\" width=\"444\" height=\"333\" srcset=\"https:\/\/blogs.correiobraziliense.com.br\/aricunha\/wp-content\/uploads\/sites\/13\/2019\/03\/f7a8533403.jpg 380w, https:\/\/blogs.correiobraziliense.com.br\/aricunha\/wp-content\/uploads\/sites\/13\/2019\/03\/f7a8533403-300x225.jpg 300w, https:\/\/blogs.correiobraziliense.com.br\/aricunha\/wp-content\/uploads\/sites\/13\/2019\/03\/f7a8533403-350x263.jpg 350w, https:\/\/blogs.correiobraziliense.com.br\/aricunha\/wp-content\/uploads\/sites\/13\/2019\/03\/f7a8533403-230x173.jpg 230w\" sizes=\"auto, (max-width: 444px) 100vw, 444px\" \/><figcaption id=\"caption-attachment-13751\" class=\"wp-caption-text\">Foto: \u00a9UNESCO\/Nelson Muchagata<\/figcaption><\/figure>\n<p><strong>De volta ao futuro<\/strong><\/p>\n<p>Relendo os jornais do Senado, da \u00e9poca em que o senador Antonio Carlos Magalh\u00e3es queria instalar a CPI do Judici\u00e1rio, as acusa\u00e7\u00f5es contra magistrados eram de levantar os cabelos.<\/p>\n<figure id=\"attachment_13752\" aria-describedby=\"caption-attachment-13752\" style=\"width: 449px\" class=\"wp-caption aligncenter\"><img loading=\"lazy\" decoding=\"async\" class=\" wp-image-13752\" src=\"https:\/\/blogs.correiobraziliense.com.br\/aricunha\/wp-content\/uploads\/sites\/13\/2019\/03\/696_congresso_01.jpg\" alt=\"\" width=\"449\" height=\"249\" srcset=\"https:\/\/blogs.correiobraziliense.com.br\/aricunha\/wp-content\/uploads\/sites\/13\/2019\/03\/696_congresso_01.jpg 620w, https:\/\/blogs.correiobraziliense.com.br\/aricunha\/wp-content\/uploads\/sites\/13\/2019\/03\/696_congresso_01-300x166.jpg 300w, https:\/\/blogs.correiobraziliense.com.br\/aricunha\/wp-content\/uploads\/sites\/13\/2019\/03\/696_congresso_01-350x194.jpg 350w, https:\/\/blogs.correiobraziliense.com.br\/aricunha\/wp-content\/uploads\/sites\/13\/2019\/03\/696_congresso_01-550x305.jpg 550w, https:\/\/blogs.correiobraziliense.com.br\/aricunha\/wp-content\/uploads\/sites\/13\/2019\/03\/696_congresso_01-230x128.jpg 230w\" sizes=\"auto, (max-width: 449px) 100vw, 449px\" \/><figcaption id=\"caption-attachment-13752\" class=\"wp-caption-text\">Foto: Anderson Schneider\/Ed. Globo e ABr<\/figcaption><\/figure>\n<p>&nbsp;<\/p>\n<p><strong>HIST\u00d3RIA DE BRAS\u00cdLIA<\/strong><\/p>\n<p>E assim est\u00e1 nossa Bras\u00edlia. Pequenos defeitos, mas muitas vantagens. Pena que mais um pioneiro nos deixe. Volta para S\u00e3o Paulo, nosso Nelson Pereira de Almeida Filho, o Nelsinho da Vascal um dos primeiros dias de Bras\u00edlia, da poeira da Cidade Livre, dos esquis do Cota Mil. E o Cota Doze passa a Cota Dez. <strong>(Publicado em 15.11.1961)<\/strong><\/p>\n","protected":false},"excerpt":{"rendered":"<p>VISTO, LIDO E OUVIDO Criada por Ari Cunha (In memoriam) Desde 1960 Com Circe Cunha e Mamfil jornalistacircecunha@gmail.com Facebook.com\/vistolidoeouvido Instagram.com\/vistolidoeouvido &nbsp; &nbsp; \u201cEu cheguei ao parlamento porque eu vivi tudo o que a educa\u00e7\u00e3o pode fazer pela gente, todo o potencial que ela tem de transformar e porque tamb\u00e9m vivi o outro lado da desigualdade, por isso fui feita uma [&hellip;]<\/p>\n","protected":false},"author":34,"featured_media":13749,"comment_status":"open","ping_status":"open","sticky":false,"template":"","format":"standard","meta":{"footnotes":""},"categories":[23],"tags":[604,114,1477,1478,1479,68,2,69,16],"class_list":["post-13747","post","type-post","status-publish","format-standard","has-post-thumbnail","hentry","category-integra","tag-educacaonobrasil","tag-historiadebrasilia","tag-mec","tag-ministrovelezrodrigues","tag-tabataamaral","tag-aricunha","tag-brasilia","tag-circecunha","tag-mamfil"],"_links":{"self":[{"href":"https:\/\/blogs.correiobraziliense.com.br\/aricunha\/wp-json\/wp\/v2\/posts\/13747","targetHints":{"allow":["GET"]}}],"collection":[{"href":"https:\/\/blogs.correiobraziliense.com.br\/aricunha\/wp-json\/wp\/v2\/posts"}],"about":[{"href":"https:\/\/blogs.correiobraziliense.com.br\/aricunha\/wp-json\/wp\/v2\/types\/post"}],"author":[{"embeddable":true,"href":"https:\/\/blogs.correiobraziliense.com.br\/aricunha\/wp-json\/wp\/v2\/users\/34"}],"replies":[{"embeddable":true,"href":"https:\/\/blogs.correiobraziliense.com.br\/aricunha\/wp-json\/wp\/v2\/comments?post=13747"}],"version-history":[{"count":2,"href":"https:\/\/blogs.correiobraziliense.com.br\/aricunha\/wp-json\/wp\/v2\/posts\/13747\/revisions"}],"predecessor-version":[{"id":13753,"href":"https:\/\/blogs.correiobraziliense.com.br\/aricunha\/wp-json\/wp\/v2\/posts\/13747\/revisions\/13753"}],"wp:featuredmedia":[{"embeddable":true,"href":"https:\/\/blogs.correiobraziliense.com.br\/aricunha\/wp-json\/wp\/v2\/media\/13749"}],"wp:attachment":[{"href":"https:\/\/blogs.correiobraziliense.com.br\/aricunha\/wp-json\/wp\/v2\/media?parent=13747"}],"wp:term":[{"taxonomy":"category","embeddable":true,"href":"https:\/\/blogs.correiobraziliense.com.br\/aricunha\/wp-json\/wp\/v2\/categories?post=13747"},{"taxonomy":"post_tag","embeddable":true,"href":"https:\/\/blogs.correiobraziliense.com.br\/aricunha\/wp-json\/wp\/v2\/tags?post=13747"}],"curies":[{"name":"wp","href":"https:\/\/api.w.org\/{rel}","templated":true}]}}