{"id":13710,"date":"2019-03-26T01:00:59","date_gmt":"2019-03-26T04:00:59","guid":{"rendered":"https:\/\/blogs.correiobraziliense.com.br\/aricunha\/?p=13710"},"modified":"2019-03-26T18:20:33","modified_gmt":"2019-03-26T21:20:33","slug":"aproximacao-fatal","status":"publish","type":"post","link":"https:\/\/blogs.correiobraziliense.com.br\/aricunha\/aproximacao-fatal\/","title":{"rendered":"Aproxima\u00e7\u00e3o fatal"},"content":{"rendered":"<p>VISTO, LIDO E OUVIDO Criada por Ari Cunha (In memoriam)<\/p>\n<p>Desde 1960 Com Circe Cunha e Mamfil<\/p>\n<p>jornalistacircecunha@gmail.com<\/p>\n<p>Facebook.com\/vistolidoeouvido<\/p>\n<p>Instagram.com\/vistolidoeouvido<\/p>\n<p>&nbsp;<\/p>\n<p><img loading=\"lazy\" decoding=\"async\" class=\"aligncenter\" src=\"https:\/\/blogs.correiobraziliense.com.br\/aricunha\/wp-content\/uploads\/sites\/13\/2019\/03\/marcola.transferencia-745x419.jpeg\" alt=\"\" width=\"679\" height=\"382\" \/><\/p>\n<p>&nbsp;<\/p>\n<p>Ironia do destino ou n\u00e3o, o fato \u00e9 que uma das principais fac\u00e7\u00f5es do crime organizado, nascida em S\u00e3o Paulo, vai, \u00e0 revelia das autoridades e contra todos os progn\u00f3sticos oficiais, pouco a pouco se instando de mala e cuia na capital do pa\u00eds.<\/p>\n<p>Entre os objetivos desse grupo que se expandiu em n\u00famero, fortuna e ousadia nesses \u00faltimos anos, pode estar a cria\u00e7\u00e3o de uma esp\u00e9cie de Estado Paralelo, fincado bem no cora\u00e7\u00e3o da capital, de onde passaria a controlar outras regi\u00f5es. A inten\u00e7\u00e3o desse grupo em se fixar na capital \u00e9 antiga e vem sendo acompanhada pelas autoridades desde 2002, quando integrantes da c\u00fapula dessa organiza\u00e7\u00e3o estiveram presos no complexo da Papuda.<\/p>\n<p>De l\u00e1 para c\u00e1, a pol\u00edcia tem efetuado, com certa regularidade, v\u00e1rias pris\u00f5es de integrantes da fac\u00e7\u00e3o que formariam n\u00facleos embrion\u00e1rios do crime organizado no Distrito Federal e principalmente nas \u00e1reas do entorno. Informa\u00e7\u00f5es passadas \u00e0 imprensa d\u00e3o conta de que em regi\u00f5es administrativas como o Parano\u00e1, S\u00e3o Sebasti\u00e3o e outras j\u00e1 estariam abrigando v\u00e1rios indiv\u00edduos aliciados pelo bando, numa mostra de que essa fac\u00e7\u00e3o possui planos ambiciosos, que v\u00e3o muito al\u00e9m da pr\u00e1tica de crimes comuns.<\/p>\n<p>Suspeitas nesse sentido foram levantadas pelas pr\u00f3prias investiga\u00e7\u00f5es, mostrando que membros dessas organiza\u00e7\u00f5es v\u00eam comprando casas, terrenos e lojas no Distrito Federal e nas cidades goianas lim\u00edtrofes. Investimentos dessa natureza, feitos em im\u00f3veis, revelam que os planos desse grupo para se fixar no Centro-Oeste s\u00e3o ambiciosos e devem, portanto, despertar o olhar mais apurado das autoridades que tiverem interesse em cortar o mal pela raiz.<\/p>\n<p>Com a chegada agora, e de surpresa, do principal chefe dessa organiza\u00e7\u00e3o para mais uma estadia no Pres\u00eddio de Seguran\u00e7a M\u00e1xima de Bras\u00edlia, as autoridades de seguran\u00e7a, inclusive o pr\u00f3prio governador Ibanez, protestaram de forma en\u00e9rgica, condenando a decis\u00e3o do Minist\u00e9rio da Justi\u00e7a. Esse fato revela o n\u00edvel de preocupa\u00e7\u00e3o com a vinda desse l\u00edder e de outros ligados \u00e0 c\u00fapula criminosa para a capital.<\/p>\n<p>Obviamente que vir\u00e3o tamb\u00e9m familiares, amigos e advogados dos contraventores. A crise financeira e a falta de investimentos nas \u00e1reas de seguran\u00e7a t\u00eam enfraquecido o poder de combate ao crime em todo o Brasil e em Bras\u00edlia n\u00e3o tem sido diferente.<\/p>\n<p>Com poucos recursos humanos, escasso material, como armamentos e com uma for\u00e7a de intelig\u00eancia necessitando de grandes investimentos, controlar as m\u00faltiplas atividades desse grupo criminoso aqui no DF ser\u00e1 uma tarefa das mais delicadas, ainda mais quando se conhece as especificidades da capital como sede dos Poderes da Rep\u00fablica e sede de todas as representa\u00e7\u00f5es diplom\u00e1ticas.<\/p>\n<p>&nbsp;<\/p>\n<p>&nbsp;<\/p>\n<p><strong>A frase que foi pronunciada:<\/strong><\/p>\n<p><em>\u201cFortalecem organiza\u00e7\u00f5es criminosas pela educa\u00e7\u00e3o e seguran\u00e7a deficientes, propiciando o aumento da viol\u00eancia e da marginaliza\u00e7\u00e3o.\u201d<\/em><\/p>\n<p>Thiago Soares Garcia, em artigo publicado no portal \u00c2mbito Jur\u00eddico.<\/p>\n<p>Clique no link para ler o artigo completo:\u00a0<a href=\"http:\/\/www.ambito-juridico.com.br\/site\/?n_link=revista_artigos_leitura&amp;artigo_id=19499&amp;revista_caderno=3\">A seletividade penal pela perspectiva do combate aos crimes de colarinho branco<\/a><\/p>\n<figure id=\"attachment_13716\" aria-describedby=\"caption-attachment-13716\" style=\"width: 551px\" class=\"wp-caption aligncenter\"><img loading=\"lazy\" decoding=\"async\" class=\" wp-image-13716\" src=\"https:\/\/blogs.correiobraziliense.com.br\/aricunha\/wp-content\/uploads\/sites\/13\/2019\/03\/03-Justi\u00e7a-Crime-Colarinho-BrancoNani-Humor-Blog-do-Mesquita.jpg\" alt=\"\" width=\"551\" height=\"440\" srcset=\"https:\/\/blogs.correiobraziliense.com.br\/aricunha\/wp-content\/uploads\/sites\/13\/2019\/03\/03-Justi\u00e7a-Crime-Colarinho-BrancoNani-Humor-Blog-do-Mesquita.jpg 650w, https:\/\/blogs.correiobraziliense.com.br\/aricunha\/wp-content\/uploads\/sites\/13\/2019\/03\/03-Justi\u00e7a-Crime-Colarinho-BrancoNani-Humor-Blog-do-Mesquita-300x240.jpg 300w, https:\/\/blogs.correiobraziliense.com.br\/aricunha\/wp-content\/uploads\/sites\/13\/2019\/03\/03-Justi\u00e7a-Crime-Colarinho-BrancoNani-Humor-Blog-do-Mesquita-350x279.jpg 350w, https:\/\/blogs.correiobraziliense.com.br\/aricunha\/wp-content\/uploads\/sites\/13\/2019\/03\/03-Justi\u00e7a-Crime-Colarinho-BrancoNani-Humor-Blog-do-Mesquita-550x439.jpg 550w, https:\/\/blogs.correiobraziliense.com.br\/aricunha\/wp-content\/uploads\/sites\/13\/2019\/03\/03-Justi\u00e7a-Crime-Colarinho-BrancoNani-Humor-Blog-do-Mesquita-230x184.jpg 230w\" sizes=\"auto, (max-width: 551px) 100vw, 551px\" \/><figcaption id=\"caption-attachment-13716\" class=\"wp-caption-text\">Charge de Nani Humor<\/figcaption><\/figure>\n<p>&nbsp;<\/p>\n<p><strong>Nova legisla\u00e7\u00e3o<\/strong><\/p>\n<p>Casos de pessoas que largaram o emprego para vir fazer o concurso da Sedest, gastos, priva\u00e7\u00f5es sociais de todos os tipos durante meses para manter o ritmo dos estudos. \u00c9 desumano cancelar qualquer concurso. \u00c9 preciso haver a previs\u00e3o no edital sobre multas no caso de suspens\u00e3o das provas de concurso, como as licita\u00e7\u00f5es. Assim, haveria mais seguran\u00e7a, capacita\u00e7\u00e3o dos fiscais e a log\u00edstica precisaria ser infal\u00edvel. Caso contr\u00e1rio, multa e jamais a possibilidade de novos contratos.<\/p>\n<figure id=\"attachment_13713\" aria-describedby=\"caption-attachment-13713\" style=\"width: 546px\" class=\"wp-caption aligncenter\"><img loading=\"lazy\" decoding=\"async\" class=\" wp-image-13713\" src=\"https:\/\/blogs.correiobraziliense.com.br\/aricunha\/wp-content\/uploads\/sites\/13\/2019\/03\/WhatsApp-Image-2019-03-25-at-21.49.03-1.jpeg\" alt=\"\" width=\"546\" height=\"306\" srcset=\"https:\/\/blogs.correiobraziliense.com.br\/aricunha\/wp-content\/uploads\/sites\/13\/2019\/03\/WhatsApp-Image-2019-03-25-at-21.49.03-1.jpeg 991w, https:\/\/blogs.correiobraziliense.com.br\/aricunha\/wp-content\/uploads\/sites\/13\/2019\/03\/WhatsApp-Image-2019-03-25-at-21.49.03-1-300x168.jpeg 300w, https:\/\/blogs.correiobraziliense.com.br\/aricunha\/wp-content\/uploads\/sites\/13\/2019\/03\/WhatsApp-Image-2019-03-25-at-21.49.03-1-768x430.jpeg 768w, https:\/\/blogs.correiobraziliense.com.br\/aricunha\/wp-content\/uploads\/sites\/13\/2019\/03\/WhatsApp-Image-2019-03-25-at-21.49.03-1-350x196.jpeg 350w, https:\/\/blogs.correiobraziliense.com.br\/aricunha\/wp-content\/uploads\/sites\/13\/2019\/03\/WhatsApp-Image-2019-03-25-at-21.49.03-1-550x308.jpeg 550w, https:\/\/blogs.correiobraziliense.com.br\/aricunha\/wp-content\/uploads\/sites\/13\/2019\/03\/WhatsApp-Image-2019-03-25-at-21.49.03-1-230x129.jpeg 230w\" sizes=\"auto, (max-width: 546px) 100vw, 546px\" \/><figcaption id=\"caption-attachment-13713\" class=\"wp-caption-text\">Foto: concursos.correioweb.com.br<\/figcaption><\/figure>\n<p>&nbsp;<\/p>\n<p><strong>Eficiente<\/strong><\/p>\n<p>Correspond\u00eancias enviadas ao presidente da Rep\u00fablica s\u00e3o respondidas com brevidade pela Diretoria de Documenta\u00e7\u00e3o Hist\u00f3rica do Gabinete Pessoal do presidente Bolsonaro. O Sr. Marcelo da Silva Vieira assina as correspond\u00eancias.<\/p>\n<p>&nbsp;<\/p>\n<p>&nbsp;<\/p>\n<p><strong>Muito boa<\/strong><\/p>\n<p>Quem l\u00ea com mais acuidade estranha que Rodrigo Maia tenha pedido para o l\u00edder do Executivo, presidente Bolsonaro, ter mais empenho na aprova\u00e7\u00e3o de uma proposta do Governo Federal. Se a aprova\u00e7\u00e3o \u00e9 dada no Legislativo, onde os parlamentares representam a vontade do povo, o natural seria o contr\u00e1rio. A observa\u00e7\u00e3o \u00e9 de Asc\u00e2nio Seleme.<\/p>\n<figure id=\"attachment_13714\" aria-describedby=\"caption-attachment-13714\" style=\"width: 547px\" class=\"wp-caption aligncenter\"><img loading=\"lazy\" decoding=\"async\" class=\" wp-image-13714\" src=\"https:\/\/blogs.correiobraziliense.com.br\/aricunha\/wp-content\/uploads\/sites\/13\/2019\/03\/WhatsApp-Image-2019-03-25-at-21.47.41-1.jpeg\" alt=\"\" width=\"547\" height=\"549\" srcset=\"https:\/\/blogs.correiobraziliense.com.br\/aricunha\/wp-content\/uploads\/sites\/13\/2019\/03\/WhatsApp-Image-2019-03-25-at-21.47.41-1.jpeg 600w, https:\/\/blogs.correiobraziliense.com.br\/aricunha\/wp-content\/uploads\/sites\/13\/2019\/03\/WhatsApp-Image-2019-03-25-at-21.47.41-1-150x150.jpeg 150w, https:\/\/blogs.correiobraziliense.com.br\/aricunha\/wp-content\/uploads\/sites\/13\/2019\/03\/WhatsApp-Image-2019-03-25-at-21.47.41-1-300x300.jpeg 300w, https:\/\/blogs.correiobraziliense.com.br\/aricunha\/wp-content\/uploads\/sites\/13\/2019\/03\/WhatsApp-Image-2019-03-25-at-21.47.41-1-350x350.jpeg 350w, https:\/\/blogs.correiobraziliense.com.br\/aricunha\/wp-content\/uploads\/sites\/13\/2019\/03\/WhatsApp-Image-2019-03-25-at-21.47.41-1-550x552.jpeg 550w, https:\/\/blogs.correiobraziliense.com.br\/aricunha\/wp-content\/uploads\/sites\/13\/2019\/03\/WhatsApp-Image-2019-03-25-at-21.47.41-1-230x231.jpeg 230w\" sizes=\"auto, (max-width: 547px) 100vw, 547px\" \/><figcaption id=\"caption-attachment-13714\" class=\"wp-caption-text\">Charge do Izinho<\/figcaption><\/figure>\n<p>&nbsp;<\/p>\n<p><strong>Esperan\u00e7a<\/strong><\/p>\n<p>Com recursos do FNO do Banco da Amaz\u00f4nia, a linha de cr\u00e9dito para Energia Verde apoia a produ\u00e7\u00e3o de energias renov\u00e1veis na regi\u00e3o com obras que t\u00eam como princ\u00edpio beneficiar a popula\u00e7\u00e3o local com saneamento b\u00e1sico, telecomunica\u00e7\u00f5es, transporte e empregos. Outros fundos na opera\u00e7\u00e3o: s\u00e3o eles o Fundo de Desenvolvimento da Amaz\u00f4nia, BNDES e Or\u00e7amento Geral da Uni\u00e3o.<\/p>\n<p><iframe loading=\"lazy\" title=\"Roma News | Banco da Amaz\u00f4nia: Financiamento de energia verde\" width=\"1440\" height=\"810\" src=\"https:\/\/www.youtube.com\/embed\/2FjgkH98iGI?feature=oembed\" frameborder=\"0\" allow=\"accelerometer; autoplay; clipboard-write; encrypted-media; gyroscope; picture-in-picture; web-share\" referrerpolicy=\"strict-origin-when-cross-origin\" allowfullscreen><\/iframe><\/p>\n<p>&nbsp;<\/p>\n<p><strong>HIST\u00d3RIA DE BRAS\u00cdLIA<\/strong><\/p>\n<p>E para terminar: \u00e9 comum uma telefonista reclamar para a gente, o sal\u00e1rio que ganha, o n\u00famero de horas que trabalha, as dificuldades que a Novacap lhe transfere com rela\u00e7\u00e3o \u00e0 habita\u00e7\u00e3o, transporte e local de alimenta\u00e7\u00e3o. <strong>(Publicado em 15.11.1961)<\/strong><\/p>\n","protected":false},"excerpt":{"rendered":"<p>VISTO, LIDO E OUVIDO Criada por Ari Cunha (In memoriam) Desde 1960 Com Circe Cunha e Mamfil jornalistacircecunha@gmail.com Facebook.com\/vistolidoeouvido Instagram.com\/vistolidoeouvido &nbsp; &nbsp; Ironia do destino ou n\u00e3o, o fato \u00e9 que uma das principais fac\u00e7\u00f5es do crime organizado, nascida em S\u00e3o Paulo, vai, \u00e0 revelia das autoridades e contra todos os progn\u00f3sticos oficiais, pouco a pouco se instando de mala [&hellip;]<\/p>\n","protected":false},"author":34,"featured_media":13720,"comment_status":"open","ping_status":"open","sticky":false,"template":"","format":"standard","meta":{"footnotes":""},"categories":[23],"tags":[1354,114,1473,1175,1408,68,2,69,16],"class_list":["post-13710","post","type-post","status-publish","format-standard","has-post-thumbnail","hentry","category-integra","tag-crimeorganizado","tag-historiadebrasilia","tag-marcolanodf","tag-ministeriodajustica","tag-pcc","tag-aricunha","tag-brasilia","tag-circecunha","tag-mamfil"],"_links":{"self":[{"href":"https:\/\/blogs.correiobraziliense.com.br\/aricunha\/wp-json\/wp\/v2\/posts\/13710","targetHints":{"allow":["GET"]}}],"collection":[{"href":"https:\/\/blogs.correiobraziliense.com.br\/aricunha\/wp-json\/wp\/v2\/posts"}],"about":[{"href":"https:\/\/blogs.correiobraziliense.com.br\/aricunha\/wp-json\/wp\/v2\/types\/post"}],"author":[{"embeddable":true,"href":"https:\/\/blogs.correiobraziliense.com.br\/aricunha\/wp-json\/wp\/v2\/users\/34"}],"replies":[{"embeddable":true,"href":"https:\/\/blogs.correiobraziliense.com.br\/aricunha\/wp-json\/wp\/v2\/comments?post=13710"}],"version-history":[{"count":7,"href":"https:\/\/blogs.correiobraziliense.com.br\/aricunha\/wp-json\/wp\/v2\/posts\/13710\/revisions"}],"predecessor-version":[{"id":13723,"href":"https:\/\/blogs.correiobraziliense.com.br\/aricunha\/wp-json\/wp\/v2\/posts\/13710\/revisions\/13723"}],"wp:featuredmedia":[{"embeddable":true,"href":"https:\/\/blogs.correiobraziliense.com.br\/aricunha\/wp-json\/wp\/v2\/media\/13720"}],"wp:attachment":[{"href":"https:\/\/blogs.correiobraziliense.com.br\/aricunha\/wp-json\/wp\/v2\/media?parent=13710"}],"wp:term":[{"taxonomy":"category","embeddable":true,"href":"https:\/\/blogs.correiobraziliense.com.br\/aricunha\/wp-json\/wp\/v2\/categories?post=13710"},{"taxonomy":"post_tag","embeddable":true,"href":"https:\/\/blogs.correiobraziliense.com.br\/aricunha\/wp-json\/wp\/v2\/tags?post=13710"}],"curies":[{"name":"wp","href":"https:\/\/api.w.org\/{rel}","templated":true}]}}