{"id":13626,"date":"2019-03-15T01:00:54","date_gmt":"2019-03-15T04:00:54","guid":{"rendered":"https:\/\/blogs.correiobraziliense.com.br\/aricunha\/?p=13626"},"modified":"2019-03-15T15:12:18","modified_gmt":"2019-03-15T18:12:18","slug":"ao-contrario-da-escolas-os-bancos-sabem-como-proteger-seus-tesouros","status":"publish","type":"post","link":"https:\/\/blogs.correiobraziliense.com.br\/aricunha\/ao-contrario-da-escolas-os-bancos-sabem-como-proteger-seus-tesouros\/","title":{"rendered":"Ao contr\u00e1rio das escolas, os bancos sabem como proteger seus tesouros"},"content":{"rendered":"<p>VISTO, LIDO E OUVIDO Criada por Ari Cunha (In memoriam)<\/p>\n<p>Desde 1960 Com Circe Cunha e Mamfil<\/p>\n<p>jornalistacircecunha@gmail.com<\/p>\n<p>Facebook.com\/vistolidoeouvido<\/p>\n<p>Instagram.com\/vistolidoeouvido<\/p>\n<p>&nbsp;<\/p>\n<figure id=\"attachment_13628\" aria-describedby=\"caption-attachment-13628\" style=\"width: 653px\" class=\"wp-caption aligncenter\"><img loading=\"lazy\" decoding=\"async\" class=\" wp-image-13628\" src=\"https:\/\/blogs.correiobraziliense.com.br\/aricunha\/wp-content\/uploads\/sites\/13\/2019\/03\/tragedia-suzano_29.jpg\" alt=\"\" width=\"653\" height=\"435\" srcset=\"https:\/\/blogs.correiobraziliense.com.br\/aricunha\/wp-content\/uploads\/sites\/13\/2019\/03\/tragedia-suzano_29.jpg 920w, https:\/\/blogs.correiobraziliense.com.br\/aricunha\/wp-content\/uploads\/sites\/13\/2019\/03\/tragedia-suzano_29-300x200.jpg 300w, https:\/\/blogs.correiobraziliense.com.br\/aricunha\/wp-content\/uploads\/sites\/13\/2019\/03\/tragedia-suzano_29-768x512.jpg 768w, https:\/\/blogs.correiobraziliense.com.br\/aricunha\/wp-content\/uploads\/sites\/13\/2019\/03\/tragedia-suzano_29-350x233.jpg 350w, https:\/\/blogs.correiobraziliense.com.br\/aricunha\/wp-content\/uploads\/sites\/13\/2019\/03\/tragedia-suzano_29-550x366.jpg 550w, https:\/\/blogs.correiobraziliense.com.br\/aricunha\/wp-content\/uploads\/sites\/13\/2019\/03\/tragedia-suzano_29-230x153.jpg 230w\" sizes=\"auto, (max-width: 653px) 100vw, 653px\" \/><figcaption id=\"caption-attachment-13628\" class=\"wp-caption-text\">Foto: Heitor Feitosa\/VEJA.com<\/figcaption><\/figure>\n<p>&nbsp;<\/p>\n<p>\u00c9 em massacres, como o ocorrido agora na Escola Estadual Raul Brasil, em Suzano, na Grande S\u00e3o Paulo, vitimando cinco alunos, duas funcion\u00e1rias desse estabelecimento e o propriet\u00e1rio de uma loja de ve\u00edculos na cidade, que algumas das mais importantes autoridades brasileiras revelam n\u00e3o s\u00f3 a miudeza de car\u00e1ter, como o despreparo para lidar com a administra\u00e7\u00e3o de um pa\u00eds complexo como o Brasil, sobretudo diante de fatos inusitados como trag\u00e9dias dessa natureza.<\/p>\n<p>Ali\u00e1s, \u00e9 de trag\u00e9dia em trag\u00e9dia, de esquecimento em esquecimento que vamos construindo alguns dos mais tristes cap\u00edtulos de nossa longa hist\u00f3ria de viol\u00eancia. Seguindo o extenso fio que levam \u00e0s causas do cometimento dessa barb\u00e1rie, \u00e9 poss\u00edvel encontrar, a meio caminho, a\u00e7\u00f5es e medidas definidas por essas mesmas autoridades que, direta ou indiretamente, deram sua parcela de contribui\u00e7\u00e3o para o desfecho desse crime.<\/p>\n<p>A quest\u00e3o primeira que se imp\u00f5e, e talvez a mais fundamental, diz respeito \u00e0 total falta de controle nas portarias das escolas p\u00fablica em todo o pa\u00eds. Os bancos, lembra um cidad\u00e3o an\u00f4nimo, mant\u00e9m diuturnamente seguran\u00e7as armados e controle eletr\u00f4nicos r\u00edgidos na entrada de seus estabelecimentos para a prote\u00e7\u00e3o de seu dinheiro. Por que o mesmo n\u00e3o pode ser feito em todas as escolas do pa\u00eds que abrigam riquezas infinitamente superiores aos bens materiais? Questiona esse mesmo cidad\u00e3o. A uma coloca\u00e7\u00e3o certeira como essa se contrapuseram dezenas de manifesta\u00e7\u00f5es oportunistas vindas de diversas autoridades, que melhor fariam se guardassem sil\u00eancio em respeito aos mortos. Para alguns pol\u00edticos, obviamente da oposi\u00e7\u00e3o, a trag\u00e9dia \u00e9 resultado direto das a\u00e7\u00f5es do atual governo visando abrandar o acesso \u00e0s armas pelos cidad\u00e3os. Mensagens enviadas pelas redes sociais mostram que para alguns profissionais da pol\u00edtica, que nem merecem ser citados, aproveitando o ocorrido para fazer proselitismo e angariar vantagens pol\u00edtico eleitorais.<\/p>\n<p>Outros mais ousados chegam a culpar diretamente o atual governo pelo fato. Esquecem esses pol\u00edticos que, na ponta inicial do fio, que conduziu a esses crimes, est\u00e3o a malversa\u00e7\u00e3o do dinheiro p\u00fablico, a corrup\u00e7\u00e3o e a leni\u00eancia com atos criminosos, praticados contra a administra\u00e7\u00e3o p\u00fablica, que retiram recursos preciosos que poderiam equipar escolas com equipamentos de seguran\u00e7a e garantir o direito \u00e0 vida desses inocentes. Gela a coluna vertebral pensar que o Supremo Tribunal Federal, guardi\u00e3o da Constitui\u00e7\u00e3o, possa cogitar em qualquer circunst\u00e2ncia abrandar pena para a malversa\u00e7\u00e3o do dinheiro p\u00fablico. Verba surrupiada \u00e9 verba n\u00e3o aplicada em sa\u00fade, educa\u00e7\u00e3o, transporte, seguran\u00e7a, alimenta\u00e7\u00e3o, trabalho, direitos amparados pela Carta Magna.<\/p>\n<p>O fato desse tipo de trag\u00e9dia n\u00e3o ser corriqueiro em nossas escolas, de nada serve para adiar, ainda mais, um plano nacional para assegurar que os alunos possam, ao menos, sair vivos das escolas, j\u00e1 que a qualidade do ensino n\u00e3o \u00e9 l\u00e1 essas coisas. Nesse sentido, ao lado de a\u00e7\u00f5es como a chamada militariza\u00e7\u00e3o das escolas, que trouxe militares aposentados para ajudar na administra\u00e7\u00e3o de algumas escolas p\u00fablicas aqui no Distrito Federal, que medidas efetivas o GDF vem fazendo no sentido de prevenir que massacres como esse n\u00e3o venham ocorrer nas escolas e universidades da capital?<\/p>\n<p>&nbsp;<\/p>\n<p><strong>A frase que foi pronunciada:<\/strong><\/p>\n<p><em>\u201cQue me desculpem os editores que optam por esta abordagem mas, na minha opini\u00e3o, exibir as imagens do ataque \u00e0 escola de Suzano n\u00e3o ajuda ningu\u00e9m, \u00e9 um desrespeito \u00e0s v\u00edtimas, um incentivo a desequilibrados e psicopatas e alimenta pesadelos de crian\u00e7as, adolescentes e pais.\u201d<\/em><\/p>\n<p>@MarceloLins68, pelo Twitter<\/p>\n<figure id=\"attachment_13634\" aria-describedby=\"caption-attachment-13634\" style=\"width: 549px\" class=\"wp-caption aligncenter\"><img loading=\"lazy\" decoding=\"async\" class=\" wp-image-13634\" src=\"https:\/\/blogs.correiobraziliense.com.br\/aricunha\/wp-content\/uploads\/sites\/13\/2019\/03\/imagem-para-a-frase-1.jpg\" alt=\"\" width=\"549\" height=\"456\" srcset=\"https:\/\/blogs.correiobraziliense.com.br\/aricunha\/wp-content\/uploads\/sites\/13\/2019\/03\/imagem-para-a-frase-1.jpg 960w, https:\/\/blogs.correiobraziliense.com.br\/aricunha\/wp-content\/uploads\/sites\/13\/2019\/03\/imagem-para-a-frase-1-300x249.jpg 300w, https:\/\/blogs.correiobraziliense.com.br\/aricunha\/wp-content\/uploads\/sites\/13\/2019\/03\/imagem-para-a-frase-1-768x637.jpg 768w, https:\/\/blogs.correiobraziliense.com.br\/aricunha\/wp-content\/uploads\/sites\/13\/2019\/03\/imagem-para-a-frase-1-350x290.jpg 350w, https:\/\/blogs.correiobraziliense.com.br\/aricunha\/wp-content\/uploads\/sites\/13\/2019\/03\/imagem-para-a-frase-1-550x456.jpg 550w, https:\/\/blogs.correiobraziliense.com.br\/aricunha\/wp-content\/uploads\/sites\/13\/2019\/03\/imagem-para-a-frase-1-230x191.jpg 230w\" sizes=\"auto, (max-width: 549px) 100vw, 549px\" \/><figcaption id=\"caption-attachment-13634\" class=\"wp-caption-text\">Charge do Latuff<\/figcaption><\/figure>\n<p>&nbsp;<\/p>\n<p><strong>Realmente virtual<\/strong><\/p>\n<p>Por falar em Twitter, estamos tamb\u00e9m no Instagram. \u00c9 bem pr\u00e1tico participar, comentar e compartilhar. Sejam todos muito bem-vindos!<\/p>\n<p>Busque na lupa <a href=\"https:\/\/www.instagram.com\/vistolidoeouvido\/?hl=pt-br\">#vistolidoeouvido<\/a><\/p>\n<p><img loading=\"lazy\" decoding=\"async\" class=\" wp-image-13630 aligncenter\" src=\"https:\/\/blogs.correiobraziliense.com.br\/aricunha\/wp-content\/uploads\/sites\/13\/2019\/03\/Capturar-5.jpg\" alt=\"\" width=\"546\" height=\"319\" srcset=\"https:\/\/blogs.correiobraziliense.com.br\/aricunha\/wp-content\/uploads\/sites\/13\/2019\/03\/Capturar-5.jpg 989w, https:\/\/blogs.correiobraziliense.com.br\/aricunha\/wp-content\/uploads\/sites\/13\/2019\/03\/Capturar-5-300x175.jpg 300w, https:\/\/blogs.correiobraziliense.com.br\/aricunha\/wp-content\/uploads\/sites\/13\/2019\/03\/Capturar-5-768x449.jpg 768w, https:\/\/blogs.correiobraziliense.com.br\/aricunha\/wp-content\/uploads\/sites\/13\/2019\/03\/Capturar-5-350x205.jpg 350w, https:\/\/blogs.correiobraziliense.com.br\/aricunha\/wp-content\/uploads\/sites\/13\/2019\/03\/Capturar-5-550x321.jpg 550w, https:\/\/blogs.correiobraziliense.com.br\/aricunha\/wp-content\/uploads\/sites\/13\/2019\/03\/Capturar-5-230x134.jpg 230w\" sizes=\"auto, (max-width: 546px) 100vw, 546px\" \/><\/p>\n<p>&nbsp;<\/p>\n<p><strong>Men\u00e7\u00e3o honrosa<\/strong><\/p>\n<p>Pacientes atendidos na UPA do Valparaiso de Goi\u00e1s n\u00e3o poupam elogios ao bom atendimento. As instala\u00e7\u00f5es confort\u00e1veis, m\u00e9dicos gentis e prestativos e todo o corpo de enfermagem muito atencioso. P\u00e1bio Mossor\u00f3, prefeito do local (nascido em Sobradinho), e toda equipe t\u00eam mostrado seriedade no que fazem.<\/p>\n<figure id=\"attachment_13631\" aria-describedby=\"caption-attachment-13631\" style=\"width: 545px\" class=\"wp-caption aligncenter\"><img loading=\"lazy\" decoding=\"async\" class=\" wp-image-13631\" src=\"https:\/\/blogs.correiobraziliense.com.br\/aricunha\/wp-content\/uploads\/sites\/13\/2019\/03\/53673256_877322555937099_4703550738914082816_n.jpg\" alt=\"\" width=\"545\" height=\"363\" srcset=\"https:\/\/blogs.correiobraziliense.com.br\/aricunha\/wp-content\/uploads\/sites\/13\/2019\/03\/53673256_877322555937099_4703550738914082816_n.jpg 960w, https:\/\/blogs.correiobraziliense.com.br\/aricunha\/wp-content\/uploads\/sites\/13\/2019\/03\/53673256_877322555937099_4703550738914082816_n-300x200.jpg 300w, https:\/\/blogs.correiobraziliense.com.br\/aricunha\/wp-content\/uploads\/sites\/13\/2019\/03\/53673256_877322555937099_4703550738914082816_n-768x512.jpg 768w, https:\/\/blogs.correiobraziliense.com.br\/aricunha\/wp-content\/uploads\/sites\/13\/2019\/03\/53673256_877322555937099_4703550738914082816_n-350x233.jpg 350w, https:\/\/blogs.correiobraziliense.com.br\/aricunha\/wp-content\/uploads\/sites\/13\/2019\/03\/53673256_877322555937099_4703550738914082816_n-550x367.jpg 550w, https:\/\/blogs.correiobraziliense.com.br\/aricunha\/wp-content\/uploads\/sites\/13\/2019\/03\/53673256_877322555937099_4703550738914082816_n-230x153.jpg 230w\" sizes=\"auto, (max-width: 545px) 100vw, 545px\" \/><figcaption id=\"caption-attachment-13631\" class=\"wp-caption-text\">Foto: facebook.com\/pabiomossoro<\/figcaption><\/figure>\n<p><strong>\u00a0<\/strong><\/p>\n<p><strong>Isso posto<\/strong><\/p>\n<p>Contribui\u00e7\u00e3o e Imposto divergem no arb\u00edtrio. S\u00f3 contribui quem quer, mas se a taxa for imposta, o pagamento \u00e9 obrigat\u00f3rio. A atividade sindical \u00e9 sustentada pelos associados que acreditam na import\u00e2ncia desse trabalho, portanto devem contribuir voluntariamente para a manuten\u00e7\u00e3o desse empreendimento.<\/p>\n<figure id=\"attachment_13632\" aria-describedby=\"caption-attachment-13632\" style=\"width: 550px\" class=\"wp-caption aligncenter\"><img loading=\"lazy\" decoding=\"async\" class=\" wp-image-13632\" src=\"https:\/\/blogs.correiobraziliense.com.br\/aricunha\/wp-content\/uploads\/sites\/13\/2019\/03\/imposto-sindical.jpg\" alt=\"\" width=\"550\" height=\"354\" srcset=\"https:\/\/blogs.correiobraziliense.com.br\/aricunha\/wp-content\/uploads\/sites\/13\/2019\/03\/imposto-sindical.jpg 650w, https:\/\/blogs.correiobraziliense.com.br\/aricunha\/wp-content\/uploads\/sites\/13\/2019\/03\/imposto-sindical-300x193.jpg 300w, https:\/\/blogs.correiobraziliense.com.br\/aricunha\/wp-content\/uploads\/sites\/13\/2019\/03\/imposto-sindical-350x226.jpg 350w, https:\/\/blogs.correiobraziliense.com.br\/aricunha\/wp-content\/uploads\/sites\/13\/2019\/03\/imposto-sindical-550x355.jpg 550w, https:\/\/blogs.correiobraziliense.com.br\/aricunha\/wp-content\/uploads\/sites\/13\/2019\/03\/imposto-sindical-230x148.jpg 230w\" sizes=\"auto, (max-width: 550px) 100vw, 550px\" \/><figcaption id=\"caption-attachment-13632\" class=\"wp-caption-text\">Charge de nanihumor.com<\/figcaption><\/figure>\n<p>&nbsp;<\/p>\n<p><strong>Coragem<\/strong><\/p>\n<p>Com a destrui\u00e7\u00e3o do pinheiral do Parano\u00e1 e a emin\u00eancia de constru\u00e7\u00e3o de centenas de pr\u00e9dios, h\u00e1 a possibilidade de reaver o projeto da ponte do Setor de Mans\u00f5es do Lago Norte, para a Pen\u00ednsula Norte at\u00e9 a UnB. Resta saber quem ir\u00e1 enfrentar o lote ocupado que foi desapropriado anos atr\u00e1s para este fim.<\/p>\n<p><iframe loading=\"lazy\" title=\"Projeto da ponte do Lago Norte ligando a UnB e Sobradinho\" width=\"1440\" height=\"810\" src=\"https:\/\/www.youtube.com\/embed\/aFlEXKzLang?feature=oembed\" frameborder=\"0\" allow=\"accelerometer; autoplay; clipboard-write; encrypted-media; gyroscope; picture-in-picture; web-share\" referrerpolicy=\"strict-origin-when-cross-origin\" allowfullscreen><\/iframe><\/p>\n<p>&nbsp;<\/p>\n<p><strong>HIST\u00d3RIA DE BRAS\u00cdLIA<\/strong><\/p>\n<p>Impr\u00f3pria, tremendamente impr\u00f3pria, a localiza\u00e7\u00e3o do Centro de Telex, em frente ao bloco 11 da superquadra 208. Uma obra naquele local s\u00f3 poderia ter sido autorizada por um inimigo de Bras\u00edlia. \u00c9 tempo ainda, doutor Sette. N\u00e3o come\u00e7aram as funda\u00e7\u00f5es do edif\u00edcio que construir\u00e3o no meio do asfalto. <strong>(Publicado em 15.11.1961)<\/strong><\/p>\n","protected":false},"excerpt":{"rendered":"<p>VISTO, LIDO E OUVIDO Criada por Ari Cunha (In memoriam) Desde 1960 Com Circe Cunha e Mamfil jornalistacircecunha@gmail.com Facebook.com\/vistolidoeouvido Instagram.com\/vistolidoeouvido &nbsp; &nbsp; \u00c9 em massacres, como o ocorrido agora na Escola Estadual Raul Brasil, em Suzano, na Grande S\u00e3o Paulo, vitimando cinco alunos, duas funcion\u00e1rias desse estabelecimento e o propriet\u00e1rio de uma loja de ve\u00edculos na cidade, que algumas das [&hellip;]<\/p>\n","protected":false},"author":34,"featured_media":13628,"comment_status":"open","ping_status":"open","sticky":false,"template":"","format":"standard","meta":{"footnotes":""},"categories":[23],"tags":[1456,114,1455,1457,1454,68,2,69,16],"class_list":["post-13626","post","type-post","status-publish","format-standard","has-post-thumbnail","hentry","category-integra","tag-escolaraulbrasil","tag-historiadebrasilia","tag-massacreemescola","tag-segurancanasescolas","tag-suzano","tag-aricunha","tag-brasilia","tag-circecunha","tag-mamfil"],"_links":{"self":[{"href":"https:\/\/blogs.correiobraziliense.com.br\/aricunha\/wp-json\/wp\/v2\/posts\/13626","targetHints":{"allow":["GET"]}}],"collection":[{"href":"https:\/\/blogs.correiobraziliense.com.br\/aricunha\/wp-json\/wp\/v2\/posts"}],"about":[{"href":"https:\/\/blogs.correiobraziliense.com.br\/aricunha\/wp-json\/wp\/v2\/types\/post"}],"author":[{"embeddable":true,"href":"https:\/\/blogs.correiobraziliense.com.br\/aricunha\/wp-json\/wp\/v2\/users\/34"}],"replies":[{"embeddable":true,"href":"https:\/\/blogs.correiobraziliense.com.br\/aricunha\/wp-json\/wp\/v2\/comments?post=13626"}],"version-history":[{"count":5,"href":"https:\/\/blogs.correiobraziliense.com.br\/aricunha\/wp-json\/wp\/v2\/posts\/13626\/revisions"}],"predecessor-version":[{"id":13637,"href":"https:\/\/blogs.correiobraziliense.com.br\/aricunha\/wp-json\/wp\/v2\/posts\/13626\/revisions\/13637"}],"wp:featuredmedia":[{"embeddable":true,"href":"https:\/\/blogs.correiobraziliense.com.br\/aricunha\/wp-json\/wp\/v2\/media\/13628"}],"wp:attachment":[{"href":"https:\/\/blogs.correiobraziliense.com.br\/aricunha\/wp-json\/wp\/v2\/media?parent=13626"}],"wp:term":[{"taxonomy":"category","embeddable":true,"href":"https:\/\/blogs.correiobraziliense.com.br\/aricunha\/wp-json\/wp\/v2\/categories?post=13626"},{"taxonomy":"post_tag","embeddable":true,"href":"https:\/\/blogs.correiobraziliense.com.br\/aricunha\/wp-json\/wp\/v2\/tags?post=13626"}],"curies":[{"name":"wp","href":"https:\/\/api.w.org\/{rel}","templated":true}]}}