{"id":13613,"date":"2019-03-14T01:00:52","date_gmt":"2019-03-14T04:00:52","guid":{"rendered":"https:\/\/blogs.correiobraziliense.com.br\/aricunha\/?p=13613"},"modified":"2019-03-13T23:32:25","modified_gmt":"2019-03-14T02:32:25","slug":"laranjal-e-feminicidio-mostram-um-brasil-que-nao-respeita-suas-mulheres","status":"publish","type":"post","link":"https:\/\/blogs.correiobraziliense.com.br\/aricunha\/laranjal-e-feminicidio-mostram-um-brasil-que-nao-respeita-suas-mulheres\/","title":{"rendered":"Laranjal e feminic\u00eddio mostram um Brasil que n\u00e3o respeita suas mulheres"},"content":{"rendered":"<p>VISTO, LIDO E OUVIDO Criada por Ari Cunha (In memoriam)<\/p>\n<p>Desde 1960 Com Circe Cunha e Mamfil<\/p>\n<p>jornalistacircecunha@gmail.com<\/p>\n<p>Facebook.com\/vistolidoeouvido<\/p>\n<p>Instagram.com\/vistolidoeouvido<\/p>\n<p>&nbsp;<\/p>\n<figure id=\"attachment_13615\" aria-describedby=\"caption-attachment-13615\" style=\"width: 604px\" class=\"wp-caption aligncenter\"><img loading=\"lazy\" decoding=\"async\" class=\"size-full wp-image-13615\" src=\"https:\/\/blogs.correiobraziliense.com.br\/aricunha\/wp-content\/uploads\/sites\/13\/2019\/03\/mulher.jpg\" alt=\"\" width=\"604\" height=\"492\" srcset=\"https:\/\/blogs.correiobraziliense.com.br\/aricunha\/wp-content\/uploads\/sites\/13\/2019\/03\/mulher.jpg 604w, https:\/\/blogs.correiobraziliense.com.br\/aricunha\/wp-content\/uploads\/sites\/13\/2019\/03\/mulher-300x244.jpg 300w, https:\/\/blogs.correiobraziliense.com.br\/aricunha\/wp-content\/uploads\/sites\/13\/2019\/03\/mulher-350x285.jpg 350w, https:\/\/blogs.correiobraziliense.com.br\/aricunha\/wp-content\/uploads\/sites\/13\/2019\/03\/mulher-550x448.jpg 550w, https:\/\/blogs.correiobraziliense.com.br\/aricunha\/wp-content\/uploads\/sites\/13\/2019\/03\/mulher-230x187.jpg 230w\" sizes=\"auto, (max-width: 604px) 100vw, 604px\" \/><figcaption id=\"caption-attachment-13615\" class=\"wp-caption-text\">Charge do Moises Cartuns<\/figcaption><\/figure>\n<p>&nbsp;<\/p>\n<p>Dados fornecidos pelo N\u00facleo da Viol\u00eancia da Universidade de S\u00e3o Paulo (USP), em conjunto com o F\u00f3rum Brasileiro de Seguran\u00e7a P\u00fablica, mostraram que a cada duas horas, aproximadamente, uma mulher \u00e9 morta de forma violenta em nosso pa\u00eds. O grau de viol\u00eancia que tem nas mulheres, de todas as idades e das mais variadas camadas sociais, seu principal alvo, demonstra, de forma cabal, que existem em nossa popula\u00e7\u00e3o uma patologia e uma anomalia de tal propor\u00e7\u00e3o, que n\u00e3o seria exagerado considerar que a sociedade brasileira parece rumar para sua pr\u00f3pria desintegra\u00e7\u00e3o. Observem que esse \u00e9 um dado ver\u00eddico que apresenta apenas aqueles casos que culminaram com a morte, de forma absolutamente criminosa dessas mulheres. Se formos levar em conta tamb\u00e9m as den\u00fancias feitas formalmente por mulheres que foram v\u00edtimas de viol\u00eancia dom\u00e9stica, de amea\u00e7as e de ass\u00e9dios sexuais, de estupros e mesmo ass\u00e9dios morais praticados nos locais de trabalho, os registros n\u00e3o deixam d\u00favidas de que ser mulher nesse pa\u00eds \u00e9 uma miss\u00e3o que envolve alt\u00edssimos riscos.<\/p>\n<p>O que mais chama a aten\u00e7\u00e3o nesses dados \u00e9 que esse tipo de crime vem aumentando a uma taxa de quase 10% ao ano, isso, de acordo apenas com as estat\u00edsticas oficiais. Ocorre que esse tipo de viol\u00eancia, quando praticada por pessoa da fam\u00edlia, n\u00e3o chega, sequer, a ser denunciada \u00e0s autoridades. Da\u00ed que muitos acreditam que os dados reais, relativos \u00e0s pr\u00e1ticas de viol\u00eancia contra as brasileiras s\u00e3o estarrecedores. De t\u00e3o recorrentes e b\u00e1rbaros, foi preciso o estabelecimento de uma nova tipicidade de crime, no caso o feminic\u00eddio, como forma de conter essa escalada de viol\u00eancia. Infelizmente, a cria\u00e7\u00e3o de delegacias especiais para o atendimento de mulheres e mesmo o advento de Leis como a Maria da Penha e a inclus\u00e3o do feminic\u00eddio como crime hediondo, com endurecimento severo nas penas, n\u00e3o tiveram o cond\u00e3o de abrandar os registros de viol\u00eancia praticada contra as mulheres no Brasil.<\/p>\n<p>Al\u00e9m da viol\u00eancia f\u00edsica e moral, as mulheres s\u00e3o v\u00edtimas tamb\u00e9m de uma outra forma de crime, aceita por muitos como fatos de menor import\u00e2ncia, mas que demonstram um certo comportamento mis\u00f3gino enraizado em nossa cultura h\u00e1 s\u00e9culos. As discrimina\u00e7\u00f5es no ambiente de trabalho com as diferen\u00e7as salarias entre homens e mulheres e as oportunidades diferentes de crescimento dentro da profiss\u00e3o, evidenciam essas injusti\u00e7as mesmo em pleno s\u00e9culo XXI.<\/p>\n<p>Um outro caso de flagrante discrimina\u00e7\u00e3o contra as mulheres ocorreu durante as \u00faltimas elei\u00e7\u00f5es. Para burlar a lei eleitoral, que obriga uma cota m\u00ednima de 30% de mulheres na lista de candidatos ao Legislativo, muitos partidos, passaram a adotar a estrat\u00e9gia de candidaturas do tipo laranja, na qual mulheres s\u00e3o inscritas, n\u00e3o realizam campanhas e devolvem o dinheiro do fundo eleitoral e partid\u00e1rio diretamente para os caciques desses partidos, que d\u00e3o a destina\u00e7\u00e3o que bem querem a esses recursos p\u00fablicos. Com isso, a representa\u00e7\u00e3o feminina no Congresso e nas Assembleias Legislativas permanecem desiguais, em torno de 30%, isso para um pa\u00eds onde em cada dez habitantes, 5 s\u00e3o do sexo feminino.<\/p>\n<p>Esse fato n\u00e3o \u00e9 apenas um desrespeito e um crime praticado contra as mulheres, mas um grave delito contra a pr\u00f3pria democracia representativa e o futuro do pa\u00eds.<\/p>\n<p>&nbsp;<\/p>\n<p>&nbsp;<\/p>\n<p><strong>A frase que foi pronunciada:<\/strong><\/p>\n<p><em>\u201cNingu\u00e9m \u00e9 dotado de tamanho esp\u00edrito filantr\u00f3pico que se disponha a investir com o prop\u00f3sito de empregar. O empres\u00e1rio investe movido pela ambi\u00e7\u00e3o de ganhar dinheiro. Entre o equipamento de alto rendimento que lhe amplia o lucro e o recrutamento, sele\u00e7\u00e3o, treinamento e administra\u00e7\u00e3o da m\u00e3o de obra inst\u00e1vel, o empres\u00e1rio n\u00e3o vacila. Afinal, a m\u00e1quina \u00e9 fria, n\u00e3o tem aspira\u00e7\u00f5es, n\u00e3o reclama, n\u00e3o tem ideologia.\u201d<\/em><\/p>\n<p>Dr. Almir Pazzianotto, advogado, ex- ministro do TST, ex-ministro do Trabalho<\/p>\n<p>&nbsp;<\/p>\n<p>&nbsp;<\/p>\n<p><strong>Profissional<\/strong><\/p>\n<p>Deu o que falar a postagem de Paulinho Duque no Programa Bronca da Pesada de Ariquemes. O garoto, da APAE, com uma voz afinad\u00edssima e suave, flutua como uma pena enquanto canta Hear me Now, do DJ Alok. A postagem tem, at\u00e9 agora, 728.530 curtidas no perfil do DJ no Instagram.<\/p>\n<figure id=\"attachment_13616\" aria-describedby=\"caption-attachment-13616\" style=\"width: 548px\" class=\"wp-caption aligncenter\"><img loading=\"lazy\" decoding=\"async\" class=\" wp-image-13616\" src=\"https:\/\/blogs.correiobraziliense.com.br\/aricunha\/wp-content\/uploads\/sites\/13\/2019\/03\/Paulinho.jpg\" alt=\"\" width=\"548\" height=\"267\" srcset=\"https:\/\/blogs.correiobraziliense.com.br\/aricunha\/wp-content\/uploads\/sites\/13\/2019\/03\/Paulinho.jpg 937w, https:\/\/blogs.correiobraziliense.com.br\/aricunha\/wp-content\/uploads\/sites\/13\/2019\/03\/Paulinho-300x146.jpg 300w, https:\/\/blogs.correiobraziliense.com.br\/aricunha\/wp-content\/uploads\/sites\/13\/2019\/03\/Paulinho-768x374.jpg 768w, https:\/\/blogs.correiobraziliense.com.br\/aricunha\/wp-content\/uploads\/sites\/13\/2019\/03\/Paulinho-350x170.jpg 350w, https:\/\/blogs.correiobraziliense.com.br\/aricunha\/wp-content\/uploads\/sites\/13\/2019\/03\/Paulinho-550x268.jpg 550w, https:\/\/blogs.correiobraziliense.com.br\/aricunha\/wp-content\/uploads\/sites\/13\/2019\/03\/Paulinho-230x112.jpg 230w\" sizes=\"auto, (max-width: 548px) 100vw, 548px\" \/><figcaption id=\"caption-attachment-13616\" class=\"wp-caption-text\">Print: Reprodu\u00e7\u00e3o\/Instagram<\/figcaption><\/figure>\n<p>&nbsp;<\/p>\n<p><iframe loading=\"lazy\" title=\"Hear Me Now - Alok, Bruno Martini Feat Zeeba | Paulinho Duque (cover)\" width=\"1440\" height=\"810\" src=\"https:\/\/www.youtube.com\/embed\/WyiYQnW780w?start=11&amp;feature=oembed\" frameborder=\"0\" allow=\"accelerometer; autoplay; clipboard-write; encrypted-media; gyroscope; picture-in-picture; web-share\" referrerpolicy=\"strict-origin-when-cross-origin\" allowfullscreen><\/iframe><\/p>\n<p>&nbsp;<\/p>\n<p>&nbsp;<\/p>\n<p><strong>Agenda<\/strong><\/p>\n<p>Veja a seguir toda a programa\u00e7\u00e3o do Cine Le Corbusier para o m\u00eas de mar\u00e7o, na Embaixada da Fran\u00e7a. \u00c9 bom lembrar que a sala s\u00f3 comporta 120 pessoas. Veja tamb\u00e9m a programa\u00e7\u00e3o de mar\u00e7o a junho do Circo Liter\u00e1rio na Biblioteca Nacional.<\/p>\n<p>&#8211;&gt; Link para mais informa\u00e7\u00f5es:\u00a0<a href=\"http:\/\/www.institutfrancaisdubresil.com.br\/evento\/programao-do-cinema-le-corbusier-maro-2019\">Programa\u00e7\u00e3o do Cinema Le Corbusier \u2013 Mar\u00e7o 2019<\/a><\/p>\n<p><img loading=\"lazy\" decoding=\"async\" class=\"size-full wp-image-13620 aligncenter\" src=\"https:\/\/blogs.correiobraziliense.com.br\/aricunha\/wp-content\/uploads\/sites\/13\/2019\/03\/1-1.jpg\" alt=\"\" width=\"508\" height=\"472\" srcset=\"https:\/\/blogs.correiobraziliense.com.br\/aricunha\/wp-content\/uploads\/sites\/13\/2019\/03\/1-1.jpg 508w, https:\/\/blogs.correiobraziliense.com.br\/aricunha\/wp-content\/uploads\/sites\/13\/2019\/03\/1-1-300x279.jpg 300w, https:\/\/blogs.correiobraziliense.com.br\/aricunha\/wp-content\/uploads\/sites\/13\/2019\/03\/1-1-350x325.jpg 350w, https:\/\/blogs.correiobraziliense.com.br\/aricunha\/wp-content\/uploads\/sites\/13\/2019\/03\/1-1-230x214.jpg 230w\" sizes=\"auto, (max-width: 508px) 100vw, 508px\" \/> <img loading=\"lazy\" decoding=\"async\" class=\"size-full wp-image-13621 aligncenter\" src=\"https:\/\/blogs.correiobraziliense.com.br\/aricunha\/wp-content\/uploads\/sites\/13\/2019\/03\/2.jpg\" alt=\"\" width=\"509\" height=\"477\" srcset=\"https:\/\/blogs.correiobraziliense.com.br\/aricunha\/wp-content\/uploads\/sites\/13\/2019\/03\/2.jpg 509w, https:\/\/blogs.correiobraziliense.com.br\/aricunha\/wp-content\/uploads\/sites\/13\/2019\/03\/2-300x281.jpg 300w, https:\/\/blogs.correiobraziliense.com.br\/aricunha\/wp-content\/uploads\/sites\/13\/2019\/03\/2-350x328.jpg 350w, https:\/\/blogs.correiobraziliense.com.br\/aricunha\/wp-content\/uploads\/sites\/13\/2019\/03\/2-230x216.jpg 230w\" sizes=\"auto, (max-width: 509px) 100vw, 509px\" \/><\/p>\n<p>&nbsp;<\/p>\n<p>&#8211;&gt; Mais informa\u00e7\u00f5es sobre\u00a0<b>O Circo Liter\u00e1rio da Palha\u00e7a Biliska na Biblioteca Nacional<\/b><\/p>\n<div class=\"gmail_quote\">\n<div dir=\"ltr\">\n<div><em><b>O Circo Liter\u00e1rio da Palha\u00e7a Biliska na Biblioteca Nacional<\/b><\/em><\/div>\n<div><em>Ser\u00e3o 15 apresenta\u00e7\u00f5es, uma por semana, com conta\u00e7\u00e3o de hist\u00f3rias, indica\u00e7\u00e3o de livros, m\u00e1gicas, pintura de rosto para as crian\u00e7as, teatro\u00a0de bonecos, cantigas de roda e brincadeiras populares<\/em><\/div>\n<div><\/div>\n<p><em>Circo e literatura de m\u00e3os dadas com muitas atividades, com censura indicativa livre e com acesso gratuito, \u00e9 a proposta do Circo Liter\u00e1rio da Palha\u00e7a Biliska que ter\u00e1 sua primeira apresenta\u00e7\u00e3o neste domingo (17\/03), das 16h \u00e0s 18h, no\u00a0hall\u00a0de entrada da Biblioteca Nacional de Bras\u00edlia. Ser\u00e3o 15 apresenta\u00e7\u00f5es, uma por semana, com conta\u00e7\u00e3o de hist\u00f3rias, indica\u00e7\u00e3o de livros, m\u00e1gicas, pintura de rosto para as crian\u00e7as, teatro de bonecos, cantigas de roda e brincadeiras populares. Esse projeto conta com o patroc\u00ednio do Fundo de Apoio \u00e0 Cutura do DF (FAC\/DF).<\/em><\/p>\n<p><em>Por meio de parceria, o projeto foi inclu\u00eddo na programa\u00e7\u00e3o do Movimento Bras\u00edlia Leitora, criado em conjunto entre a C\u00e2mara do Livro do DF, o Instituto Latinoamerica e o Sindicato dos Escritores do DF.\u00a0 \u00a0<\/em><\/p>\n<p><em><b>Palha\u00e7a Biliska<\/b><\/em><br \/>\n<em>O projeto consiste em ocupa\u00e7\u00e3o na Biblioteca Nacional de Bras\u00edlia por meio de interven\u00e7\u00f5es circenses da palha\u00e7a BILISKA interpretada por Daiane kelly Siqueira Santana, artista que em 2018 completou 10 anos de estudos, pesquisas e atua\u00e7\u00e3o na arte da palha\u00e7aria.\u00a0<\/em><\/p>\n<p><em>A ocupa\u00e7\u00e3o \u00e9 intitulada O CIRCO LITER\u00c1RIO DA PALHA\u00c7A BILISKA. Uma vez por semana a palha\u00e7a BILISKA montar\u00e1 seu circo po\u00e9tico na biblioteca.&#8221;A interven\u00e7\u00e3o \u00e9 livre para todas as idades e contar\u00e1 muito improviso e participa\u00e7\u00e3o do p\u00fablico&#8221;, explica Daiane Kelly.\u00a0<\/em><\/p>\n<p><em>A artista explica que o p\u00fablico alvo ser\u00e1 de crian\u00e7as\/estudantes entre 04 e 13 anos, al\u00e9m de pais e familiares.\u00a0<\/em><\/p>\n<p><em>&#8220;Ser\u00e1 uma ocupa\u00e7\u00e3o tranquila na \u00e1rea externa da biblioteca com sonoridade adequada para n\u00e3o atrapalhar a concentra\u00e7\u00e3o dos frequentadores.\u00a0<\/em><br \/>\n<em>A Interven\u00e7\u00e3o ter\u00e1 a dura\u00e7\u00e3o de 2 horas \u00a0com disponibilidade para atender algumas turmas de escolas que visitarem a biblioteca. Teremos no espa\u00e7o al\u00e9m de cen\u00e1rio do circo, um ba\u00fa com livros pra trocas, al\u00e9m de outros utens\u00edlios de palha\u00e7aria, formando a imagem po\u00e9tica de um pequeno circo guarda-sol \u00a0A proposta visa estimular a produ\u00e7\u00e3o, a frui\u00e7\u00e3o e a difus\u00e3o das obras liter\u00e1rias com \u00a0com o apoio da arte circense&#8221;, finalizou a palha\u00e7a Biliska.<\/em><\/p>\n<\/div>\n<div dir=\"ltr\"><\/div>\n<div><em><b>Cronograma das apresenta\u00e7\u00f5es<\/b><\/em><\/div>\n<div><em>Mar\u00e7o:<b>\u00a017, 24 e 21<\/b><\/em><\/div>\n<div><em>Abril:<b>\u00a007,14, 21 e 28<\/b><\/em><\/div>\n<div><em>Maio:<b>\u00a005,12, 19 e 26<\/b><\/em><\/div>\n<div><em>Junho:\u00a0<b>02, 09,16 e 23<\/b><\/em><\/div>\n<div><\/div>\n<div dir=\"ltr\">\n<div><em><b>Servi\u00e7o:<\/b><\/em><\/div>\n<div>\n<div><em>O que:\u00a0<b>1a. apresenta\u00e7\u00e3o de O Circo Liter\u00e1rio da Palha\u00e7a Biliska na Biblioteca Nacional<\/b><\/em><br \/>\n<em>Ser\u00e3o 15 apresenta\u00e7\u00f5es, uma por semana, com conta\u00e7\u00e3o de hist\u00f3rias, indica\u00e7\u00e3o de livros, m\u00e1gicas, pintura de rosto para as crian\u00e7as, teatro de bonecos, cantigas de roda e brincadeiras populares<\/em><br \/>\n<em>Quando:\u00a0<b>Domingo (17\/03), das 16h \u00e0s 18h<\/b><\/em><\/div>\n<div><em>Onde:<b>\u00a0Hall de entrada da Biblioteca Nacional de Bras\u00edlia<\/b><\/em><br \/>\n<em>Esse projeto conta com o patroc\u00ednio do Fundo de Apoio \u00e0 Cutura do DF (FAC\/DF).<\/em><\/div>\n<\/div>\n<\/div>\n<\/div>\n<p>&nbsp;<\/p>\n<div><em><b>Assessoria de Imprensa<\/b><\/em><\/div>\n<div><em>Marcos Linhares &#8211; (61)- 99905-5905<\/em><\/div>\n<p><img loading=\"lazy\" decoding=\"async\" class=\" wp-image-13623 aligncenter\" src=\"https:\/\/blogs.correiobraziliense.com.br\/aricunha\/wp-content\/uploads\/sites\/13\/2019\/03\/WhatsApp-Image-2019-03-12-at-21.04.57-1-1-1-1-1-1-1-1.jpeg\" alt=\"\" width=\"507\" height=\"593\" srcset=\"https:\/\/blogs.correiobraziliense.com.br\/aricunha\/wp-content\/uploads\/sites\/13\/2019\/03\/WhatsApp-Image-2019-03-12-at-21.04.57-1-1-1-1-1-1-1-1.jpeg 1094w, https:\/\/blogs.correiobraziliense.com.br\/aricunha\/wp-content\/uploads\/sites\/13\/2019\/03\/WhatsApp-Image-2019-03-12-at-21.04.57-1-1-1-1-1-1-1-1-256x300.jpeg 256w, https:\/\/blogs.correiobraziliense.com.br\/aricunha\/wp-content\/uploads\/sites\/13\/2019\/03\/WhatsApp-Image-2019-03-12-at-21.04.57-1-1-1-1-1-1-1-1-768x899.jpeg 768w, https:\/\/blogs.correiobraziliense.com.br\/aricunha\/wp-content\/uploads\/sites\/13\/2019\/03\/WhatsApp-Image-2019-03-12-at-21.04.57-1-1-1-1-1-1-1-1-875x1024.jpeg 875w, https:\/\/blogs.correiobraziliense.com.br\/aricunha\/wp-content\/uploads\/sites\/13\/2019\/03\/WhatsApp-Image-2019-03-12-at-21.04.57-1-1-1-1-1-1-1-1-299x350.jpeg 299w, https:\/\/blogs.correiobraziliense.com.br\/aricunha\/wp-content\/uploads\/sites\/13\/2019\/03\/WhatsApp-Image-2019-03-12-at-21.04.57-1-1-1-1-1-1-1-1-550x644.jpeg 550w, https:\/\/blogs.correiobraziliense.com.br\/aricunha\/wp-content\/uploads\/sites\/13\/2019\/03\/WhatsApp-Image-2019-03-12-at-21.04.57-1-1-1-1-1-1-1-1-230x269.jpeg 230w\" sizes=\"auto, (max-width: 507px) 100vw, 507px\" \/><\/p>\n<p>&nbsp;<\/p>\n<p>&nbsp;<\/p>\n<p><strong>Pauta<\/strong><\/p>\n<p>Entre os dias 22 e 23 de mar\u00e7o, acontece, na capital federal, a Jornada Brasil Central de Mastologia. O Congresso organizado pela Sociedade Brasileira de Mastologia, que acontece no Centro Internacional de Conven\u00e7\u00f5es do Brasil \u2013 CICB, re\u00fane diversos especialistas renomados da \u00e1rea de sa\u00fade. Entre eles, a m\u00e9dica oncologista Ludmila Thommen, que coordena umas das mesas redondas de debate no evento. Junto a outros profissionais, a oncologista ir\u00e1 falar sobre o processo de imunoterapia aplicado ao c\u00e2ncer de mama.<\/p>\n<p>Link para mais informa\u00e7\u00f5es:\u00a0<a href=\"http:\/\/www.sbmastologia.com.br\/medicos\/eventos\/jornada-brasil-central-de-mastologia\/\">http:\/\/www.sbmastologia.com.br<\/a><\/p>\n<p><img loading=\"lazy\" decoding=\"async\" class=\" wp-image-13618 aligncenter\" src=\"https:\/\/blogs.correiobraziliense.com.br\/aricunha\/wp-content\/uploads\/sites\/13\/2019\/03\/WhatsApp-Image-2019-01-07-at-14.56.45-1.jpeg\" alt=\"\" width=\"524\" height=\"894\" srcset=\"https:\/\/blogs.correiobraziliense.com.br\/aricunha\/wp-content\/uploads\/sites\/13\/2019\/03\/WhatsApp-Image-2019-01-07-at-14.56.45-1.jpeg 600w, https:\/\/blogs.correiobraziliense.com.br\/aricunha\/wp-content\/uploads\/sites\/13\/2019\/03\/WhatsApp-Image-2019-01-07-at-14.56.45-1-176x300.jpeg 176w, https:\/\/blogs.correiobraziliense.com.br\/aricunha\/wp-content\/uploads\/sites\/13\/2019\/03\/WhatsApp-Image-2019-01-07-at-14.56.45-1-205x350.jpeg 205w, https:\/\/blogs.correiobraziliense.com.br\/aricunha\/wp-content\/uploads\/sites\/13\/2019\/03\/WhatsApp-Image-2019-01-07-at-14.56.45-1-550x939.jpeg 550w, https:\/\/blogs.correiobraziliense.com.br\/aricunha\/wp-content\/uploads\/sites\/13\/2019\/03\/WhatsApp-Image-2019-01-07-at-14.56.45-1-230x393.jpeg 230w\" sizes=\"auto, (max-width: 524px) 100vw, 524px\" \/><\/p>\n<p>&nbsp;<\/p>\n<p>&nbsp;<\/p>\n<p><strong>HIST\u00d3RIA DE BRAS\u00cdLIA<\/strong><\/p>\n<p>Creio na Lei, creio na Justi\u00e7a, creio nos Homens, quando, longe de um instinto de vingan\u00e7a, ou de benef\u00edcio pessoal, a determina\u00e7\u00e3o abrange a todos, seja qual for o sentido da lei, ou seja, qual for o poder material da pessoa atingida pelo benef\u00edcio ou pela puni\u00e7\u00e3o. <strong>(Publicado em 15.11.1961)<\/strong><\/p>\n","protected":false},"excerpt":{"rendered":"<p>VISTO, LIDO E OUVIDO Criada por Ari Cunha (In memoriam) Desde 1960 Com Circe Cunha e Mamfil jornalistacircecunha@gmail.com Facebook.com\/vistolidoeouvido Instagram.com\/vistolidoeouvido &nbsp; &nbsp; Dados fornecidos pelo N\u00facleo da Viol\u00eancia da Universidade de S\u00e3o Paulo (USP), em conjunto com o F\u00f3rum Brasileiro de Seguran\u00e7a P\u00fablica, mostraram que a cada duas horas, aproximadamente, uma mulher \u00e9 morta de forma violenta em nosso pa\u00eds. [&hellip;]<\/p>\n","protected":false},"author":34,"featured_media":13615,"comment_status":"open","ping_status":"open","sticky":false,"template":"","format":"standard","meta":{"footnotes":""},"categories":[23],"tags":[1452,114,1453,693,1451,68,2,69,16],"class_list":["post-13613","post","type-post","status-publish","format-standard","has-post-thumbnail","hentry","category-integra","tag-feminicidio","tag-historiadebrasilia","tag-igualdadededireitos","tag-leimariadapenha","tag-violenciacontraamulher","tag-aricunha","tag-brasilia","tag-circecunha","tag-mamfil"],"_links":{"self":[{"href":"https:\/\/blogs.correiobraziliense.com.br\/aricunha\/wp-json\/wp\/v2\/posts\/13613","targetHints":{"allow":["GET"]}}],"collection":[{"href":"https:\/\/blogs.correiobraziliense.com.br\/aricunha\/wp-json\/wp\/v2\/posts"}],"about":[{"href":"https:\/\/blogs.correiobraziliense.com.br\/aricunha\/wp-json\/wp\/v2\/types\/post"}],"author":[{"embeddable":true,"href":"https:\/\/blogs.correiobraziliense.com.br\/aricunha\/wp-json\/wp\/v2\/users\/34"}],"replies":[{"embeddable":true,"href":"https:\/\/blogs.correiobraziliense.com.br\/aricunha\/wp-json\/wp\/v2\/comments?post=13613"}],"version-history":[{"count":6,"href":"https:\/\/blogs.correiobraziliense.com.br\/aricunha\/wp-json\/wp\/v2\/posts\/13613\/revisions"}],"predecessor-version":[{"id":13625,"href":"https:\/\/blogs.correiobraziliense.com.br\/aricunha\/wp-json\/wp\/v2\/posts\/13613\/revisions\/13625"}],"wp:featuredmedia":[{"embeddable":true,"href":"https:\/\/blogs.correiobraziliense.com.br\/aricunha\/wp-json\/wp\/v2\/media\/13615"}],"wp:attachment":[{"href":"https:\/\/blogs.correiobraziliense.com.br\/aricunha\/wp-json\/wp\/v2\/media?parent=13613"}],"wp:term":[{"taxonomy":"category","embeddable":true,"href":"https:\/\/blogs.correiobraziliense.com.br\/aricunha\/wp-json\/wp\/v2\/categories?post=13613"},{"taxonomy":"post_tag","embeddable":true,"href":"https:\/\/blogs.correiobraziliense.com.br\/aricunha\/wp-json\/wp\/v2\/tags?post=13613"}],"curies":[{"name":"wp","href":"https:\/\/api.w.org\/{rel}","templated":true}]}}