{"id":13602,"date":"2019-03-13T01:00:37","date_gmt":"2019-03-13T04:00:37","guid":{"rendered":"https:\/\/blogs.correiobraziliense.com.br\/aricunha\/?p=13602"},"modified":"2019-03-12T20:28:15","modified_gmt":"2019-03-12T23:28:15","slug":"por-um-novo-modelo-de-educacao-2","status":"publish","type":"post","link":"https:\/\/blogs.correiobraziliense.com.br\/aricunha\/por-um-novo-modelo-de-educacao-2\/","title":{"rendered":"Por um novo modelo de educa\u00e7\u00e3o"},"content":{"rendered":"<p>VISTO, LIDO E OUVIDO Criada por Ari Cunha (In memoriam)<\/p>\n<p>Desde 1960 Com Circe Cunha e Mamfil<\/p>\n<p>jornalistacircecunha@gmail.com<\/p>\n<p>Facebook.com\/vistolidoeouvido<\/p>\n<p>Instagram.com\/vistolidoeouvido<\/p>\n<p>&nbsp;<\/p>\n<figure id=\"attachment_13611\" aria-describedby=\"caption-attachment-13611\" style=\"width: 680px\" class=\"wp-caption aligncenter\"><img loading=\"lazy\" decoding=\"async\" class=\"size-full wp-image-13611\" src=\"https:\/\/blogs.correiobraziliense.com.br\/aricunha\/wp-content\/uploads\/sites\/13\/2019\/03\/biblioteca-concept-escola.jpg\" alt=\"\" width=\"680\" height=\"453\" srcset=\"https:\/\/blogs.correiobraziliense.com.br\/aricunha\/wp-content\/uploads\/sites\/13\/2019\/03\/biblioteca-concept-escola.jpg 680w, https:\/\/blogs.correiobraziliense.com.br\/aricunha\/wp-content\/uploads\/sites\/13\/2019\/03\/biblioteca-concept-escola-300x200.jpg 300w, https:\/\/blogs.correiobraziliense.com.br\/aricunha\/wp-content\/uploads\/sites\/13\/2019\/03\/biblioteca-concept-escola-350x233.jpg 350w, https:\/\/blogs.correiobraziliense.com.br\/aricunha\/wp-content\/uploads\/sites\/13\/2019\/03\/biblioteca-concept-escola-550x366.jpg 550w, https:\/\/blogs.correiobraziliense.com.br\/aricunha\/wp-content\/uploads\/sites\/13\/2019\/03\/biblioteca-concept-escola-230x153.jpg 230w\" sizes=\"auto, (max-width: 680px) 100vw, 680px\" \/><figcaption id=\"caption-attachment-13611\" class=\"wp-caption-text\">Foto: Germano L\u00fcders\/EXAME<\/figcaption><\/figure>\n<p>&nbsp;<\/p>\n<p>Uma das quest\u00f5es que tem preocupado muito os especialistas em Educa\u00e7\u00e3o \u00e9 saber se o Brasil ter\u00e1 tempo e condi\u00e7\u00f5es para acompanhar e implementar algumas das profundas e r\u00e1pidas transforma\u00e7\u00f5es que est\u00e3o sendo operadas no ensino em boa parte do mundo desenvolvido e que ser\u00e3o de vital import\u00e2ncia nesses novos tempos. Quando se percebe que nem ao menos o b\u00e1sico, como salas de aulas decentes e professores bem remunerados, o pa\u00eds consegue manter, pensar em assuntos como globaliza\u00e7\u00e3o ou aquecimento do planeta e outros temas do cotidiano \u00e9 colocar o carro \u00e0 frente dos bois.<\/p>\n<p>Em pleno limiar do s\u00e9culo XXI, andamos \u00e0s voltas ainda com problemas prim\u00e1rios, como escolas sem teto, sem banheiro, sem refei\u00e7\u00e3o e sem professores. Enquanto isso, o mundo civilizado vai empreendendo profundas revolu\u00e7\u00f5es no ensino, criando escolas bem distantes do modelo tradicional, herdado ainda do s\u00e9culo XVIII. Nesses pa\u00edses, o antigo modelo de ensino vai dando lugar a uma educa\u00e7\u00e3o que valoriza mais as habilidades dos alunos do que as f\u00f3rmulas prontas, aplica a tecnologia e estimula a curiosidade.<\/p>\n<p>Nessas novas escolas, a preocupa\u00e7\u00e3o \u00e9 preparar indiv\u00edduos que possam ser devidamente inseridos num mundo em r\u00e1pida transforma\u00e7\u00e3o e onde muitas das atuais profiss\u00f5es simplesmente ir\u00e3o desaparecer. Educadores modernos concordam que num mundo dominado pela tecnologia, nenhum conte\u00fado educacional, mesmo aqueles ligados \u00e0 linguagem de programa\u00e7\u00e3o, ter\u00e1 valor pr\u00e1tico se n\u00e3o for aplicado ao mundo real.<\/p>\n<p>O ponto fundamental nessa nova escola \u00e9 ensinar a crian\u00e7a a raciocinar, com base no pensamento cr\u00edtico e a partir de problemas reais do dia a dia. Uma dessas novas metodologias\u00a0 em pa\u00edses como a Holanda, Inglaterra, Finl\u00e2ndia e Estados Unidos e que tem chamado a aten\u00e7\u00e3o tamb\u00e9m da pr\u00f3pria organiza\u00e7\u00e3o para a Coopera\u00e7\u00e3o e Desenvolvimento Econ\u00f4mico (OCDE), \u00e9 o Ensino Baseado em Compet\u00eancias (EBC), que tem como objetivo desenvolver habilidades e o racioc\u00ednio das crian\u00e7as, deixando de lado os velhos m\u00e9todos da memoriza\u00e7\u00e3o de conte\u00fados.<\/p>\n<p>Nessa nova modalidade de ensino, os alunos adquirem conhecimento \u00e0 medida em que v\u00e3o desenvolvendo projetos espec\u00edficos. Deixam de existir tamb\u00e9m a divis\u00e3o dos alunos por s\u00e9ries. Pesquisas diversas, ao longo das \u00faltimas d\u00e9cadas, t\u00eam demonstrado que o ensino tradicional, com curr\u00edculos r\u00edgidos e lineares, desenvolvidos de forma r\u00e1pida e num mesmo ritmo para todos, tem, na verdade, levado os alunos a um caminho oposto a uma educa\u00e7\u00e3o hodierna de qualidade.<\/p>\n<p>Para tanto, essa nova pedagogia foca em quatro habilidades centrais, necess\u00e1rias para enfrentar os desafios pr\u00f3prios desse s\u00e9culo e que s\u00e3o a comunica\u00e7\u00e3o, a colabora\u00e7\u00e3o, a criatividade e o pensamento cr\u00edtico. Outro aspecto importante nessa nova abordagem \u00e9 o desenvolvimento nas crian\u00e7as do pensamento \u00e9tico, visando as perspectivas sociais, de forma que o aluno possa adotar decis\u00f5es pensando primeiro nos efeitos que produzir\u00e3o para toda a comunidade.<\/p>\n<p>&nbsp;<\/p>\n<p>&nbsp;<\/p>\n<p><strong>A frase que foi pronunciada:<\/strong><\/p>\n<p><em>\u201cO erro mais frequente na educa\u00e7\u00e3o do filho \u00e9 coloc\u00e1-lo no topo da casa. A sociedade pagar\u00e1 o pre\u00e7o quando algu\u00e9m \u00e9 educado achando-se o centro do universo.\u201d<\/em><\/p>\n<p>I\u00e7ami Tiba, psiquiatra e escritor brasileiro.<\/p>\n<p>&nbsp;<\/p>\n<p>&nbsp;<\/p>\n<p><strong>45 anos<\/strong><\/p>\n<p>Professor Nagib Nassar nos lembra que leciona a disciplina Biodiversidade: forma\u00e7\u00e3o, conserva\u00e7\u00e3o e evolu\u00e7\u00e3o para alunos de p\u00f3s-gradua\u00e7\u00e3o de Bot\u00e2nica, na UnB. Veja, no link dispon\u00edvel abaixo, as fotos do curso. O sucesso est\u00e1 na biodiversidade em esp\u00e9cies silvestres da mandioca Manihot Spp. Alto conte\u00fado proteico e resist\u00eancia a doen\u00e7as.<\/p>\n<p>Link: <a href=\"https:\/\/www.geneconserve.pro.br\/gene_conserve_home.htm\">https:\/\/www.geneconserve.pro.br<\/a><\/p>\n<p><img loading=\"lazy\" decoding=\"async\" class=\"size-full wp-image-13605 aligncenter\" src=\"https:\/\/blogs.correiobraziliense.com.br\/aricunha\/wp-content\/uploads\/sites\/13\/2019\/03\/imagem2.jpg\" alt=\"\" width=\"988\" height=\"200\" srcset=\"https:\/\/blogs.correiobraziliense.com.br\/aricunha\/wp-content\/uploads\/sites\/13\/2019\/03\/imagem2.jpg 988w, https:\/\/blogs.correiobraziliense.com.br\/aricunha\/wp-content\/uploads\/sites\/13\/2019\/03\/imagem2-300x61.jpg 300w, https:\/\/blogs.correiobraziliense.com.br\/aricunha\/wp-content\/uploads\/sites\/13\/2019\/03\/imagem2-768x155.jpg 768w, https:\/\/blogs.correiobraziliense.com.br\/aricunha\/wp-content\/uploads\/sites\/13\/2019\/03\/imagem2-350x71.jpg 350w, https:\/\/blogs.correiobraziliense.com.br\/aricunha\/wp-content\/uploads\/sites\/13\/2019\/03\/imagem2-550x111.jpg 550w, https:\/\/blogs.correiobraziliense.com.br\/aricunha\/wp-content\/uploads\/sites\/13\/2019\/03\/imagem2-230x47.jpg 230w\" sizes=\"auto, (max-width: 988px) 100vw, 988px\" \/><\/p>\n<p>&nbsp;<\/p>\n<p>&nbsp;<\/p>\n<p><strong>Muito boa<\/strong><\/p>\n<p>Sem o nome do autor, Luiz Saboia nos envia o texto de um nordestino trazendo em verso a chuva de xixi no carnaval. Leia a seguir.<\/p>\n<p>&nbsp;<\/p>\n<figure id=\"attachment_13604\" aria-describedby=\"caption-attachment-13604\" style=\"width: 602px\" class=\"wp-caption alignright\"><img loading=\"lazy\" decoding=\"async\" class=\" wp-image-13604\" src=\"https:\/\/blogs.correiobraziliense.com.br\/aricunha\/wp-content\/uploads\/sites\/13\/2019\/03\/twitter-bolsonaro-RNSGcCnnbGv30icii3b71FM-1200x800@GP-Web.jpg\" alt=\"\" width=\"602\" height=\"402\" srcset=\"https:\/\/blogs.correiobraziliense.com.br\/aricunha\/wp-content\/uploads\/sites\/13\/2019\/03\/twitter-bolsonaro-RNSGcCnnbGv30icii3b71FM-1200x800@GP-Web.jpg 1024w, https:\/\/blogs.correiobraziliense.com.br\/aricunha\/wp-content\/uploads\/sites\/13\/2019\/03\/twitter-bolsonaro-RNSGcCnnbGv30icii3b71FM-1200x800@GP-Web-300x200.jpg 300w, https:\/\/blogs.correiobraziliense.com.br\/aricunha\/wp-content\/uploads\/sites\/13\/2019\/03\/twitter-bolsonaro-RNSGcCnnbGv30icii3b71FM-1200x800@GP-Web-768x512.jpg 768w, https:\/\/blogs.correiobraziliense.com.br\/aricunha\/wp-content\/uploads\/sites\/13\/2019\/03\/twitter-bolsonaro-RNSGcCnnbGv30icii3b71FM-1200x800@GP-Web-350x233.jpg 350w, https:\/\/blogs.correiobraziliense.com.br\/aricunha\/wp-content\/uploads\/sites\/13\/2019\/03\/twitter-bolsonaro-RNSGcCnnbGv30icii3b71FM-1200x800@GP-Web-550x367.jpg 550w, https:\/\/blogs.correiobraziliense.com.br\/aricunha\/wp-content\/uploads\/sites\/13\/2019\/03\/twitter-bolsonaro-RNSGcCnnbGv30icii3b71FM-1200x800@GP-Web-230x153.jpg 230w\" sizes=\"auto, (max-width: 602px) 100vw, 602px\" \/><figcaption id=\"caption-attachment-13604\" class=\"wp-caption-text\">Print: Reprodu\u00e7\u00e3o\/Twitter<\/figcaption><\/figure>\n<p><em>&#8211;&gt; Texto de um nordestino<\/em><\/p>\n<p><em>&#8220;Mao Ts\u00e9 Tung fez na China<\/em><br \/>\n<em>Revolu\u00e7\u00e3o Cultural;<\/em><br \/>\n<em>Tentaram fazer na R\u00fassia<\/em><br \/>\n<em>Revolu\u00e7\u00e3o social;<\/em><br \/>\n<em>Querem fazer no Brasil<\/em><br \/>\n<em>Revolu\u00e7\u00e3o urinal.<\/em><\/p>\n<p><em>II<\/em><br \/>\n<em>Em vez de pegar em arma,<\/em><br \/>\n<em>A esquerda d\u00e1 sinal<\/em><br \/>\n<em>De que vai subverter<\/em><br \/>\n<em>Por meio do bacanal:<\/em><br \/>\n<em>Dispara tiro de urina<\/em><br \/>\n<em>No meio do carnaval.<\/em><\/p>\n<p><em>III<\/em><br \/>\n<em>Um artista estrangeiro,<\/em><br \/>\n<em>Com o cabelo sem lavar<\/em><br \/>\n<em>J\u00e1 fazia cinco meses,<\/em><br \/>\n<em>Quase perto de azedar,<\/em><br \/>\n<em>Abaixou-se na avenida,<\/em><br \/>\n<em>Pediu pro outro urinar.<\/em><\/p>\n<p><em>IV<\/em><br \/>\n<em>Foi uma confus\u00e3o danada,<\/em><br \/>\n<em>Com o mijo a borbulhar:<\/em><br \/>\n<em>Correu do meio do cabelo<\/em><br \/>\n<em>Um pediculus capilar<\/em><br \/>\n<em>Que, se n\u00e3o fosse a reforma,<\/em><br \/>\n<em>J\u00e1 ia se aposentar.<\/em><\/p>\n<p><em>V<\/em><br \/>\n<em>Bolsonaro, revoltado<\/em><br \/>\n<em>Com aquela deprava\u00e7\u00e3o,<\/em><br \/>\n<em>Divulgou pelo Twitter,<\/em><br \/>\n<em>Em tom de reprova\u00e7\u00e3o,<\/em><br \/>\n<em>E os mij\u00f5es reagiram<\/em><br \/>\n<em>Pedindo a deposi\u00e7\u00e3o.<\/em><\/p>\n<p><em>VI<\/em><br \/>\n<em>\u2013 \u00c9 uma obscenidade<\/em><br \/>\n<em>Da parte do presidente! -,<\/em><br \/>\n<em>Disse o l\u00edder do PT<\/em><br \/>\n<em>De l\u00e1 do Buraco Quente.<\/em><br \/>\n<em>\u2013 A nossa somente obrava,<\/em><br \/>\n<em>Mas era perto da gente.<\/em><\/p>\n<p><em>VII<\/em><br \/>\n<em>Disse um cara da direita,<\/em><br \/>\n<em>Ajeitando o bacamarte:<\/em><br \/>\n<em>\u2013 Dizem que \u00e9 obsceno,<\/em><br \/>\n<em>Mostrado da nossa parte;<\/em><br \/>\n<em>Mas a esquerda mijando<\/em><br \/>\n<em>\u00c9 uma obra de arte.<\/em><\/p>\n<p><em>VIII<\/em><br \/>\n<em>Come\u00e7a a mobiliza\u00e7\u00e3o<\/em><br \/>\n<em>Com aura de \u201chero\u00edsmo\u201d:<\/em><br \/>\n<em>Z\u00e9 Mij\u00e3o da Guariroba,<\/em><br \/>\n<em>Que \u00e9 avesso ao civismo,<\/em><br \/>\n<em>J\u00e1 convocou um \u201cMija\u00e7o<\/em><br \/>\n<em>De luta contra o fascismo\u201d.<\/em><\/p>\n<p><em>IX<\/em><br \/>\n<em>J\u00e1 fizeram at\u00e9 uma m\u00fasica<\/em><br \/>\n<em>Que embala a revolu\u00e7\u00e3o,<\/em><br \/>\n<em>Que \u00e9 caminhando e mijando<\/em><br \/>\n<em>E dizendo \u201cEle n\u00e3o\u201d,<\/em><br \/>\n<em>Para ver se o povo esquece<\/em><br \/>\n<em>Quem foi que meteu a m\u00e3o.&#8221;<\/em><\/p>\n<p>&nbsp;<\/p>\n<p>&nbsp;<\/p>\n<p><strong>Sem atendimento<\/strong><\/p>\n<p>Depois de todas as garantias \u00e0s empregadas dom\u00e9sticas, se os patr\u00f5es tiverem qualquer d\u00favida sobre o ESocial, n\u00e3o h\u00e1 lugar f\u00edsico para atendimento. Apenas o Fale Conosco ou pelo 0800.<\/p>\n<figure id=\"attachment_13608\" aria-describedby=\"caption-attachment-13608\" style=\"width: 496px\" class=\"wp-caption aligncenter\"><img loading=\"lazy\" decoding=\"async\" class=\" wp-image-13608\" src=\"https:\/\/blogs.correiobraziliense.com.br\/aricunha\/wp-content\/uploads\/sites\/13\/2019\/03\/esocial-1.jpg\" alt=\"\" width=\"496\" height=\"346\" srcset=\"https:\/\/blogs.correiobraziliense.com.br\/aricunha\/wp-content\/uploads\/sites\/13\/2019\/03\/esocial-1.jpg 956w, https:\/\/blogs.correiobraziliense.com.br\/aricunha\/wp-content\/uploads\/sites\/13\/2019\/03\/esocial-1-300x209.jpg 300w, https:\/\/blogs.correiobraziliense.com.br\/aricunha\/wp-content\/uploads\/sites\/13\/2019\/03\/esocial-1-768x536.jpg 768w, https:\/\/blogs.correiobraziliense.com.br\/aricunha\/wp-content\/uploads\/sites\/13\/2019\/03\/esocial-1-350x244.jpg 350w, https:\/\/blogs.correiobraziliense.com.br\/aricunha\/wp-content\/uploads\/sites\/13\/2019\/03\/esocial-1-550x384.jpg 550w, https:\/\/blogs.correiobraziliense.com.br\/aricunha\/wp-content\/uploads\/sites\/13\/2019\/03\/esocial-1-230x160.jpg 230w\" sizes=\"auto, (max-width: 496px) 100vw, 496px\" \/><figcaption id=\"caption-attachment-13608\" class=\"wp-caption-text\">Foto: aarb.org.br<\/figcaption><\/figure>\n<p>&nbsp;<\/p>\n<p>&nbsp;<\/p>\n<p><strong>Nota<\/strong><\/p>\n<p>Essa semana, em uma reuni\u00e3o no Quartel do Comando Geral do Corpo de Bombeiros do DF, foram discutidas as diretrizes para a implanta\u00e7\u00e3o de um Grupo de For\u00e7a Tarefa para o Programa SOS DF Sa\u00fade no combate ao Aedes Aegypti. Todas as Administra\u00e7\u00f5es Regionais estavam presentes.<\/p>\n<figure id=\"attachment_13606\" aria-describedby=\"caption-attachment-13606\" style=\"width: 487px\" class=\"wp-caption aligncenter\"><img loading=\"lazy\" decoding=\"async\" class=\" wp-image-13606\" src=\"https:\/\/blogs.correiobraziliense.com.br\/aricunha\/wp-content\/uploads\/sites\/13\/2019\/03\/INTERNA-1-4.jpg\" alt=\"\" width=\"487\" height=\"325\" srcset=\"https:\/\/blogs.correiobraziliense.com.br\/aricunha\/wp-content\/uploads\/sites\/13\/2019\/03\/INTERNA-1-4.jpg 640w, https:\/\/blogs.correiobraziliense.com.br\/aricunha\/wp-content\/uploads\/sites\/13\/2019\/03\/INTERNA-1-4-300x200.jpg 300w, https:\/\/blogs.correiobraziliense.com.br\/aricunha\/wp-content\/uploads\/sites\/13\/2019\/03\/INTERNA-1-4-350x234.jpg 350w, https:\/\/blogs.correiobraziliense.com.br\/aricunha\/wp-content\/uploads\/sites\/13\/2019\/03\/INTERNA-1-4-550x367.jpg 550w, https:\/\/blogs.correiobraziliense.com.br\/aricunha\/wp-content\/uploads\/sites\/13\/2019\/03\/INTERNA-1-4-230x153.jpg 230w\" sizes=\"auto, (max-width: 487px) 100vw, 487px\" \/><figcaption id=\"caption-attachment-13606\" class=\"wp-caption-text\">Foto: saude.df.gov.br<\/figcaption><\/figure>\n<p>&nbsp;<\/p>\n<p>&nbsp;<\/p>\n<p><strong>Evolu\u00e7\u00e3o?<\/strong><\/p>\n<p>No Brasil (e em Portugal) funcionou a \u201cRoda dos Enjeitados\u201d (ou dos expostos) na Santa Casa de Miseric\u00f3rdia, no Rio de Janeiro, desde 1738; e em S\u00e3o Paulo de 1825 at\u00e9 1950 (a \u00faltima a t\u00ea-la), para receber as crian\u00e7as abandonadas pela m\u00e3e, e cuidar delas at\u00e9 a adolesc\u00eancia. Hoje, a ideia \u00e9 liberar o aborto.<\/p>\n<figure id=\"attachment_13607\" aria-describedby=\"caption-attachment-13607\" style=\"width: 403px\" class=\"wp-caption aligncenter\"><img loading=\"lazy\" decoding=\"async\" class=\"size-full wp-image-13607\" src=\"https:\/\/blogs.correiobraziliense.com.br\/aricunha\/wp-content\/uploads\/sites\/13\/2019\/03\/historia_bebes_2_1607111.jpg\" alt=\"\" width=\"403\" height=\"611\" srcset=\"https:\/\/blogs.correiobraziliense.com.br\/aricunha\/wp-content\/uploads\/sites\/13\/2019\/03\/historia_bebes_2_1607111.jpg 403w, https:\/\/blogs.correiobraziliense.com.br\/aricunha\/wp-content\/uploads\/sites\/13\/2019\/03\/historia_bebes_2_1607111-198x300.jpg 198w, https:\/\/blogs.correiobraziliense.com.br\/aricunha\/wp-content\/uploads\/sites\/13\/2019\/03\/historia_bebes_2_1607111-231x350.jpg 231w, https:\/\/blogs.correiobraziliense.com.br\/aricunha\/wp-content\/uploads\/sites\/13\/2019\/03\/historia_bebes_2_1607111-230x349.jpg 230w\" sizes=\"auto, (max-width: 403px) 100vw, 403px\" \/><figcaption id=\"caption-attachment-13607\" class=\"wp-caption-text\">Ilustra\u00e7\u00e3o: gazetadopovo.com.br<\/figcaption><\/figure>\n<p>&nbsp;<\/p>\n<p>&nbsp;<\/p>\n<p><strong>HIST\u00d3RIA DE BRAS\u00cdLIA<\/strong><\/p>\n<p>At\u00e9 o momento, embora deferida, ainda n\u00e3o foi feita a reintegra\u00e7\u00e3o de posse do apartamento ocupado por um antigo oficial de gabinete do dr. J\u00e2nio Quadros, j\u00e1 desligado de Bras\u00edlia. <strong>(Publicado em 15.11.1961)<\/strong><\/p>\n","protected":false},"excerpt":{"rendered":"<p>VISTO, LIDO E OUVIDO Criada por Ari Cunha (In memoriam) Desde 1960 Com Circe Cunha e Mamfil jornalistacircecunha@gmail.com Facebook.com\/vistolidoeouvido Instagram.com\/vistolidoeouvido &nbsp; &nbsp; Uma das quest\u00f5es que tem preocupado muito os especialistas em Educa\u00e7\u00e3o \u00e9 saber se o Brasil ter\u00e1 tempo e condi\u00e7\u00f5es para acompanhar e implementar algumas das profundas e r\u00e1pidas transforma\u00e7\u00f5es que est\u00e3o sendo operadas no ensino em boa [&hellip;]<\/p>\n","protected":false},"author":34,"featured_media":13611,"comment_status":"open","ping_status":"open","sticky":false,"template":"","format":"standard","meta":{"footnotes":""},"categories":[23],"tags":[604,1450,114,1449,68,2,69,16],"class_list":["post-13602","post","type-post","status-publish","format-standard","has-post-thumbnail","hentry","category-integra","tag-educacaonobrasil","tag-evolucaodoensinoescolar","tag-historiadebrasilia","tag-novasescolasnomundo","tag-aricunha","tag-brasilia","tag-circecunha","tag-mamfil"],"_links":{"self":[{"href":"https:\/\/blogs.correiobraziliense.com.br\/aricunha\/wp-json\/wp\/v2\/posts\/13602","targetHints":{"allow":["GET"]}}],"collection":[{"href":"https:\/\/blogs.correiobraziliense.com.br\/aricunha\/wp-json\/wp\/v2\/posts"}],"about":[{"href":"https:\/\/blogs.correiobraziliense.com.br\/aricunha\/wp-json\/wp\/v2\/types\/post"}],"author":[{"embeddable":true,"href":"https:\/\/blogs.correiobraziliense.com.br\/aricunha\/wp-json\/wp\/v2\/users\/34"}],"replies":[{"embeddable":true,"href":"https:\/\/blogs.correiobraziliense.com.br\/aricunha\/wp-json\/wp\/v2\/comments?post=13602"}],"version-history":[{"count":4,"href":"https:\/\/blogs.correiobraziliense.com.br\/aricunha\/wp-json\/wp\/v2\/posts\/13602\/revisions"}],"predecessor-version":[{"id":13612,"href":"https:\/\/blogs.correiobraziliense.com.br\/aricunha\/wp-json\/wp\/v2\/posts\/13602\/revisions\/13612"}],"wp:featuredmedia":[{"embeddable":true,"href":"https:\/\/blogs.correiobraziliense.com.br\/aricunha\/wp-json\/wp\/v2\/media\/13611"}],"wp:attachment":[{"href":"https:\/\/blogs.correiobraziliense.com.br\/aricunha\/wp-json\/wp\/v2\/media?parent=13602"}],"wp:term":[{"taxonomy":"category","embeddable":true,"href":"https:\/\/blogs.correiobraziliense.com.br\/aricunha\/wp-json\/wp\/v2\/categories?post=13602"},{"taxonomy":"post_tag","embeddable":true,"href":"https:\/\/blogs.correiobraziliense.com.br\/aricunha\/wp-json\/wp\/v2\/tags?post=13602"}],"curies":[{"name":"wp","href":"https:\/\/api.w.org\/{rel}","templated":true}]}}