{"id":13587,"date":"2019-03-12T01:00:26","date_gmt":"2019-03-12T04:00:26","guid":{"rendered":"https:\/\/blogs.correiobraziliense.com.br\/aricunha\/?p=13587"},"modified":"2019-03-11T18:44:06","modified_gmt":"2019-03-11T21:44:06","slug":"brasil-de-motivos-para-os-nossos-cientistas-voltarem","status":"publish","type":"post","link":"https:\/\/blogs.correiobraziliense.com.br\/aricunha\/brasil-de-motivos-para-os-nossos-cientistas-voltarem\/","title":{"rendered":"Brasil, d\u00ea motivos para os nossos cientistas voltarem"},"content":{"rendered":"<p>VISTO, LIDO E OUVIDO Criada por Ari Cunha (In memoriam)<\/p>\n<p>Desde 1960 Com Circe Cunha e Mamfil<\/p>\n<p>jornalistacircecunha@gmail.com<\/p>\n<p>Facebook.com\/vistolidoeouvido<\/p>\n<p>Instagram.com\/vistolidoeouvido<\/p>\n<p>&nbsp;<\/p>\n<figure id=\"attachment_13598\" aria-describedby=\"caption-attachment-13598\" style=\"width: 624px\" class=\"wp-caption aligncenter\"><img loading=\"lazy\" decoding=\"async\" class=\" wp-image-13598\" src=\"https:\/\/blogs.correiobraziliense.com.br\/aricunha\/wp-content\/uploads\/sites\/13\/2019\/03\/4fa44e7fc7f9af0ea967560bd975ff6b.jpg\" alt=\"\" width=\"624\" height=\"444\" srcset=\"https:\/\/blogs.correiobraziliense.com.br\/aricunha\/wp-content\/uploads\/sites\/13\/2019\/03\/4fa44e7fc7f9af0ea967560bd975ff6b.jpg 500w, https:\/\/blogs.correiobraziliense.com.br\/aricunha\/wp-content\/uploads\/sites\/13\/2019\/03\/4fa44e7fc7f9af0ea967560bd975ff6b-300x214.jpg 300w, https:\/\/blogs.correiobraziliense.com.br\/aricunha\/wp-content\/uploads\/sites\/13\/2019\/03\/4fa44e7fc7f9af0ea967560bd975ff6b-350x249.jpg 350w, https:\/\/blogs.correiobraziliense.com.br\/aricunha\/wp-content\/uploads\/sites\/13\/2019\/03\/4fa44e7fc7f9af0ea967560bd975ff6b-230x164.jpg 230w\" sizes=\"auto, (max-width: 624px) 100vw, 624px\" \/><figcaption id=\"caption-attachment-13598\" class=\"wp-caption-text\">Charge do Mariano<\/figcaption><\/figure>\n<p>&nbsp;<\/p>\n<p>Ao lado do capitalismo financeiro, ainda muito forte em nossos dias, o mundo Ocidental passou a experimentar um nov\u00edssimo referencial de riqueza baseado, n\u00e3o mais em bens materiais, mas em algo mais abstrato como o conhecimento e tecnologia.<\/p>\n<p>Hoje, considera-se como pa\u00eds rico, aqueles Estados que det\u00e9m altos padr\u00f5es de educa\u00e7\u00e3o de seu povo e que, portanto, s\u00e3o detentores tamb\u00e9m de alta tecnologia, nos mais diversos ramos da atividade humana. N\u00e3o \u00e9 por outra raz\u00e3o que as maiores empresas do mundo de hoje, s\u00e3o justamente aquelas que exploram os ramos da tecnologia, da biotecnologia, da nanotecnologia, da rob\u00f3tica e outras que possuem seu capital cem por cento investidos em pesquisas avan\u00e7adas. Vale o registro que s\u00e3o muitos os brasileiros que participam de pesquisas de ponta em outros pa\u00edses, dada a falta de est\u00edmulo por aqui.<\/p>\n<p>Em todas essas fases de evolu\u00e7\u00e3o do capitalismo, jamais o Brasil teve um papel de protagonismo, resumindo-se a uma atua\u00e7\u00e3o perif\u00e9rica, quer como exportador de mat\u00e9rias-primas, de m\u00e3o-de-obra barata ou de consumidor dos produtos inventados e produzidos nos pa\u00edses desenvolvidos. Com isso, nosso pa\u00eds adentrou o s\u00e9culo XXI praticamente como era no per\u00edodo colonial: exportador de commodities e de mat\u00e9rias-primas b\u00e1sicas e sem maiores destaques no aspecto de novas tecnologias.<\/p>\n<p>O baixo n\u00edvel escolar da maior parte da popula\u00e7\u00e3o est\u00e1 na base desse atraso em rela\u00e7\u00e3o a outros pa\u00edses, os indicadores internacionais, que aferem nosso n\u00edvel de educa\u00e7\u00e3o e escolariza\u00e7\u00e3o, nos colocam d\u00e9cadas atr\u00e1s de outras na\u00e7\u00f5es e isso, pode ter certeza, tem reflexos diretos em nosso atual est\u00e1gio de desenvolvimento.<\/p>\n<p>Uma simples observa\u00e7\u00e3o em nossos \u00edndices de desenvolvimento humano mostra que ainda permanecemos com os mesmos problemas de s\u00e9culos passados. Nossa eterna crise em educa\u00e7\u00e3o, como lembrou Darcy Ribeiro, n\u00e3o \u00e9 propriamente uma crise, mas um projeto que nos mant\u00e9m presos a um passado de atraso.<\/p>\n<p>Quiser adentrar plenamente o s\u00e9culo XXI, em condi\u00e7\u00f5es de igualdade com outras na\u00e7\u00f5es, o Brasil s\u00f3 tem um caminho: colocar todos os brasileiros em escolas de qualidade, come\u00e7ando, do zero, um ciclo que outros pa\u00edses j\u00e1 experimentam h\u00e1 pelo menos meio s\u00e9culo.<\/p>\n<p>&nbsp;<\/p>\n<p>&nbsp;<\/p>\n<p><strong>A frase que foi pronunciada:<\/strong><\/p>\n<p><em>\u201cAs pessoas s\u00e3o as coisas mais importantes nessa vida. Trate-as como algo precioso, porque \u00e9 exatamente isso que elas s\u00e3o. Assim como o nosso lindo Planeta, todos n\u00f3s somos, ao mesmo tempo, insignificantes perante a imensid\u00e3o do Universo, e muito especiais, pois cada um de n\u00f3s \u00e9 o Universo. Todos somos iguais em ess\u00eancia. N\u00f3s n\u00e3o estamos sozinhos e isolados, quando voc\u00ea fere algu\u00e9m, voc\u00ea fere a si mesmo. Quando voc\u00ea ajuda a algu\u00e9m, voc\u00ea ajuda a si mesmo.\u201d\u00a0 <\/em><\/p>\n<p>Marcos Pontes, ministro da Ci\u00eancia e Tecnologia<\/p>\n<figure id=\"attachment_13590\" aria-describedby=\"caption-attachment-13590\" style=\"width: 486px\" class=\"wp-caption aligncenter\"><img loading=\"lazy\" decoding=\"async\" class=\" wp-image-13590\" src=\"https:\/\/blogs.correiobraziliense.com.br\/aricunha\/wp-content\/uploads\/sites\/13\/2019\/03\/img_8270df.jpg\" alt=\"\" width=\"486\" height=\"324\" srcset=\"https:\/\/blogs.correiobraziliense.com.br\/aricunha\/wp-content\/uploads\/sites\/13\/2019\/03\/img_8270df.jpg 1140w, https:\/\/blogs.correiobraziliense.com.br\/aricunha\/wp-content\/uploads\/sites\/13\/2019\/03\/img_8270df-300x200.jpg 300w, https:\/\/blogs.correiobraziliense.com.br\/aricunha\/wp-content\/uploads\/sites\/13\/2019\/03\/img_8270df-768x512.jpg 768w, https:\/\/blogs.correiobraziliense.com.br\/aricunha\/wp-content\/uploads\/sites\/13\/2019\/03\/img_8270df-1024x683.jpg 1024w, https:\/\/blogs.correiobraziliense.com.br\/aricunha\/wp-content\/uploads\/sites\/13\/2019\/03\/img_8270df-350x233.jpg 350w, https:\/\/blogs.correiobraziliense.com.br\/aricunha\/wp-content\/uploads\/sites\/13\/2019\/03\/img_8270df-550x367.jpg 550w, https:\/\/blogs.correiobraziliense.com.br\/aricunha\/wp-content\/uploads\/sites\/13\/2019\/03\/img_8270df-230x153.jpg 230w\" sizes=\"auto, (max-width: 486px) 100vw, 486px\" \/><figcaption id=\"caption-attachment-13590\" class=\"wp-caption-text\">Foto: Marcelo Camargo\/Ag\u00eancia Brasil<\/figcaption><\/figure>\n<p>&nbsp;<\/p>\n<p><strong>Que fria<\/strong><\/p>\n<p>Bem mais barata que a obra do est\u00e1dio de cadeiras vermelhas do DF, a Arena Pantanal est\u00e1 sendo administrada pelo governador Mauro Mendes, que pensa em reservar \u00e1reas para o esporte, a cultura e a educa\u00e7\u00e3o. Durante a Copa, o padr\u00e3o Fifa exigiu dimens\u00e3o certa dos campos, estabeleceu capacidade de p\u00fablico, deu as diretrizes de ilumina\u00e7\u00e3o, localiza\u00e7\u00e3o, seguran\u00e7a, acesso, vesti\u00e1rios, conforto, espa\u00e7o para a m\u00eddia. O padr\u00e3o Fifa n\u00e3o inclui voc\u00ea como investidor.<\/p>\n<figure id=\"attachment_13591\" aria-describedby=\"caption-attachment-13591\" style=\"width: 484px\" class=\"wp-caption aligncenter\"><img loading=\"lazy\" decoding=\"async\" class=\" wp-image-13591\" src=\"https:\/\/blogs.correiobraziliense.com.br\/aricunha\/wp-content\/uploads\/sites\/13\/2019\/03\/Capturar-4.jpg\" alt=\"\" width=\"484\" height=\"273\" srcset=\"https:\/\/blogs.correiobraziliense.com.br\/aricunha\/wp-content\/uploads\/sites\/13\/2019\/03\/Capturar-4.jpg 651w, https:\/\/blogs.correiobraziliense.com.br\/aricunha\/wp-content\/uploads\/sites\/13\/2019\/03\/Capturar-4-300x169.jpg 300w, https:\/\/blogs.correiobraziliense.com.br\/aricunha\/wp-content\/uploads\/sites\/13\/2019\/03\/Capturar-4-350x197.jpg 350w, https:\/\/blogs.correiobraziliense.com.br\/aricunha\/wp-content\/uploads\/sites\/13\/2019\/03\/Capturar-4-550x310.jpg 550w, https:\/\/blogs.correiobraziliense.com.br\/aricunha\/wp-content\/uploads\/sites\/13\/2019\/03\/Capturar-4-230x130.jpg 230w\" sizes=\"auto, (max-width: 484px) 100vw, 484px\" \/><figcaption id=\"caption-attachment-13591\" class=\"wp-caption-text\">Foto: radioglobo.globo.com<\/figcaption><\/figure>\n<p>&nbsp;<\/p>\n<p><strong>Interpreta\u00e7\u00f5es<\/strong><\/p>\n<p>No cafezinho da C\u00e2mara, um grupo de assessores comentava o que o Bolsonaro quis dizer com isso ou com aquilo. A um certo ponto da conversa, um deles chegou ao ponto final. Meu amigo, me diz a verdade. Voc\u00ea n\u00e3o consegue entender o que o Bolsonaro diz e nunca reclamou dos discursos da dona Dilma? Fa\u00e7a-me o favor! Como dizia o Fil\u00f3sofo de Mondubim, foi o mesmo que uma lata de caranguejos despejada. Cada um para um lado.<\/p>\n<p>https:\/\/www.youtube.com\/watch?v=sVvGrcXxXPI<\/p>\n<p>&nbsp;<\/p>\n<p><strong>Decifra ou devoro<\/strong><\/p>\n<p>Ainda h\u00e1 uma d\u00favida quanto ao pagamento de contas. \u00c1gua e Luz s\u00e3o concession\u00e1rias. Mas Net, Claro, Tim n\u00e3o. No Banco do Brasil, a cobran\u00e7a de boletos \u00e9 diferente de conv\u00eanios. Pode parecer estranho, mas Celulares e Internet s\u00e3o tidas como conv\u00eanio e n\u00e3o boletos.<\/p>\n<p>&nbsp;<\/p>\n<p>&nbsp;<\/p>\n<p><strong>Estranho<\/strong><\/p>\n<p>Volta e meia, o bal\u00e3o do Parano\u00e1 que leva ao F\u00f3rum, fica com um cheiro insuport\u00e1vel de esgoto. H\u00e1 algo de errado por ali.<\/p>\n<figure id=\"attachment_13597\" aria-describedby=\"caption-attachment-13597\" style=\"width: 1366px\" class=\"wp-caption aligncenter\"><img loading=\"lazy\" decoding=\"async\" class=\"size-full wp-image-13597\" src=\"https:\/\/blogs.correiobraziliense.com.br\/aricunha\/wp-content\/uploads\/sites\/13\/2019\/03\/1.jpg\" alt=\"\" width=\"1366\" height=\"558\" srcset=\"https:\/\/blogs.correiobraziliense.com.br\/aricunha\/wp-content\/uploads\/sites\/13\/2019\/03\/1.jpg 1366w, https:\/\/blogs.correiobraziliense.com.br\/aricunha\/wp-content\/uploads\/sites\/13\/2019\/03\/1-300x123.jpg 300w, https:\/\/blogs.correiobraziliense.com.br\/aricunha\/wp-content\/uploads\/sites\/13\/2019\/03\/1-768x314.jpg 768w, https:\/\/blogs.correiobraziliense.com.br\/aricunha\/wp-content\/uploads\/sites\/13\/2019\/03\/1-1024x418.jpg 1024w, https:\/\/blogs.correiobraziliense.com.br\/aricunha\/wp-content\/uploads\/sites\/13\/2019\/03\/1-350x143.jpg 350w, https:\/\/blogs.correiobraziliense.com.br\/aricunha\/wp-content\/uploads\/sites\/13\/2019\/03\/1-550x225.jpg 550w, https:\/\/blogs.correiobraziliense.com.br\/aricunha\/wp-content\/uploads\/sites\/13\/2019\/03\/1-230x94.jpg 230w\" sizes=\"auto, (max-width: 1366px) 100vw, 1366px\" \/><figcaption id=\"caption-attachment-13597\" class=\"wp-caption-text\">Foto: google.com.br\/maps<\/figcaption><\/figure>\n<p>&nbsp;<\/p>\n<p><strong>Recorrer a quem?<\/strong><\/p>\n<p>Por falar em Parano\u00e1, pior do que o pinheiral completamente devastado, s\u00e3o as festas madrugada a dentro. De sexta a domingo, o barulho \u00e9 infernal. N\u00e3o h\u00e1 amparo para os moradores incomodados, que trabalham cedo.<\/p>\n<p>&nbsp;<\/p>\n<p>&nbsp;<\/p>\n<p><strong>Ufa!<\/strong><\/p>\n<p>A alegria foi geral quando o concerto de hoje, 20h, da Orquestra Sinf\u00f4nica do Teatro Nacional, foi transferido para o Cine Bras\u00edlia. Seria na Escola de M\u00fasica, mas l\u00e1, \u00e9 emo\u00e7\u00e3o demais para os motoristas. Muitos, enquanto est\u00e3o no concerto, t\u00eam seus carros furtados, rodas levadas, vidros quebrados. Abandono total.<\/p>\n<p>&nbsp;<\/p>\n<figure id=\"attachment_13593\" aria-describedby=\"caption-attachment-13593\" style=\"width: 487px\" class=\"wp-caption aligncenter\"><img loading=\"lazy\" decoding=\"async\" class=\" wp-image-13593\" src=\"https:\/\/blogs.correiobraziliense.com.br\/aricunha\/wp-content\/uploads\/sites\/13\/2019\/03\/53478393_542309842925312_8515928504443863040_n-1.jpg\" alt=\"\" width=\"487\" height=\"385\" srcset=\"https:\/\/blogs.correiobraziliense.com.br\/aricunha\/wp-content\/uploads\/sites\/13\/2019\/03\/53478393_542309842925312_8515928504443863040_n-1.jpg 940w, https:\/\/blogs.correiobraziliense.com.br\/aricunha\/wp-content\/uploads\/sites\/13\/2019\/03\/53478393_542309842925312_8515928504443863040_n-1-300x237.jpg 300w, https:\/\/blogs.correiobraziliense.com.br\/aricunha\/wp-content\/uploads\/sites\/13\/2019\/03\/53478393_542309842925312_8515928504443863040_n-1-768x607.jpg 768w, https:\/\/blogs.correiobraziliense.com.br\/aricunha\/wp-content\/uploads\/sites\/13\/2019\/03\/53478393_542309842925312_8515928504443863040_n-1-350x277.jpg 350w, https:\/\/blogs.correiobraziliense.com.br\/aricunha\/wp-content\/uploads\/sites\/13\/2019\/03\/53478393_542309842925312_8515928504443863040_n-1-550x435.jpg 550w, https:\/\/blogs.correiobraziliense.com.br\/aricunha\/wp-content\/uploads\/sites\/13\/2019\/03\/53478393_542309842925312_8515928504443863040_n-1-230x182.jpg 230w\" sizes=\"auto, (max-width: 487px) 100vw, 487px\" \/><figcaption id=\"caption-attachment-13593\" class=\"wp-caption-text\">Cartaz: facebook.com\/supremoencanto<\/figcaption><\/figure>\n<p>&nbsp;<\/p>\n<figure id=\"attachment_13594\" aria-describedby=\"caption-attachment-13594\" style=\"width: 487px\" class=\"wp-caption aligncenter\"><img loading=\"lazy\" decoding=\"async\" class=\" wp-image-13594\" src=\"https:\/\/blogs.correiobraziliense.com.br\/aricunha\/wp-content\/uploads\/sites\/13\/2019\/03\/20150427181342468495i.jpg\" alt=\"\" width=\"487\" height=\"310\" srcset=\"https:\/\/blogs.correiobraziliense.com.br\/aricunha\/wp-content\/uploads\/sites\/13\/2019\/03\/20150427181342468495i.jpg 675w, https:\/\/blogs.correiobraziliense.com.br\/aricunha\/wp-content\/uploads\/sites\/13\/2019\/03\/20150427181342468495i-300x191.jpg 300w, https:\/\/blogs.correiobraziliense.com.br\/aricunha\/wp-content\/uploads\/sites\/13\/2019\/03\/20150427181342468495i-350x223.jpg 350w, https:\/\/blogs.correiobraziliense.com.br\/aricunha\/wp-content\/uploads\/sites\/13\/2019\/03\/20150427181342468495i-550x350.jpg 550w, https:\/\/blogs.correiobraziliense.com.br\/aricunha\/wp-content\/uploads\/sites\/13\/2019\/03\/20150427181342468495i-230x147.jpg 230w\" sizes=\"auto, (max-width: 487px) 100vw, 487px\" \/><figcaption id=\"caption-attachment-13594\" class=\"wp-caption-text\">Foto: Ed Alves\/CB\/D.A Press &#8211; 14\/7\/13<\/figcaption><\/figure>\n<p>&nbsp;<\/p>\n<p><strong>HIST\u00d3RIA DE BRAS\u00cdLIA<\/strong><\/p>\n<p>A carta que transcrevemos abaixo, do dr. Geraldo Andrade Fonteles, \u00e9 sobre a situa\u00e7\u00e3o dos apartamentos ocupados ilegalmente. Os pobres ou ricos, mas desprestigiados, j\u00e1 foram despejados. Falta, agora, que se cumpra a Lei contra os poderosos. <strong>(Publicado em 15.11.1961)<\/strong><\/p>\n","protected":false},"excerpt":{"rendered":"<p>VISTO, LIDO E OUVIDO Criada por Ari Cunha (In memoriam) Desde 1960 Com Circe Cunha e Mamfil jornalistacircecunha@gmail.com Facebook.com\/vistolidoeouvido Instagram.com\/vistolidoeouvido &nbsp; &nbsp; Ao lado do capitalismo financeiro, ainda muito forte em nossos dias, o mundo Ocidental passou a experimentar um nov\u00edssimo referencial de riqueza baseado, n\u00e3o mais em bens materiais, mas em algo mais abstrato como o conhecimento e tecnologia. [&hellip;]<\/p>\n","protected":false},"author":34,"featured_media":13598,"comment_status":"open","ping_status":"open","sticky":false,"template":"","format":"standard","meta":{"footnotes":""},"categories":[23],"tags":[1447,1448,1444,604,114,68,2,69,16],"class_list":["post-13587","post","type-post","status-publish","format-standard","has-post-thumbnail","hentry","category-integra","tag-cienciaetecnologianobrasil","tag-desenvolvimentocientifico","tag-desenvolvimentotecnologico","tag-educacaonobrasil","tag-historiadebrasilia","tag-aricunha","tag-brasilia","tag-circecunha","tag-mamfil"],"_links":{"self":[{"href":"https:\/\/blogs.correiobraziliense.com.br\/aricunha\/wp-json\/wp\/v2\/posts\/13587","targetHints":{"allow":["GET"]}}],"collection":[{"href":"https:\/\/blogs.correiobraziliense.com.br\/aricunha\/wp-json\/wp\/v2\/posts"}],"about":[{"href":"https:\/\/blogs.correiobraziliense.com.br\/aricunha\/wp-json\/wp\/v2\/types\/post"}],"author":[{"embeddable":true,"href":"https:\/\/blogs.correiobraziliense.com.br\/aricunha\/wp-json\/wp\/v2\/users\/34"}],"replies":[{"embeddable":true,"href":"https:\/\/blogs.correiobraziliense.com.br\/aricunha\/wp-json\/wp\/v2\/comments?post=13587"}],"version-history":[{"count":3,"href":"https:\/\/blogs.correiobraziliense.com.br\/aricunha\/wp-json\/wp\/v2\/posts\/13587\/revisions"}],"predecessor-version":[{"id":13599,"href":"https:\/\/blogs.correiobraziliense.com.br\/aricunha\/wp-json\/wp\/v2\/posts\/13587\/revisions\/13599"}],"wp:featuredmedia":[{"embeddable":true,"href":"https:\/\/blogs.correiobraziliense.com.br\/aricunha\/wp-json\/wp\/v2\/media\/13598"}],"wp:attachment":[{"href":"https:\/\/blogs.correiobraziliense.com.br\/aricunha\/wp-json\/wp\/v2\/media?parent=13587"}],"wp:term":[{"taxonomy":"category","embeddable":true,"href":"https:\/\/blogs.correiobraziliense.com.br\/aricunha\/wp-json\/wp\/v2\/categories?post=13587"},{"taxonomy":"post_tag","embeddable":true,"href":"https:\/\/blogs.correiobraziliense.com.br\/aricunha\/wp-json\/wp\/v2\/tags?post=13587"}],"curies":[{"name":"wp","href":"https:\/\/api.w.org\/{rel}","templated":true}]}}