{"id":13573,"date":"2019-03-09T01:00:18","date_gmt":"2019-03-09T04:00:18","guid":{"rendered":"https:\/\/blogs.correiobraziliense.com.br\/aricunha\/?p=13573"},"modified":"2019-03-08T18:05:43","modified_gmt":"2019-03-08T21:05:43","slug":"ser-um-pais-desenvolvido-atraves-da-biodiversidade","status":"publish","type":"post","link":"https:\/\/blogs.correiobraziliense.com.br\/aricunha\/ser-um-pais-desenvolvido-atraves-da-biodiversidade\/","title":{"rendered":"Ser um pa\u00eds desenvolvido atrav\u00e9s da Biodiversidade"},"content":{"rendered":"<p>VISTO, LIDO E OUVIDO Criada por Ari Cunha (In memoriam)<\/p>\n<p>Desde 1960 Com Circe Cunha e Mamfil<\/p>\n<p>jornalistacircecunha@gmail.com<\/p>\n<p>Facebook.com\/vistolidoeouvido<\/p>\n<p>Instagram.com\/vistolidoeouvido<\/p>\n<p>&nbsp;<\/p>\n<figure id=\"attachment_13579\" aria-describedby=\"caption-attachment-13579\" style=\"width: 406px\" class=\"wp-caption alignright\"><img loading=\"lazy\" decoding=\"async\" class=\" wp-image-13579\" src=\"https:\/\/blogs.correiobraziliense.com.br\/aricunha\/wp-content\/uploads\/sites\/13\/2019\/03\/Capturar-3.jpg\" alt=\"\" width=\"406\" height=\"270\" srcset=\"https:\/\/blogs.correiobraziliense.com.br\/aricunha\/wp-content\/uploads\/sites\/13\/2019\/03\/Capturar-3.jpg 527w, https:\/\/blogs.correiobraziliense.com.br\/aricunha\/wp-content\/uploads\/sites\/13\/2019\/03\/Capturar-3-300x200.jpg 300w, https:\/\/blogs.correiobraziliense.com.br\/aricunha\/wp-content\/uploads\/sites\/13\/2019\/03\/Capturar-3-350x233.jpg 350w, https:\/\/blogs.correiobraziliense.com.br\/aricunha\/wp-content\/uploads\/sites\/13\/2019\/03\/Capturar-3-230x153.jpg 230w\" sizes=\"auto, (max-width: 406px) 100vw, 406px\" \/><figcaption id=\"caption-attachment-13579\" class=\"wp-caption-text\">Foto: ambienteenergia.com.br<\/figcaption><\/figure>\n<p>Uma nova economia tropical \u00e9 poss\u00edvel para o pleno desenvolvimento do pa\u00eds. Para tanto, basta que o Brasil invista fundo no conhecimento de sua rica biodiversidade. A avalia\u00e7\u00e3o foi feita por Carlos Nobre, um dos mais renomados cientistas brasileiros da atualidade, conhecido mundialmente por suas pesquisas sobre mudan\u00e7as clim\u00e1ticas globais.<\/p>\n<p>Em sua opini\u00e3o, esse novo modelo de economia tropical deve ser baseado na ci\u00eancia, na tecnologia e na inova\u00e7\u00e3o aplicada ao que chama de \u201cativos biol\u00f3gicos\u201d naturais de nossas florestas. E n\u00e3o \u00e9 s\u00f3 na Amaz\u00f4nia, que \u00e9 a principal deposit\u00e1ria dessa biodiversidade, mas em outros biomas tamb\u00e9m como a Mata Atl\u00e2ntica, e o cerrado, onde essa diversidade biol\u00f3gica \u00e9 enorme e em boa parte ainda desconhecida dos brasileiros.<\/p>\n<p>Essa imensa variedade de plantas e animais \u00e9, em sua avalia\u00e7\u00e3o, resultado de centenas de milh\u00f5es de anos de evolu\u00e7\u00e3o biol\u00f3gica da nossa natureza e deve ser, por isso mesmo, considerada a nossa maior riqueza, nosso maior potencial. \u00c0 medida em que avan\u00e7armos nas pesquisas sobre essa biologia complexa, descobriremos um potencial jamais imaginado que est\u00e1 ali h\u00e1 s\u00e9culos, bem debaixo de nosso nariz.<\/p>\n<p>Para esse pesquisador, somos o \u00fanico pa\u00eds no mundo com essa diversidade biol\u00f3gica e isso vale muito mais do que o gado, a soja ou a explora\u00e7\u00e3o de min\u00e9rios. No seu entendimento, durante o per\u00edodo militar, houve uma certa preocupa\u00e7\u00e3o em tornar o Brasil um pa\u00eds economicamente independente n\u00e3o apenas na \u00e1rea energ\u00e9tica, mas em outros setores.<\/p>\n<p>Naquela ocasi\u00e3o foram constru\u00eddas algumas hidroel\u00e9tricas importantes, investiu-se no biodiesel, no etanol, com destaque tamb\u00e9m para a gera\u00e7\u00e3o de energia el\u00e9trica em usinas nucleares. \u00c9 desse per\u00edodo tamb\u00e9m, e de grande import\u00e2ncia para os anos futuros, a cria\u00e7\u00e3o da Embrapa. Para Carlos Nobre, se naquela mesma \u00e9poca tiv\u00e9ssemos criado tamb\u00e9m a Embrabio, empresa brasileira de aproveitamento econ\u00f4mico da biodiversidade, o Brasil teria uma outra economia. \u201cNesse s\u00e9culo XXI, o maior valor econ\u00f4mico n\u00e3o est\u00e1 mais centrado em bens materiais, nem energia, nem minerais, hoje o referencial de riqueza de uma na\u00e7\u00e3o \u00e9 o conhecimento, afirma o cientista.<\/p>\n<p>Ao insistir na import\u00e2ncia do estudo de nossa biodiversidade, como ela interage e como a natureza resolveu alguns problemas, o cientista acredita que poderemos encontrar uma via que ir\u00e1 nos conduzir \u00e0 uma nova economia, ou mais precisamente no que chama de bioeconomia. Os pa\u00edses desenvolvidos, alerta, j\u00e1 sabem que a bioeconomia ser\u00e1 muito poderosa num futuro pr\u00f3ximo.<\/p>\n<p>A partir de 2030, a Alemanha j\u00e1 projeta que 25% de toda a sua economia estar\u00e1 centrada na bioeconomia, retirando da biologia mais profunda, novas e inusitadas riquezas. Infelizmente, n\u00f3s que temos a maior biodiversidade do mundo ainda n\u00e3o percebemos, de forma clara, todo esse potencial \u00e0 nossa disposi\u00e7\u00e3o.<\/p>\n<p>&nbsp;<\/p>\n<p>&nbsp;<\/p>\n<p><strong>A frase que foi pronunciada:<\/strong><\/p>\n<p><em>\u201cDesde a Revolu\u00e7\u00e3o Industrial, os investimentos em ci\u00eancia e tecnologia provaram ser motores confi\u00e1veis do crescimento econ\u00f4mico. Se o interesse local nesses campos n\u00e3o for regenerado em breve, o estilo de vida confort\u00e1vel com o qual os americanos se acostumaram chegar\u00e1 rapidamente.\u201d<\/em><\/p>\n<p>Neil de Grasse Tyson, divulgador cient\u00edfico, escritor e astrof\u00edsico americano.<\/p>\n<p>&nbsp;<\/p>\n<p><strong>Detran<\/strong><\/p>\n<p>Depois de esperar 1h45 para atendimento no Parano\u00e1, o motorista deixou escapar a vez para dois n\u00fameros apenas e precisou pegar outra senha. Mesmo no lugar de quem n\u00e3o apareceu para o atendimento n\u00e3o \u00e9 permitido receber senha com n\u00famero diverso. Resultado: o dobro de espera. \u00c0s 10h38 eram 8 guich\u00eas e s\u00f3 dois em atendimento. N\u00e3o h\u00e1 como dizer se isso \u00e9 o extremo da rigidez ou uma leve incapacidade de ajuste \u00e0 realidade.<\/p>\n<p><img loading=\"lazy\" decoding=\"async\" class=\" wp-image-13576 aligncenter\" src=\"https:\/\/blogs.correiobraziliense.com.br\/aricunha\/wp-content\/uploads\/sites\/13\/2019\/03\/WhatsApp-Image-2019-03-07-at-10.38.04-1.jpeg\" alt=\"\" width=\"529\" height=\"297\" srcset=\"https:\/\/blogs.correiobraziliense.com.br\/aricunha\/wp-content\/uploads\/sites\/13\/2019\/03\/WhatsApp-Image-2019-03-07-at-10.38.04-1.jpeg 1280w, https:\/\/blogs.correiobraziliense.com.br\/aricunha\/wp-content\/uploads\/sites\/13\/2019\/03\/WhatsApp-Image-2019-03-07-at-10.38.04-1-300x169.jpeg 300w, https:\/\/blogs.correiobraziliense.com.br\/aricunha\/wp-content\/uploads\/sites\/13\/2019\/03\/WhatsApp-Image-2019-03-07-at-10.38.04-1-768x432.jpeg 768w, https:\/\/blogs.correiobraziliense.com.br\/aricunha\/wp-content\/uploads\/sites\/13\/2019\/03\/WhatsApp-Image-2019-03-07-at-10.38.04-1-1024x576.jpeg 1024w, https:\/\/blogs.correiobraziliense.com.br\/aricunha\/wp-content\/uploads\/sites\/13\/2019\/03\/WhatsApp-Image-2019-03-07-at-10.38.04-1-350x197.jpeg 350w, https:\/\/blogs.correiobraziliense.com.br\/aricunha\/wp-content\/uploads\/sites\/13\/2019\/03\/WhatsApp-Image-2019-03-07-at-10.38.04-1-550x309.jpeg 550w, https:\/\/blogs.correiobraziliense.com.br\/aricunha\/wp-content\/uploads\/sites\/13\/2019\/03\/WhatsApp-Image-2019-03-07-at-10.38.04-1-230x129.jpeg 230w\" sizes=\"auto, (max-width: 529px) 100vw, 529px\" \/><\/p>\n<p>&nbsp;<\/p>\n<p><img loading=\"lazy\" decoding=\"async\" class=\"wp-image-13577 aligncenter\" src=\"https:\/\/blogs.correiobraziliense.com.br\/aricunha\/wp-content\/uploads\/sites\/13\/2019\/03\/WhatsApp-Image-2019-03-07-at-10.38.23-1.jpeg\" alt=\"\" width=\"528\" height=\"297\" srcset=\"https:\/\/blogs.correiobraziliense.com.br\/aricunha\/wp-content\/uploads\/sites\/13\/2019\/03\/WhatsApp-Image-2019-03-07-at-10.38.23-1.jpeg 1280w, https:\/\/blogs.correiobraziliense.com.br\/aricunha\/wp-content\/uploads\/sites\/13\/2019\/03\/WhatsApp-Image-2019-03-07-at-10.38.23-1-300x169.jpeg 300w, https:\/\/blogs.correiobraziliense.com.br\/aricunha\/wp-content\/uploads\/sites\/13\/2019\/03\/WhatsApp-Image-2019-03-07-at-10.38.23-1-768x432.jpeg 768w, https:\/\/blogs.correiobraziliense.com.br\/aricunha\/wp-content\/uploads\/sites\/13\/2019\/03\/WhatsApp-Image-2019-03-07-at-10.38.23-1-1024x576.jpeg 1024w, https:\/\/blogs.correiobraziliense.com.br\/aricunha\/wp-content\/uploads\/sites\/13\/2019\/03\/WhatsApp-Image-2019-03-07-at-10.38.23-1-350x197.jpeg 350w, https:\/\/blogs.correiobraziliense.com.br\/aricunha\/wp-content\/uploads\/sites\/13\/2019\/03\/WhatsApp-Image-2019-03-07-at-10.38.23-1-550x309.jpeg 550w, https:\/\/blogs.correiobraziliense.com.br\/aricunha\/wp-content\/uploads\/sites\/13\/2019\/03\/WhatsApp-Image-2019-03-07-at-10.38.23-1-230x129.jpeg 230w\" sizes=\"auto, (max-width: 528px) 100vw, 528px\" \/><\/p>\n<p>&nbsp;<\/p>\n<p><strong>Motos<\/strong><\/p>\n<p>Por falar em Detran, se a verba recebida das multas n\u00e3o for usada para a educa\u00e7\u00e3o dos motoqueiros no tr\u00e2nsito, nosso destino ser\u00e1 o mesmo do Rio e de S\u00e3o Paulo, onde ultrapassam por qualquer lado, andam nos acostamentos, cortam os carros, d\u00e3o chutes nos retrovisores e alteram o escapamento das motos incomodando com o excesso de ru\u00eddo.<\/p>\n<figure id=\"attachment_13578\" aria-describedby=\"caption-attachment-13578\" style=\"width: 529px\" class=\"wp-caption aligncenter\"><img loading=\"lazy\" decoding=\"async\" class=\" wp-image-13578\" src=\"https:\/\/blogs.correiobraziliense.com.br\/aricunha\/wp-content\/uploads\/sites\/13\/2019\/03\/charge-4.jpg\" alt=\"\" width=\"529\" height=\"317\" srcset=\"https:\/\/blogs.correiobraziliense.com.br\/aricunha\/wp-content\/uploads\/sites\/13\/2019\/03\/charge-4.jpg 625w, https:\/\/blogs.correiobraziliense.com.br\/aricunha\/wp-content\/uploads\/sites\/13\/2019\/03\/charge-4-300x180.jpg 300w, https:\/\/blogs.correiobraziliense.com.br\/aricunha\/wp-content\/uploads\/sites\/13\/2019\/03\/charge-4-350x209.jpg 350w, https:\/\/blogs.correiobraziliense.com.br\/aricunha\/wp-content\/uploads\/sites\/13\/2019\/03\/charge-4-550x329.jpg 550w, https:\/\/blogs.correiobraziliense.com.br\/aricunha\/wp-content\/uploads\/sites\/13\/2019\/03\/charge-4-230x138.jpg 230w\" sizes=\"auto, (max-width: 529px) 100vw, 529px\" \/><figcaption id=\"caption-attachment-13578\" class=\"wp-caption-text\">Charge do Bruno<\/figcaption><\/figure>\n<p>&nbsp;<\/p>\n<p><strong>Papa<\/strong><\/p>\n<p>Postado no Facebook do Papa Francisco um desafio f\u00e1cil de cumprir e que pode alegrar muita gente.<\/p>\n<p><img loading=\"lazy\" decoding=\"async\" class=\" wp-image-13575 aligncenter\" src=\"https:\/\/blogs.correiobraziliense.com.br\/aricunha\/wp-content\/uploads\/sites\/13\/2019\/03\/WhatsApp-Image-2019-03-07-at-09.59.09-1.jpeg\" alt=\"\" width=\"419\" height=\"520\" srcset=\"https:\/\/blogs.correiobraziliense.com.br\/aricunha\/wp-content\/uploads\/sites\/13\/2019\/03\/WhatsApp-Image-2019-03-07-at-09.59.09-1.jpeg 750w, https:\/\/blogs.correiobraziliense.com.br\/aricunha\/wp-content\/uploads\/sites\/13\/2019\/03\/WhatsApp-Image-2019-03-07-at-09.59.09-1-242x300.jpeg 242w, https:\/\/blogs.correiobraziliense.com.br\/aricunha\/wp-content\/uploads\/sites\/13\/2019\/03\/WhatsApp-Image-2019-03-07-at-09.59.09-1-282x350.jpeg 282w, https:\/\/blogs.correiobraziliense.com.br\/aricunha\/wp-content\/uploads\/sites\/13\/2019\/03\/WhatsApp-Image-2019-03-07-at-09.59.09-1-550x683.jpeg 550w, https:\/\/blogs.correiobraziliense.com.br\/aricunha\/wp-content\/uploads\/sites\/13\/2019\/03\/WhatsApp-Image-2019-03-07-at-09.59.09-1-230x286.jpeg 230w\" sizes=\"auto, (max-width: 419px) 100vw, 419px\" \/><\/p>\n<p>&nbsp;<\/p>\n<p><strong>A favor<\/strong><\/p>\n<p>Lan\u00e7ada no dia 26 de fevereiro, uma pesquisa no UOL pergunta se voc\u00ea \u00e9 a favor que seu filho fosse filmado cantando o Hino Nacional na escola. O resultado foi o seguinte: 88,73% disseram que sim, 10,87 disseram que n\u00e3o e 0,40 n\u00e3o tinham opini\u00e3o formada sobre o assunto.<\/p>\n<p>Link para acesso \u00e0 pesquisa:\u00a0<a href=\"https:\/\/noticias.uol.com.br\/enquetes\/2019\/02\/26\/voce-e-a-favor-de-que-seu-filho-seja-filmado-ao-cantar-o-hino-nacional-na-escola.htm\">Voc\u00ea \u00e9 a favor de que seu filho seja filmado ao cantar o Hino Nacional na escola?<\/a><\/p>\n<figure id=\"attachment_13544\" aria-describedby=\"caption-attachment-13544\" style=\"width: 529px\" class=\"wp-caption aligncenter\"><img loading=\"lazy\" decoding=\"async\" class=\" wp-image-13544\" src=\"https:\/\/blogs.correiobraziliense.com.br\/aricunha\/wp-content\/uploads\/sites\/13\/2019\/03\/Hino.jpg\" alt=\"\" width=\"529\" height=\"298\" srcset=\"https:\/\/blogs.correiobraziliense.com.br\/aricunha\/wp-content\/uploads\/sites\/13\/2019\/03\/Hino.jpg 900w, https:\/\/blogs.correiobraziliense.com.br\/aricunha\/wp-content\/uploads\/sites\/13\/2019\/03\/Hino-300x169.jpg 300w, https:\/\/blogs.correiobraziliense.com.br\/aricunha\/wp-content\/uploads\/sites\/13\/2019\/03\/Hino-768x432.jpg 768w, https:\/\/blogs.correiobraziliense.com.br\/aricunha\/wp-content\/uploads\/sites\/13\/2019\/03\/Hino-350x197.jpg 350w, https:\/\/blogs.correiobraziliense.com.br\/aricunha\/wp-content\/uploads\/sites\/13\/2019\/03\/Hino-550x309.jpg 550w, https:\/\/blogs.correiobraziliense.com.br\/aricunha\/wp-content\/uploads\/sites\/13\/2019\/03\/Hino-230x129.jpg 230w\" sizes=\"auto, (max-width: 529px) 100vw, 529px\" \/><figcaption id=\"caption-attachment-13544\" class=\"wp-caption-text\">Foto: Rivaldo Gomes -23.fev.2018\/Folhapress<\/figcaption><\/figure>\n<p>&nbsp;<\/p>\n<p><strong>Fakepage?<\/strong><\/p>\n<p>L\u00e1 estava na p\u00e1gina da Pol\u00edcia Federal, quarta-feira de cinzas, afirmando que tudo estaria funcionando at\u00e9 18h30. N\u00e3o estava. A estagi\u00e1ria da Comunica\u00e7\u00e3o Social n\u00e3o havia sido comunicada para passar a informa\u00e7\u00e3o correta a quem ligasse para evitar viagem perdida.<\/p>\n<p>&nbsp;<\/p>\n<p><strong>\u00a0<\/strong><\/p>\n<p><strong>HIST\u00d3RIA DE BRAS\u00cdLIA<\/strong><\/p>\n<p>Lacerdistas desesperados, dentro da Aeron\u00e1utica, est\u00e3o criando incompatibilidades entre aquela corpora\u00e7\u00e3o e o p\u00fablico. Soldado n\u00e3o tem nada a ver com pronunciamentos pol\u00edticos. Sua miss\u00e3o \u00e9 outra. <strong>(Publicado em 14.11.1961)<\/strong><\/p>\n","protected":false},"excerpt":{"rendered":"<p>VISTO, LIDO E OUVIDO Criada por Ari Cunha (In memoriam) Desde 1960 Com Circe Cunha e Mamfil jornalistacircecunha@gmail.com Facebook.com\/vistolidoeouvido Instagram.com\/vistolidoeouvido &nbsp; Uma nova economia tropical \u00e9 poss\u00edvel para o pleno desenvolvimento do pa\u00eds. Para tanto, basta que o Brasil invista fundo no conhecimento de sua rica biodiversidade. A avalia\u00e7\u00e3o foi feita por Carlos Nobre, um dos mais renomados cientistas brasileiros [&hellip;]<\/p>\n","protected":false},"author":34,"featured_media":13579,"comment_status":"open","ping_status":"open","sticky":false,"template":"","format":"standard","meta":{"footnotes":""},"categories":[23],"tags":[1446,1445,114,711,68,2,69,16],"class_list":["post-13573","post","type-post","status-publish","format-standard","has-post-thumbnail","hentry","category-integra","tag-biodiversidadebrasileira","tag-bioeconomia","tag-historiadebrasilia","tag-meioambientenobrasil","tag-aricunha","tag-brasilia","tag-circecunha","tag-mamfil"],"_links":{"self":[{"href":"https:\/\/blogs.correiobraziliense.com.br\/aricunha\/wp-json\/wp\/v2\/posts\/13573","targetHints":{"allow":["GET"]}}],"collection":[{"href":"https:\/\/blogs.correiobraziliense.com.br\/aricunha\/wp-json\/wp\/v2\/posts"}],"about":[{"href":"https:\/\/blogs.correiobraziliense.com.br\/aricunha\/wp-json\/wp\/v2\/types\/post"}],"author":[{"embeddable":true,"href":"https:\/\/blogs.correiobraziliense.com.br\/aricunha\/wp-json\/wp\/v2\/users\/34"}],"replies":[{"embeddable":true,"href":"https:\/\/blogs.correiobraziliense.com.br\/aricunha\/wp-json\/wp\/v2\/comments?post=13573"}],"version-history":[{"count":2,"href":"https:\/\/blogs.correiobraziliense.com.br\/aricunha\/wp-json\/wp\/v2\/posts\/13573\/revisions"}],"predecessor-version":[{"id":13580,"href":"https:\/\/blogs.correiobraziliense.com.br\/aricunha\/wp-json\/wp\/v2\/posts\/13573\/revisions\/13580"}],"wp:featuredmedia":[{"embeddable":true,"href":"https:\/\/blogs.correiobraziliense.com.br\/aricunha\/wp-json\/wp\/v2\/media\/13579"}],"wp:attachment":[{"href":"https:\/\/blogs.correiobraziliense.com.br\/aricunha\/wp-json\/wp\/v2\/media?parent=13573"}],"wp:term":[{"taxonomy":"category","embeddable":true,"href":"https:\/\/blogs.correiobraziliense.com.br\/aricunha\/wp-json\/wp\/v2\/categories?post=13573"},{"taxonomy":"post_tag","embeddable":true,"href":"https:\/\/blogs.correiobraziliense.com.br\/aricunha\/wp-json\/wp\/v2\/tags?post=13573"}],"curies":[{"name":"wp","href":"https:\/\/api.w.org\/{rel}","templated":true}]}}