{"id":13486,"date":"2019-02-24T01:00:09","date_gmt":"2019-02-24T04:00:09","guid":{"rendered":"https:\/\/blogs.correiobraziliense.com.br\/aricunha\/?p=13486"},"modified":"2019-02-22T20:56:24","modified_gmt":"2019-02-22T23:56:24","slug":"prosseguem-as-prebendas-politicas","status":"publish","type":"post","link":"https:\/\/blogs.correiobraziliense.com.br\/aricunha\/prosseguem-as-prebendas-politicas\/","title":{"rendered":"Prosseguem as prebendas pol\u00edticas"},"content":{"rendered":"<p>VISTO, LIDO E OUVIDO Criada por Ari Cunha (In memoriam)<\/p>\n<p>Desde 1960 Com Circe Cunha\u00a0 e Mamfil<\/p>\n<p>jornalistacircecunha@gmail.com<\/p>\n<p>Facebook.com\/vistolidoeouvido<\/p>\n<p>Instagram.com\/vistolidoeouvido<\/p>\n<p>&nbsp;<\/p>\n<figure id=\"attachment_13488\" aria-describedby=\"caption-attachment-13488\" style=\"width: 640px\" class=\"wp-caption aligncenter\"><img loading=\"lazy\" decoding=\"async\" class=\" wp-image-13488\" src=\"https:\/\/blogs.correiobraziliense.com.br\/aricunha\/wp-content\/uploads\/sites\/13\/2019\/02\/1550676678_385935_1550687178_noticia_normal.jpg\" alt=\"\" width=\"640\" height=\"368\" srcset=\"https:\/\/blogs.correiobraziliense.com.br\/aricunha\/wp-content\/uploads\/sites\/13\/2019\/02\/1550676678_385935_1550687178_noticia_normal.jpg 980w, https:\/\/blogs.correiobraziliense.com.br\/aricunha\/wp-content\/uploads\/sites\/13\/2019\/02\/1550676678_385935_1550687178_noticia_normal-300x173.jpg 300w, https:\/\/blogs.correiobraziliense.com.br\/aricunha\/wp-content\/uploads\/sites\/13\/2019\/02\/1550676678_385935_1550687178_noticia_normal-768x442.jpg 768w, https:\/\/blogs.correiobraziliense.com.br\/aricunha\/wp-content\/uploads\/sites\/13\/2019\/02\/1550676678_385935_1550687178_noticia_normal-350x201.jpg 350w, https:\/\/blogs.correiobraziliense.com.br\/aricunha\/wp-content\/uploads\/sites\/13\/2019\/02\/1550676678_385935_1550687178_noticia_normal-550x317.jpg 550w, https:\/\/blogs.correiobraziliense.com.br\/aricunha\/wp-content\/uploads\/sites\/13\/2019\/02\/1550676678_385935_1550687178_noticia_normal-230x132.jpg 230w\" sizes=\"auto, (max-width: 640px) 100vw, 640px\" \/><figcaption id=\"caption-attachment-13488\" class=\"wp-caption-text\">Foto: HANDOUT REUTERS (brasil.elpais.com)<\/figcaption><\/figure>\n<p>&nbsp;<\/p>\n<p>Alimentar expectativas quanto a mudan\u00e7as de comportamento dos pol\u00edticos, com base apenas na renova\u00e7\u00e3o da bancada, com novos nomes, por diversas vezes, ao longo de nossa hist\u00f3ria, tem se mostrado frustrante. O fil\u00f3sofo de Mondubim repetia que na raiz da infelicidade est\u00e1 o desejo. Cessa o desejo, cessa a infelicidade, dizia. O mesmo vale com rela\u00e7\u00e3o as apostas quanto a uma poss\u00edvel tomada de consci\u00eancia por parte da classe pol\u00edtica.<\/p>\n<p>Conhecer\u00e1s o car\u00e1ter de um indiv\u00edduo \u00e0 medida em que lhe forem franqueadas as portas do poder. Dizem as escrituras que at\u00e9 Cristo, durante seu jejum de quarenta dias, sofreu pesado ass\u00e9dio para se corromper, sendo oferecido a Ele n\u00e3o trinta moedas, mas todo o planeta. Diz a cr\u00f4nica que um pol\u00edtico franc\u00eas, a quem ofereceram um milh\u00e3o de francos para ficar em sil\u00eancio sobre o desenrolar de um neg\u00f3cio escuso, teria replicado: D\u00ea-me dois milh\u00f5es e permitam-me tamb\u00e9m contar tudo. Se decep\u00e7\u00e3o matasse, muitos brasileiros, mesmo os mais otimistas, j\u00e1 teriam morrido.<\/p>\n<p>Nem bem iniciou seu governo e o presidente Jair Bolsonaro, a exemplo de in\u00fameros outros no passado, se v\u00ea \u00e0s voltas com o tradicional ass\u00e9dio dos pol\u00edticos, que j\u00e1 adiantaram o valor da conta a ser cobrada pelo bom andamento das reformas. Sem as t\u00e3o necess\u00e1rias e prometidas reformas da Previd\u00eancia e da Seguran\u00e7a P\u00fablica, o atual governo se desmancharia no ar. Os pol\u00edticos sabem dessa possibilidade e aumentam, sem o menor pudor, o valor da nota promiss\u00f3ria. Rasgam o voto de confian\u00e7a dado pelos eleitores.<\/p>\n<p>Foi um erro a Carta Magna trazer no pre\u00e2mbulo \u201cN\u00f3s, os representantes do povo\u201d. Seguindo os legisladores mais experientes deveria estar escrito na Constitui\u00e7\u00e3o do Brasil: \u201cN\u00f3s, o povo brasileiro\u201d.<\/p>\n<p>O mecanismo do toma l\u00e1, d\u00e1 c\u00e1, presente em todas as legislaturas passadas, est\u00e1 mais vivo do que nunca. Os jornais j\u00e1 anunciam inclusive o novo valor a ser creditado na conta dos deputados, para as chamadas emendas parlamentares: R$ 10 milh\u00f5es para cada um. Os mais afoitos para receber essas prebendas, s\u00e3o os parlamentares que formam o chamado \u201ccentr\u00e3o\u201d.<\/p>\n<p>Com a apresenta\u00e7\u00e3o dos textos que tratam dessas duas importantes reformas para o pa\u00eds come\u00e7ar a sair da crise, imediatamente foram erguidos os antigos e odiosos balc\u00f5es de neg\u00f3cios. Neles, tudo \u00e9 barganhado, desde cargos na estrutura do Estado para os indicados pol\u00edticos, passando por emendas ao Or\u00e7amento, at\u00e9 outros agrados feitos pelo governo \u00e0s bases eleitorais desses pol\u00edticos.<\/p>\n<p>Ciente dessas aspira\u00e7\u00f5es pragm\u00e1ticas e ambiciosas da classe pol\u00edtica, que sempre existiram, o governo, que prometeu p\u00f4r um fim nessas modalidades de \u201cnegocia\u00e7\u00f5es\u201d, corre atr\u00e1s do preju\u00edzo e tenta definir um conjunto de medidas e crit\u00e9rios para atender os pol\u00edticos no preenchimento das fun\u00e7\u00f5es de confian\u00e7a na administra\u00e7\u00e3o p\u00fablica.<\/p>\n<p>Na realidade, o tempo para os tr\u00e2mites dos projetos oriundos do Executivo no Congresso \u00e9 praticamente todo consumido apenas durante esses acordos de bastidores que definem as vantagens obtidas por cada um. Com isso, a governabilidade fica submetida a uma esp\u00e9cie de mercad\u00e3o pol\u00edtico.<\/p>\n<p>Apenas para resgatar a hist\u00f3ria de Bras\u00edlia, com a instala\u00e7\u00e3o da C\u00e2mara Legislativa no Distrito Federal, passou a vigorar o mesmo modelo de negocia\u00e7\u00e3o.<\/p>\n<p>Em almo\u00e7o agora, com os deputados distritais o governador Ibaneis Rocha (MDB) prometeu a libera\u00e7\u00e3o de R$ 43 milh\u00f5es em cr\u00e9dito para emendas parlamentares aos 16 novos pol\u00edticos eleitos.<\/p>\n<p>Os antigos j\u00e1 teriam assegurado seu quinh\u00e3o antecipadamente. Para o governo local que se inicia, esse \u00e9 um gesto simb\u00f3lico de aproxima\u00e7\u00e3o. Para a popula\u00e7\u00e3o, principalmente aquela formada por pessoas de bem, o nome dado a esse tipo de acordo \u00e9 outro.<\/p>\n<p>&nbsp;<\/p>\n<p>&nbsp;<\/p>\n<p><strong>A frase que foi pronunciada:<\/strong><\/p>\n<p><em>\u201cCuidar de uma crian\u00e7a \u00e9 melhorar a hip\u00f3tese de ser bem cuidado, quando a idade te tornar novamente crian\u00e7a.\u201d<\/em><\/p>\n<p>Ditado em Mo\u00e7ambique<\/p>\n<figure id=\"attachment_13490\" aria-describedby=\"caption-attachment-13490\" style=\"width: 497px\" class=\"wp-caption aligncenter\"><img loading=\"lazy\" decoding=\"async\" class=\" wp-image-13490\" src=\"https:\/\/blogs.correiobraziliense.com.br\/aricunha\/wp-content\/uploads\/sites\/13\/2019\/02\/b4e2f775843bc0f8f0989b57b65908bd.jpg\" alt=\"\" width=\"497\" height=\"432\" srcset=\"https:\/\/blogs.correiobraziliense.com.br\/aricunha\/wp-content\/uploads\/sites\/13\/2019\/02\/b4e2f775843bc0f8f0989b57b65908bd.jpg 700w, https:\/\/blogs.correiobraziliense.com.br\/aricunha\/wp-content\/uploads\/sites\/13\/2019\/02\/b4e2f775843bc0f8f0989b57b65908bd-300x261.jpg 300w, https:\/\/blogs.correiobraziliense.com.br\/aricunha\/wp-content\/uploads\/sites\/13\/2019\/02\/b4e2f775843bc0f8f0989b57b65908bd-350x304.jpg 350w, https:\/\/blogs.correiobraziliense.com.br\/aricunha\/wp-content\/uploads\/sites\/13\/2019\/02\/b4e2f775843bc0f8f0989b57b65908bd-550x478.jpg 550w, https:\/\/blogs.correiobraziliense.com.br\/aricunha\/wp-content\/uploads\/sites\/13\/2019\/02\/b4e2f775843bc0f8f0989b57b65908bd-230x200.jpg 230w\" sizes=\"auto, (max-width: 497px) 100vw, 497px\" \/><figcaption id=\"caption-attachment-13490\" class=\"wp-caption-text\">Charge do Novaes<\/figcaption><\/figure>\n<p>&nbsp;<\/p>\n<p><strong>Reconhecimento<\/strong><\/p>\n<p>Depois do sucesso da palestra em Nova York, Tereza Borges fez quest\u00e3o de convidar Ilana Trombka para a segunda edi\u00e7\u00e3o do programa que forma lideran\u00e7as femininas, promovido pela universidade de Nova York Columbia, Women&#8217;s Leadership Network.\u00a0 Esse projeto re\u00fane um grupo de 20 mulheres que ocupam cargos estrat\u00e9gicos no setor p\u00fablico e promove treinamentos estrat\u00e9gicos, atividades de networking, mesas redondas, semin\u00e1rios e sess\u00f5es de mentoria no Brasil e no campus da Universidade de Columbia.<\/p>\n<figure id=\"attachment_13489\" aria-describedby=\"caption-attachment-13489\" style=\"width: 493px\" class=\"wp-caption aligncenter\"><img loading=\"lazy\" decoding=\"async\" class=\" wp-image-13489\" src=\"https:\/\/blogs.correiobraziliense.com.br\/aricunha\/wp-content\/uploads\/sites\/13\/2019\/02\/imagem_materia.jpg\" alt=\"\" width=\"493\" height=\"327\" srcset=\"https:\/\/blogs.correiobraziliense.com.br\/aricunha\/wp-content\/uploads\/sites\/13\/2019\/02\/imagem_materia.jpg 860w, https:\/\/blogs.correiobraziliense.com.br\/aricunha\/wp-content\/uploads\/sites\/13\/2019\/02\/imagem_materia-300x199.jpg 300w, https:\/\/blogs.correiobraziliense.com.br\/aricunha\/wp-content\/uploads\/sites\/13\/2019\/02\/imagem_materia-768x509.jpg 768w, https:\/\/blogs.correiobraziliense.com.br\/aricunha\/wp-content\/uploads\/sites\/13\/2019\/02\/imagem_materia-350x232.jpg 350w, https:\/\/blogs.correiobraziliense.com.br\/aricunha\/wp-content\/uploads\/sites\/13\/2019\/02\/imagem_materia-550x365.jpg 550w, https:\/\/blogs.correiobraziliense.com.br\/aricunha\/wp-content\/uploads\/sites\/13\/2019\/02\/imagem_materia-230x152.jpg 230w\" sizes=\"auto, (max-width: 493px) 100vw, 493px\" \/><figcaption id=\"caption-attachment-13489\" class=\"wp-caption-text\">Foto: Jefferson Rudy\/Ag\u00eancia Senado<\/figcaption><\/figure>\n<p>&nbsp;<\/p>\n<p><strong>Contrato<\/strong><\/p>\n<p>Depois do suposto sequestro de duas crian\u00e7as por uma bab\u00e1 no Cruzeiro Novo, seria importante, para a cidade, ter um cadastro \u00fanico de todos os trabalhadores dom\u00e9sticos com todos os dados pessoais. Seria uma seguran\u00e7a m\u00ednima para as fam\u00edlias. S\u00f3 o fato de precisar ser cadastrado j\u00e1 convida os mais s\u00e9rios.<\/p>\n<p>&nbsp;<\/p>\n<p>&nbsp;<\/p>\n<p><strong>HIST\u00d3RIA DE BRAS\u00cdLIA<\/strong><\/p>\n<p>Uma comiss\u00e3o criteriosa nomeada pelo senhor, poderia estudar melhor o assunto, dando aos supermercados a autonomia para comprar verdura sem nota de produtor. A concorr\u00eancia dos supermercados seria o suficiente para colocar o caso em seus devidos termos. <strong>(Publicado em 14.11.1961)<\/strong><\/p>\n","protected":false},"excerpt":{"rendered":"<p>VISTO, LIDO E OUVIDO Criada por Ari Cunha (In memoriam) Desde 1960 Com Circe Cunha\u00a0 e Mamfil jornalistacircecunha@gmail.com Facebook.com\/vistolidoeouvido Instagram.com\/vistolidoeouvido &nbsp; &nbsp; Alimentar expectativas quanto a mudan\u00e7as de comportamento dos pol\u00edticos, com base apenas na renova\u00e7\u00e3o da bancada, com novos nomes, por diversas vezes, ao longo de nossa hist\u00f3ria, tem se mostrado frustrante. O fil\u00f3sofo de Mondubim repetia que na [&hellip;]<\/p>\n","protected":false},"author":34,"featured_media":13488,"comment_status":"open","ping_status":"open","sticky":false,"template":"","format":"standard","meta":{"footnotes":""},"categories":[23],"tags":[114,572,68,2,69,16],"class_list":["post-13486","post","type-post","status-publish","format-standard","has-post-thumbnail","hentry","category-integra","tag-historiadebrasilia","tag-reformadaprevidencia","tag-aricunha","tag-brasilia","tag-circecunha","tag-mamfil"],"_links":{"self":[{"href":"https:\/\/blogs.correiobraziliense.com.br\/aricunha\/wp-json\/wp\/v2\/posts\/13486","targetHints":{"allow":["GET"]}}],"collection":[{"href":"https:\/\/blogs.correiobraziliense.com.br\/aricunha\/wp-json\/wp\/v2\/posts"}],"about":[{"href":"https:\/\/blogs.correiobraziliense.com.br\/aricunha\/wp-json\/wp\/v2\/types\/post"}],"author":[{"embeddable":true,"href":"https:\/\/blogs.correiobraziliense.com.br\/aricunha\/wp-json\/wp\/v2\/users\/34"}],"replies":[{"embeddable":true,"href":"https:\/\/blogs.correiobraziliense.com.br\/aricunha\/wp-json\/wp\/v2\/comments?post=13486"}],"version-history":[{"count":2,"href":"https:\/\/blogs.correiobraziliense.com.br\/aricunha\/wp-json\/wp\/v2\/posts\/13486\/revisions"}],"predecessor-version":[{"id":13491,"href":"https:\/\/blogs.correiobraziliense.com.br\/aricunha\/wp-json\/wp\/v2\/posts\/13486\/revisions\/13491"}],"wp:featuredmedia":[{"embeddable":true,"href":"https:\/\/blogs.correiobraziliense.com.br\/aricunha\/wp-json\/wp\/v2\/media\/13488"}],"wp:attachment":[{"href":"https:\/\/blogs.correiobraziliense.com.br\/aricunha\/wp-json\/wp\/v2\/media?parent=13486"}],"wp:term":[{"taxonomy":"category","embeddable":true,"href":"https:\/\/blogs.correiobraziliense.com.br\/aricunha\/wp-json\/wp\/v2\/categories?post=13486"},{"taxonomy":"post_tag","embeddable":true,"href":"https:\/\/blogs.correiobraziliense.com.br\/aricunha\/wp-json\/wp\/v2\/tags?post=13486"}],"curies":[{"name":"wp","href":"https:\/\/api.w.org\/{rel}","templated":true}]}}