{"id":13467,"date":"2019-02-21T01:00:10","date_gmt":"2019-02-21T04:00:10","guid":{"rendered":"https:\/\/blogs.correiobraziliense.com.br\/aricunha\/?p=13467"},"modified":"2019-02-20T20:13:38","modified_gmt":"2019-02-20T23:13:38","slug":"onde-estava-o-tribunal-do-publico-para-esses-desvios-nao-vi","status":"publish","type":"post","link":"https:\/\/blogs.correiobraziliense.com.br\/aricunha\/onde-estava-o-tribunal-do-publico-para-esses-desvios-nao-vi\/","title":{"rendered":"Onde estava o tribunal do p\u00fablico para esses desvios? N\u00e3o vi."},"content":{"rendered":"<p>VISTO, LIDO E OUVIDO Criada por Ari Cunha (In memoriam)<\/p>\n<p>Desde 1960 Com Circe Cunha\u00a0 e Mamfil<\/p>\n<p>jornalistacircecunha@gmail.com<\/p>\n<p>Facebook.com\/vistolidoeouvido<\/p>\n<p>Instagram.com\/vistolidoeouvido<\/p>\n<p>&nbsp;<\/p>\n<figure id=\"attachment_13471\" aria-describedby=\"caption-attachment-13471\" style=\"width: 756px\" class=\"wp-caption aligncenter\"><img loading=\"lazy\" decoding=\"async\" class=\" wp-image-13471\" src=\"https:\/\/blogs.correiobraziliense.com.br\/aricunha\/wp-content\/uploads\/sites\/13\/2019\/02\/Capturar-1-1.jpg\" alt=\"\" width=\"756\" height=\"503\" srcset=\"https:\/\/blogs.correiobraziliense.com.br\/aricunha\/wp-content\/uploads\/sites\/13\/2019\/02\/Capturar-1-1.jpg 791w, https:\/\/blogs.correiobraziliense.com.br\/aricunha\/wp-content\/uploads\/sites\/13\/2019\/02\/Capturar-1-1-300x199.jpg 300w, https:\/\/blogs.correiobraziliense.com.br\/aricunha\/wp-content\/uploads\/sites\/13\/2019\/02\/Capturar-1-1-768x511.jpg 768w, https:\/\/blogs.correiobraziliense.com.br\/aricunha\/wp-content\/uploads\/sites\/13\/2019\/02\/Capturar-1-1-350x233.jpg 350w, https:\/\/blogs.correiobraziliense.com.br\/aricunha\/wp-content\/uploads\/sites\/13\/2019\/02\/Capturar-1-1-550x366.jpg 550w, https:\/\/blogs.correiobraziliense.com.br\/aricunha\/wp-content\/uploads\/sites\/13\/2019\/02\/Capturar-1-1-230x153.jpg 230w\" sizes=\"auto, (max-width: 756px) 100vw, 756px\" \/><figcaption id=\"caption-attachment-13471\" class=\"wp-caption-text\">Foto: tc.df.gov.br<\/figcaption><\/figure>\n<p>&nbsp;<\/p>\n<p>Chama a aten\u00e7\u00e3o a not\u00edcia dando conta de que o Tribunal de Contas do Distrito Federal (TCDF) autorizou a continuidade do processo licitat\u00f3rio para a gest\u00e3o privada do agora chamado Arenaplex, que inclui al\u00e9m do Est\u00e1dio Nacional Man\u00e9 Garrincha, do Gin\u00e1sio Nilson Nelson e todo o Complexo Aqu\u00e1tico Cl\u00e1udio Coutinho. Quem toma conhecimento dessa not\u00edcia, de forma displicente ou pela primeira vez, pode n\u00e3o enxergar nessa medida maiores problemas, afinal trata-se de delegar, \u00e0 iniciativa privada, a administra\u00e7\u00e3o de grandes estruturas, sobretudo o Man\u00e9 Garrincha, que h\u00e1 anos vem dando preju\u00edzos ao contribuinte.<\/p>\n<p>A quest\u00e3o aqui, e que passa desapercebida por muitos, \u00e9 durante todo o tempo em que se deu a constru\u00e7\u00e3o do gigantesco Est\u00e1dio Man\u00e9 Garrincha, para receber uns poucos jogos do mundial de futebol da FIFA de 2014, e que naquela ocasi\u00e3o foi considerado uma das mais caras arenas do planeta, em nenhum momento o referido Tribunal, cujo os \u201cconselheiros\u201d possuem cargo vital\u00edcio e, portanto, acompanharam todo o processo, estranharam os custos do erguimento de um tamanho elefante branco.<\/p>\n<p>Com isso, permitiram aos diretamente envolvidos nesse esc\u00e2ndalo, talvez o maior de toda a curta hist\u00f3ria da capital, prosseguir livremente nessa empreitada, apontada, aqui mesmo nesse espa\u00e7o, como algo flagrantemente eivado de suspeitas. A condena\u00e7\u00e3o pela justi\u00e7a dos envolvidos nessa mega constru\u00e7\u00e3o provou que as suspeitas, desde o in\u00edcio, eram fundamentadas.<\/p>\n<p>O que soa at\u00e9 como zombaria \u00e9 que, no voto em que liberou a entrega desse monstrengo para o processo licitat\u00f3rio, Paulo Tadeu, indicado para o TCDF pelo petista Agnelo Queiroz, ent\u00e3o governador do Distrito Federal, se diz \u201csensibilizado\u201d com os altos custos de opera\u00e7\u00e3o e manuten\u00e7\u00e3o do complexo esportivo Man\u00e9 Garrincha.<\/p>\n<p>\u201cAcolho, diz no voto, a sugest\u00e3o da pr\u00f3pria Terracap no sentido de, por meio de ajustes peri\u00f3dicos e cont\u00ednua fiscaliza\u00e7\u00e3o, viabilizar um modelo de gest\u00e3o capaz de atender ao interesse p\u00fablico nessa dif\u00edcil conjuntura econ\u00f4mica em que o pa\u00eds se encontra\u201d. O que seria capaz de atender, de forma incontest\u00e1vel, o interesse p\u00fablico, seria o Tribunal de Contas ter impedido, naquela ocasi\u00e3o, a constru\u00e7\u00e3o de uma arena desse porte, com estes custos feitos, hoje se sabe, exclusivamente, para desviar recursos p\u00fablicos, durante o triste e sombrio per\u00edodo dos governos petistas.<\/p>\n<p>A \u201cdif\u00edcil conjuntura econ\u00f4mica em que o pa\u00eds se encontra\u201d, conforme consta no voto desse conselheiro, \u00e9 o resultado da a\u00e7\u00e3o predat\u00f3ria e tr\u00e1gica de treze anos de antigos correligion\u00e1rios desse conselheiro no comando do pa\u00eds. Com isso, vai ficando mais do que evidente e necess\u00e1rio prosseguir com o movimento, iniciado em 2017, de reforma nos tribunais de contas. N\u00e3o para acabar com essas cortes, mas para reform\u00e1-las, para que situa\u00e7\u00f5es surreais como essas n\u00e3o voltem a acontecer, nunca mais. A quest\u00e3o central aqui, e para usar uma l\u00edngua corrente nesse meio \u00e9: \u201cUbi erat atrium auditorum illis deviationibus competentia non vidistis.\u201d<\/p>\n<p>&nbsp;<\/p>\n<p>&nbsp;<\/p>\n<p>&nbsp;<\/p>\n<p><strong>A frase que foi pronunciada:<\/strong><\/p>\n<p><em>\u201cCuidado com a f\u00faria de um homem paciente.\u201d<\/em><\/p>\n<p>John Dryden, poeta, cr\u00edtico liter\u00e1rio e dramaturgo ingl\u00eas (1631\/1700)<\/p>\n<p>&nbsp;<\/p>\n<p>&nbsp;<\/p>\n<p><strong>Em 2015<\/strong><\/p>\n<p>Dar uma passeada por jornais antigos nos remete sempre ao caminho oposto numa esteira. Andamos por anos, mas n\u00e3o sa\u00edmos do lugar. Foi o ent\u00e3o senador Raimundo Lira quem garantiu. As pr\u00f3ximas elei\u00e7\u00f5es teriam voto impresso. Saiu uma nano reforma pol\u00edtica e as desculpas mais esfarrapadas do pa\u00eds para evitar o voto impresso: \u201cN\u00e3o h\u00e1 verba\u201d, o \u201cvoto impresso atinge o sigilo do voto\u201d e a pior de todas: \u201cN\u00e3o \u00e9 livre para votar quem pode ser chamado a prestar contas do seu voto, e o cidad\u00e3o n\u00e3o deve nada a ningu\u00e9m, a n\u00e3o ser a sua pr\u00f3pria consci\u00eancia\u201d. H\u00e1 verba, ningu\u00e9m vai levar o voto para casa e ser\u00e1 imposs\u00edvel chamar o eleitor para explicar a escolha feita na urna. Absurdos que a popula\u00e7\u00e3o deixa passar.<\/p>\n<p><iframe loading=\"lazy\" title=\"EP 7 - O Teatro das Tesouras | 2014\" width=\"1440\" height=\"810\" src=\"https:\/\/www.youtube.com\/embed\/lsHYv9euzv8?feature=oembed\" frameborder=\"0\" allow=\"accelerometer; autoplay; clipboard-write; encrypted-media; gyroscope; picture-in-picture; web-share\" referrerpolicy=\"strict-origin-when-cross-origin\" allowfullscreen><\/iframe><\/p>\n<p>&nbsp;<\/p>\n<p><strong>\u00a0<\/strong><\/p>\n<p><strong>Muito estranho<\/strong><\/p>\n<p>Falando em ass\u00e9dio moral, em uma audi\u00eancia p\u00fablica na C\u00e2mara dos Deputados, Vicente Almeida, do Sinpaf (Sindicato Nacional dos Trabalhadores de Pesquisa e Desenvolvimento Agropecu\u00e1rio) denunciou que, na Embrapa, o ass\u00e9dio \u00e9 institucionalizado. Tr\u00eas assuntos n\u00e3o saem pela boca de funcion\u00e1rios da Empresa: agrot\u00f3xicos, transg\u00eanicos e C\u00f3digo Florestal.<\/p>\n<figure id=\"attachment_11381\" aria-describedby=\"caption-attachment-11381\" style=\"width: 506px\" class=\"wp-caption aligncenter\"><img loading=\"lazy\" decoding=\"async\" class=\" wp-image-11381\" src=\"https:\/\/blogs.correiobraziliense.com.br\/aricunha\/wp-content\/uploads\/sites\/13\/2018\/07\/2284.jpg\" alt=\"\" width=\"506\" height=\"455\" srcset=\"https:\/\/blogs.correiobraziliense.com.br\/aricunha\/wp-content\/uploads\/sites\/13\/2018\/07\/2284.jpg 700w, https:\/\/blogs.correiobraziliense.com.br\/aricunha\/wp-content\/uploads\/sites\/13\/2018\/07\/2284-300x270.jpg 300w, https:\/\/blogs.correiobraziliense.com.br\/aricunha\/wp-content\/uploads\/sites\/13\/2018\/07\/2284-350x315.jpg 350w, https:\/\/blogs.correiobraziliense.com.br\/aricunha\/wp-content\/uploads\/sites\/13\/2018\/07\/2284-550x495.jpg 550w, https:\/\/blogs.correiobraziliense.com.br\/aricunha\/wp-content\/uploads\/sites\/13\/2018\/07\/2284-230x207.jpg 230w\" sizes=\"auto, (max-width: 506px) 100vw, 506px\" \/><figcaption id=\"caption-attachment-11381\" class=\"wp-caption-text\">Charge do Duke<\/figcaption><\/figure>\n<p>&nbsp;<\/p>\n<p><strong>Ainda<\/strong><\/p>\n<p>Mais participa\u00e7\u00e3o das mulheres na pol\u00edtica. Essa \u00e9 a estampa. Na realidade, os homens at\u00e9 hoje ditam as regras.<\/p>\n<figure id=\"attachment_13468\" aria-describedby=\"caption-attachment-13468\" style=\"width: 509px\" class=\"wp-caption aligncenter\"><img loading=\"lazy\" decoding=\"async\" class=\" wp-image-13468\" src=\"https:\/\/blogs.correiobraziliense.com.br\/aricunha\/wp-content\/uploads\/sites\/13\/2019\/02\/imagem_materia-1-1-1-1-1-1-1-1-1-1.jpg\" alt=\"\" width=\"509\" height=\"337\" srcset=\"https:\/\/blogs.correiobraziliense.com.br\/aricunha\/wp-content\/uploads\/sites\/13\/2019\/02\/imagem_materia-1-1-1-1-1-1-1-1-1-1.jpg 860w, https:\/\/blogs.correiobraziliense.com.br\/aricunha\/wp-content\/uploads\/sites\/13\/2019\/02\/imagem_materia-1-1-1-1-1-1-1-1-1-1-300x199.jpg 300w, https:\/\/blogs.correiobraziliense.com.br\/aricunha\/wp-content\/uploads\/sites\/13\/2019\/02\/imagem_materia-1-1-1-1-1-1-1-1-1-1-768x509.jpg 768w, https:\/\/blogs.correiobraziliense.com.br\/aricunha\/wp-content\/uploads\/sites\/13\/2019\/02\/imagem_materia-1-1-1-1-1-1-1-1-1-1-350x232.jpg 350w, https:\/\/blogs.correiobraziliense.com.br\/aricunha\/wp-content\/uploads\/sites\/13\/2019\/02\/imagem_materia-1-1-1-1-1-1-1-1-1-1-550x365.jpg 550w, https:\/\/blogs.correiobraziliense.com.br\/aricunha\/wp-content\/uploads\/sites\/13\/2019\/02\/imagem_materia-1-1-1-1-1-1-1-1-1-1-230x152.jpg 230w\" sizes=\"auto, (max-width: 509px) 100vw, 509px\" \/><figcaption id=\"caption-attachment-13468\" class=\"wp-caption-text\">Foto: Alex Ferreira\/C\u00e2mara dos Deputados<\/figcaption><\/figure>\n<p>&nbsp;<\/p>\n<p><strong>Atual<\/strong><\/p>\n<p>Fayga Ostrower, artista com quadros em v\u00e1rios \u00f3rg\u00e3os p\u00fablicos no Brasil, d\u00e1 uma li\u00e7\u00e3o de sabedoria dizendo: \u201cOs acasos acontecem em estranhas coincid\u00eancias. Eles nos acenam. E n\u00f3s j\u00e1 sabemos do que se trata: uma nova compreens\u00e3o de coisas que no fundo sempre existiram em n\u00f3s.\u201d<\/p>\n<figure id=\"attachment_13470\" aria-describedby=\"caption-attachment-13470\" style=\"width: 442px\" class=\"wp-caption aligncenter\"><img loading=\"lazy\" decoding=\"async\" class=\"size-full wp-image-13470\" src=\"https:\/\/blogs.correiobraziliense.com.br\/aricunha\/wp-content\/uploads\/sites\/13\/2019\/02\/Capturar-9.jpg\" alt=\"\" width=\"442\" height=\"607\" srcset=\"https:\/\/blogs.correiobraziliense.com.br\/aricunha\/wp-content\/uploads\/sites\/13\/2019\/02\/Capturar-9.jpg 442w, https:\/\/blogs.correiobraziliense.com.br\/aricunha\/wp-content\/uploads\/sites\/13\/2019\/02\/Capturar-9-218x300.jpg 218w, https:\/\/blogs.correiobraziliense.com.br\/aricunha\/wp-content\/uploads\/sites\/13\/2019\/02\/Capturar-9-255x350.jpg 255w, https:\/\/blogs.correiobraziliense.com.br\/aricunha\/wp-content\/uploads\/sites\/13\/2019\/02\/Capturar-9-230x316.jpg 230w\" sizes=\"auto, (max-width: 442px) 100vw, 442px\" \/><figcaption id=\"caption-attachment-13470\" class=\"wp-caption-text\">Foto: museus.gov.br<\/figcaption><\/figure>\n<p>&nbsp;<\/p>\n<p><strong>HIST\u00d3RIA DE BRAS\u00cdLIA<\/strong><\/p>\n<p>Doutor Laranja, aqui est\u00e1 um caso para o seu Departamento de Agricultura: as granjas que est\u00e3o produzindo, verduras, est\u00e3o vendendo aos locat\u00e1rios dos mercadinhos da W-4, uma caixa de tomate por 120 ou 150 cruzeiros. <strong>(Publicado em 14.11.1961)<\/strong><\/p>\n","protected":false},"excerpt":{"rendered":"<p>VISTO, LIDO E OUVIDO Criada por Ari Cunha (In memoriam) Desde 1960 Com Circe Cunha\u00a0 e Mamfil jornalistacircecunha@gmail.com Facebook.com\/vistolidoeouvido Instagram.com\/vistolidoeouvido &nbsp; &nbsp; Chama a aten\u00e7\u00e3o a not\u00edcia dando conta de que o Tribunal de Contas do Distrito Federal (TCDF) autorizou a continuidade do processo licitat\u00f3rio para a gest\u00e3o privada do agora chamado Arenaplex, que inclui al\u00e9m do Est\u00e1dio Nacional Man\u00e9 [&hellip;]<\/p>\n","protected":false},"author":34,"featured_media":13471,"comment_status":"open","ping_status":"open","sticky":false,"template":"","format":"standard","meta":{"footnotes":""},"categories":[23],"tags":[825,827,264,277,114,1420,1419,68,2,69,16],"class_list":["post-13467","post","type-post","status-publish","format-standard","has-post-thumbnail","hentry","category-integra","tag-arenaplex","tag-elefantebranco","tag-estadiomanegarrincha","tag-gdf","tag-historiadebrasilia","tag-paulotadeu","tag-tcdf","tag-aricunha","tag-brasilia","tag-circecunha","tag-mamfil"],"_links":{"self":[{"href":"https:\/\/blogs.correiobraziliense.com.br\/aricunha\/wp-json\/wp\/v2\/posts\/13467","targetHints":{"allow":["GET"]}}],"collection":[{"href":"https:\/\/blogs.correiobraziliense.com.br\/aricunha\/wp-json\/wp\/v2\/posts"}],"about":[{"href":"https:\/\/blogs.correiobraziliense.com.br\/aricunha\/wp-json\/wp\/v2\/types\/post"}],"author":[{"embeddable":true,"href":"https:\/\/blogs.correiobraziliense.com.br\/aricunha\/wp-json\/wp\/v2\/users\/34"}],"replies":[{"embeddable":true,"href":"https:\/\/blogs.correiobraziliense.com.br\/aricunha\/wp-json\/wp\/v2\/comments?post=13467"}],"version-history":[{"count":1,"href":"https:\/\/blogs.correiobraziliense.com.br\/aricunha\/wp-json\/wp\/v2\/posts\/13467\/revisions"}],"predecessor-version":[{"id":13472,"href":"https:\/\/blogs.correiobraziliense.com.br\/aricunha\/wp-json\/wp\/v2\/posts\/13467\/revisions\/13472"}],"wp:featuredmedia":[{"embeddable":true,"href":"https:\/\/blogs.correiobraziliense.com.br\/aricunha\/wp-json\/wp\/v2\/media\/13471"}],"wp:attachment":[{"href":"https:\/\/blogs.correiobraziliense.com.br\/aricunha\/wp-json\/wp\/v2\/media?parent=13467"}],"wp:term":[{"taxonomy":"category","embeddable":true,"href":"https:\/\/blogs.correiobraziliense.com.br\/aricunha\/wp-json\/wp\/v2\/categories?post=13467"},{"taxonomy":"post_tag","embeddable":true,"href":"https:\/\/blogs.correiobraziliense.com.br\/aricunha\/wp-json\/wp\/v2\/tags?post=13467"}],"curies":[{"name":"wp","href":"https:\/\/api.w.org\/{rel}","templated":true}]}}