{"id":13354,"date":"2019-02-09T01:00:15","date_gmt":"2019-02-09T03:00:15","guid":{"rendered":"https:\/\/blogs.correiobraziliense.com.br\/aricunha\/?p=13354"},"modified":"2019-02-08T20:05:06","modified_gmt":"2019-02-08T22:05:06","slug":"transparencia-internacional-entra-na-luta-contra-a-corrupcao-no-brasil","status":"publish","type":"post","link":"https:\/\/blogs.correiobraziliense.com.br\/aricunha\/transparencia-internacional-entra-na-luta-contra-a-corrupcao-no-brasil\/","title":{"rendered":"Elei\u00e7\u00e3o regional"},"content":{"rendered":"<p>VISTO, LIDO E OUVIDO Criada por Ari Cunha (In memoriam)<\/p>\n<p>Desde 1960 Com Circe Cunha\u00a0 e Mamfil<\/p>\n<p>jornalistacircecunha@gmail.com<\/p>\n<p>Facebook.com\/vistolidoeouvido<\/p>\n<p>Instagram.com\/vistolidoeouvido<\/p>\n<p>&nbsp;<\/p>\n<figure id=\"attachment_13363\" aria-describedby=\"caption-attachment-13363\" style=\"width: 575px\" class=\"wp-caption aligncenter\"><img loading=\"lazy\" decoding=\"async\" class=\" wp-image-13363\" src=\"https:\/\/blogs.correiobraziliense.com.br\/aricunha\/wp-content\/uploads\/sites\/13\/2019\/02\/charge_churrasco_escola.jpg\" alt=\"\" width=\"575\" height=\"418\" srcset=\"https:\/\/blogs.correiobraziliense.com.br\/aricunha\/wp-content\/uploads\/sites\/13\/2019\/02\/charge_churrasco_escola.jpg 400w, https:\/\/blogs.correiobraziliense.com.br\/aricunha\/wp-content\/uploads\/sites\/13\/2019\/02\/charge_churrasco_escola-300x218.jpg 300w, https:\/\/blogs.correiobraziliense.com.br\/aricunha\/wp-content\/uploads\/sites\/13\/2019\/02\/charge_churrasco_escola-350x255.jpg 350w, https:\/\/blogs.correiobraziliense.com.br\/aricunha\/wp-content\/uploads\/sites\/13\/2019\/02\/charge_churrasco_escola-230x167.jpg 230w\" sizes=\"auto, (max-width: 575px) 100vw, 575px\" \/><figcaption id=\"caption-attachment-13363\" class=\"wp-caption-text\">Charge: colegasdapedagogia00.blogspot.com<\/figcaption><\/figure>\n<p>Guardadas as devidas propor\u00e7\u00f5es, a elei\u00e7\u00e3o para administrador regional, conforme projeto de autoria do distrital petista Chico Vigilante, por suas consequ\u00eancias, muito se assemelha a elei\u00e7\u00e3o para diretor de escola.<\/p>\n<p>De sa\u00edda, ambas em nada colaboram para a t\u00e3o propalada revitaliza\u00e7\u00e3o democr\u00e1tica, uma vez que nada indica que o escolhido possua o not\u00f3rio saber e experi\u00eancia pr\u00e1tica e balizada para levar, a bom termo, a miss\u00e3o de administrar. O que ocorre, de fato, tanto num caso como noutro, \u00e9 a tentativa sistem\u00e1tica de politiza\u00e7\u00e3o e partidariza\u00e7\u00e3o da administra\u00e7\u00e3o, que tantos males tem causado n\u00e3o s\u00f3 \u00e0 capital, mas a todo o pa\u00eds.<\/p>\n<p>Democratismo, delineado quer por caracter\u00edsticas de estrat\u00e9gia pol\u00edtica e ideol\u00f3gica ou por motivos de domina\u00e7\u00e3o pura e simples, interessa, obviamente, apenas aos pol\u00edticos e aos partidos, por quest\u00f5es l\u00f3gicas. Do ponto de vista do cidad\u00e3o, as elei\u00e7\u00f5es para a dire\u00e7\u00e3o das escolas, ou como quer agora os deputados distritais, para Administradores Regionais, n\u00e3o possuem o cond\u00e3o de, per si, melhorar a m\u00e1quina administrativa. O que melhora a administra\u00e7\u00e3o \u00e9 o conhecimento t\u00e9cnico e isento quer do diretor de escola, quer do administrador da regional, e sua boa rela\u00e7\u00e3o com a popula\u00e7\u00e3o e com as autoridades.<\/p>\n<p>A tentativa de alocar interpostos nos cargos de diretor de escola e de Administrador Regional se insere, exclusivamente, no jogo de xadrez pol\u00edtico e, normalmente, n\u00e3o tem trazido bons resultados. Por outro lado, esse tipo de elei\u00e7\u00e3o, direta ou indireta, manieta a autoridade hierarquicamente superior, pondo de m\u00e3os amarradas tanto o governador como o secret\u00e1rio de Educa\u00e7\u00e3o.<\/p>\n<p>Na realidade, trata-se de uma cilada preparada por partidos para garantir nacos de poder e instalar, nessas posi\u00e7\u00f5es, pessoas controladas por esses partidos. A interfer\u00eancia entre poderes, conforme experimentamos nesses \u00faltimos anos, tem se transformado em constantes fontes de crises. O controle pol\u00edtico das Administra\u00e7\u00f5es Regionais e das escolas, inclu\u00edda a\u00ed o das universidades, tem demonstrado, na pr\u00e1tica, que as elei\u00e7\u00f5es para essas fun\u00e7\u00f5es de comando n\u00e3o atendem aos reclames da popula\u00e7\u00e3o. Al\u00e9m disso,\u00a0n\u00e3o \u00e9 poss\u00edvel trazer paz \u00e0s escolas, n\u00e3o resolve os problemas da educa\u00e7\u00e3o, n\u00e3o soluciona os muitos problemas das diversas regi\u00f5es administrativas.<\/p>\n<p>Analisado apenas do ponto de vista da impossibilidade do governador ou do secret\u00e1rio de educa\u00e7\u00e3o, remover um diretor de escola incapaz ou um administrador ineficiente e perdul\u00e1rio j\u00e1 justificaria a nega\u00e7\u00e3o de elei\u00e7\u00f5es para essas fun\u00e7\u00f5es. Em mensagem pelo Whatsapp, \u00a0leitora nos contou que a Vargem Bonita, no ano passado, foi considerada categoria Mancha Criminal. Bandidos amea\u00e7am durante as elei\u00e7\u00f5es.<\/p>\n<p><img loading=\"lazy\" decoding=\"async\" class=\" wp-image-13368 aligncenter\" src=\"https:\/\/blogs.correiobraziliense.com.br\/aricunha\/wp-content\/uploads\/sites\/13\/2019\/02\/WhatsApp-Image-2019-02-08-at-19.44.04-1-e1549663463689.jpeg\" alt=\"\" width=\"359\" height=\"352\" srcset=\"https:\/\/blogs.correiobraziliense.com.br\/aricunha\/wp-content\/uploads\/sites\/13\/2019\/02\/WhatsApp-Image-2019-02-08-at-19.44.04-1-e1549663463689.jpeg 1120w, https:\/\/blogs.correiobraziliense.com.br\/aricunha\/wp-content\/uploads\/sites\/13\/2019\/02\/WhatsApp-Image-2019-02-08-at-19.44.04-1-e1549663463689-300x295.jpeg 300w, https:\/\/blogs.correiobraziliense.com.br\/aricunha\/wp-content\/uploads\/sites\/13\/2019\/02\/WhatsApp-Image-2019-02-08-at-19.44.04-1-e1549663463689-768x754.jpeg 768w, https:\/\/blogs.correiobraziliense.com.br\/aricunha\/wp-content\/uploads\/sites\/13\/2019\/02\/WhatsApp-Image-2019-02-08-at-19.44.04-1-e1549663463689-1024x1006.jpeg 1024w, https:\/\/blogs.correiobraziliense.com.br\/aricunha\/wp-content\/uploads\/sites\/13\/2019\/02\/WhatsApp-Image-2019-02-08-at-19.44.04-1-e1549663463689-350x344.jpeg 350w, https:\/\/blogs.correiobraziliense.com.br\/aricunha\/wp-content\/uploads\/sites\/13\/2019\/02\/WhatsApp-Image-2019-02-08-at-19.44.04-1-e1549663463689-550x540.jpeg 550w, https:\/\/blogs.correiobraziliense.com.br\/aricunha\/wp-content\/uploads\/sites\/13\/2019\/02\/WhatsApp-Image-2019-02-08-at-19.44.04-1-e1549663463689-230x226.jpeg 230w\" sizes=\"auto, (max-width: 359px) 100vw, 359px\" \/><\/p>\n<p>A politiza\u00e7\u00e3o partid\u00e1ria da m\u00e1quina p\u00fablica e administrativa \u00e9 uma dessas heran\u00e7as malditas legadas pelos governos petistas, que, ao criar nichos espec\u00edficos de controle, favoreceu e induziu os milhares de casos de corrup\u00e7\u00e3o e de malversa\u00e7\u00e3o dos recursos p\u00fablicos ocorridos nesses \u00faltimos anos.<\/p>\n<p>Administradores Regionais e diretores de escolas devem, primeiramente, servir com zelo \u00e0 comunidade, respondendo diretamente ao governador ou ao Secret\u00e1rio de Educa\u00e7\u00e3o e n\u00e3o aos l\u00edderes partid\u00e1rios cujo o interesse nessas administra\u00e7\u00f5es e nas escolas v\u00e3o na contram\u00e3o do que prega o bom senso e do que deseja o grosso da popula\u00e7\u00e3o.<\/p>\n<p>&nbsp;<\/p>\n<p><strong>Frase que foi pronunciada:<\/strong><\/p>\n<p><em>\u201cVoc\u00ea pode fazer um serm\u00e3o melhor com sua vida do que com os seus l\u00e1bios.\u201d<\/em><\/p>\n<p>Oliver Goldsmith (1728-1774), m\u00e9dico escritor irland\u00eas.<\/p>\n<p>&nbsp;<\/p>\n<p><strong>Vexame<\/strong><\/p>\n<p>Ainda repercute a tristeza do ex-senador H\u00e9lio Jos\u00e9 em deixar o gabinete no Senado. A cena foi vista por alguns funcion\u00e1rios da Casa. O senador estava no Plen\u00e1rio na sess\u00e3o de quinta-feira. Mais tarde n\u00e3o aguentou. Ningu\u00e9m sabe ao certo se foi depois de uns goles ou algum medicamento controlado. O que se sabe \u00e9 que o ex-senador perdeu o controle e que o novo ocupante, o senador, pelo Rio, Arolde Oliveira, foi pessoalmente tentar demover o ex-parlamentar.<\/p>\n<figure id=\"attachment_13364\" aria-describedby=\"caption-attachment-13364\" style=\"width: 318px\" class=\"wp-caption aligncenter\"><img loading=\"lazy\" decoding=\"async\" class=\" wp-image-13364\" src=\"https:\/\/blogs.correiobraziliense.com.br\/aricunha\/wp-content\/uploads\/sites\/13\/2019\/02\/WhatsApp-Image-2019-02-08-at-16.30.27-1.jpeg\" alt=\"\" width=\"318\" height=\"398\" srcset=\"https:\/\/blogs.correiobraziliense.com.br\/aricunha\/wp-content\/uploads\/sites\/13\/2019\/02\/WhatsApp-Image-2019-02-08-at-16.30.27-1.jpeg 480w, https:\/\/blogs.correiobraziliense.com.br\/aricunha\/wp-content\/uploads\/sites\/13\/2019\/02\/WhatsApp-Image-2019-02-08-at-16.30.27-1-240x300.jpeg 240w, https:\/\/blogs.correiobraziliense.com.br\/aricunha\/wp-content\/uploads\/sites\/13\/2019\/02\/WhatsApp-Image-2019-02-08-at-16.30.27-1-280x350.jpeg 280w, https:\/\/blogs.correiobraziliense.com.br\/aricunha\/wp-content\/uploads\/sites\/13\/2019\/02\/WhatsApp-Image-2019-02-08-at-16.30.27-1-230x288.jpeg 230w\" sizes=\"auto, (max-width: 318px) 100vw, 318px\" \/><figcaption id=\"caption-attachment-13364\" class=\"wp-caption-text\">Foto: senado.leg.br<\/figcaption><\/figure>\n<p>&nbsp;<\/p>\n<p><strong>Na f\u00e9<\/strong><\/p>\n<p>Na igreja da primeira-dama, Michele Bolsonaro, comentavam que at\u00e9 Jesus precisou sair de cena para meditar no deserto. O conselho \u00e9 para que o presidente se abstenha do trabalho e de visitas por um m\u00eas, para garantir o governo por 4 anos.<\/p>\n<figure id=\"attachment_13365\" aria-describedby=\"caption-attachment-13365\" style=\"width: 360px\" class=\"wp-caption aligncenter\"><img loading=\"lazy\" decoding=\"async\" class=\" wp-image-13365\" src=\"https:\/\/blogs.correiobraziliense.com.br\/aricunha\/wp-content\/uploads\/sites\/13\/2019\/02\/WhatsApp-Image-2019-02-08-at-19.44.03-11.jpeg\" alt=\"\" width=\"360\" height=\"599\" srcset=\"https:\/\/blogs.correiobraziliense.com.br\/aricunha\/wp-content\/uploads\/sites\/13\/2019\/02\/WhatsApp-Image-2019-02-08-at-19.44.03-11.jpeg 770w, https:\/\/blogs.correiobraziliense.com.br\/aricunha\/wp-content\/uploads\/sites\/13\/2019\/02\/WhatsApp-Image-2019-02-08-at-19.44.03-11-180x300.jpeg 180w, https:\/\/blogs.correiobraziliense.com.br\/aricunha\/wp-content\/uploads\/sites\/13\/2019\/02\/WhatsApp-Image-2019-02-08-at-19.44.03-11-768x1277.jpeg 768w, https:\/\/blogs.correiobraziliense.com.br\/aricunha\/wp-content\/uploads\/sites\/13\/2019\/02\/WhatsApp-Image-2019-02-08-at-19.44.03-11-616x1024.jpeg 616w, https:\/\/blogs.correiobraziliense.com.br\/aricunha\/wp-content\/uploads\/sites\/13\/2019\/02\/WhatsApp-Image-2019-02-08-at-19.44.03-11-211x350.jpeg 211w, https:\/\/blogs.correiobraziliense.com.br\/aricunha\/wp-content\/uploads\/sites\/13\/2019\/02\/WhatsApp-Image-2019-02-08-at-19.44.03-11-550x914.jpeg 550w, https:\/\/blogs.correiobraziliense.com.br\/aricunha\/wp-content\/uploads\/sites\/13\/2019\/02\/WhatsApp-Image-2019-02-08-at-19.44.03-11-230x382.jpeg 230w\" sizes=\"auto, (max-width: 360px) 100vw, 360px\" \/><figcaption id=\"caption-attachment-13365\" class=\"wp-caption-text\">Post: instagram.com\/jairmessiasbolsonaro<\/figcaption><\/figure>\n<p><strong>HIST\u00d3RIA DE BRAS\u00cdLIA<\/strong><\/p>\n<p>O que a prefeitura est\u00e1 querendo fazer com os radioamadores \u00e9 um absurdo. Retirar as antenas \u201cporque est\u00e3o enfeando a cidade\u201d n\u00e3o \u00e9 justificativa, porque os edif\u00edcios de apartamentos est\u00e3o com o teto transformado em paliteiro, de tanta antena de televis\u00e3o, e ningu\u00e9m diz nada. <strong>(Publicado em 10.11.1961)<\/strong><\/p>\n","protected":false},"excerpt":{"rendered":"<p>VISTO, LIDO E OUVIDO Criada por Ari Cunha (In memoriam) Desde 1960 Com Circe Cunha\u00a0 e Mamfil jornalistacircecunha@gmail.com Facebook.com\/vistolidoeouvido Instagram.com\/vistolidoeouvido &nbsp; Guardadas as devidas propor\u00e7\u00f5es, a elei\u00e7\u00e3o para administrador regional, conforme projeto de autoria do distrital petista Chico Vigilante, por suas consequ\u00eancias, muito se assemelha a elei\u00e7\u00e3o para diretor de escola. De sa\u00edda, ambas em nada colaboram para a t\u00e3o [&hellip;]<\/p>\n","protected":false},"author":34,"featured_media":13363,"comment_status":"open","ping_status":"open","sticky":false,"template":"","format":"standard","meta":{"footnotes":""},"categories":[23],"tags":[1401,1402,114,1400,68,2,69,16],"class_list":["post-13354","post","type-post","status-publish","format-standard","has-post-thumbnail","hentry","category-integra","tag-eleicaoparaadministradorregional","tag-eleicaoparadiretordeescola","tag-historiadebrasilia","tag-politizacaopartidaria","tag-aricunha","tag-brasilia","tag-circecunha","tag-mamfil"],"_links":{"self":[{"href":"https:\/\/blogs.correiobraziliense.com.br\/aricunha\/wp-json\/wp\/v2\/posts\/13354","targetHints":{"allow":["GET"]}}],"collection":[{"href":"https:\/\/blogs.correiobraziliense.com.br\/aricunha\/wp-json\/wp\/v2\/posts"}],"about":[{"href":"https:\/\/blogs.correiobraziliense.com.br\/aricunha\/wp-json\/wp\/v2\/types\/post"}],"author":[{"embeddable":true,"href":"https:\/\/blogs.correiobraziliense.com.br\/aricunha\/wp-json\/wp\/v2\/users\/34"}],"replies":[{"embeddable":true,"href":"https:\/\/blogs.correiobraziliense.com.br\/aricunha\/wp-json\/wp\/v2\/comments?post=13354"}],"version-history":[{"count":6,"href":"https:\/\/blogs.correiobraziliense.com.br\/aricunha\/wp-json\/wp\/v2\/posts\/13354\/revisions"}],"predecessor-version":[{"id":13370,"href":"https:\/\/blogs.correiobraziliense.com.br\/aricunha\/wp-json\/wp\/v2\/posts\/13354\/revisions\/13370"}],"wp:featuredmedia":[{"embeddable":true,"href":"https:\/\/blogs.correiobraziliense.com.br\/aricunha\/wp-json\/wp\/v2\/media\/13363"}],"wp:attachment":[{"href":"https:\/\/blogs.correiobraziliense.com.br\/aricunha\/wp-json\/wp\/v2\/media?parent=13354"}],"wp:term":[{"taxonomy":"category","embeddable":true,"href":"https:\/\/blogs.correiobraziliense.com.br\/aricunha\/wp-json\/wp\/v2\/categories?post=13354"},{"taxonomy":"post_tag","embeddable":true,"href":"https:\/\/blogs.correiobraziliense.com.br\/aricunha\/wp-json\/wp\/v2\/tags?post=13354"}],"curies":[{"name":"wp","href":"https:\/\/api.w.org\/{rel}","templated":true}]}}