{"id":13152,"date":"2019-01-13T01:00:11","date_gmt":"2019-01-13T03:00:11","guid":{"rendered":"https:\/\/blogs.correiobraziliense.com.br\/aricunha\/?p=13152"},"modified":"2019-01-14T18:20:40","modified_gmt":"2019-01-14T20:20:40","slug":"fator-violencia-urbana-ajudou-na-eleicao-de-bolsonaro","status":"publish","type":"post","link":"https:\/\/blogs.correiobraziliense.com.br\/aricunha\/fator-violencia-urbana-ajudou-na-eleicao-de-bolsonaro\/","title":{"rendered":"Fator viol\u00eancia urbana ajudou na elei\u00e7\u00e3o de Bolsonaro"},"content":{"rendered":"<p>VISTO, LIDO E OUVIDO Criada por Ari Cunha (In memoriam)<\/p>\n<p>Desde 1960 Com Circe Cunha\u00a0 e Mamfil<\/p>\n<p>jornalistacircecunha@gmail.com<\/p>\n<p>Facebook.com\/vistolidoeouvido<\/p>\n<p>Instagram.com\/vistolidoeouvido<\/p>\n<p>&nbsp;<\/p>\n<figure id=\"attachment_13156\" aria-describedby=\"caption-attachment-13156\" style=\"width: 551px\" class=\"wp-caption aligncenter\"><img loading=\"lazy\" decoding=\"async\" class=\" wp-image-13156\" src=\"https:\/\/blogs.correiobraziliense.com.br\/aricunha\/wp-content\/uploads\/sites\/13\/2019\/01\/auxilio-reclusc3a3o-3.jpg\" alt=\"\" width=\"551\" height=\"438\" srcset=\"https:\/\/blogs.correiobraziliense.com.br\/aricunha\/wp-content\/uploads\/sites\/13\/2019\/01\/auxilio-reclusc3a3o-3.jpg 400w, https:\/\/blogs.correiobraziliense.com.br\/aricunha\/wp-content\/uploads\/sites\/13\/2019\/01\/auxilio-reclusc3a3o-3-300x239.jpg 300w, https:\/\/blogs.correiobraziliense.com.br\/aricunha\/wp-content\/uploads\/sites\/13\/2019\/01\/auxilio-reclusc3a3o-3-350x278.jpg 350w, https:\/\/blogs.correiobraziliense.com.br\/aricunha\/wp-content\/uploads\/sites\/13\/2019\/01\/auxilio-reclusc3a3o-3-230x183.jpg 230w\" sizes=\"auto, (max-width: 551px) 100vw, 551px\" \/><figcaption id=\"caption-attachment-13156\" class=\"wp-caption-text\">Charge do Camale\u00e3o<\/figcaption><\/figure>\n<p>Com mais de 730 mil presos, o Brasil possui a terceira maior popula\u00e7\u00e3o carcer\u00e1ria do planeta e o que \u00e9 pior, esse n\u00famero n\u00e3o para de crescer. Existe ainda um outro complicador nesse quadro representado pelo grande n\u00famero de pessoas condenadas e prontas para ser detidas, mas que, por problemas em sua localiza\u00e7\u00e3o ou mesmo pela falta de vagas nos pres\u00eddios, ainda se encontram em liberdade.<\/p>\n<p>Fossem resolvidas todas essas pend\u00eancias, o n\u00famero de presos no pa\u00eds poderia ultrapassar, com facilidade, a casa do milh\u00e3o. Trata-se de um dado preocupante e que necessita de uma solu\u00e7\u00e3o urgente, que comece justamente por dentro dessas institui\u00e7\u00f5es, sanando suas muitas defici\u00eancias.<\/p>\n<p>Na quest\u00e3o da restri\u00e7\u00e3o de liberdade, talvez a maior de todas as penalidades impostas ao ser humano, exceto a pena capital, a perman\u00eancia de presos dentro dessas institui\u00e7\u00f5es penitenci\u00e1rias tem como objetivos, al\u00e9m do cumprimento das leis e repara\u00e7\u00e3o do dano causado \u00e0 sociedade, oferecer ao detento todas as possibilidades legais para que ele possa ser reinserido no seio social e, com isso, readquirir sua condi\u00e7\u00e3o de cidad\u00e3o, \u00fatil para a comunidade.<\/p>\n<p>Ocorre que, no Brasil do jeitinho, essa reinser\u00e7\u00e3o social do aprisionado foi transformada numa esp\u00e9cie de cadeia semiaberta, onde facilidades e condi\u00e7\u00f5es amenas foram tomando lugar de a\u00e7\u00f5es corretivas e pedag\u00f3gicas. Com isso, a implementa\u00e7\u00e3o de visitas \u00edntimas ou levando e trazendo mensagens para muitos criminosos, al\u00e9m dos seguidos said\u00f5es ao longo do ano, permitiram a muitos presos viver em condi\u00e7\u00f5es at\u00e9 melhores do que muita gente em liberdade.<\/p>\n<p>A essas regalias foram acrescidos os chamados aux\u00edlio-reclus\u00e3o, que \u00e9 pago aos dependentes dos presos. Note-se, no entanto, que esse benef\u00edcio n\u00e3o \u00e9 estendido aos filhos das v\u00edtimas, numa clara demonstra\u00e7\u00e3o de justi\u00e7a \u00e0 moda brasileira. Para alguns estudiosos do problema, essas foram algumas das medidas paliativas adotada pelas autoridades para contornar e amenizar a situa\u00e7\u00e3o de total precariedade da maioria das cadeias brasileiras.<\/p>\n<p>Ocorre que a ado\u00e7\u00e3o dessas medidas, para alguns muito justas por seu car\u00e1ter compensat\u00f3rio, nem de longe t\u00eam servido para minorar os problemas com a enorme popula\u00e7\u00e3o carcer\u00e1ria e seus custos econ\u00f4micos para sociedade, como tem contribu\u00eddo, de forma sens\u00edvel para o aumento da viol\u00eancia no pa\u00eds.<\/p>\n<p>&nbsp;<\/p>\n<p><strong>A frase que foi pronunciada:<\/strong><\/p>\n<p><em>\u201cA exagera\u00e7\u00e3o degenera os sentimentos, desvirtua os fatos, desfigura a verdade.\u201d<\/em><\/p>\n<p>Joaquim Manoel de Macedo<\/p>\n<p>&nbsp;<\/p>\n<p><strong>S\u00f3 para compartilhar<\/strong><\/p>\n<p>S\u00e3o tantas as express\u00f5es ditas por Ari Cunha, que a fam\u00edlia criou um grupo para que todos pudessem postar as frases ditas no dia-a-dia pelo nosso fil\u00f3sofo de Mondubim feito em casa. Veja algumas no blog do Ari Cunha.<\/p>\n<p><img loading=\"lazy\" decoding=\"async\" class=\"size-full wp-image-13159 aligncenter\" src=\"https:\/\/blogs.correiobraziliense.com.br\/aricunha\/wp-content\/uploads\/sites\/13\/2019\/01\/Ari-Cunha-Frases.jpg\" alt=\"\" width=\"448\" height=\"630\" srcset=\"https:\/\/blogs.correiobraziliense.com.br\/aricunha\/wp-content\/uploads\/sites\/13\/2019\/01\/Ari-Cunha-Frases.jpg 448w, https:\/\/blogs.correiobraziliense.com.br\/aricunha\/wp-content\/uploads\/sites\/13\/2019\/01\/Ari-Cunha-Frases-213x300.jpg 213w, https:\/\/blogs.correiobraziliense.com.br\/aricunha\/wp-content\/uploads\/sites\/13\/2019\/01\/Ari-Cunha-Frases-249x350.jpg 249w, https:\/\/blogs.correiobraziliense.com.br\/aricunha\/wp-content\/uploads\/sites\/13\/2019\/01\/Ari-Cunha-Frases-230x323.jpg 230w\" sizes=\"auto, (max-width: 448px) 100vw, 448px\" \/><\/p>\n<p>&nbsp;<\/p>\n<p><strong>Caravana<\/strong><\/p>\n<p>Quilombos do Brasil receber\u00e3o a caravana do Grupo Cultural e Social Grito da Liberdade com o espet\u00e1culo &#8220;Quilombo da liberdade, origens&#8221; e oficinas de capoeira para os estados de Goi\u00e1s, Mato Grosso e Mato Grosso do Sul.<\/p>\n<figure id=\"attachment_13155\" aria-describedby=\"caption-attachment-13155\" style=\"width: 500px\" class=\"wp-caption aligncenter\"><img loading=\"lazy\" decoding=\"async\" class=\" wp-image-13155\" src=\"https:\/\/blogs.correiobraziliense.com.br\/aricunha\/wp-content\/uploads\/sites\/13\/2019\/01\/1-Quilombo06-1-1.jpg\" alt=\"\" width=\"500\" height=\"334\" srcset=\"https:\/\/blogs.correiobraziliense.com.br\/aricunha\/wp-content\/uploads\/sites\/13\/2019\/01\/1-Quilombo06-1-1.jpg 768w, https:\/\/blogs.correiobraziliense.com.br\/aricunha\/wp-content\/uploads\/sites\/13\/2019\/01\/1-Quilombo06-1-1-300x200.jpg 300w, https:\/\/blogs.correiobraziliense.com.br\/aricunha\/wp-content\/uploads\/sites\/13\/2019\/01\/1-Quilombo06-1-1-350x234.jpg 350w, https:\/\/blogs.correiobraziliense.com.br\/aricunha\/wp-content\/uploads\/sites\/13\/2019\/01\/1-Quilombo06-1-1-550x367.jpg 550w, https:\/\/blogs.correiobraziliense.com.br\/aricunha\/wp-content\/uploads\/sites\/13\/2019\/01\/1-Quilombo06-1-1-230x154.jpg 230w\" sizes=\"auto, (max-width: 500px) 100vw, 500px\" \/><figcaption id=\"caption-attachment-13155\" class=\"wp-caption-text\">Foto: Ricardo Pereira Ek -4<\/figcaption><\/figure>\n<p><strong>Educa\u00e7\u00e3o<\/strong><\/p>\n<p>A montagem aborda aspectos da hist\u00f3ria da \u00c1frica e dos africanos, a luta dos negros no Brasil, a cultura negra brasileira e o negro na forma\u00e7\u00e3o da sociedade nacional. O intuito \u00e9 que, a partir do espet\u00e1culo, haja uma reflex\u00e3o sobre a condi\u00e7\u00e3o do negro na \u00e9poca da coloniza\u00e7\u00e3o e na de hoje, e o papel desse povo na forma\u00e7\u00e3o da identidade brasileira.<\/p>\n<p><iframe loading=\"lazy\" title=\"Quilombos da Liberdade - Grito de Liberdade - Mestre Cobra - Capoeira - Tambor\" width=\"1440\" height=\"810\" src=\"https:\/\/www.youtube.com\/embed\/LR8ndjhCA_k?feature=oembed\" frameborder=\"0\" allow=\"accelerometer; autoplay; clipboard-write; encrypted-media; gyroscope; picture-in-picture; web-share\" referrerpolicy=\"strict-origin-when-cross-origin\" allowfullscreen><\/iframe><\/p>\n<p>&nbsp;<\/p>\n<p><strong>Visitas<\/strong><\/p>\n<p>A primeira comunidade a ser visitada \u00e9 perto de Bras\u00edlia. A Comunidade Quilombola Kalunga, de Cavalcante \u2013 GO. O projeto ficar\u00e1 por l\u00e1 nos dias 16, 17 e 20 desse m\u00eas. Da\u00ed em diante, o grupo segue para a Comunidade Quilombola Tia Eva, em Campo Grande \u2013 MS, e depois em Mato Grosso, onde se apresenta no Museu da Imagem e Som de Cuiab\u00e1 e na Comunidade Quilombola de Mata Cavalo, em Nossa Senhora do Livramento.<\/p>\n<p style=\"text-align: center\"><span style=\"color: #ff6600\"><strong><u>Programa\u00e7\u00e3o das apresenta\u00e7\u00f5es<\/u><\/strong><\/span><\/p>\n<p style=\"text-align: center\">Goi\u00e1s<\/p>\n<p style=\"text-align: center\">16, 17 e 20\/01 \u2013 17h<br \/>\nLocal: Comunidade Quilombola Kalunga<\/p>\n<p style=\"text-align: center\">Cavalcante \u2013 GO<\/p>\n<p style=\"text-align: center\">Mato Grosso do Sul<br \/>\n4, 5 e 6\/2 \u2013 17h<br \/>\nLocal: Comunidade Quilombola Tia Eva<br \/>\nCampo Grande &#8211; MS<\/p>\n<p style=\"text-align: center\">Mato Grosso<\/p>\n<p style=\"text-align: center\">9\/2 \u2013 17h<\/p>\n<p style=\"text-align: center\">Museu da Imagem e Som de Cuiab\u00e1 (MT)<\/p>\n<p style=\"text-align: center\">10\/2 \u2013 17h, Comunidade Quilombola de Mata Cavalo, em Nossa Senhora do Livramento &#8211; MT<\/p>\n<p>&nbsp;<\/p>\n<p><strong>Sa\u00fade<\/strong><\/p>\n<p>\u201cDiabetes n\u00e3o tira f\u00e9rias! Desafios da insuliniza\u00e7\u00e3o aumentam no per\u00edodo. Adolescentes est\u00e3o entre os que mais t\u00eam dificuldade.\u201d A Sociedade Brasileira de Diabetes, associada \u00e0 International Diabetes Federation (IDF), chama a aten\u00e7\u00e3o para a dificuldade do diab\u00e9tico em manter uma dieta rica, variada e saud\u00e1vel durante as f\u00e9rias.<\/p>\n<figure id=\"attachment_12903\" aria-describedby=\"caption-attachment-12903\" style=\"width: 449px\" class=\"wp-caption aligncenter\"><img loading=\"lazy\" decoding=\"async\" class=\" wp-image-12903\" src=\"https:\/\/blogs.correiobraziliense.com.br\/aricunha\/wp-content\/uploads\/sites\/13\/2018\/12\/e-se-alimentos-tivessem-r\u00f3tulos-honestos-2-1-1-1.jpg\" alt=\"\" width=\"449\" height=\"350\" srcset=\"https:\/\/blogs.correiobraziliense.com.br\/aricunha\/wp-content\/uploads\/sites\/13\/2018\/12\/e-se-alimentos-tivessem-r\u00f3tulos-honestos-2-1-1-1.jpg 695w, https:\/\/blogs.correiobraziliense.com.br\/aricunha\/wp-content\/uploads\/sites\/13\/2018\/12\/e-se-alimentos-tivessem-r\u00f3tulos-honestos-2-1-1-1-300x234.jpg 300w, https:\/\/blogs.correiobraziliense.com.br\/aricunha\/wp-content\/uploads\/sites\/13\/2018\/12\/e-se-alimentos-tivessem-r\u00f3tulos-honestos-2-1-1-1-350x273.jpg 350w, https:\/\/blogs.correiobraziliense.com.br\/aricunha\/wp-content\/uploads\/sites\/13\/2018\/12\/e-se-alimentos-tivessem-r\u00f3tulos-honestos-2-1-1-1-550x429.jpg 550w, https:\/\/blogs.correiobraziliense.com.br\/aricunha\/wp-content\/uploads\/sites\/13\/2018\/12\/e-se-alimentos-tivessem-r\u00f3tulos-honestos-2-1-1-1-230x179.jpg 230w\" sizes=\"auto, (max-width: 449px) 100vw, 449px\" \/><figcaption id=\"caption-attachment-12903\" class=\"wp-caption-text\">Vers\u00e3o em portugu\u00eas da charge da Natural Health News &amp; Self-Reliance<\/figcaption><\/figure>\n<p>&nbsp;<\/p>\n<p><strong>Em v\u00e3o?<\/strong><\/p>\n<p>A oferta de s\u00f3dio e a\u00e7\u00facar nos alimentos no Brasil precisa ser reavaliada com a m\u00e1xima urg\u00eancia. Os \u00edndices s\u00e3o alt\u00edssimos, muito al\u00e9m do que sugere a Organiza\u00e7\u00e3o Mundial de Sa\u00fade. Ano passado, o governo fez um acordo para reduzir at\u00e9 62% do a\u00e7\u00facar em biscoitos e em mais de mil produtos. Mas at\u00e9 agora n\u00e3o h\u00e1 efeito pr\u00e1tico para essa parceria com as ind\u00fastrias.<\/p>\n<p>&nbsp;<\/p>\n<p><strong>HIST\u00d3RIA DE BRAS\u00cdLIA<\/strong><\/p>\n<p>O presidente da Novacap, dr. Laranja Filho, assinou, ontem, contrato com diversas firmas, para a constru\u00e7\u00e3o de mais de cem quil\u00f4metros de meio fio, e quase igual quantidade, de cal\u00e7adas nas avenidas e superquadras. <strong>(Publicado em 08.11.1961)<\/strong><\/p>\n","protected":false},"excerpt":{"rendered":"<p>VISTO, LIDO E OUVIDO Criada por Ari Cunha (In memoriam) Desde 1960 Com Circe Cunha\u00a0 e Mamfil jornalistacircecunha@gmail.com Facebook.com\/vistolidoeouvido Instagram.com\/vistolidoeouvido &nbsp; Com mais de 730 mil presos, o Brasil possui a terceira maior popula\u00e7\u00e3o carcer\u00e1ria do planeta e o que \u00e9 pior, esse n\u00famero n\u00e3o para de crescer. Existe ainda um outro complicador nesse quadro representado pelo grande n\u00famero de [&hellip;]<\/p>\n","protected":false},"author":34,"featured_media":13156,"comment_status":"open","ping_status":"open","sticky":false,"template":"","format":"standard","meta":{"footnotes":""},"categories":[23],"tags":[1354,1235,114,1357,1336,1356,68,2,69,16],"class_list":["post-13152","post","type-post","status-publish","format-standard","has-post-thumbnail","hentry","category-integra","tag-crimeorganizado","tag-governobolsonaro","tag-historiadebrasilia","tag-intervencaofederalnoceara","tag-ministeriodajusticaedasegurancapublica","tag-violenciaurbana","tag-aricunha","tag-brasilia","tag-circecunha","tag-mamfil"],"_links":{"self":[{"href":"https:\/\/blogs.correiobraziliense.com.br\/aricunha\/wp-json\/wp\/v2\/posts\/13152","targetHints":{"allow":["GET"]}}],"collection":[{"href":"https:\/\/blogs.correiobraziliense.com.br\/aricunha\/wp-json\/wp\/v2\/posts"}],"about":[{"href":"https:\/\/blogs.correiobraziliense.com.br\/aricunha\/wp-json\/wp\/v2\/types\/post"}],"author":[{"embeddable":true,"href":"https:\/\/blogs.correiobraziliense.com.br\/aricunha\/wp-json\/wp\/v2\/users\/34"}],"replies":[{"embeddable":true,"href":"https:\/\/blogs.correiobraziliense.com.br\/aricunha\/wp-json\/wp\/v2\/comments?post=13152"}],"version-history":[{"count":5,"href":"https:\/\/blogs.correiobraziliense.com.br\/aricunha\/wp-json\/wp\/v2\/posts\/13152\/revisions"}],"predecessor-version":[{"id":13161,"href":"https:\/\/blogs.correiobraziliense.com.br\/aricunha\/wp-json\/wp\/v2\/posts\/13152\/revisions\/13161"}],"wp:featuredmedia":[{"embeddable":true,"href":"https:\/\/blogs.correiobraziliense.com.br\/aricunha\/wp-json\/wp\/v2\/media\/13156"}],"wp:attachment":[{"href":"https:\/\/blogs.correiobraziliense.com.br\/aricunha\/wp-json\/wp\/v2\/media?parent=13152"}],"wp:term":[{"taxonomy":"category","embeddable":true,"href":"https:\/\/blogs.correiobraziliense.com.br\/aricunha\/wp-json\/wp\/v2\/categories?post=13152"},{"taxonomy":"post_tag","embeddable":true,"href":"https:\/\/blogs.correiobraziliense.com.br\/aricunha\/wp-json\/wp\/v2\/tags?post=13152"}],"curies":[{"name":"wp","href":"https:\/\/api.w.org\/{rel}","templated":true}]}}