{"id":13143,"date":"2019-01-12T01:00:08","date_gmt":"2019-01-12T03:00:08","guid":{"rendered":"https:\/\/blogs.correiobraziliense.com.br\/aricunha\/?p=13143"},"modified":"2019-01-11T16:39:41","modified_gmt":"2019-01-11T18:39:41","slug":"quando-os-direitos-humanos-pendem-para-um-lado-da-balanca","status":"publish","type":"post","link":"https:\/\/blogs.correiobraziliense.com.br\/aricunha\/quando-os-direitos-humanos-pendem-para-um-lado-da-balanca\/","title":{"rendered":"Quando os direitos humanos pendem para um lado da balan\u00e7a"},"content":{"rendered":"<p>VISTO, LIDO E OUVIDO Criada por Ari Cunha (In memoriam)<\/p>\n<p>Desde 1960 Com Circe Cunha\u00a0 e Mamfil<\/p>\n<p>jornalistacircecunha@gmail.com<\/p>\n<p>Facebook.com\/vistolidoeouvido<\/p>\n<p>Instagram.com\/vistolidoeouvido<\/p>\n<p>&nbsp;<\/p>\n<figure id=\"attachment_13150\" aria-describedby=\"caption-attachment-13150\" style=\"width: 608px\" class=\"wp-caption aligncenter\"><img loading=\"lazy\" decoding=\"async\" class=\" wp-image-13150\" src=\"https:\/\/blogs.correiobraziliense.com.br\/aricunha\/wp-content\/uploads\/sites\/13\/2019\/01\/forca-nacional-1-1.jpg\" alt=\"\" width=\"608\" height=\"400\" srcset=\"https:\/\/blogs.correiobraziliense.com.br\/aricunha\/wp-content\/uploads\/sites\/13\/2019\/01\/forca-nacional-1-1.jpg 824w, https:\/\/blogs.correiobraziliense.com.br\/aricunha\/wp-content\/uploads\/sites\/13\/2019\/01\/forca-nacional-1-1-300x197.jpg 300w, https:\/\/blogs.correiobraziliense.com.br\/aricunha\/wp-content\/uploads\/sites\/13\/2019\/01\/forca-nacional-1-1-768x505.jpg 768w, https:\/\/blogs.correiobraziliense.com.br\/aricunha\/wp-content\/uploads\/sites\/13\/2019\/01\/forca-nacional-1-1-350x230.jpg 350w, https:\/\/blogs.correiobraziliense.com.br\/aricunha\/wp-content\/uploads\/sites\/13\/2019\/01\/forca-nacional-1-1-550x362.jpg 550w, https:\/\/blogs.correiobraziliense.com.br\/aricunha\/wp-content\/uploads\/sites\/13\/2019\/01\/forca-nacional-1-1-230x151.jpg 230w\" sizes=\"auto, (max-width: 608px) 100vw, 608px\" \/><figcaption id=\"caption-attachment-13150\" class=\"wp-caption-text\">Foto: Foto: Thiago Gadelha\/Sistema Verdes Mares<\/figcaption><\/figure>\n<p>\u00c9 sabido que em datas que coincidem com os said\u00f5es de presos aumentam as ocorr\u00eancias de crimes. Tamb\u00e9m \u00e9 not\u00f3rio que muitos casos de crimes, como os recentes epis\u00f3dios de ataques ocorridos agora no Cear\u00e1 e em outros estados, as ordens para essas a\u00e7\u00f5es t\u00eam partido diretamente de dentro dos pres\u00eddios pelos chefes dessas organiza\u00e7\u00f5es que est\u00e3o presos e que por sua periculosidade deveriam estar incomunic\u00e1veis com o mundo exterior. Nesse sentido, o problema carcer\u00e1rio no pa\u00eds, ao inv\u00e9s de ajudar na diminui\u00e7\u00e3o da viol\u00eancia e dos crimes, tem contribu\u00eddo, \u00e0 sua maneira, para o aumento desses fen\u00f4menos. Com isso, chegamos a um ponto em que criminosos deixaram de temer \u00e0 justi\u00e7a e passaram a intimidar todos aqueles que querem impor a ordem.<\/p>\n<p>Um fato \u00e9 inconteste: n\u00e3o pode haver melhora nessa quest\u00e3o, sem uma reformula\u00e7\u00e3o total no sistema carcer\u00e1rio do pa\u00eds. A come\u00e7ar pela imposi\u00e7\u00e3o de um regime compuls\u00f3rio de trabalho di\u00e1rio para todos os presos, de modo que ele possa custear sua estadia nessas pris\u00f5es, estimada hoje em R$ 2.500 mensais e para que ele possa ressarcir monetariamente suas v\u00edtimas.<\/p>\n<p>Projetos nesse sentido tramitam a anos no Congresso sem uma solu\u00e7\u00e3o \u00e0 vista. O novo presidente eleito, Jair Bolsonaro, prometeu em campanha, corrigir esse problema que \u00e9 hoje uma das maiores reivindica\u00e7\u00f5es de toda a sociedade e que, por sinal, levaram muitos eleitores a votar nele e em seu programa de governo.<\/p>\n<p>&nbsp;<\/p>\n<p><strong>A frase que foi pronunciada:<\/strong><\/p>\n<p><em>&#8220;Em um lugar onde n\u00e3o h\u00e1 atividades culturais, a viol\u00eancia vira espet\u00e1culo.&#8221;<\/em><\/p>\n<p>Algu\u00e9m sensato.<\/p>\n<p><img loading=\"lazy\" decoding=\"async\" class=\" wp-image-13145 aligncenter\" src=\"https:\/\/blogs.correiobraziliense.com.br\/aricunha\/wp-content\/uploads\/sites\/13\/2019\/01\/WhatsApp-Image-2019-01-11-at-11.01.21-1.jpeg\" alt=\"\" width=\"389\" height=\"519\" srcset=\"https:\/\/blogs.correiobraziliense.com.br\/aricunha\/wp-content\/uploads\/sites\/13\/2019\/01\/WhatsApp-Image-2019-01-11-at-11.01.21-1.jpeg 561w, https:\/\/blogs.correiobraziliense.com.br\/aricunha\/wp-content\/uploads\/sites\/13\/2019\/01\/WhatsApp-Image-2019-01-11-at-11.01.21-1-225x300.jpeg 225w, https:\/\/blogs.correiobraziliense.com.br\/aricunha\/wp-content\/uploads\/sites\/13\/2019\/01\/WhatsApp-Image-2019-01-11-at-11.01.21-1-263x350.jpeg 263w, https:\/\/blogs.correiobraziliense.com.br\/aricunha\/wp-content\/uploads\/sites\/13\/2019\/01\/WhatsApp-Image-2019-01-11-at-11.01.21-1-550x733.jpeg 550w, https:\/\/blogs.correiobraziliense.com.br\/aricunha\/wp-content\/uploads\/sites\/13\/2019\/01\/WhatsApp-Image-2019-01-11-at-11.01.21-1-230x307.jpeg 230w\" sizes=\"auto, (max-width: 389px) 100vw, 389px\" \/><\/p>\n<p>&nbsp;<\/p>\n<p><strong>R\u00f3tulo<\/strong><\/p>\n<p>Est\u00e1 pr\u00f3xima a ser votada a proposta que retira o T dos r\u00f3tulos com indica\u00e7\u00e3o de transg\u00eanicos. A Comiss\u00e3o da Agricultura e Meio Ambiente j\u00e1 aprovou a ideia. O argumento \u00e9 que os alimentos geneticamente modificados s\u00e3o realidade e nenhuma pesquisa cient\u00edfica prova que os transg\u00eanicos fazem mal para a sa\u00fade. Depois de escolhido o relator, a proposta voltar\u00e1 a ser votada na Comiss\u00e3o de Transpar\u00eancia, Governan\u00e7a, Fiscaliza\u00e7\u00e3o e Controle e Defesa do Consumidor. O texto j\u00e1 passou por 4 comiss\u00f5es.<\/p>\n<figure id=\"attachment_13149\" aria-describedby=\"caption-attachment-13149\" style=\"width: 567px\" class=\"wp-caption aligncenter\"><img loading=\"lazy\" decoding=\"async\" class=\"size-full wp-image-13149\" src=\"https:\/\/blogs.correiobraziliense.com.br\/aricunha\/wp-content\/uploads\/sites\/13\/2019\/01\/86347f7d03ffc3a609a9ff12920ec6ca9ffa743b7ba99f2590be61bd6891e243.png\" alt=\"\" width=\"567\" height=\"200\" srcset=\"https:\/\/blogs.correiobraziliense.com.br\/aricunha\/wp-content\/uploads\/sites\/13\/2019\/01\/86347f7d03ffc3a609a9ff12920ec6ca9ffa743b7ba99f2590be61bd6891e243.png 567w, https:\/\/blogs.correiobraziliense.com.br\/aricunha\/wp-content\/uploads\/sites\/13\/2019\/01\/86347f7d03ffc3a609a9ff12920ec6ca9ffa743b7ba99f2590be61bd6891e243-300x106.png 300w, https:\/\/blogs.correiobraziliense.com.br\/aricunha\/wp-content\/uploads\/sites\/13\/2019\/01\/86347f7d03ffc3a609a9ff12920ec6ca9ffa743b7ba99f2590be61bd6891e243-350x123.png 350w, https:\/\/blogs.correiobraziliense.com.br\/aricunha\/wp-content\/uploads\/sites\/13\/2019\/01\/86347f7d03ffc3a609a9ff12920ec6ca9ffa743b7ba99f2590be61bd6891e243-550x194.png 550w, https:\/\/blogs.correiobraziliense.com.br\/aricunha\/wp-content\/uploads\/sites\/13\/2019\/01\/86347f7d03ffc3a609a9ff12920ec6ca9ffa743b7ba99f2590be61bd6891e243-230x81.png 230w\" sizes=\"auto, (max-width: 567px) 100vw, 567px\" \/><figcaption id=\"caption-attachment-13149\" class=\"wp-caption-text\">Tirinha: Armandinho e os transg\u00eanicos<\/figcaption><\/figure>\n<p>&nbsp;<\/p>\n<p><strong>Novidade<\/strong><\/p>\n<p>Todos os prontu\u00e1rios em arquivos m\u00e9dicos em papel poder\u00e3o ser destru\u00eddos ou devolvido aos interessados. Isso se a lei que cria regras para armazenamento eletr\u00f4nico de prontu\u00e1rios m\u00e9dicos passar. A ideia \u00e9 do senador Requi\u00e3o, que disse j\u00e1 ser uma pr\u00e1tica comum em cl\u00ednicas e hospitais com sistemas informatizados.<\/p>\n<figure id=\"attachment_13148\" aria-describedby=\"caption-attachment-13148\" style=\"width: 457px\" class=\"wp-caption aligncenter\"><img loading=\"lazy\" decoding=\"async\" class=\" wp-image-13148\" src=\"https:\/\/blogs.correiobraziliense.com.br\/aricunha\/wp-content\/uploads\/sites\/13\/2019\/01\/Capturar-1.jpg\" alt=\"\" width=\"457\" height=\"324\" srcset=\"https:\/\/blogs.correiobraziliense.com.br\/aricunha\/wp-content\/uploads\/sites\/13\/2019\/01\/Capturar-1.jpg 493w, https:\/\/blogs.correiobraziliense.com.br\/aricunha\/wp-content\/uploads\/sites\/13\/2019\/01\/Capturar-1-300x213.jpg 300w, https:\/\/blogs.correiobraziliense.com.br\/aricunha\/wp-content\/uploads\/sites\/13\/2019\/01\/Capturar-1-350x248.jpg 350w, https:\/\/blogs.correiobraziliense.com.br\/aricunha\/wp-content\/uploads\/sites\/13\/2019\/01\/Capturar-1-230x163.jpg 230w\" sizes=\"auto, (max-width: 457px) 100vw, 457px\" \/><figcaption id=\"caption-attachment-13148\" class=\"wp-caption-text\">Foto: robertorequiao.com.br<\/figcaption><\/figure>\n<p>&nbsp;<\/p>\n<p><strong>Ingresso\u00a0 <\/strong><\/p>\n<p>Coerente a proposta do ministro da Cidadania, Osmar Terra, em rela\u00e7\u00e3o a artistas com pend\u00eancias. Se n\u00e3o houve presta\u00e7\u00e3o de contas ou se n\u00e3o cumpriram o contrato, n\u00e3o \u00e9 poss\u00edvel que se inscrevam em novos projetos. Outra mudan\u00e7a \u00e9 que a capacidade de busca de financiamento para o projeto chegava at\u00e9 60 milh\u00f5es e agora vai passar para 10 milh\u00f5es de reais. A contrapartida social aumentar\u00e1, fazendo com que haja maior gratuidade dos espet\u00e1culos ou com parte da bilheteria distribu\u00edda para pessoas inscritas no cadastro \u00fanico do governo federal.<\/p>\n<figure id=\"attachment_13147\" aria-describedby=\"caption-attachment-13147\" style=\"width: 464px\" class=\"wp-caption aligncenter\"><img loading=\"lazy\" decoding=\"async\" class=\" wp-image-13147\" src=\"https:\/\/blogs.correiobraziliense.com.br\/aricunha\/wp-content\/uploads\/sites\/13\/2019\/01\/bnggvi0o412u4kw0psl5pil3q.jpg\" alt=\"\" width=\"464\" height=\"290\" srcset=\"https:\/\/blogs.correiobraziliense.com.br\/aricunha\/wp-content\/uploads\/sites\/13\/2019\/01\/bnggvi0o412u4kw0psl5pil3q.jpg 652w, https:\/\/blogs.correiobraziliense.com.br\/aricunha\/wp-content\/uploads\/sites\/13\/2019\/01\/bnggvi0o412u4kw0psl5pil3q-300x188.jpg 300w, https:\/\/blogs.correiobraziliense.com.br\/aricunha\/wp-content\/uploads\/sites\/13\/2019\/01\/bnggvi0o412u4kw0psl5pil3q-350x219.jpg 350w, https:\/\/blogs.correiobraziliense.com.br\/aricunha\/wp-content\/uploads\/sites\/13\/2019\/01\/bnggvi0o412u4kw0psl5pil3q-550x344.jpg 550w, https:\/\/blogs.correiobraziliense.com.br\/aricunha\/wp-content\/uploads\/sites\/13\/2019\/01\/bnggvi0o412u4kw0psl5pil3q-230x144.jpg 230w\" sizes=\"auto, (max-width: 464px) 100vw, 464px\" \/><figcaption id=\"caption-attachment-13147\" class=\"wp-caption-text\">Foto: Wilson Dias\/Ag\u00eancia Brasil &#8211; 7.11.2016 (\u00daltimo Segundo &#8211; iG)<\/figcaption><\/figure>\n<p>&nbsp;<\/p>\n<p><strong>Defesa do consumidor<\/strong><\/p>\n<p>Assentos reservados em viagens de avi\u00e3o n\u00e3o podem ser cobrados. O projeto do senador Reguffe depende da aprova\u00e7\u00e3o da C\u00e2mara dos Deputados para entrar em vigor. Por enquanto, a Avianca e a Latam foram multadas pelo Procon-RJ por n\u00e3o informar sobre a cobran\u00e7a.<\/p>\n<figure id=\"attachment_12092\" aria-describedby=\"caption-attachment-12092\" style=\"width: 270px\" class=\"wp-caption aligncenter\"><img loading=\"lazy\" decoding=\"async\" class=\" wp-image-12092\" src=\"https:\/\/blogs.correiobraziliense.com.br\/aricunha\/wp-content\/uploads\/sites\/13\/2018\/09\/senador5236.jpg\" alt=\"\" width=\"270\" height=\"338\" srcset=\"https:\/\/blogs.correiobraziliense.com.br\/aricunha\/wp-content\/uploads\/sites\/13\/2018\/09\/senador5236.jpg 480w, https:\/\/blogs.correiobraziliense.com.br\/aricunha\/wp-content\/uploads\/sites\/13\/2018\/09\/senador5236-240x300.jpg 240w, https:\/\/blogs.correiobraziliense.com.br\/aricunha\/wp-content\/uploads\/sites\/13\/2018\/09\/senador5236-280x350.jpg 280w, https:\/\/blogs.correiobraziliense.com.br\/aricunha\/wp-content\/uploads\/sites\/13\/2018\/09\/senador5236-230x288.jpg 230w\" sizes=\"auto, (max-width: 270px) 100vw, 270px\" \/><figcaption id=\"caption-attachment-12092\" class=\"wp-caption-text\">Foto: senado.leg.br<\/figcaption><\/figure>\n<p><strong>Car\u00edssimo<\/strong><\/p>\n<p>Parece que dessa vez a terra prometida n\u00e3o chegou l\u00e1. A editora Cana\u00e3 foi contratada pela Assembleia Legislativa de Pernambuco para imprimir 4 mil exemplares de uma biografia de Miguel Arraes. Como o processo n\u00e3o passou por licita\u00e7\u00e3o, o valor de R$ 1,8 milh\u00f5es, que j\u00e1 tinha sido empenhado, teve o pagamento suspenso pelo Tribunal de Contas do Estado.<\/p>\n<p>&nbsp;<\/p>\n<p><strong>Maus press\u00e1gios<\/strong><\/p>\n<p>\u00c9 uma aberra\u00e7\u00e3o o que est\u00e3o fazendo nos pinheirais do Parano\u00e1. Devastaram a \u00e1rea, n\u00e3o h\u00e1 ponte, n\u00e3o h\u00e1 fluxo poss\u00edvel para sa\u00edda e entrada de carros, caso o governo leve adiante as obras. N\u00e3o h\u00e1 \u00e1gua, nem energia suficientes para tanta gente. Foi uma luta dos moradores conseguir duplicar aquelas pistas da BR005 para dar maior seguran\u00e7a no tr\u00e2nsito. Mas com a superpopula\u00e7\u00e3o naquela \u00e1rea, sem o m\u00ednimo de planejamento, o desastre est\u00e1 anunciado. S\u00f3 para lembrar, o est\u00e1dio foi constru\u00eddo pela mesma construtora que pretende ocupar aquela \u00e1rea.<\/p>\n<p><img loading=\"lazy\" decoding=\"async\" class=\" wp-image-13146 aligncenter\" src=\"https:\/\/blogs.correiobraziliense.com.br\/aricunha\/wp-content\/uploads\/sites\/13\/2019\/01\/WhatsApp-Image-2019-01-11-at-14.50.58-1.jpeg\" alt=\"\" width=\"569\" height=\"320\" srcset=\"https:\/\/blogs.correiobraziliense.com.br\/aricunha\/wp-content\/uploads\/sites\/13\/2019\/01\/WhatsApp-Image-2019-01-11-at-14.50.58-1.jpeg 1280w, https:\/\/blogs.correiobraziliense.com.br\/aricunha\/wp-content\/uploads\/sites\/13\/2019\/01\/WhatsApp-Image-2019-01-11-at-14.50.58-1-300x169.jpeg 300w, https:\/\/blogs.correiobraziliense.com.br\/aricunha\/wp-content\/uploads\/sites\/13\/2019\/01\/WhatsApp-Image-2019-01-11-at-14.50.58-1-768x432.jpeg 768w, https:\/\/blogs.correiobraziliense.com.br\/aricunha\/wp-content\/uploads\/sites\/13\/2019\/01\/WhatsApp-Image-2019-01-11-at-14.50.58-1-1024x576.jpeg 1024w, https:\/\/blogs.correiobraziliense.com.br\/aricunha\/wp-content\/uploads\/sites\/13\/2019\/01\/WhatsApp-Image-2019-01-11-at-14.50.58-1-350x197.jpeg 350w, https:\/\/blogs.correiobraziliense.com.br\/aricunha\/wp-content\/uploads\/sites\/13\/2019\/01\/WhatsApp-Image-2019-01-11-at-14.50.58-1-550x309.jpeg 550w, https:\/\/blogs.correiobraziliense.com.br\/aricunha\/wp-content\/uploads\/sites\/13\/2019\/01\/WhatsApp-Image-2019-01-11-at-14.50.58-1-230x129.jpeg 230w\" sizes=\"auto, (max-width: 569px) 100vw, 569px\" \/><\/p>\n<p>&nbsp;<\/p>\n<p><strong>HIST\u00d3RIA DE BRAS\u00cdLIA<\/strong><\/p>\n<p>Seria evitada avalanche desenfreada de guias contra os turistas contra os passageiros incautos que descem dos avi\u00f5es. <strong>(Publicado em 08.11.1961)<\/strong><\/p>\n","protected":false},"excerpt":{"rendered":"<p>VISTO, LIDO E OUVIDO Criada por Ari Cunha (In memoriam) Desde 1960 Com Circe Cunha\u00a0 e Mamfil jornalistacircecunha@gmail.com Facebook.com\/vistolidoeouvido Instagram.com\/vistolidoeouvido &nbsp; \u00c9 sabido que em datas que coincidem com os said\u00f5es de presos aumentam as ocorr\u00eancias de crimes. Tamb\u00e9m \u00e9 not\u00f3rio que muitos casos de crimes, como os recentes epis\u00f3dios de ataques ocorridos agora no Cear\u00e1 e em outros estados, [&hellip;]<\/p>\n","protected":false},"author":34,"featured_media":13150,"comment_status":"open","ping_status":"open","sticky":false,"template":"","format":"standard","meta":{"footnotes":""},"categories":[23],"tags":[1354,1235,114,1355,1336,178,68,2,69,16],"class_list":["post-13143","post","type-post","status-publish","format-standard","has-post-thumbnail","hentry","category-integra","tag-crimeorganizado","tag-governobolsonaro","tag-historiadebrasilia","tag-intervencaonoceara","tag-ministeriodajusticaedasegurancapublica","tag-violencianobrasil","tag-aricunha","tag-brasilia","tag-circecunha","tag-mamfil"],"_links":{"self":[{"href":"https:\/\/blogs.correiobraziliense.com.br\/aricunha\/wp-json\/wp\/v2\/posts\/13143","targetHints":{"allow":["GET"]}}],"collection":[{"href":"https:\/\/blogs.correiobraziliense.com.br\/aricunha\/wp-json\/wp\/v2\/posts"}],"about":[{"href":"https:\/\/blogs.correiobraziliense.com.br\/aricunha\/wp-json\/wp\/v2\/types\/post"}],"author":[{"embeddable":true,"href":"https:\/\/blogs.correiobraziliense.com.br\/aricunha\/wp-json\/wp\/v2\/users\/34"}],"replies":[{"embeddable":true,"href":"https:\/\/blogs.correiobraziliense.com.br\/aricunha\/wp-json\/wp\/v2\/comments?post=13143"}],"version-history":[{"count":2,"href":"https:\/\/blogs.correiobraziliense.com.br\/aricunha\/wp-json\/wp\/v2\/posts\/13143\/revisions"}],"predecessor-version":[{"id":13151,"href":"https:\/\/blogs.correiobraziliense.com.br\/aricunha\/wp-json\/wp\/v2\/posts\/13143\/revisions\/13151"}],"wp:featuredmedia":[{"embeddable":true,"href":"https:\/\/blogs.correiobraziliense.com.br\/aricunha\/wp-json\/wp\/v2\/media\/13150"}],"wp:attachment":[{"href":"https:\/\/blogs.correiobraziliense.com.br\/aricunha\/wp-json\/wp\/v2\/media?parent=13143"}],"wp:term":[{"taxonomy":"category","embeddable":true,"href":"https:\/\/blogs.correiobraziliense.com.br\/aricunha\/wp-json\/wp\/v2\/categories?post=13143"},{"taxonomy":"post_tag","embeddable":true,"href":"https:\/\/blogs.correiobraziliense.com.br\/aricunha\/wp-json\/wp\/v2\/tags?post=13143"}],"curies":[{"name":"wp","href":"https:\/\/api.w.org\/{rel}","templated":true}]}}