{"id":13040,"date":"2018-12-29T01:00:35","date_gmt":"2018-12-29T03:00:35","guid":{"rendered":"https:\/\/blogs.correiobraziliense.com.br\/aricunha\/?p=13040"},"modified":"2018-12-28T19:56:30","modified_gmt":"2018-12-28T21:56:30","slug":"a-opcao-pela-primeira-infancia","status":"publish","type":"post","link":"https:\/\/blogs.correiobraziliense.com.br\/aricunha\/a-opcao-pela-primeira-infancia\/","title":{"rendered":"A op\u00e7\u00e3o pela primeira inf\u00e2ncia"},"content":{"rendered":"<p>VISTO, LIDO E OUVIDO<br \/>\nCriada por Ari Cunha (In memoriam)<\/p>\n<p>Desde 1960<\/p>\n<p>Com Circe Cunha\u00a0 e Mamfil<\/p>\n<p>jornalistacircecunha@gmail.com<\/p>\n<p>Facebook.com\/vistolidoeouvido<\/p>\n<p>Instagram.com\/vistolidoeouvido<\/p>\n<p>&nbsp;<\/p>\n<figure id=\"attachment_13049\" aria-describedby=\"caption-attachment-13049\" style=\"width: 461px\" class=\"wp-caption alignright\"><img loading=\"lazy\" decoding=\"async\" class=\" wp-image-13049\" src=\"https:\/\/blogs.correiobraziliense.com.br\/aricunha\/wp-content\/uploads\/sites\/13\/2018\/12\/96586529.png\" alt=\"\" width=\"461\" height=\"306\" srcset=\"https:\/\/blogs.correiobraziliense.com.br\/aricunha\/wp-content\/uploads\/sites\/13\/2018\/12\/96586529.png 500w, https:\/\/blogs.correiobraziliense.com.br\/aricunha\/wp-content\/uploads\/sites\/13\/2018\/12\/96586529-300x199.png 300w, https:\/\/blogs.correiobraziliense.com.br\/aricunha\/wp-content\/uploads\/sites\/13\/2018\/12\/96586529-350x232.png 350w, https:\/\/blogs.correiobraziliense.com.br\/aricunha\/wp-content\/uploads\/sites\/13\/2018\/12\/96586529-230x153.png 230w\" sizes=\"auto, (max-width: 461px) 100vw, 461px\" \/><figcaption id=\"caption-attachment-13049\" class=\"wp-caption-text\">Foto: radardaprimeirainfancia.org.br<\/figcaption><\/figure>\n<p>Uma observa\u00e7\u00e3o nos 22 minist\u00e9rios que dar\u00e3o assessoria ao pr\u00f3ximo presidente mostra que, nessa rela\u00e7\u00e3o, pelo menos por enquanto, n\u00e3o existe uma pasta com esse status para cuidar do problema mais fundamental do pa\u00eds, um poss\u00edvel minist\u00e9rio da primeira inf\u00e2ncia. N\u00e3o que a constitui\u00e7\u00e3o de uma pasta com essa miss\u00e3o espec\u00edfica v\u00e1, por si s\u00f3, resolver, como um passe de m\u00e1gica, essa que \u00e9 a mais urgente e delicada quest\u00e3o do Brasil atual.<\/p>\n<p>Nos pa\u00edses desenvolvidos, onde a educa\u00e7\u00e3o \u00e9 prioridade m\u00e1xima, acima de qualquer outro assunto, h\u00e1 tempos seus governos despertaram para a import\u00e2ncia da m\u00e1quina do Estado dedicar todos os esfor\u00e7os e aten\u00e7\u00f5es sobre os jovens cidad\u00e3os, sobretudo na fase da primeira inf\u00e2ncia. \u00c9 nesse per\u00edodo curto da vida humana que as janelas de oportunidade est\u00e3o escancaradas para a apreens\u00e3o do mundo. O assunto n\u00e3o tem nada de rom\u00e2ntico ou idealista. Renomados estudiosos n\u00e3o s\u00f3 da \u00e1rea da educa\u00e7\u00e3o, mas de diversos ramos da ci\u00eancia em todo o mundo, v\u00eam dedicando suas pesquisas sobre a import\u00e2ncia e os efeitos de se investir pesado na aprendizagem durante a primeira inf\u00e2ncia.<\/p>\n<p>Esse \u00e9 o caso de James Heckman, professor da Universidade de Chicago e Pr\u00eamio Nobel de Economia no ano 2000. Para esse pesquisador e criador de m\u00e9todos cient\u00edficos que avaliam a efic\u00e1cia de programas sociais, principalmente voltados para a primeira inf\u00e2ncia, \u00e9 na fase que vai de zero a seis anos, per\u00edodo em que o c\u00e9rebro se desenvolve de forma r\u00e1pida, que h\u00e1 um enorme poder de absor\u00e7\u00e3o e de aprendizado da vida. \u00c9 nesse per\u00edodo particular que est\u00e3o concentrados, segundo Heckman, todas as possibilidades de capta\u00e7\u00e3o do conhecimento e das emo\u00e7\u00f5es, que ir\u00e3o preparar o terreno futuro e far\u00e3o toda a diferen\u00e7a para o resto da vida de um indiv\u00edduo. \u00c9 nessa fase que est\u00e3o reunidas as grandes chances de sucesso de uma pessoa.<\/p>\n<p>&nbsp;<\/p>\n<p><strong>A frase que foi pronunciada:<\/strong><\/p>\n<p><em>\u201cA vida \u00e9 um eco! Se voc\u00ea n\u00e3o est\u00e1 gostando do que est\u00e1 recebendo, observe o que est\u00e1 emitindo&#8230;\u201d<\/em><\/p>\n<p>Fernanda Braga, no Pensador<\/p>\n<p>&nbsp;<\/p>\n<p><strong>S\u00f3 ele<\/strong><\/p>\n<p>Desastre quase total em uma visita na Boulangerie, da 306 Sul. A atendente n\u00e3o presta aten\u00e7\u00e3o no pedido fazendo com que preparem errado e levem o que n\u00e3o era o desejado. Mais espera para a corre\u00e7\u00e3o. Quando chove, a parte de tr\u00e1s do puxadinho, em \u00e1rea impr\u00f3pria, exala um cheiro insuport\u00e1vel de esgoto misturado com chorume. Na hora da conta, mais surpresas. Todos os itens n\u00e3o foram consumidos. Conta da mesa errada. O padeiro est\u00e1 de parab\u00e9ns.<\/p>\n<figure id=\"attachment_13044\" aria-describedby=\"caption-attachment-13044\" style=\"width: 400px\" class=\"wp-caption aligncenter\"><img loading=\"lazy\" decoding=\"async\" class=\"size-full wp-image-13044\" src=\"https:\/\/blogs.correiobraziliense.com.br\/aricunha\/wp-content\/uploads\/sites\/13\/2018\/12\/17799041_1594514577229737_6260534420903090247_n.jpg\" alt=\"\" width=\"400\" height=\"400\" srcset=\"https:\/\/blogs.correiobraziliense.com.br\/aricunha\/wp-content\/uploads\/sites\/13\/2018\/12\/17799041_1594514577229737_6260534420903090247_n.jpg 400w, https:\/\/blogs.correiobraziliense.com.br\/aricunha\/wp-content\/uploads\/sites\/13\/2018\/12\/17799041_1594514577229737_6260534420903090247_n-150x150.jpg 150w, https:\/\/blogs.correiobraziliense.com.br\/aricunha\/wp-content\/uploads\/sites\/13\/2018\/12\/17799041_1594514577229737_6260534420903090247_n-300x300.jpg 300w, https:\/\/blogs.correiobraziliense.com.br\/aricunha\/wp-content\/uploads\/sites\/13\/2018\/12\/17799041_1594514577229737_6260534420903090247_n-350x350.jpg 350w, https:\/\/blogs.correiobraziliense.com.br\/aricunha\/wp-content\/uploads\/sites\/13\/2018\/12\/17799041_1594514577229737_6260534420903090247_n-230x230.jpg 230w\" sizes=\"auto, (max-width: 400px) 100vw, 400px\" \/><figcaption id=\"caption-attachment-13044\" class=\"wp-caption-text\">Logo: facebook.com\/La-Boulangerie<\/figcaption><\/figure>\n<p><strong>No limite<\/strong><\/p>\n<p>\u00c9 preciso uma vistoria s\u00e9ria nos com\u00e9rcios da cidade. Pessoas com dificuldades de mobilidade est\u00e3o privadas de andar pelo DF por causa das cal\u00e7adas em diversos n\u00edveis, buracos no meio do caminho, postes mal localizados, marquises em franco perigo.<\/p>\n<figure id=\"attachment_13046\" aria-describedby=\"caption-attachment-13046\" style=\"width: 522px\" class=\"wp-caption aligncenter\"><img loading=\"lazy\" decoding=\"async\" class=\" wp-image-13046\" src=\"https:\/\/blogs.correiobraziliense.com.br\/aricunha\/wp-content\/uploads\/sites\/13\/2018\/12\/Capturar-1-1-1.jpg\" alt=\"\" width=\"522\" height=\"379\" srcset=\"https:\/\/blogs.correiobraziliense.com.br\/aricunha\/wp-content\/uploads\/sites\/13\/2018\/12\/Capturar-1-1-1.jpg 663w, https:\/\/blogs.correiobraziliense.com.br\/aricunha\/wp-content\/uploads\/sites\/13\/2018\/12\/Capturar-1-1-1-300x218.jpg 300w, https:\/\/blogs.correiobraziliense.com.br\/aricunha\/wp-content\/uploads\/sites\/13\/2018\/12\/Capturar-1-1-1-350x254.jpg 350w, https:\/\/blogs.correiobraziliense.com.br\/aricunha\/wp-content\/uploads\/sites\/13\/2018\/12\/Capturar-1-1-1-550x399.jpg 550w, https:\/\/blogs.correiobraziliense.com.br\/aricunha\/wp-content\/uploads\/sites\/13\/2018\/12\/Capturar-1-1-1-230x167.jpg 230w\" sizes=\"auto, (max-width: 522px) 100vw, 522px\" \/><figcaption id=\"caption-attachment-13046\" class=\"wp-caption-text\">Foto: Uir\u00e1 Louren\u00e7o\/ Bras\u00edlia para Pessoas (sinaenco.com.br)<\/figcaption><\/figure>\n<p><strong>Lembrete<\/strong><\/p>\n<p>J\u00e1 \u00e9 poss\u00edvel deduzir do Imposto de Renda gastos com cuidadores, casas de repouso, aparelhos auditivos, rem\u00e9dios, \u00f3culos e pr\u00f3teses auditivas.<\/p>\n<p>&nbsp;<\/p>\n<p><strong>C\u00e9u, terra e lago<\/strong><\/p>\n<p>Essa ser\u00e1 a primeira vez no Brasil em que a posse do presidente ter\u00e1 vigil\u00e2ncia constante pela terra, lago e pelo ar. A FAB est\u00e1 autorizada a abater avi\u00f5es depois que a Intelig\u00eancia apontou alguns movimentos suspeitos, ainda n\u00e3o descritos pelo Comandante de Opera\u00e7\u00f5es Aeroespaciais da Aeron\u00e1utica, o major-brigadeiro do Ar Ricardo Cesar Mangrich. Drones tamb\u00e9m ser\u00e3o abatidos. Al\u00e9m disso, movimento de barcos no lago tamb\u00e9m ser\u00e1 restrito pela Marinha durante a posse.<\/p>\n<figure id=\"attachment_13048\" aria-describedby=\"caption-attachment-13048\" style=\"width: 528px\" class=\"wp-caption aligncenter\"><img loading=\"lazy\" decoding=\"async\" class=\" wp-image-13048\" src=\"https:\/\/blogs.correiobraziliense.com.br\/aricunha\/wp-content\/uploads\/sites\/13\/2018\/12\/posse-seguranca-jh.transfer-frame-996-1.jpg\" alt=\"\" width=\"528\" height=\"298\" srcset=\"https:\/\/blogs.correiobraziliense.com.br\/aricunha\/wp-content\/uploads\/sites\/13\/2018\/12\/posse-seguranca-jh.transfer-frame-996-1.jpg 1000w, https:\/\/blogs.correiobraziliense.com.br\/aricunha\/wp-content\/uploads\/sites\/13\/2018\/12\/posse-seguranca-jh.transfer-frame-996-1-300x169.jpg 300w, https:\/\/blogs.correiobraziliense.com.br\/aricunha\/wp-content\/uploads\/sites\/13\/2018\/12\/posse-seguranca-jh.transfer-frame-996-1-768x432.jpg 768w, https:\/\/blogs.correiobraziliense.com.br\/aricunha\/wp-content\/uploads\/sites\/13\/2018\/12\/posse-seguranca-jh.transfer-frame-996-1-350x197.jpg 350w, https:\/\/blogs.correiobraziliense.com.br\/aricunha\/wp-content\/uploads\/sites\/13\/2018\/12\/posse-seguranca-jh.transfer-frame-996-1-550x310.jpg 550w, https:\/\/blogs.correiobraziliense.com.br\/aricunha\/wp-content\/uploads\/sites\/13\/2018\/12\/posse-seguranca-jh.transfer-frame-996-1-230x129.jpg 230w\" sizes=\"auto, (max-width: 528px) 100vw, 528px\" \/><figcaption id=\"caption-attachment-13048\" class=\"wp-caption-text\">Foto: TV Globo\/Reprodu\u00e7\u00e3o<\/figcaption><\/figure>\n<p><strong>Terr\u00edvel<\/strong><\/p>\n<p>Dificuldades para troca dos presentes. Na Sapato da Corte, por exemplo, mesmo tendo diversas lojas na cidade, se houver diferen\u00e7a do pre\u00e7o no produto n\u00e3o devolvem o dinheiro, nem trabalham com cr\u00e9dito. O com\u00e9rcio n\u00e3o tem o menor interesse em ver o cliente satisfeito com a troca. Dificulta de todas as maneiras poss\u00edveis sempre deixando parecer que qualquer solu\u00e7\u00e3o deve ser absorvida pelo cliente como um grande favor. A experi\u00eancia nos foi passada por uma leitora.<\/p>\n<figure id=\"attachment_13045\" aria-describedby=\"caption-attachment-13045\" style=\"width: 381px\" class=\"wp-caption aligncenter\"><img loading=\"lazy\" decoding=\"async\" class=\" wp-image-13045\" src=\"https:\/\/blogs.correiobraziliense.com.br\/aricunha\/wp-content\/uploads\/sites\/13\/2018\/12\/48418438_2119583314746434_143501390004617216_n.jpg\" alt=\"\" width=\"381\" height=\"381\" srcset=\"https:\/\/blogs.correiobraziliense.com.br\/aricunha\/wp-content\/uploads\/sites\/13\/2018\/12\/48418438_2119583314746434_143501390004617216_n.jpg 960w, https:\/\/blogs.correiobraziliense.com.br\/aricunha\/wp-content\/uploads\/sites\/13\/2018\/12\/48418438_2119583314746434_143501390004617216_n-150x150.jpg 150w, https:\/\/blogs.correiobraziliense.com.br\/aricunha\/wp-content\/uploads\/sites\/13\/2018\/12\/48418438_2119583314746434_143501390004617216_n-300x300.jpg 300w, https:\/\/blogs.correiobraziliense.com.br\/aricunha\/wp-content\/uploads\/sites\/13\/2018\/12\/48418438_2119583314746434_143501390004617216_n-768x768.jpg 768w, https:\/\/blogs.correiobraziliense.com.br\/aricunha\/wp-content\/uploads\/sites\/13\/2018\/12\/48418438_2119583314746434_143501390004617216_n-350x350.jpg 350w, https:\/\/blogs.correiobraziliense.com.br\/aricunha\/wp-content\/uploads\/sites\/13\/2018\/12\/48418438_2119583314746434_143501390004617216_n-550x550.jpg 550w, https:\/\/blogs.correiobraziliense.com.br\/aricunha\/wp-content\/uploads\/sites\/13\/2018\/12\/48418438_2119583314746434_143501390004617216_n-230x230.jpg 230w\" sizes=\"auto, (max-width: 381px) 100vw, 381px\" \/><figcaption id=\"caption-attachment-13045\" class=\"wp-caption-text\">Logo: facebook.com\/sapatodacorte<\/figcaption><\/figure>\n<p><strong>Viagem<\/strong><\/p>\n<p>Em fevereiro de 2019, a nova Constitui\u00e7\u00e3o cubana ser\u00e1 referendada mantendo o desejo registrado na opini\u00e3o un\u00e2nime dos deputados na sess\u00e3o ordin\u00e1ria da IX Assembleia Nacional do Poder Popular pela continuidade do socialismo. Socialistas brasileiros ser\u00e3o bem-vindos por l\u00e1.<\/p>\n<figure id=\"attachment_13047\" aria-describedby=\"caption-attachment-13047\" style=\"width: 529px\" class=\"wp-caption aligncenter\"><img loading=\"lazy\" decoding=\"async\" class=\" wp-image-13047\" src=\"https:\/\/blogs.correiobraziliense.com.br\/aricunha\/wp-content\/uploads\/sites\/13\/2018\/12\/547885.jpg\" alt=\"\" width=\"529\" height=\"286\" srcset=\"https:\/\/blogs.correiobraziliense.com.br\/aricunha\/wp-content\/uploads\/sites\/13\/2018\/12\/547885.jpg 1000w, https:\/\/blogs.correiobraziliense.com.br\/aricunha\/wp-content\/uploads\/sites\/13\/2018\/12\/547885-300x162.jpg 300w, https:\/\/blogs.correiobraziliense.com.br\/aricunha\/wp-content\/uploads\/sites\/13\/2018\/12\/547885-768x415.jpg 768w, https:\/\/blogs.correiobraziliense.com.br\/aricunha\/wp-content\/uploads\/sites\/13\/2018\/12\/547885-350x189.jpg 350w, https:\/\/blogs.correiobraziliense.com.br\/aricunha\/wp-content\/uploads\/sites\/13\/2018\/12\/547885-550x298.jpg 550w, https:\/\/blogs.correiobraziliense.com.br\/aricunha\/wp-content\/uploads\/sites\/13\/2018\/12\/547885-230x124.jpg 230w\" sizes=\"auto, (max-width: 529px) 100vw, 529px\" \/><figcaption id=\"caption-attachment-13047\" class=\"wp-caption-text\">Foto: AP Photo\/ Ramon Espinosa (br.sputniknews.com)<\/figcaption><\/figure>\n<p><strong>Urbanidade<\/strong><\/p>\n<p>Condom\u00ednios prediais t\u00eam enfrentado problemas com moradores que n\u00e3o respeitam as vagas dos vizinhos demarcadas na garagem. H\u00e1 cl\u00e1usulas previstas nos contratos condominiais prevendo puni\u00e7\u00e3o para esse tipo de comportamento.<\/p>\n<p>&nbsp;<\/p>\n<p><strong>HIST\u00d3RIA DE BRAS\u00cdLIA<\/strong><\/p>\n<p>O sr. Sette C\u00e2mara, s\u00e9timo prefeito de Bras\u00edlia (inclusive os interinos) tomou posse ontem, dia sete, trazendo grandes esperan\u00e7as para a cidade. <strong>(Publicado em 08.11.1961)<\/strong><\/p>\n","protected":false},"excerpt":{"rendered":"<p>VISTO, LIDO E OUVIDO Criada por Ari Cunha (In memoriam) Desde 1960 Com Circe Cunha\u00a0 e Mamfil jornalistacircecunha@gmail.com Facebook.com\/vistolidoeouvido Instagram.com\/vistolidoeouvido &nbsp; Uma observa\u00e7\u00e3o nos 22 minist\u00e9rios que dar\u00e3o assessoria ao pr\u00f3ximo presidente mostra que, nessa rela\u00e7\u00e3o, pelo menos por enquanto, n\u00e3o existe uma pasta com esse status para cuidar do problema mais fundamental do pa\u00eds, um poss\u00edvel minist\u00e9rio da primeira [&hellip;]<\/p>\n","protected":false},"author":34,"featured_media":13049,"comment_status":"open","ping_status":"open","sticky":false,"template":"","format":"standard","meta":{"footnotes":""},"categories":[23],"tags":[114,68,2,69,16],"class_list":["post-13040","post","type-post","status-publish","format-standard","has-post-thumbnail","hentry","category-integra","tag-historiadebrasilia","tag-aricunha","tag-brasilia","tag-circecunha","tag-mamfil"],"_links":{"self":[{"href":"https:\/\/blogs.correiobraziliense.com.br\/aricunha\/wp-json\/wp\/v2\/posts\/13040","targetHints":{"allow":["GET"]}}],"collection":[{"href":"https:\/\/blogs.correiobraziliense.com.br\/aricunha\/wp-json\/wp\/v2\/posts"}],"about":[{"href":"https:\/\/blogs.correiobraziliense.com.br\/aricunha\/wp-json\/wp\/v2\/types\/post"}],"author":[{"embeddable":true,"href":"https:\/\/blogs.correiobraziliense.com.br\/aricunha\/wp-json\/wp\/v2\/users\/34"}],"replies":[{"embeddable":true,"href":"https:\/\/blogs.correiobraziliense.com.br\/aricunha\/wp-json\/wp\/v2\/comments?post=13040"}],"version-history":[{"count":2,"href":"https:\/\/blogs.correiobraziliense.com.br\/aricunha\/wp-json\/wp\/v2\/posts\/13040\/revisions"}],"predecessor-version":[{"id":13050,"href":"https:\/\/blogs.correiobraziliense.com.br\/aricunha\/wp-json\/wp\/v2\/posts\/13040\/revisions\/13050"}],"wp:featuredmedia":[{"embeddable":true,"href":"https:\/\/blogs.correiobraziliense.com.br\/aricunha\/wp-json\/wp\/v2\/media\/13049"}],"wp:attachment":[{"href":"https:\/\/blogs.correiobraziliense.com.br\/aricunha\/wp-json\/wp\/v2\/media?parent=13040"}],"wp:term":[{"taxonomy":"category","embeddable":true,"href":"https:\/\/blogs.correiobraziliense.com.br\/aricunha\/wp-json\/wp\/v2\/categories?post=13040"},{"taxonomy":"post_tag","embeddable":true,"href":"https:\/\/blogs.correiobraziliense.com.br\/aricunha\/wp-json\/wp\/v2\/tags?post=13040"}],"curies":[{"name":"wp","href":"https:\/\/api.w.org\/{rel}","templated":true}]}}