{"id":12913,"date":"2018-12-11T01:00:56","date_gmt":"2018-12-11T03:00:56","guid":{"rendered":"https:\/\/blogs.correiobraziliense.com.br\/aricunha\/?p=12913"},"modified":"2018-12-10T22:02:54","modified_gmt":"2018-12-11T00:02:54","slug":"quando-os-alunos-superam-os-professores","status":"publish","type":"post","link":"https:\/\/blogs.correiobraziliense.com.br\/aricunha\/quando-os-alunos-superam-os-professores\/","title":{"rendered":"Quando os alunos superam os professores"},"content":{"rendered":"<p>VISTO, LIDO E OUVIDO<br \/>\nCriada por Ari Cunha (In memoriam)<\/p>\n<p>Desde 1960<\/p>\n<p>Com Circe Cunha\u00a0 e Mamfil<\/p>\n<p>jornalistacircecunha@gmail.com<\/p>\n<p>Facebook.com\/vistolidoeouvido<\/p>\n<p>Instagram.com\/vistolidoeouvido<\/p>\n<figure id=\"attachment_12916\" aria-describedby=\"caption-attachment-12916\" style=\"width: 418px\" class=\"wp-caption alignright\"><img loading=\"lazy\" decoding=\"async\" class=\" wp-image-12916\" src=\"https:\/\/blogs.correiobraziliense.com.br\/aricunha\/wp-content\/uploads\/sites\/13\/2018\/12\/charge161112.jpg\" alt=\"\" width=\"418\" height=\"274\" srcset=\"https:\/\/blogs.correiobraziliense.com.br\/aricunha\/wp-content\/uploads\/sites\/13\/2018\/12\/charge161112.jpg 450w, https:\/\/blogs.correiobraziliense.com.br\/aricunha\/wp-content\/uploads\/sites\/13\/2018\/12\/charge161112-300x197.jpg 300w, https:\/\/blogs.correiobraziliense.com.br\/aricunha\/wp-content\/uploads\/sites\/13\/2018\/12\/charge161112-350x229.jpg 350w, https:\/\/blogs.correiobraziliense.com.br\/aricunha\/wp-content\/uploads\/sites\/13\/2018\/12\/charge161112-230x151.jpg 230w\" sizes=\"auto, (max-width: 418px) 100vw, 418px\" \/><figcaption id=\"caption-attachment-12916\" class=\"wp-caption-text\">Charge do Frank<\/figcaption><\/figure>\n<p>De Norte a Sul do pa\u00eds, o que a popula\u00e7\u00e3o assiste abismada \u00e9 a progress\u00e3o do crime organizado com a escalada de delitos de toda a ordem, numa clara demonstra\u00e7\u00e3o de que esse tipo de banditismo, as fun\u00e7\u00f5es de cada um, assim como as a\u00e7\u00f5es perpetradas, obedecem j\u00e1 a um rigoroso esquema de t\u00e1ticas de guerrilha urbana.<\/p>\n<p>Para os estudiosos desse fen\u00f4meno, a origem das organiza\u00e7\u00f5es criminosas se deu ainda nos anos setenta, quando do encarceramento de bandidos e de membros da guerrilha de esquerda em celas comuns. Dessa conviv\u00eancia, for\u00e7ada atr\u00e1s das grades, os criminosos aprenderam, dos presos pol\u00edticos, no\u00e7\u00f5es b\u00e1sicas de guerrilha e de organiza\u00e7\u00e3o e de m\u00e9todos de grupos para melhor efic\u00e1cia das a\u00e7\u00f5es.<\/p>\n<p>Com esses chamados \u201csubversivos\u201d, os bandidos passaram a aprender as primeiras no\u00e7\u00f5es de organiza\u00e7\u00e3o, hierarquia, comando, t\u00e1ticas, transmiss\u00e3o de ordens codificadas, assaltos a bancos com uso de explosivos, assassinatos espetaculosos de altos membros da seguran\u00e7a p\u00fablica, atentados contra policiais e delegacias, inc\u00eandios a coletivos com a inten\u00e7\u00e3o de levar p\u00e2nico e medo \u00e0 popula\u00e7\u00e3o, entre outras a\u00e7\u00f5es.<\/p>\n<p>Com esses presos por crimes pol\u00edticos, a maioria oriunda das classes m\u00e9dias e altas, com boa forma\u00e7\u00e3o escolar \u2013 sendo que alguns receberam treinamento espec\u00edfico de t\u00e1ticas de guerrilha \u2013 os bandidos compreenderam a import\u00e2ncia de fortalecimento econ\u00f4mico do grupo atrav\u00e9s da constitui\u00e7\u00e3o de um caixa \u00fanico com o dinheiro proveniente de crimes, bem como a necessidade de aplic\u00e1-los no mercado financeiro, al\u00e9m de uma infinidade de outras estrat\u00e9gias visando o crescimento e a sobrevida dessas organiza\u00e7\u00f5es. E foi o que efetivamente tem sido feito desde ent\u00e3o. Logo surgiram, nas duas maiores metr\u00f3poles do pa\u00eds, esses grupos de criminosos, que num primeiro momento, agiam, basicamente, nos limites de suas regi\u00f5es. Com o advento da era da inform\u00e1tica, tamb\u00e9m esses grupos foram beneficiados com a expans\u00e3o de seus neg\u00f3cios. O contrabando, o tr\u00e1fico de armas e de drogas levou ainda esses foras da lei a interagir para al\u00e9m das fronteiras do pa\u00eds, formando verdadeiros cart\u00e9is do crime organizado, com a divis\u00e3o dos trabalhos e das fun\u00e7\u00f5es, assim como a cria\u00e7\u00e3o e demarca\u00e7\u00e3o de territ\u00f3rios para a atua\u00e7\u00e3o de cada fac\u00e7\u00e3o.<\/p>\n<p>O fato \u00e9 que, desde o retorno da democracia ao pa\u00eds e principalmente nas duas \u00faltimas d\u00e9cadas, os diversos governos, tanto federal, como nos estados, n\u00e3o deram a devida import\u00e2ncia \u00e0 forma\u00e7\u00e3o dessas fac\u00e7\u00f5es. Somente com os epis\u00f3dios mais recentes em S\u00e3o Paulo e no Esp\u00edrito Santo, quando esses grupos conseguiram paralisar por completo essas metr\u00f3poles, impondo o medo n\u00e3o apenas a popula\u00e7\u00e3o em geral, mas \u00e0s pr\u00f3prias autoridades, \u00e9 que o pa\u00eds acordou, de vez, para esse pesadelo.<\/p>\n<p>O mais preocupante agora \u00e9 que, dado o n\u00edvel de organiza\u00e7\u00e3o empresarial e t\u00e9cnico alcan\u00e7ado por esses criminosos, nem mesmo com parte de suas lideran\u00e7as, colocadas em pres\u00eddios, ditos de alta seguran\u00e7a, o fluxo de comando entre eles foi cessado, pelo contr\u00e1rio, vem crescendo e assustando todos os brasileiros.<\/p>\n<p>O poderio alcan\u00e7ado por essas fac\u00e7\u00f5es atingiu tamanha propor\u00e7\u00e3o que hoje \u00e9 consenso que o crime organizado se tornou um problema de seguran\u00e7a nacional que pode, inclusive, levar \u00e0 desestabiliza\u00e7\u00e3o do pa\u00eds. Dessa forma, torna-se imperioso reconhecer que os antigos alunos dos presos pol\u00edticos, superaram, em muito, seus professores e hoje d\u00e3o aula de como amedrontar uma na\u00e7\u00e3o inteira.<\/p>\n<p>&nbsp;<\/p>\n<p><strong>A frase que foi pronunciada:<\/strong><\/p>\n<p><em>\u201cUm tempo atr\u00e1s, quando se falava em crime no Brasil, se preocupava com PC Farias. Hoje nos preocupamos com o que o PCC far\u00e1s.\u201d<\/em><\/p>\n<p>Danilo Gentili<\/p>\n<figure id=\"attachment_12918\" aria-describedby=\"caption-attachment-12918\" style=\"width: 274px\" class=\"wp-caption aligncenter\"><img loading=\"lazy\" decoding=\"async\" class=\" wp-image-12918\" src=\"https:\/\/blogs.correiobraziliense.com.br\/aricunha\/wp-content\/uploads\/sites\/13\/2018\/12\/download.jpg\" alt=\"\" width=\"274\" height=\"274\" srcset=\"https:\/\/blogs.correiobraziliense.com.br\/aricunha\/wp-content\/uploads\/sites\/13\/2018\/12\/download.jpg 225w, https:\/\/blogs.correiobraziliense.com.br\/aricunha\/wp-content\/uploads\/sites\/13\/2018\/12\/download-150x150.jpg 150w\" sizes=\"auto, (max-width: 274px) 100vw, 274px\" \/><figcaption id=\"caption-attachment-12918\" class=\"wp-caption-text\">Foto: facebook.com\/Danilo.Gentili.Oficial<\/figcaption><\/figure>\n<p><strong>Visto<\/strong><\/p>\n<p>Mais uma vez o IDECAN, a mais incompetente banca de concursos do pa\u00eds, mostra a que veio. Depois de anular as provas dos Bombeiros, uma delas por que esqueceram as folhas de reda\u00e7\u00e3o, agora anuncia que o concurso da AGU ser\u00e1 anulado porque cadernos de exames n\u00e3o chegaram em algumas partes do pa\u00eds. Milhares de pessoas prejudicadas. Isso \u00e9 um abuso, um caso cl\u00e1ssico de dano moral. N\u00e3o para a Justi\u00e7a, que deixa claro n\u00e3o julgar m\u00e9rito. Pelo desastre de outros processos seletivos, esse Instituto deveria ter todos os direitos cassados.<\/p>\n<figure id=\"attachment_12915\" aria-describedby=\"caption-attachment-12915\" style=\"width: 567px\" class=\"wp-caption aligncenter\"><img loading=\"lazy\" decoding=\"async\" class=\" wp-image-12915\" src=\"https:\/\/blogs.correiobraziliense.com.br\/aricunha\/wp-content\/uploads\/sites\/13\/2018\/12\/agu.jpeg\" alt=\"\" width=\"567\" height=\"354\" srcset=\"https:\/\/blogs.correiobraziliense.com.br\/aricunha\/wp-content\/uploads\/sites\/13\/2018\/12\/agu.jpeg 1000w, https:\/\/blogs.correiobraziliense.com.br\/aricunha\/wp-content\/uploads\/sites\/13\/2018\/12\/agu-300x188.jpeg 300w, https:\/\/blogs.correiobraziliense.com.br\/aricunha\/wp-content\/uploads\/sites\/13\/2018\/12\/agu-768x480.jpeg 768w, https:\/\/blogs.correiobraziliense.com.br\/aricunha\/wp-content\/uploads\/sites\/13\/2018\/12\/agu-350x219.jpeg 350w, https:\/\/blogs.correiobraziliense.com.br\/aricunha\/wp-content\/uploads\/sites\/13\/2018\/12\/agu-550x344.jpeg 550w, https:\/\/blogs.correiobraziliense.com.br\/aricunha\/wp-content\/uploads\/sites\/13\/2018\/12\/agu-230x144.jpeg 230w\" sizes=\"auto, (max-width: 567px) 100vw, 567px\" \/><figcaption id=\"caption-attachment-12915\" class=\"wp-caption-text\">Foto: Advocacia Geral da Uni\u00e3o &#8211; GNews \u2014 Foto: Reprodu\u00e7\u00e3o GloboNews<\/figcaption><\/figure>\n<p><strong>Lido<\/strong><\/p>\n<p>Current Biology \u00e9 uma respeitada revista cient\u00edfica que abrange todas as \u00e1reas da biologia, uma delas a gen\u00e9tica. Um grupo de cientistas conseguiu fazer uma an\u00e1lise gen\u00e9tica do papagaio comparada com outras aves longevas e identificou v\u00e1rios genes com evid\u00eancia de press\u00e3o seletiva, sugerindo a import\u00e2ncia para a longevidade e para a cogni\u00e7\u00e3o. Este trabalho \u00e9 produto de uma colabora\u00e7\u00e3o de v\u00e1rios laborat\u00f3rios do Brasil, financiados como uma rede de gen\u00f4mica pelo CNPq-MCT, como parte da rede SISBIO de estudos da biodiversidade, al\u00e9m de alguns laborat\u00f3rios norte-americanos. Al\u00e9m do alcance cient\u00edfico da pesquisa, a equipe que trabalha nesse projeto comemora o fato de que uma revista cient\u00edfica de impacto internacional, como a Current Biology, venha a publicar sobre uma pesquisa financiada originariamente por uma ag\u00eancia brasileira. A novidade nos foi enviada pelo doutor Claudio Mello, da Universidade de Oregon.<\/p>\n<p><iframe loading=\"lazy\" title=\"NeuroFutures 2016 | Claudio Mello\" width=\"1440\" height=\"810\" src=\"https:\/\/www.youtube.com\/embed\/tFQa-_-L6SE?start=1275&amp;feature=oembed\" frameborder=\"0\" allow=\"accelerometer; autoplay; clipboard-write; encrypted-media; gyroscope; picture-in-picture; web-share\" referrerpolicy=\"strict-origin-when-cross-origin\" allowfullscreen><\/iframe><\/p>\n<p><strong>Ouvido<\/strong><\/p>\n<p><em>\u201cQuando ela disse que iria visitar o Jo\u00e3o de Deus por um milagre, eu disse a ela: procure o Deus de Jo\u00e3o, que Ele sim \u00e9 confi\u00e1vel!\u201d<\/em> Conversa na parada, perto do posto de sa\u00fade do Parano\u00e1.<\/p>\n<p>https:\/\/www.youtube.com\/watch?v=jyeKt0il8QA<\/p>\n<p><strong>HIST\u00d3RIA DE BRAS\u00cdLIA<\/strong><\/p>\n<p>Agora \u00e9 que come\u00e7aram a asfaltar algumas partes do Trecho 2, mas \u00e9 deplor\u00e1vel, a situa\u00e7\u00e3o de um modo geral, vivida pelos industriais que fizeram, ali, vultosos investimentos. <strong>(Publicado em 07.11.1961)<\/strong><\/p>\n","protected":false},"excerpt":{"rendered":"<p>VISTO, LIDO E OUVIDO Criada por Ari Cunha (In memoriam) Desde 1960 Com Circe Cunha\u00a0 e Mamfil jornalistacircecunha@gmail.com Facebook.com\/vistolidoeouvido Instagram.com\/vistolidoeouvido De Norte a Sul do pa\u00eds, o que a popula\u00e7\u00e3o assiste abismada \u00e9 a progress\u00e3o do crime organizado com a escalada de delitos de toda a ordem, numa clara demonstra\u00e7\u00e3o de que esse tipo de banditismo, as fun\u00e7\u00f5es de cada [&hellip;]<\/p>\n","protected":false},"author":34,"featured_media":12916,"comment_status":"open","ping_status":"open","sticky":false,"template":"","format":"standard","meta":{"footnotes":""},"categories":[23],"tags":[114,68,2,69,16],"class_list":["post-12913","post","type-post","status-publish","format-standard","has-post-thumbnail","hentry","category-integra","tag-historiadebrasilia","tag-aricunha","tag-brasilia","tag-circecunha","tag-mamfil"],"_links":{"self":[{"href":"https:\/\/blogs.correiobraziliense.com.br\/aricunha\/wp-json\/wp\/v2\/posts\/12913","targetHints":{"allow":["GET"]}}],"collection":[{"href":"https:\/\/blogs.correiobraziliense.com.br\/aricunha\/wp-json\/wp\/v2\/posts"}],"about":[{"href":"https:\/\/blogs.correiobraziliense.com.br\/aricunha\/wp-json\/wp\/v2\/types\/post"}],"author":[{"embeddable":true,"href":"https:\/\/blogs.correiobraziliense.com.br\/aricunha\/wp-json\/wp\/v2\/users\/34"}],"replies":[{"embeddable":true,"href":"https:\/\/blogs.correiobraziliense.com.br\/aricunha\/wp-json\/wp\/v2\/comments?post=12913"}],"version-history":[{"count":3,"href":"https:\/\/blogs.correiobraziliense.com.br\/aricunha\/wp-json\/wp\/v2\/posts\/12913\/revisions"}],"predecessor-version":[{"id":12919,"href":"https:\/\/blogs.correiobraziliense.com.br\/aricunha\/wp-json\/wp\/v2\/posts\/12913\/revisions\/12919"}],"wp:featuredmedia":[{"embeddable":true,"href":"https:\/\/blogs.correiobraziliense.com.br\/aricunha\/wp-json\/wp\/v2\/media\/12916"}],"wp:attachment":[{"href":"https:\/\/blogs.correiobraziliense.com.br\/aricunha\/wp-json\/wp\/v2\/media?parent=12913"}],"wp:term":[{"taxonomy":"category","embeddable":true,"href":"https:\/\/blogs.correiobraziliense.com.br\/aricunha\/wp-json\/wp\/v2\/categories?post=12913"},{"taxonomy":"post_tag","embeddable":true,"href":"https:\/\/blogs.correiobraziliense.com.br\/aricunha\/wp-json\/wp\/v2\/tags?post=12913"}],"curies":[{"name":"wp","href":"https:\/\/api.w.org\/{rel}","templated":true}]}}