{"id":12820,"date":"2018-11-28T01:00:01","date_gmt":"2018-11-28T03:00:01","guid":{"rendered":"https:\/\/blogs.correiobraziliense.com.br\/aricunha\/?p=12820"},"modified":"2018-11-27T20:32:18","modified_gmt":"2018-11-27T22:32:18","slug":"quo-usque-tandem-abutere-catilina-patientia-nostra","status":"publish","type":"post","link":"https:\/\/blogs.correiobraziliense.com.br\/aricunha\/quo-usque-tandem-abutere-catilina-patientia-nostra\/","title":{"rendered":"Quo usque tandem abutere, Catilina, patientia nostra?"},"content":{"rendered":"<p>VISTO, LIDO E OUVIDO<br \/>\nCriada por Ari Cunha (In memoriam)<\/p>\n<p>Desde 1960<\/p>\n<p>Com Circe Cunha\u00a0 e Mamfil<\/p>\n<p>jornalistacircecunha@gmail.com<\/p>\n<p>Facebook.com\/vistolidoeouvido<\/p>\n<figure id=\"attachment_12824\" aria-describedby=\"caption-attachment-12824\" style=\"width: 649px\" class=\"wp-caption aligncenter\"><img loading=\"lazy\" decoding=\"async\" class=\"size-full wp-image-12824\" src=\"https:\/\/blogs.correiobraziliense.com.br\/aricunha\/wp-content\/uploads\/sites\/13\/2018\/11\/Capturar-8.jpg\" alt=\"\" width=\"649\" height=\"366\" srcset=\"https:\/\/blogs.correiobraziliense.com.br\/aricunha\/wp-content\/uploads\/sites\/13\/2018\/11\/Capturar-8.jpg 649w, https:\/\/blogs.correiobraziliense.com.br\/aricunha\/wp-content\/uploads\/sites\/13\/2018\/11\/Capturar-8-300x169.jpg 300w, https:\/\/blogs.correiobraziliense.com.br\/aricunha\/wp-content\/uploads\/sites\/13\/2018\/11\/Capturar-8-350x197.jpg 350w, https:\/\/blogs.correiobraziliense.com.br\/aricunha\/wp-content\/uploads\/sites\/13\/2018\/11\/Capturar-8-550x310.jpg 550w, https:\/\/blogs.correiobraziliense.com.br\/aricunha\/wp-content\/uploads\/sites\/13\/2018\/11\/Capturar-8-230x130.jpg 230w\" sizes=\"auto, (max-width: 649px) 100vw, 649px\" \/><figcaption id=\"caption-attachment-12824\" class=\"wp-caption-text\">Foto: g1.globo.com\/df<\/figcaption><\/figure>\n<p>Com a pancadaria ocorrida nessa segunda, um fato ficou definitivamente constatado: a C\u00e2mara Distrital n\u00e3o \u00e9 o lugar apropriado para a discuss\u00e3o do projeto de Lei de Uso e Ocupa\u00e7\u00e3o do Solo (Luos). Nem esse, nem qualquer outro documento como o Plano Diretor de Ordenamento Territorial (PDOT) que trata da sens\u00edvel quest\u00e3o urbana da capital. As raz\u00f5es saltam aos olhos. Documentos dessa natureza, por sua import\u00e2ncia e tecnicidade para o futuro da capital, n\u00e3o podem ficar entregues \u00e0 arbitragem de pol\u00edticos, quando se sabe que muitos deles s\u00e3o notoriamente incapazes de entender um simples texto de 4\u00aa s\u00e9rie do ensino fundamental.<\/p>\n<p>Deixar que projeto de tamanha relev\u00e2ncia seja decidido por pessoas comprovadamente comprometidas com as in\u00fameras ocupa\u00e7\u00f5es irregulares que ocorrem diuturnamente por toda a parte, e que o fazem como forma de angariar votos, \u00e9 uma irresponsabilidade que trar\u00e1 preju\u00edzos incalcul\u00e1veis para toda a popula\u00e7\u00e3o do Distrito Federal.<\/p>\n<p>A pancadaria generalizada ocorrida durante o \u201cf\u00f3rum de debates\u201d organizado pela not\u00f3ria deputada Telma Rufino, presidente, imaginem s\u00f3, da Comiss\u00e3o de Assuntos Fundi\u00e1rios (CAF) daquela Casa, foi, na verdade, pr\u00e9 organizada pelo pessoal de apoio a essa parlamentar para, claramente, intimidar quaisquer manifesta\u00e7\u00f5es contr\u00e1rias ao famigerado e viciado projeto.<\/p>\n<p>Tratou-se, na verdade, de uma cilada constru\u00edda com a ajuda de brutamontes mercen\u00e1rios, que passaram a agredir professores e t\u00e9cnicos contr\u00e1rios a essa proposta bisonha, que esconde, em suas entrelinhas, interesses escusos e distantes do que almeja a maioria dos cidad\u00e3os de bem e de bom senso dessa cidade.<\/p>\n<p>Aproveitando o apagar das luzes dessa legislatura, essa deputada e outros que n\u00e3o t\u00eam a coragem c\u00edvica de expor o que est\u00e3o tratando de aprovar, em regime de urg\u00eancia, discutiram uma mat\u00e9ria de grande interesse apenas para especuladores, empreendedores gananciosos, invasores, grileiros, e pol\u00edticos astutos.<\/p>\n<p>Caso venha a ser aprovado como est\u00e1, o LUOS render\u00e1 nos pr\u00f3ximos anos montanhas de dinheiro para esses grupos organizados e deixar\u00e1 com passivo a destrui\u00e7\u00e3o definitiva daquela que um dia foi a mais planejada das cidades desse pa\u00eds, orgulho de muitos brasileiros e um exemplo para o mundo todo da nossa capacidade de construir coisas belas.<\/p>\n<p>Ao debitar mais esse desservi\u00e7o \u00e0 capital e \u00e0 popula\u00e7\u00e3o do Distrito Federal, fica a quest\u00e3o hist\u00f3rica: Quo usque tandem abutere, Catilina, patientia nostra?<\/p>\n<p>&nbsp;<\/p>\n<p>&nbsp;<\/p>\n<p><strong>A frase que foi pronunciada:<\/strong><\/p>\n<p><em>\u201cN\u00e3o te d\u00e1s conta que os teus planos foram descobertos?\u201d<\/em><\/p>\n<p><iframe loading=\"lazy\" title=\"AUDI\u00caNCIA P\u00daBLICA TERMINA EM PANCADARIA NA CLDF\" width=\"1440\" height=\"810\" src=\"https:\/\/www.youtube.com\/embed\/_gmPbukr31o?feature=oembed\" frameborder=\"0\" allow=\"accelerometer; autoplay; clipboard-write; encrypted-media; gyroscope; picture-in-picture; web-share\" referrerpolicy=\"strict-origin-when-cross-origin\" allowfullscreen><\/iframe><\/p>\n<p><strong>Hoje<\/strong><\/p>\n<p>Novembro Azul e o combate ao c\u00e2ncer de pr\u00f3stata e sa\u00fade do homem ainda n\u00e3o acabou. Dr. Diogo Mendes, Diretor de Comunica\u00e7\u00e3o da AMBr, convida a popula\u00e7\u00e3o para participar de debates com comprova\u00e7\u00f5es cient\u00edficas da necessidade de preven\u00e7\u00e3o do c\u00e2ncer de pr\u00f3stata, pr\u00e1tica que envolve os homens e as mulheres da fam\u00edlia. Todos precisam estar engajados, mesmo que de diferentes formas. No evento, m\u00e9dicos de diversas especialidades responder\u00e3o d\u00favidas dos presentes.\u00a0 Hoje, \u00e0s 19h na Associa\u00e7\u00e3o M\u00e9dica de Bras\u00edlia (AMBr). Inscri\u00e7\u00f5es limitadas, gratuitas e certificados ser\u00e3o expedidos depois do evento.<\/p>\n<figure id=\"attachment_12822\" aria-describedby=\"caption-attachment-12822\" style=\"width: 517px\" class=\"wp-caption aligncenter\"><img loading=\"lazy\" decoding=\"async\" class=\" wp-image-12822\" src=\"https:\/\/blogs.correiobraziliense.com.br\/aricunha\/wp-content\/uploads\/sites\/13\/2018\/11\/HVVDtkIyYxj6aCPgjZi9owfzquKphN3H3K1KxRHD.png\" alt=\"\" width=\"517\" height=\"517\" srcset=\"https:\/\/blogs.correiobraziliense.com.br\/aricunha\/wp-content\/uploads\/sites\/13\/2018\/11\/HVVDtkIyYxj6aCPgjZi9owfzquKphN3H3K1KxRHD.png 900w, https:\/\/blogs.correiobraziliense.com.br\/aricunha\/wp-content\/uploads\/sites\/13\/2018\/11\/HVVDtkIyYxj6aCPgjZi9owfzquKphN3H3K1KxRHD-150x150.png 150w, https:\/\/blogs.correiobraziliense.com.br\/aricunha\/wp-content\/uploads\/sites\/13\/2018\/11\/HVVDtkIyYxj6aCPgjZi9owfzquKphN3H3K1KxRHD-300x300.png 300w, https:\/\/blogs.correiobraziliense.com.br\/aricunha\/wp-content\/uploads\/sites\/13\/2018\/11\/HVVDtkIyYxj6aCPgjZi9owfzquKphN3H3K1KxRHD-768x768.png 768w, https:\/\/blogs.correiobraziliense.com.br\/aricunha\/wp-content\/uploads\/sites\/13\/2018\/11\/HVVDtkIyYxj6aCPgjZi9owfzquKphN3H3K1KxRHD-350x350.png 350w, https:\/\/blogs.correiobraziliense.com.br\/aricunha\/wp-content\/uploads\/sites\/13\/2018\/11\/HVVDtkIyYxj6aCPgjZi9owfzquKphN3H3K1KxRHD-550x550.png 550w, https:\/\/blogs.correiobraziliense.com.br\/aricunha\/wp-content\/uploads\/sites\/13\/2018\/11\/HVVDtkIyYxj6aCPgjZi9owfzquKphN3H3K1KxRHD-230x230.png 230w\" sizes=\"auto, (max-width: 517px) 100vw, 517px\" \/><figcaption id=\"caption-attachment-12822\" class=\"wp-caption-text\">Cartaz: ambr.org.br\/noticias<\/figcaption><\/figure>\n<p><strong>De olho<\/strong><\/p>\n<p>Maria Lucia Fatorelli, da Auditoria Cidad\u00e3 da D\u00edvida, conclama os cidad\u00e3os brasileiros a ligar para os deputados federais para que votem contra o PLP 459\/2017, que esconde esquema financeiro por tr\u00e1s da propaganda de securitiza\u00e7\u00e3o de cr\u00e9ditos. O deputado federal do PSOL, Glauber Braga, disse que n\u00e3o h\u00e1 argumento racional que dialogue com o desespero. Para o deputado, \u00e9 imposs\u00edvel votar uma mat\u00e9ria que aparenta garantir recursos imediatos para os estados endividados sem vislumbrar a capacidade financeira de estados e Munic\u00edpios que poder\u00e3o ter a estrutura quebrada no momento da cobran\u00e7a. Veja o v\u00eddeo de Fatorelli no blog do Ari Cunha.<\/p>\n<p><iframe loading=\"lazy\" title=\"Fattorelli fala sobre os riscos da aprova\u00e7\u00e3o do projeto de &quot;securitiza\u00e7\u00e3o de cr\u00e9ditos&quot;\" width=\"1440\" height=\"810\" src=\"https:\/\/www.youtube.com\/embed\/MCtBcFDp67g?start=10&amp;feature=oembed\" frameborder=\"0\" allow=\"accelerometer; autoplay; clipboard-write; encrypted-media; gyroscope; picture-in-picture; web-share\" referrerpolicy=\"strict-origin-when-cross-origin\" allowfullscreen><\/iframe><\/p>\n<p><strong>Alv\u00edssaras<\/strong><\/p>\n<p>Entre os 10 ganhadores do pr\u00eamio Global Teacher Prize, Diego Mahfouz Faria Lima \u00e9 um orgulho para a classe docente brasileira. Encontrou a Escola Municipal Darcy Ribeiro, em S\u00e3o Jos\u00e9 do Rio Preto, caindo aos peda\u00e7os e com os cacos da auto estima dos alunos espalhados pelo ch\u00e3o. Envolveu os pais na recupera\u00e7\u00e3o da escola, criou mecanismos para ouvir os alunos, se havia algum faltante Diego s\u00f3 sossegava depois de visit\u00e1-lo para saber a raz\u00e3o da aus\u00eancia na escola. Dia ap\u00f3s dia, Diego foi conquistando todos os que o rodeavam. E em todo o mundo ele est\u00e1 entre os 10 melhores professores reconhecidos pelo pr\u00eamio mais importante da Educa\u00e7\u00e3o.<\/p>\n<p><iframe loading=\"lazy\" title=\"Turning a school into a safe haven from violence | Diego Faria Lima, Brazil | Global Teacher Prize\" width=\"1440\" height=\"810\" src=\"https:\/\/www.youtube.com\/embed\/Wy-lId6nhbM?feature=oembed\" frameborder=\"0\" allow=\"accelerometer; autoplay; clipboard-write; encrypted-media; gyroscope; picture-in-picture; web-share\" referrerpolicy=\"strict-origin-when-cross-origin\" allowfullscreen><\/iframe><\/p>\n<p><strong>Surreal<\/strong><\/p>\n<p>\u00c9 preciso ter um crit\u00e9rio mais apurado para a sele\u00e7\u00e3o de profissionais t\u00e9cnicos de enfermagem em hospitais particulares do DF. Os altos pre\u00e7os cobrados n\u00e3o correspondem ao servi\u00e7o prestado por grande parte da equipe t\u00e9cnica. Ou n\u00e3o sabem aplicar uma inje\u00e7\u00e3o, ou n\u00e3o conseguem fazer um acesso, mal prestam aten\u00e7\u00e3o no medicamento que ser\u00e1 aplicado, dizem que a luva \u00e9 para proteger o profissional e da\u00ed n\u00e3o usam luva, conversam alto nas enfermarias como se estivessem em feiras livres. \u00c9 realmente um caos! Nas UTIs o quadro \u00e9 de Salvador Dali. A vulnerabilidade cala os familiares.<\/p>\n<figure id=\"attachment_12823\" aria-describedby=\"caption-attachment-12823\" style=\"width: 517px\" class=\"wp-caption aligncenter\"><img loading=\"lazy\" decoding=\"async\" class=\" wp-image-12823\" src=\"https:\/\/blogs.correiobraziliense.com.br\/aricunha\/wp-content\/uploads\/sites\/13\/2018\/11\/ChargeGrandesTemas-medico-web1.jpg\" alt=\"\" width=\"517\" height=\"376\" srcset=\"https:\/\/blogs.correiobraziliense.com.br\/aricunha\/wp-content\/uploads\/sites\/13\/2018\/11\/ChargeGrandesTemas-medico-web1.jpg 400w, https:\/\/blogs.correiobraziliense.com.br\/aricunha\/wp-content\/uploads\/sites\/13\/2018\/11\/ChargeGrandesTemas-medico-web1-300x218.jpg 300w, https:\/\/blogs.correiobraziliense.com.br\/aricunha\/wp-content\/uploads\/sites\/13\/2018\/11\/ChargeGrandesTemas-medico-web1-350x255.jpg 350w, https:\/\/blogs.correiobraziliense.com.br\/aricunha\/wp-content\/uploads\/sites\/13\/2018\/11\/ChargeGrandesTemas-medico-web1-230x167.jpg 230w\" sizes=\"auto, (max-width: 517px) 100vw, 517px\" \/><figcaption id=\"caption-attachment-12823\" class=\"wp-caption-text\">Charge do Ivan Cabral<\/figcaption><\/figure>\n<p><strong>HIST\u00d3RIA DE BRAS\u00cdLIA<\/strong><\/p>\n<p>O dr. Laranja n\u00e3o sabe disto, mas vai ficar sabendo agora. Cortados t\u00f3picos do Banco P\u00fablico do Brasil. \u00c9 um abuso, porque os alugu\u00e9is s\u00e3o baix\u00edssimos, e os mercadinhos pertencem \u00e0 Novacap, a quem est\u00e1 afeta a tarefa de punir os criminosos da economia popular. <strong>(Publicado em 05.11.1961)<\/strong><\/p>\n","protected":false},"excerpt":{"rendered":"<p>VISTO, LIDO E OUVIDO Criada por Ari Cunha (In memoriam) Desde 1960 Com Circe Cunha\u00a0 e Mamfil jornalistacircecunha@gmail.com Facebook.com\/vistolidoeouvido Com a pancadaria ocorrida nessa segunda, um fato ficou definitivamente constatado: a C\u00e2mara Distrital n\u00e3o \u00e9 o lugar apropriado para a discuss\u00e3o do projeto de Lei de Uso e Ocupa\u00e7\u00e3o do Solo (Luos). Nem esse, nem qualquer outro documento como o [&hellip;]<\/p>\n","protected":false},"author":34,"featured_media":12824,"comment_status":"open","ping_status":"open","sticky":false,"template":"","format":"standard","meta":{"footnotes":""},"categories":[23],"tags":[114,68,2,69,16],"class_list":["post-12820","post","type-post","status-publish","format-standard","has-post-thumbnail","hentry","category-integra","tag-historiadebrasilia","tag-aricunha","tag-brasilia","tag-circecunha","tag-mamfil"],"_links":{"self":[{"href":"https:\/\/blogs.correiobraziliense.com.br\/aricunha\/wp-json\/wp\/v2\/posts\/12820","targetHints":{"allow":["GET"]}}],"collection":[{"href":"https:\/\/blogs.correiobraziliense.com.br\/aricunha\/wp-json\/wp\/v2\/posts"}],"about":[{"href":"https:\/\/blogs.correiobraziliense.com.br\/aricunha\/wp-json\/wp\/v2\/types\/post"}],"author":[{"embeddable":true,"href":"https:\/\/blogs.correiobraziliense.com.br\/aricunha\/wp-json\/wp\/v2\/users\/34"}],"replies":[{"embeddable":true,"href":"https:\/\/blogs.correiobraziliense.com.br\/aricunha\/wp-json\/wp\/v2\/comments?post=12820"}],"version-history":[{"count":2,"href":"https:\/\/blogs.correiobraziliense.com.br\/aricunha\/wp-json\/wp\/v2\/posts\/12820\/revisions"}],"predecessor-version":[{"id":12825,"href":"https:\/\/blogs.correiobraziliense.com.br\/aricunha\/wp-json\/wp\/v2\/posts\/12820\/revisions\/12825"}],"wp:featuredmedia":[{"embeddable":true,"href":"https:\/\/blogs.correiobraziliense.com.br\/aricunha\/wp-json\/wp\/v2\/media\/12824"}],"wp:attachment":[{"href":"https:\/\/blogs.correiobraziliense.com.br\/aricunha\/wp-json\/wp\/v2\/media?parent=12820"}],"wp:term":[{"taxonomy":"category","embeddable":true,"href":"https:\/\/blogs.correiobraziliense.com.br\/aricunha\/wp-json\/wp\/v2\/categories?post=12820"},{"taxonomy":"post_tag","embeddable":true,"href":"https:\/\/blogs.correiobraziliense.com.br\/aricunha\/wp-json\/wp\/v2\/tags?post=12820"}],"curies":[{"name":"wp","href":"https:\/\/api.w.org\/{rel}","templated":true}]}}