{"id":12692,"date":"2018-11-11T01:00:41","date_gmt":"2018-11-11T03:00:41","guid":{"rendered":"https:\/\/blogs.correiobraziliense.com.br\/aricunha\/?p=12692"},"modified":"2018-11-09T19:44:15","modified_gmt":"2018-11-09T21:44:15","slug":"um-fosso-entre-a-vontade-da-populacao-e-dos-politicos","status":"publish","type":"post","link":"https:\/\/blogs.correiobraziliense.com.br\/aricunha\/um-fosso-entre-a-vontade-da-populacao-e-dos-politicos\/","title":{"rendered":"Um fosso entre a vontade da popula\u00e7\u00e3o e dos pol\u00edticos"},"content":{"rendered":"<p>ARI CUNHA \u2013 In memoriam<\/p>\n<p>Visto, lido e ouvido<\/p>\n<p>Desde 1960<\/p>\n<p>com Circe Cunha e Mamfil;<\/p>\n<p>colunadoaricunha@gmail.com;<\/p>\n<p>Facebook.com\/vistolidoeouvido<\/p>\n<figure id=\"attachment_12696\" aria-describedby=\"caption-attachment-12696\" style=\"width: 588px\" class=\"wp-caption aligncenter\"><img loading=\"lazy\" decoding=\"async\" class=\" wp-image-12696\" src=\"https:\/\/blogs.correiobraziliense.com.br\/aricunha\/wp-content\/uploads\/sites\/13\/2018\/11\/img_crise_aumento-salario-servidores-judiciario_governo-temer_charge.jpg\" alt=\"\" width=\"588\" height=\"346\" srcset=\"https:\/\/blogs.correiobraziliense.com.br\/aricunha\/wp-content\/uploads\/sites\/13\/2018\/11\/img_crise_aumento-salario-servidores-judiciario_governo-temer_charge.jpg 450w, https:\/\/blogs.correiobraziliense.com.br\/aricunha\/wp-content\/uploads\/sites\/13\/2018\/11\/img_crise_aumento-salario-servidores-judiciario_governo-temer_charge-300x177.jpg 300w, https:\/\/blogs.correiobraziliense.com.br\/aricunha\/wp-content\/uploads\/sites\/13\/2018\/11\/img_crise_aumento-salario-servidores-judiciario_governo-temer_charge-350x206.jpg 350w, https:\/\/blogs.correiobraziliense.com.br\/aricunha\/wp-content\/uploads\/sites\/13\/2018\/11\/img_crise_aumento-salario-servidores-judiciario_governo-temer_charge-230x135.jpg 230w\" sizes=\"auto, (max-width: 588px) 100vw, 588px\" \/><figcaption id=\"caption-attachment-12696\" class=\"wp-caption-text\">Charge do Ivan Cabral<\/figcaption><\/figure>\n<p>Insensibilidade talvez seja a palavra que melhor, e de modo mais suave, consiga explicar o aumento\u00a016,38%, concedido pelo Senado, aos ministros do Supremo Tribunal Federal, no apagar das luzes do atual governo e no fim de boa parte da atual legislatura.<\/p>\n<p>Para um fato, at\u00e9 corriqueiro, dentro das conhecidas e seculares desigualdades sociais do pa\u00eds, os Tr\u00eas Poderes, conseguiram, ao mesmo tempo e de forma certeira, decepcionar toda a na\u00e7\u00e3o. Restou um gosto amargo para toda a sociedade e uma certeza de que ainda temos muito que evoluir para dotar a maioria das institui\u00e7\u00f5es do pa\u00eds de certo grau de probidade e zelo com a coisa p\u00fablica.<\/p>\n<p>A impress\u00e3o que ficou gravada na mente da maioria dos brasileiros \u00e9 que ainda existe um fosso imenso separando a popula\u00e7\u00e3o e suas elites. Ademais a manobra que resultou na mais pura vit\u00f3ria de Pirro, deu, aos contribuintes, a certeza de que as lideran\u00e7as do pa\u00eds continuam divorciadas do restante da sociedade, principalmente da realidade vivida por milh\u00f5es de brasileiros.<\/p>\n<p>Para uma manobra, feita em cima do la\u00e7o, deixou aos cidad\u00e3os a suspeita de que houve um estrat\u00e9gico e maquiav\u00e9lico acordo de bastidores para encher os bolsos de suas Excel\u00eancias, proporcionando um natal gordo para uma fatia min\u00fascula da popula\u00e7\u00e3o, j\u00e1 muito bem aquinhoada.<\/p>\n<p>Fica ainda, e o que \u00e9 pior, a impress\u00e3o de que poder\u00e1 haver, mais uma vez, o tradicional toma l\u00e1, d\u00e1 c\u00e1, melhorando o humor e, quem sabe, empurrando para as cal\u00eandulas, os muitos processos judiciais que grande parte dos parlamentares respondem naquela alta corte.\u00a0Mesmo que n\u00e3o existam, de fato, nenhuma dessas\u00a0raz\u00f5es, o que fala mais alto e, \u00e0 vista de todos, \u00e9 o momento inoportuno para a concess\u00e3o de tal agrado.<\/p>\n<p>Com isso e sem d\u00favidas, aumenta o desejo de reformas profundas em todas as institui\u00e7\u00f5es do Estado, que ponha um fim definitivo nessa dissintonia entre o alto e a base da pir\u00e2mide nacional. N\u00e3o chega a ser surpresa, para ningu\u00e9m, que desde a sua forma\u00e7\u00e3o, o Brasil sempre foi um pa\u00eds marcado por profundas desigualdades sociais.<\/p>\n<p>N\u00e3o se justifica, portanto, sob nenhum aspecto, que o teto salarial desses cortes\u00e3os seja elevado ainda mais, sobretudo quando se sabe a enorme dificuldade vivida por dezenas de milh\u00f5es de brasileiros, h\u00e1 anos em busca de emprego. O que surpreenderia \u00e9 se algum ministro viesse a recusar o aumento inoportuno. Como teve coragem o representante do DF no Senado, senador Reguffe.<\/p>\n<p>Surpreende ainda que pessoas, consideradas inteligentes, das quais se esperam um comportamento, no m\u00ednimo \u00e9tico, tenha embarcado nessa canoa furada, ajudando a aumentar o descr\u00e9dito dessas institui\u00e7\u00f5es junto \u00e0 popula\u00e7\u00e3o.\u00a0Fica ainda, dessa experi\u00eancia astuta, a convic\u00e7\u00e3o de que estamos muito mal representados.<\/p>\n<p>&nbsp;<\/p>\n<p><strong>A frase que foi pronunciada:<\/strong><\/p>\n<p><em>&#8220;H\u00e1 poucas coisas totalmente m\u00e1s ou totalmente boas. Quase tudo, especialmente da pol\u00edtica do governo, \u00e9 um composto insepar\u00e1vel dos dois, de modo que nosso melhor julgamento da preponder\u00e2ncia entre eles \u00e9 continuamente exigido&#8221;.<\/em><\/p>\n<p>Abraham Lincoln, em discurso \u00e0 C\u00e2mara dos Representantes em 20 de junho de 1848<\/p>\n<p>&nbsp;<\/p>\n<p><strong>Or\u00e7amento<\/strong><\/p>\n<p>A roda continua girando. Dezembro se aproxima e as emendas parlamentares precisam ser garantidas. A proposta or\u00e7ament\u00e1ria foi enxertada com mais de 9 mil emendas. Deputados e senadores definem as \u00e1reas onde ser\u00e3o aplicadas. O que o brasileiro desconhece \u00e9 como monitorar o uso desses R$ 88,3 bilh\u00f5es. \u00c9 preciso divulgar onde e quanto cada estado aplicar\u00e1 a verba. A pr\u00f3pria popula\u00e7\u00e3o cuida do resto. Segunda-feira, o deputado Alceu Moreira vai apresentar o parecer na Comiss\u00e3o Mista de Or\u00e7amento.<\/p>\n<figure id=\"attachment_12695\" aria-describedby=\"caption-attachment-12695\" style=\"width: 552px\" class=\"wp-caption aligncenter\"><img loading=\"lazy\" decoding=\"async\" class=\" wp-image-12695\" src=\"https:\/\/blogs.correiobraziliense.com.br\/aricunha\/wp-content\/uploads\/sites\/13\/2018\/11\/imagem_materia-1-1.jpg\" alt=\"\" width=\"552\" height=\"366\" srcset=\"https:\/\/blogs.correiobraziliense.com.br\/aricunha\/wp-content\/uploads\/sites\/13\/2018\/11\/imagem_materia-1-1.jpg 860w, https:\/\/blogs.correiobraziliense.com.br\/aricunha\/wp-content\/uploads\/sites\/13\/2018\/11\/imagem_materia-1-1-300x199.jpg 300w, https:\/\/blogs.correiobraziliense.com.br\/aricunha\/wp-content\/uploads\/sites\/13\/2018\/11\/imagem_materia-1-1-768x509.jpg 768w, https:\/\/blogs.correiobraziliense.com.br\/aricunha\/wp-content\/uploads\/sites\/13\/2018\/11\/imagem_materia-1-1-350x232.jpg 350w, https:\/\/blogs.correiobraziliense.com.br\/aricunha\/wp-content\/uploads\/sites\/13\/2018\/11\/imagem_materia-1-1-550x365.jpg 550w, https:\/\/blogs.correiobraziliense.com.br\/aricunha\/wp-content\/uploads\/sites\/13\/2018\/11\/imagem_materia-1-1-230x152.jpg 230w\" sizes=\"auto, (max-width: 552px) 100vw, 552px\" \/><figcaption id=\"caption-attachment-12695\" class=\"wp-caption-text\">Foto: Jonas Pereira\/Ag\u00eancia Senado<\/figcaption><\/figure>\n<p><strong>Tarefa herc\u00falea<\/strong><\/p>\n<p>Veja no blog do Ari Cunha um v\u00eddeo produzido pela TV Senado onde mostra as diversas tentativas de enxugamento da m\u00e1quina p\u00fablica por presidentes como ponto de partida administrativo. Daria certo e seria uma economia real, mas na coxia da pol\u00edtica \u00e9 poss\u00edvel vislumbrar uma \u00f3pera paralela. Esse \u00e9 o ponto nevr\u00e1lgico onde o presidente Bolsonaro dever\u00e1 optar: o apoio de seus eleitores ou dos articuladores pol\u00edticos.<\/p>\n<p><iframe loading=\"lazy\" title=\"Propostas para &amp;apos;enxugar&amp;apos; a administra\u00e7\u00e3o p\u00fablica apresentadas desde 1988\" width=\"1440\" height=\"810\" src=\"https:\/\/www.youtube.com\/embed\/chBYyQRteek?feature=oembed\" frameborder=\"0\" allow=\"accelerometer; autoplay; clipboard-write; encrypted-media; gyroscope; picture-in-picture; web-share\" referrerpolicy=\"strict-origin-when-cross-origin\" allowfullscreen><\/iframe><\/p>\n<p><strong>HIST\u00d3RIA DE BRAS\u00cdLIA<\/strong><\/p>\n<p>N\u00e3o come\u00e7ou, como esper\u00e1vamos, a \u201cOpera\u00e7\u00e3o Valeta\u201d. Todas as avenidas est\u00e3o com valetas afundando, e, enquanto isto, a EBE continua abrindo outras. <strong>(Publicado em 05.11.1961)<\/strong><\/p>\n","protected":false},"excerpt":{"rendered":"<p>ARI CUNHA \u2013 In memoriam Visto, lido e ouvido Desde 1960 com Circe Cunha e Mamfil; colunadoaricunha@gmail.com; Facebook.com\/vistolidoeouvido Insensibilidade talvez seja a palavra que melhor, e de modo mais suave, consiga explicar o aumento\u00a016,38%, concedido pelo Senado, aos ministros do Supremo Tribunal Federal, no apagar das luzes do atual governo e no fim de boa parte da atual legislatura. Para [&hellip;]<\/p>\n","protected":false},"author":34,"featured_media":12696,"comment_status":"open","ping_status":"open","sticky":false,"template":"","format":"standard","meta":{"footnotes":""},"categories":[23],"tags":[114,68,2,69,16],"class_list":["post-12692","post","type-post","status-publish","format-standard","has-post-thumbnail","hentry","category-integra","tag-historiadebrasilia","tag-aricunha","tag-brasilia","tag-circecunha","tag-mamfil"],"_links":{"self":[{"href":"https:\/\/blogs.correiobraziliense.com.br\/aricunha\/wp-json\/wp\/v2\/posts\/12692","targetHints":{"allow":["GET"]}}],"collection":[{"href":"https:\/\/blogs.correiobraziliense.com.br\/aricunha\/wp-json\/wp\/v2\/posts"}],"about":[{"href":"https:\/\/blogs.correiobraziliense.com.br\/aricunha\/wp-json\/wp\/v2\/types\/post"}],"author":[{"embeddable":true,"href":"https:\/\/blogs.correiobraziliense.com.br\/aricunha\/wp-json\/wp\/v2\/users\/34"}],"replies":[{"embeddable":true,"href":"https:\/\/blogs.correiobraziliense.com.br\/aricunha\/wp-json\/wp\/v2\/comments?post=12692"}],"version-history":[{"count":3,"href":"https:\/\/blogs.correiobraziliense.com.br\/aricunha\/wp-json\/wp\/v2\/posts\/12692\/revisions"}],"predecessor-version":[{"id":12697,"href":"https:\/\/blogs.correiobraziliense.com.br\/aricunha\/wp-json\/wp\/v2\/posts\/12692\/revisions\/12697"}],"wp:featuredmedia":[{"embeddable":true,"href":"https:\/\/blogs.correiobraziliense.com.br\/aricunha\/wp-json\/wp\/v2\/media\/12696"}],"wp:attachment":[{"href":"https:\/\/blogs.correiobraziliense.com.br\/aricunha\/wp-json\/wp\/v2\/media?parent=12692"}],"wp:term":[{"taxonomy":"category","embeddable":true,"href":"https:\/\/blogs.correiobraziliense.com.br\/aricunha\/wp-json\/wp\/v2\/categories?post=12692"},{"taxonomy":"post_tag","embeddable":true,"href":"https:\/\/blogs.correiobraziliense.com.br\/aricunha\/wp-json\/wp\/v2\/tags?post=12692"}],"curies":[{"name":"wp","href":"https:\/\/api.w.org\/{rel}","templated":true}]}}