{"id":12638,"date":"2018-11-04T01:00:43","date_gmt":"2018-11-04T03:00:43","guid":{"rendered":"https:\/\/blogs.correiobraziliense.com.br\/aricunha\/?p=12638"},"modified":"2018-11-05T09:04:25","modified_gmt":"2018-11-05T11:04:25","slug":"gostemos-ou-nao-esses-sao-os-novos-tempos","status":"publish","type":"post","link":"https:\/\/blogs.correiobraziliense.com.br\/aricunha\/gostemos-ou-nao-esses-sao-os-novos-tempos\/","title":{"rendered":"Gostemos ou n\u00e3o, esses s\u00e3o os novos tempos"},"content":{"rendered":"<p style=\"text-align: left\">ARI CUNHA &#8211; In memoriam<\/p>\n<p>Visto, lido e ouvido<\/p>\n<p>Desde 1960<\/p>\n<p>com Circe Cunha e Mamfil;<\/p>\n<p>colunadoaricunha@gmail.com;<\/p>\n<p>Facebook.com\/vistolidoeouvido<\/p>\n<p>&nbsp;<\/p>\n<figure id=\"attachment_12640\" aria-describedby=\"caption-attachment-12640\" style=\"width: 601px\" class=\"wp-caption aligncenter\"><img loading=\"lazy\" decoding=\"async\" class=\" wp-image-12640\" src=\"https:\/\/blogs.correiobraziliense.com.br\/aricunha\/wp-content\/uploads\/sites\/13\/2018\/11\/primeira-coletiva-de-bolsonaro-foi-feita-em-cima-de-prancha-de-bodyboard-1541119756879_v2_1080x1062-1.jpg\" alt=\"\" width=\"601\" height=\"591\" srcset=\"https:\/\/blogs.correiobraziliense.com.br\/aricunha\/wp-content\/uploads\/sites\/13\/2018\/11\/primeira-coletiva-de-bolsonaro-foi-feita-em-cima-de-prancha-de-bodyboard-1541119756879_v2_1080x1062-1.jpg 1080w, https:\/\/blogs.correiobraziliense.com.br\/aricunha\/wp-content\/uploads\/sites\/13\/2018\/11\/primeira-coletiva-de-bolsonaro-foi-feita-em-cima-de-prancha-de-bodyboard-1541119756879_v2_1080x1062-1-300x295.jpg 300w, https:\/\/blogs.correiobraziliense.com.br\/aricunha\/wp-content\/uploads\/sites\/13\/2018\/11\/primeira-coletiva-de-bolsonaro-foi-feita-em-cima-de-prancha-de-bodyboard-1541119756879_v2_1080x1062-1-768x755.jpg 768w, https:\/\/blogs.correiobraziliense.com.br\/aricunha\/wp-content\/uploads\/sites\/13\/2018\/11\/primeira-coletiva-de-bolsonaro-foi-feita-em-cima-de-prancha-de-bodyboard-1541119756879_v2_1080x1062-1-1024x1007.jpg 1024w, https:\/\/blogs.correiobraziliense.com.br\/aricunha\/wp-content\/uploads\/sites\/13\/2018\/11\/primeira-coletiva-de-bolsonaro-foi-feita-em-cima-de-prancha-de-bodyboard-1541119756879_v2_1080x1062-1-350x344.jpg 350w, https:\/\/blogs.correiobraziliense.com.br\/aricunha\/wp-content\/uploads\/sites\/13\/2018\/11\/primeira-coletiva-de-bolsonaro-foi-feita-em-cima-de-prancha-de-bodyboard-1541119756879_v2_1080x1062-1-550x541.jpg 550w, https:\/\/blogs.correiobraziliense.com.br\/aricunha\/wp-content\/uploads\/sites\/13\/2018\/11\/primeira-coletiva-de-bolsonaro-foi-feita-em-cima-de-prancha-de-bodyboard-1541119756879_v2_1080x1062-1-230x226.jpg 230w\" sizes=\"auto, (max-width: 601px) 100vw, 601px\" \/><figcaption id=\"caption-attachment-12640\" class=\"wp-caption-text\">Foto: otvfoco.com.br<\/figcaption><\/figure>\n<p>Comunic\u00f3logos e outros estudiosos dos fen\u00f4menos das interlocu\u00e7\u00f5es humanas no Brasil foram todos, sem exce\u00e7\u00e3o, apanhados de surpresa com a elei\u00e7\u00e3o agora de um presidente da Rep\u00fablica, consagrado pelas urnas gra\u00e7as ao poder de penetra\u00e7\u00e3o e de irradia\u00e7\u00e3o instant\u00e2nea das m\u00eddias sociais.<\/p>\n<p>Com isso, jornais, revistas, televis\u00e3o, e mesmo as r\u00e1dios, ficaram em segundo plano, perdendo o antigo poder de construir e destruir reputa\u00e7\u00f5es. Balan\u00e7ada tamb\u00e9m ficou boa parte da imprensa, outrora considerada um 4\u00ba poder do Estado. Com isso, fica na poeira da estrada e do tempo os cidad\u00e3os Kane daqui e doutras bandas do mundo. Isso \u00e9 bom? \u00c9 ruim? S\u00f3 o tempo dir\u00e1. Colocada, desde sempre, como porta-voz da sociedade, os novos tempos muito devem ao papel da imprensa. Principalmente numa Am\u00e9rica Latina, acostumada a viver longos per\u00edodos com baixos \u00edndices de liberdade e de democracia. De fato, o que assusta os entendidos dos fen\u00f4menos da comunica\u00e7\u00e3o \u00e9 a chegada, repentina, de um novo player no jogo de convencimento da popula\u00e7\u00e3o.<\/p>\n<p>Claro que a elei\u00e7\u00e3o do candidato do PSL contou, tamb\u00e9m, com a enorme rejei\u00e7\u00e3o de seu concorrente e principalmente de seu partido, transformado, nas m\u00eddias sociais, numa esp\u00e9cie de quadrilha criminosa. Mesmo o poderio fatal das fake news, que transitam no mesmo espa\u00e7o das novas m\u00eddias, foi incapaz de suplantar a vontade popular, dando vit\u00f3ria \u00e0 um candidato que \u00e9 o ant\u00edpoda da turma de esquerda.<\/p>\n<p>Esse mesmo fen\u00f4meno havia acontecido durante a campanha de Barack Obama nos Estados Unidos. Naquela ocasi\u00e3o, as m\u00eddias tradicionais tamb\u00e9m foram surpreendidas com esse novo poder que se anuncia. De fato, ao disponibilizar a posse de um celular na m\u00e3o de cada brasileiro, uma revolu\u00e7\u00e3o silenciosa foi operada, inaugurando uma nova categoria de cidad\u00e3o onipresente e de uma democracia direta e instant\u00e2nea. Isso \u00e9 bom? \u00c9 ruim? Nem mesmo os maiores especialistas no assunto sabem ao certo.<\/p>\n<p>O fato \u00e9 que essas novas tecnologias vieram para ficar e acabaram ocupando um espa\u00e7o que muitos nem sabiam que existia. \u00c0 semelhan\u00e7a de seu colega americano, o presidente, agora eleito, comunica-se diretamente com a sociedade e com seus apoiadores, atrav\u00e9s das redes sociais em tempo real, em v\u00eddeo, imagens ou textos, quebrando qualquer protocolo da liturgia do cargo.<\/p>\n<p>Utiliza esse recurso sempre que acha necess\u00e1rio ou quando um assunto passa a ocupar a preocupa\u00e7\u00e3o dos cidad\u00e3os. Obviamente que um fen\u00f4meno dessa magnitude, em muitas partes do planeta, tem sido estudado e esmiu\u00e7ado de perto.<\/p>\n<p>Em coletiva recente, o presidente eleito, convencido da independ\u00eancia conquistada com as redes sociais, impediu, pela primeira vez na nossa hist\u00f3ria, que importantes redes de jornalismo tivessem acesso \u00e0 sua entrevista. Isso \u00e9 bom? Certamente que n\u00e3o, mas esses s\u00e3o os novos tempos, gostemos ou n\u00e3o.<\/p>\n<p><strong>\u00a0<\/strong><\/p>\n<p><strong>A frase que foi pronunciada:<\/strong><\/p>\n<p><em>\u201cAntes de 2018 os poderes eram Executivo, Legislativo, Judici\u00e1rio e Imprensa.<\/em> <em>Atualmente os poderes s\u00e3o: Internautas, Executivo, Legislativo e Judici\u00e1rio.\u201d<\/em><\/p>\n<p>Parte do texto Cai na Real, ainda n\u00e3o escrito, mas vivido.<\/p>\n<p><strong>\u00a0<\/strong><\/p>\n<p><strong>Leitura<\/strong><\/p>\n<p>Andr\u00e9 Lima, ex-secret\u00e1rio do meio ambiente do GDF \u00e9 um \u201cEmpreendedor Socioambiental\u201d. Veja a capa do livro de sua autoria,\u00a0<strong><em>30 anos da Constitui\u00e7\u00e3o Federal e os Direitos Socioambientais<\/em><\/strong>\u00a0no blog do Ari Cunha.<\/p>\n<p><img loading=\"lazy\" decoding=\"async\" class=\" wp-image-12639 aligncenter\" src=\"https:\/\/blogs.correiobraziliense.com.br\/aricunha\/wp-content\/uploads\/sites\/13\/2018\/11\/unnamed-1-1.jpg\" alt=\"\" width=\"601\" height=\"750\" srcset=\"https:\/\/blogs.correiobraziliense.com.br\/aricunha\/wp-content\/uploads\/sites\/13\/2018\/11\/unnamed-1-1.jpg 1242w, https:\/\/blogs.correiobraziliense.com.br\/aricunha\/wp-content\/uploads\/sites\/13\/2018\/11\/unnamed-1-1-240x300.jpg 240w, https:\/\/blogs.correiobraziliense.com.br\/aricunha\/wp-content\/uploads\/sites\/13\/2018\/11\/unnamed-1-1-768x959.jpg 768w, https:\/\/blogs.correiobraziliense.com.br\/aricunha\/wp-content\/uploads\/sites\/13\/2018\/11\/unnamed-1-1-820x1024.jpg 820w, https:\/\/blogs.correiobraziliense.com.br\/aricunha\/wp-content\/uploads\/sites\/13\/2018\/11\/unnamed-1-1-280x350.jpg 280w, https:\/\/blogs.correiobraziliense.com.br\/aricunha\/wp-content\/uploads\/sites\/13\/2018\/11\/unnamed-1-1-550x687.jpg 550w, https:\/\/blogs.correiobraziliense.com.br\/aricunha\/wp-content\/uploads\/sites\/13\/2018\/11\/unnamed-1-1-230x287.jpg 230w\" sizes=\"auto, (max-width: 601px) 100vw, 601px\" \/><\/p>\n<p><strong>Acidentes<\/strong><\/p>\n<p>Infelizmente, al\u00e9m da viol\u00eancia social, Fortaleza lidera o ranking, com S\u00e3o Paulo, de viol\u00eancia no tr\u00e2nsito.\u00a0 Em 2017 foram mais de\u00a0245 mil acidentes de tr\u00e2nsito registrados. S\u00f3 nas capitais, o total de ocorr\u00eancias soma 43.803.<\/p>\n<p>&nbsp;<\/p>\n<p><strong>Consequ\u00eancias<\/strong><\/p>\n<p>Resultado de investiga\u00e7\u00f5es prendeu muita gente envolvida com grilagem no DF. Os que est\u00e3o soltos precisam pagar o que devem.<\/p>\n<p>&nbsp;<\/p>\n<p><strong>Viva<\/strong><\/p>\n<p>Fernando Cesar Mesquita \u00e9 o \u00fanico fundador e ex-presidente vivo da Casa do Cear\u00e1 em Bras\u00edlia. A festa dos 55 anos foi grande para inaugurar o novo pr\u00e9dio principal da entidade. Vale lembrar que a institui\u00e7\u00e3o \u00e9 uma refer\u00eancia em assist\u00eancia social, com v\u00e1rios cursos profissionalizantes, m\u00e9dicos de diversas especialidades para atendimento \u00e0 comunidade, al\u00e9m de um lar de idoso.<\/p>\n<figure id=\"attachment_12646\" aria-describedby=\"caption-attachment-12646\" style=\"width: 571px\" class=\"wp-caption aligncenter\"><img loading=\"lazy\" decoding=\"async\" class=\" wp-image-12646\" src=\"https:\/\/blogs.correiobraziliense.com.br\/aricunha\/wp-content\/uploads\/sites\/13\/2018\/11\/EntradaCasaNova.jpg\" alt=\"\" width=\"571\" height=\"429\" srcset=\"https:\/\/blogs.correiobraziliense.com.br\/aricunha\/wp-content\/uploads\/sites\/13\/2018\/11\/EntradaCasaNova.jpg 500w, https:\/\/blogs.correiobraziliense.com.br\/aricunha\/wp-content\/uploads\/sites\/13\/2018\/11\/EntradaCasaNova-300x225.jpg 300w, https:\/\/blogs.correiobraziliense.com.br\/aricunha\/wp-content\/uploads\/sites\/13\/2018\/11\/EntradaCasaNova-350x263.jpg 350w, https:\/\/blogs.correiobraziliense.com.br\/aricunha\/wp-content\/uploads\/sites\/13\/2018\/11\/EntradaCasaNova-230x173.jpg 230w\" sizes=\"auto, (max-width: 571px) 100vw, 571px\" \/><figcaption id=\"caption-attachment-12646\" class=\"wp-caption-text\">Foto: casadoceara.org.br<\/figcaption><\/figure>\n<p><strong>Release<\/strong><\/p>\n<p>Na imprensa internacional, recebem destaque a decis\u00e3o do presidente eleito Jair Bolsonaro de transferir a Embaixada do Brasil em Israel para Jerusal\u00e9m, assim como a proposta do general da reserva, Augusto Heleno, futuro ministro da Defesa, sobre o uso de atiradores de elite contra criminosos. Em entrevista para o DW, o diretor da Funda\u00e7\u00e3o Konrad Adenauer no Brasil, Jan Woischnik, avalia que o governo Bolsonaro era uma inc\u00f3gnita e que o respeito \u00e0 democracia, aos direitos humanos e ao Estado de Direito facilitar\u00e1 a manuten\u00e7\u00e3o de uma coopera\u00e7\u00e3o de alto n\u00edvel entre a Alemanha e o Brasil.<\/p>\n<figure id=\"attachment_12645\" aria-describedby=\"caption-attachment-12645\" style=\"width: 575px\" class=\"wp-caption aligncenter\"><img loading=\"lazy\" decoding=\"async\" class=\" wp-image-12645\" src=\"https:\/\/blogs.correiobraziliense.com.br\/aricunha\/wp-content\/uploads\/sites\/13\/2018\/11\/Capturar-3.jpg\" alt=\"\" width=\"575\" height=\"307\" srcset=\"https:\/\/blogs.correiobraziliense.com.br\/aricunha\/wp-content\/uploads\/sites\/13\/2018\/11\/Capturar-3.jpg 640w, https:\/\/blogs.correiobraziliense.com.br\/aricunha\/wp-content\/uploads\/sites\/13\/2018\/11\/Capturar-3-300x160.jpg 300w, https:\/\/blogs.correiobraziliense.com.br\/aricunha\/wp-content\/uploads\/sites\/13\/2018\/11\/Capturar-3-350x187.jpg 350w, https:\/\/blogs.correiobraziliense.com.br\/aricunha\/wp-content\/uploads\/sites\/13\/2018\/11\/Capturar-3-550x294.jpg 550w, https:\/\/blogs.correiobraziliense.com.br\/aricunha\/wp-content\/uploads\/sites\/13\/2018\/11\/Capturar-3-230x123.jpg 230w\" sizes=\"auto, (max-width: 575px) 100vw, 575px\" \/><figcaption id=\"caption-attachment-12645\" class=\"wp-caption-text\">Foto: pragmatismopolitico.com.br<\/figcaption><\/figure>\n<p><strong>\u00a0<\/strong><\/p>\n<p><strong>HIST\u00d3RIA DE BRAS\u00cdLIA <\/strong><\/p>\n<p>Como poder arrecadador, o governo precisa dar mais aten\u00e7\u00e3o aos seus funcion\u00e1rios e aos contribuintes. Queremos nos referir ao Departamento de Tr\u00e2nsito. <strong>(Publicado em 04.11.1961)<\/strong><\/p>\n","protected":false},"excerpt":{"rendered":"<p>ARI CUNHA &#8211; In memoriam Visto, lido e ouvido Desde 1960 com Circe Cunha e Mamfil; colunadoaricunha@gmail.com; Facebook.com\/vistolidoeouvido &nbsp; Comunic\u00f3logos e outros estudiosos dos fen\u00f4menos das interlocu\u00e7\u00f5es humanas no Brasil foram todos, sem exce\u00e7\u00e3o, apanhados de surpresa com a elei\u00e7\u00e3o agora de um presidente da Rep\u00fablica, consagrado pelas urnas gra\u00e7as ao poder de penetra\u00e7\u00e3o e de irradia\u00e7\u00e3o instant\u00e2nea das m\u00eddias [&hellip;]<\/p>\n","protected":false},"author":34,"featured_media":12640,"comment_status":"open","ping_status":"open","sticky":false,"template":"","format":"standard","meta":{"footnotes":""},"categories":[23],"tags":[1188,1197,1192,1193,1195,1196,114,1189,1191,1187,1194,68,2,69,16,1190],"class_list":["post-12638","post","type-post","status-publish","format-standard","has-post-thumbnail","hentry","category-integra","tag-1acoletiva","tag-casadoceara","tag-constituicaofederal","tag-direitossocioambientais","tag-embaixadadobrasilemjerusalem","tag-grilagemnodf","tag-historiadebrasilia","tag-imprensa","tag-jornaisnobrasil","tag-presidentebolsonaro","tag-violencianotransito","tag-aricunha","tag-brasilia","tag-circecunha","tag-mamfil","tag-midiassociais"],"_links":{"self":[{"href":"https:\/\/blogs.correiobraziliense.com.br\/aricunha\/wp-json\/wp\/v2\/posts\/12638","targetHints":{"allow":["GET"]}}],"collection":[{"href":"https:\/\/blogs.correiobraziliense.com.br\/aricunha\/wp-json\/wp\/v2\/posts"}],"about":[{"href":"https:\/\/blogs.correiobraziliense.com.br\/aricunha\/wp-json\/wp\/v2\/types\/post"}],"author":[{"embeddable":true,"href":"https:\/\/blogs.correiobraziliense.com.br\/aricunha\/wp-json\/wp\/v2\/users\/34"}],"replies":[{"embeddable":true,"href":"https:\/\/blogs.correiobraziliense.com.br\/aricunha\/wp-json\/wp\/v2\/comments?post=12638"}],"version-history":[{"count":4,"href":"https:\/\/blogs.correiobraziliense.com.br\/aricunha\/wp-json\/wp\/v2\/posts\/12638\/revisions"}],"predecessor-version":[{"id":12652,"href":"https:\/\/blogs.correiobraziliense.com.br\/aricunha\/wp-json\/wp\/v2\/posts\/12638\/revisions\/12652"}],"wp:featuredmedia":[{"embeddable":true,"href":"https:\/\/blogs.correiobraziliense.com.br\/aricunha\/wp-json\/wp\/v2\/media\/12640"}],"wp:attachment":[{"href":"https:\/\/blogs.correiobraziliense.com.br\/aricunha\/wp-json\/wp\/v2\/media?parent=12638"}],"wp:term":[{"taxonomy":"category","embeddable":true,"href":"https:\/\/blogs.correiobraziliense.com.br\/aricunha\/wp-json\/wp\/v2\/categories?post=12638"},{"taxonomy":"post_tag","embeddable":true,"href":"https:\/\/blogs.correiobraziliense.com.br\/aricunha\/wp-json\/wp\/v2\/tags?post=12638"}],"curies":[{"name":"wp","href":"https:\/\/api.w.org\/{rel}","templated":true}]}}