{"id":12559,"date":"2018-10-27T01:00:08","date_gmt":"2018-10-27T03:00:08","guid":{"rendered":"https:\/\/blogs.correiobraziliense.com.br\/aricunha\/?p=12559"},"modified":"2018-10-26T23:23:16","modified_gmt":"2018-10-27T01:23:16","slug":"w3-norte-e-sul-a-saida-para-a-revitalizacao-do-plano-piloto","status":"publish","type":"post","link":"https:\/\/blogs.correiobraziliense.com.br\/aricunha\/w3-norte-e-sul-a-saida-para-a-revitalizacao-do-plano-piloto\/","title":{"rendered":"W3 Norte e Sul a sa\u00edda para a revitaliza\u00e7\u00e3o do Plano Piloto"},"content":{"rendered":"<p>ARI CUNHA \u2013 In memoriam<\/p>\n<p>Visto, lido e ouvido<\/p>\n<p>Desde 1960<\/p>\n<p>com Circe Cunha e Mamfil;<\/p>\n<p>colunadoaricunha@gmail.com;<\/p>\n<p>Facebook.com\/vistolidoeouvido<\/p>\n<figure id=\"attachment_12565\" aria-describedby=\"caption-attachment-12565\" style=\"width: 628px\" class=\"wp-caption aligncenter\"><img loading=\"lazy\" decoding=\"async\" class=\" wp-image-12565\" src=\"https:\/\/blogs.correiobraziliense.com.br\/aricunha\/wp-content\/uploads\/sites\/13\/2018\/10\/DSC06150estacionaW3nX.jpg\" alt=\"\" width=\"628\" height=\"275\" srcset=\"https:\/\/blogs.correiobraziliense.com.br\/aricunha\/wp-content\/uploads\/sites\/13\/2018\/10\/DSC06150estacionaW3nX.jpg 763w, https:\/\/blogs.correiobraziliense.com.br\/aricunha\/wp-content\/uploads\/sites\/13\/2018\/10\/DSC06150estacionaW3nX-300x131.jpg 300w, https:\/\/blogs.correiobraziliense.com.br\/aricunha\/wp-content\/uploads\/sites\/13\/2018\/10\/DSC06150estacionaW3nX-350x153.jpg 350w, https:\/\/blogs.correiobraziliense.com.br\/aricunha\/wp-content\/uploads\/sites\/13\/2018\/10\/DSC06150estacionaW3nX-550x241.jpg 550w, https:\/\/blogs.correiobraziliense.com.br\/aricunha\/wp-content\/uploads\/sites\/13\/2018\/10\/DSC06150estacionaW3nX-230x101.jpg 230w\" sizes=\"auto, (max-width: 628px) 100vw, 628px\" \/><figcaption id=\"caption-attachment-12565\" class=\"wp-caption-text\">Foto: doc.brazilia.jor.br<\/figcaption><\/figure>\n<p>Bras\u00edlia, obviamente n\u00e3o se restringe apenas \u00e0 \u00e1rea tombada do Plano Piloto. O crescimento vertiginoso nessas \u00faltimas d\u00e9cadas transformou, radicalmente, a capital, planejada com cuidados de um relojoeiro pelo urbanista L\u00facio Costa, em uma cidade com problemas existentes por todas as capitais do pa\u00eds. De fato, o planejamento urbano, meticuloso e cient\u00edfico cedeu lugar para a gan\u00e2ncia nascida da uni\u00e3o entre pol\u00edticos e empreendedores imobili\u00e1rios. Espoliada e aviltada em seu tra\u00e7ado, a capital de todos os brasileiros \u00e9 hoje uma metr\u00f3pole que tomou outro rumo e outro porte, apresentando j\u00e1 sinais de muitos focos de adiantado processo de decad\u00eancia, principalmente na \u00e1rea central do Plano Piloto.<\/p>\n<p>Chama a aten\u00e7\u00e3o, entre esses v\u00e1rios s\u00edtios em avan\u00e7ada deteriora\u00e7\u00e3o, a situa\u00e7\u00e3o em que se encontram as avenidas W3 Sul e Norte, outrora o principal e mais agitado centro nervoso do com\u00e9rcio da capital. N\u00e3o \u00e9 preciso ser especialista em urbanismo para se certificar que grande parte desse processo de envelhecimento precoce e de decad\u00eancia sofrido pelas \u00e1reas centrais da cidade decorrem diretamente de d\u00e9cadas de abandono e de pauperiza\u00e7\u00e3o, sofridas por essas duas art\u00e9rias que cortam a capital de Norte a Sul numa extens\u00e3o superior a 12 quil\u00f4metros.<\/p>\n<p>Nesse sentido, a revitaliza\u00e7\u00e3o dessa extensa avenida \u00e9 garantia certa de um renascimento de outras \u00e1reas na parte central da cidade, principalmente nos muitos endere\u00e7os comerciais que circundam a rodovi\u00e1ria central. Implantar entre essas avenidas liga\u00e7\u00f5es amplas e seguras para pedestres seria um primeiro passo para transform\u00e1-las numa esp\u00e9cie de Champs-\u00c8lysees candanga, com a cria\u00e7\u00e3o de boulevares iluminados, com transportes leves sobre trilhos percorrendo toda a extens\u00e3o das duas vias, com v\u00e1rias paradas, o que substituiria os carros.<\/p>\n<p>Tamb\u00e9m n\u00e3o \u00e9 necess\u00e1rio ser economista para se certificar que um projeto de renascimento, realizado nessas \u00e1reas, traria um consider\u00e1vel incremento na economia da capital, gerando empregos. At\u00e9 mesmo a revaloriza\u00e7\u00e3o dessa imensa \u00e1rea traria de volta os investimentos privados, fazendo dessas avenidas um novo e amplo point da cidade.<\/p>\n<p>N\u00e3o h\u00e1, em qualquer outro ponto da cidade, lugar mais estrategicamente implantado, do ponto de vista comercial, do que as duas W3. Os acessos e as interliga\u00e7\u00f5es com as demais quadras residenciais e comerciais s\u00e3o diretos. A liga\u00e7\u00e3o entre os dois pontos extremos do Plano Piloto \u00e9 outra vantagem geogr\u00e1fica dessas vias. N\u00e3o h\u00e1 raz\u00f5es, pois, para protelar mais a revitaliza\u00e7\u00e3o dessas avenidas. Trata-se aqui de uma obra, envolvendo governo e propriet\u00e1rios, em que todos sairiam ganhando, principalmente os moradores da cidade, que hoje s\u00e3o obrigados a pagar por estacionamentos em shoppings mon\u00f3tonos e sem a vivacidade verdadeira das ruas.<\/p>\n<p>O pr\u00f3ximo ocupante do Pal\u00e1cio do Buriti que vier a empreender uma significativa, duradoura e profunda revitaliza\u00e7\u00e3o das W3 Norte e Sul estar\u00e1 conferindo, n\u00e3o somente ao Plano Piloto, o lugar de destaque que sempre teve, mas assegurando mais gera\u00e7\u00e3o de riquezas, em forma de impostos, mais trabalho, mais lazer, mais op\u00e7\u00f5es de compras e de neg\u00f3cios, restituindo o ideal dos antigos pioneiros de construir, no Planalto Central do pa\u00eds, uma capital \u00e0 altura da import\u00e2ncia de seu povo.<\/p>\n<p>&nbsp;<\/p>\n<p><strong>A frase que foi pronunciada:<\/strong><\/p>\n<p><em>\u201cNos semin\u00e1rios de filosofia, a escolha \u00e9 geralmente entre o bem e o mal. No mundo real, no entanto, a escolha \u00e9 muitas vezes entre um cara mau e um cara pior \u201d. <\/em><\/p>\n<p>Dinesh D&#8217;Souza, cartas para um jovem conservador<\/p>\n<p><strong>\u00a0<\/strong><\/p>\n<figure id=\"attachment_12562\" aria-describedby=\"caption-attachment-12562\" style=\"width: 600px\" class=\"wp-caption aligncenter\"><img loading=\"lazy\" decoding=\"async\" class=\" wp-image-12562\" src=\"https:\/\/blogs.correiobraziliense.com.br\/aricunha\/wp-content\/uploads\/sites\/13\/2018\/10\/ruimporruim.jpg\" alt=\"\" width=\"600\" height=\"450\" srcset=\"https:\/\/blogs.correiobraziliense.com.br\/aricunha\/wp-content\/uploads\/sites\/13\/2018\/10\/ruimporruim.jpg 500w, https:\/\/blogs.correiobraziliense.com.br\/aricunha\/wp-content\/uploads\/sites\/13\/2018\/10\/ruimporruim-300x225.jpg 300w, https:\/\/blogs.correiobraziliense.com.br\/aricunha\/wp-content\/uploads\/sites\/13\/2018\/10\/ruimporruim-350x263.jpg 350w, https:\/\/blogs.correiobraziliense.com.br\/aricunha\/wp-content\/uploads\/sites\/13\/2018\/10\/ruimporruim-230x173.jpg 230w\" sizes=\"auto, (max-width: 600px) 100vw, 600px\" \/><figcaption id=\"caption-attachment-12562\" class=\"wp-caption-text\">Charge do Ivan Cabral<\/figcaption><\/figure>\n<p><strong>Hoje<\/strong><\/p>\n<p>Cheio de novidades, o Mercadinho do Bras\u00edlia Shopping promete encantar os clientes. Da m\u00fasica \u00e0 Oficina Culin\u00e1ria, dos produtos org\u00e2nicos \u00e0s massagens, o dia promete. Aten\u00e7\u00e3o: S\u00f3 at\u00e9 as 16h! Veja a programa\u00e7\u00e3o no blog do Ari Cunha.<\/p>\n<figure id=\"attachment_12561\" aria-describedby=\"caption-attachment-12561\" style=\"width: 599px\" class=\"wp-caption aligncenter\"><img loading=\"lazy\" decoding=\"async\" class=\" wp-image-12561\" src=\"https:\/\/blogs.correiobraziliense.com.br\/aricunha\/wp-content\/uploads\/sites\/13\/2018\/10\/Capturar-9.jpg\" alt=\"\" width=\"599\" height=\"251\" srcset=\"https:\/\/blogs.correiobraziliense.com.br\/aricunha\/wp-content\/uploads\/sites\/13\/2018\/10\/Capturar-9.jpg 1082w, https:\/\/blogs.correiobraziliense.com.br\/aricunha\/wp-content\/uploads\/sites\/13\/2018\/10\/Capturar-9-300x126.jpg 300w, https:\/\/blogs.correiobraziliense.com.br\/aricunha\/wp-content\/uploads\/sites\/13\/2018\/10\/Capturar-9-768x322.jpg 768w, https:\/\/blogs.correiobraziliense.com.br\/aricunha\/wp-content\/uploads\/sites\/13\/2018\/10\/Capturar-9-1024x429.jpg 1024w, https:\/\/blogs.correiobraziliense.com.br\/aricunha\/wp-content\/uploads\/sites\/13\/2018\/10\/Capturar-9-350x147.jpg 350w, https:\/\/blogs.correiobraziliense.com.br\/aricunha\/wp-content\/uploads\/sites\/13\/2018\/10\/Capturar-9-550x230.jpg 550w, https:\/\/blogs.correiobraziliense.com.br\/aricunha\/wp-content\/uploads\/sites\/13\/2018\/10\/Capturar-9-230x96.jpg 230w\" sizes=\"auto, (max-width: 599px) 100vw, 599px\" \/><figcaption id=\"caption-attachment-12561\" class=\"wp-caption-text\">Cartaz: brasiliashopping.com.br<\/figcaption><\/figure>\n<p><strong>Menos<\/strong><\/p>\n<p>A liberdade para instala\u00e7\u00e3o de uma est\u00e1tua foi negada por desobedecer aos padr\u00f5es da regi\u00e3o. Trata-se de uma r\u00e9plica de 35m da Est\u00e1tua da Liberdade, marca da rede Havan, loja de departamentos que chegou no SIA. O assunto est\u00e1 nas m\u00e3os do IPHAN.<\/p>\n<figure id=\"attachment_12560\" aria-describedby=\"caption-attachment-12560\" style=\"width: 596px\" class=\"wp-caption aligncenter\"><img loading=\"lazy\" decoding=\"async\" class=\" wp-image-12560\" src=\"https:\/\/blogs.correiobraziliense.com.br\/aricunha\/wp-content\/uploads\/sites\/13\/2018\/10\/havan-600x400.jpg\" alt=\"\" width=\"596\" height=\"397\" srcset=\"https:\/\/blogs.correiobraziliense.com.br\/aricunha\/wp-content\/uploads\/sites\/13\/2018\/10\/havan-600x400.jpg 600w, https:\/\/blogs.correiobraziliense.com.br\/aricunha\/wp-content\/uploads\/sites\/13\/2018\/10\/havan-600x400-300x200.jpg 300w, https:\/\/blogs.correiobraziliense.com.br\/aricunha\/wp-content\/uploads\/sites\/13\/2018\/10\/havan-600x400-350x233.jpg 350w, https:\/\/blogs.correiobraziliense.com.br\/aricunha\/wp-content\/uploads\/sites\/13\/2018\/10\/havan-600x400-550x367.jpg 550w, https:\/\/blogs.correiobraziliense.com.br\/aricunha\/wp-content\/uploads\/sites\/13\/2018\/10\/havan-600x400-230x153.jpg 230w\" sizes=\"auto, (max-width: 596px) 100vw, 596px\" \/><figcaption id=\"caption-attachment-12560\" class=\"wp-caption-text\">Foto: diariodocentrodomundo.com.br<\/figcaption><\/figure>\n<p><strong>Rede<\/strong><\/p>\n<p>Hoje mes\u00e1rios preparam as se\u00e7\u00f5es para a vota\u00e7\u00e3o. Essa, definitivamente, \u00e9 a elei\u00e7\u00e3o pelas m\u00eddias sociais. At\u00e9 os cart\u00f3rios adotaram a facilidade para tirar d\u00favidas e se comunicar com os volunt\u00e1rios.<\/p>\n<figure id=\"attachment_12563\" aria-describedby=\"caption-attachment-12563\" style=\"width: 596px\" class=\"wp-caption aligncenter\"><img loading=\"lazy\" decoding=\"async\" class=\" wp-image-12563\" src=\"https:\/\/blogs.correiobraziliense.com.br\/aricunha\/wp-content\/uploads\/sites\/13\/2018\/10\/E8513F201E83825BFAF5FA4BA85AF000D9F9BF3093E8050A3A003C2115C19807-1-1-1-1.png\" alt=\"\" width=\"596\" height=\"363\" srcset=\"https:\/\/blogs.correiobraziliense.com.br\/aricunha\/wp-content\/uploads\/sites\/13\/2018\/10\/E8513F201E83825BFAF5FA4BA85AF000D9F9BF3093E8050A3A003C2115C19807-1-1-1-1.png 820w, https:\/\/blogs.correiobraziliense.com.br\/aricunha\/wp-content\/uploads\/sites\/13\/2018\/10\/E8513F201E83825BFAF5FA4BA85AF000D9F9BF3093E8050A3A003C2115C19807-1-1-1-1-300x183.png 300w, https:\/\/blogs.correiobraziliense.com.br\/aricunha\/wp-content\/uploads\/sites\/13\/2018\/10\/E8513F201E83825BFAF5FA4BA85AF000D9F9BF3093E8050A3A003C2115C19807-1-1-1-1-768x467.png 768w, https:\/\/blogs.correiobraziliense.com.br\/aricunha\/wp-content\/uploads\/sites\/13\/2018\/10\/E8513F201E83825BFAF5FA4BA85AF000D9F9BF3093E8050A3A003C2115C19807-1-1-1-1-350x213.png 350w, https:\/\/blogs.correiobraziliense.com.br\/aricunha\/wp-content\/uploads\/sites\/13\/2018\/10\/E8513F201E83825BFAF5FA4BA85AF000D9F9BF3093E8050A3A003C2115C19807-1-1-1-1-550x335.png 550w, https:\/\/blogs.correiobraziliense.com.br\/aricunha\/wp-content\/uploads\/sites\/13\/2018\/10\/E8513F201E83825BFAF5FA4BA85AF000D9F9BF3093E8050A3A003C2115C19807-1-1-1-1-230x140.png 230w\" sizes=\"auto, (max-width: 596px) 100vw, 596px\" \/><figcaption id=\"caption-attachment-12563\" class=\"wp-caption-text\">Charge do Quinho<\/figcaption><\/figure>\n<p><strong>Higiene<\/strong><\/p>\n<p>No C\u00f3digo de Defesa do Consumidor, est\u00e1 determinado que a higieniza\u00e7\u00e3o de carrinhos de compra, mouses e teclados em computadores de acesso p\u00fablico ou em institui\u00e7\u00f5es de ensino devem ser higienizados. Falta vistoria.<\/p>\n<figure id=\"attachment_12564\" aria-describedby=\"caption-attachment-12564\" style=\"width: 592px\" class=\"wp-caption aligncenter\"><img loading=\"lazy\" decoding=\"async\" class=\" wp-image-12564\" src=\"https:\/\/blogs.correiobraziliense.com.br\/aricunha\/wp-content\/uploads\/sites\/13\/2018\/10\/6291755-1-1-1-1-1-1-1-1-1-1-1-1-1-1.jpg\" alt=\"\" width=\"592\" height=\"311\" srcset=\"https:\/\/blogs.correiobraziliense.com.br\/aricunha\/wp-content\/uploads\/sites\/13\/2018\/10\/6291755-1-1-1-1-1-1-1-1-1-1-1-1-1-1.jpg 1200w, https:\/\/blogs.correiobraziliense.com.br\/aricunha\/wp-content\/uploads\/sites\/13\/2018\/10\/6291755-1-1-1-1-1-1-1-1-1-1-1-1-1-1-300x158.jpg 300w, https:\/\/blogs.correiobraziliense.com.br\/aricunha\/wp-content\/uploads\/sites\/13\/2018\/10\/6291755-1-1-1-1-1-1-1-1-1-1-1-1-1-1-768x403.jpg 768w, https:\/\/blogs.correiobraziliense.com.br\/aricunha\/wp-content\/uploads\/sites\/13\/2018\/10\/6291755-1-1-1-1-1-1-1-1-1-1-1-1-1-1-1024x538.jpg 1024w, https:\/\/blogs.correiobraziliense.com.br\/aricunha\/wp-content\/uploads\/sites\/13\/2018\/10\/6291755-1-1-1-1-1-1-1-1-1-1-1-1-1-1-350x184.jpg 350w, https:\/\/blogs.correiobraziliense.com.br\/aricunha\/wp-content\/uploads\/sites\/13\/2018\/10\/6291755-1-1-1-1-1-1-1-1-1-1-1-1-1-1-550x289.jpg 550w, https:\/\/blogs.correiobraziliense.com.br\/aricunha\/wp-content\/uploads\/sites\/13\/2018\/10\/6291755-1-1-1-1-1-1-1-1-1-1-1-1-1-1-230x121.jpg 230w\" sizes=\"auto, (max-width: 592px) 100vw, 592px\" \/><figcaption id=\"caption-attachment-12564\" class=\"wp-caption-text\">Foto: g1.globo.com<\/figcaption><\/figure>\n<p><strong>HIST\u00d3RIA DE BRAS\u00cdLIA<\/strong><\/p>\n<p>Agora, surgiu a \u00e9poca das cartas an\u00f4nimas, com amea\u00e7as de morte. Mas tomaram o caminho errado, porque Gileno n\u00e3o aceita carta em letra de forma, e sem assinatura, no que faz muito bem. <strong>(Publicado em 02.11.1961)<\/strong><\/p>\n","protected":false},"excerpt":{"rendered":"<p>ARI CUNHA \u2013 In memoriam Visto, lido e ouvido Desde 1960 com Circe Cunha e Mamfil; colunadoaricunha@gmail.com; Facebook.com\/vistolidoeouvido Bras\u00edlia, obviamente n\u00e3o se restringe apenas \u00e0 \u00e1rea tombada do Plano Piloto. O crescimento vertiginoso nessas \u00faltimas d\u00e9cadas transformou, radicalmente, a capital, planejada com cuidados de um relojoeiro pelo urbanista L\u00facio Costa, em uma cidade com problemas existentes por todas as capitais [&hellip;]<\/p>\n","protected":false},"author":34,"featured_media":12565,"comment_status":"open","ping_status":"open","sticky":false,"template":"","format":"standard","meta":{"footnotes":""},"categories":[23],"tags":[114,68,2,69,16],"class_list":["post-12559","post","type-post","status-publish","format-standard","has-post-thumbnail","hentry","category-integra","tag-historiadebrasilia","tag-aricunha","tag-brasilia","tag-circecunha","tag-mamfil"],"_links":{"self":[{"href":"https:\/\/blogs.correiobraziliense.com.br\/aricunha\/wp-json\/wp\/v2\/posts\/12559","targetHints":{"allow":["GET"]}}],"collection":[{"href":"https:\/\/blogs.correiobraziliense.com.br\/aricunha\/wp-json\/wp\/v2\/posts"}],"about":[{"href":"https:\/\/blogs.correiobraziliense.com.br\/aricunha\/wp-json\/wp\/v2\/types\/post"}],"author":[{"embeddable":true,"href":"https:\/\/blogs.correiobraziliense.com.br\/aricunha\/wp-json\/wp\/v2\/users\/34"}],"replies":[{"embeddable":true,"href":"https:\/\/blogs.correiobraziliense.com.br\/aricunha\/wp-json\/wp\/v2\/comments?post=12559"}],"version-history":[{"count":1,"href":"https:\/\/blogs.correiobraziliense.com.br\/aricunha\/wp-json\/wp\/v2\/posts\/12559\/revisions"}],"predecessor-version":[{"id":12566,"href":"https:\/\/blogs.correiobraziliense.com.br\/aricunha\/wp-json\/wp\/v2\/posts\/12559\/revisions\/12566"}],"wp:featuredmedia":[{"embeddable":true,"href":"https:\/\/blogs.correiobraziliense.com.br\/aricunha\/wp-json\/wp\/v2\/media\/12565"}],"wp:attachment":[{"href":"https:\/\/blogs.correiobraziliense.com.br\/aricunha\/wp-json\/wp\/v2\/media?parent=12559"}],"wp:term":[{"taxonomy":"category","embeddable":true,"href":"https:\/\/blogs.correiobraziliense.com.br\/aricunha\/wp-json\/wp\/v2\/categories?post=12559"},{"taxonomy":"post_tag","embeddable":true,"href":"https:\/\/blogs.correiobraziliense.com.br\/aricunha\/wp-json\/wp\/v2\/tags?post=12559"}],"curies":[{"name":"wp","href":"https:\/\/api.w.org\/{rel}","templated":true}]}}