{"id":12532,"date":"2018-10-25T01:00:10","date_gmt":"2018-10-25T03:00:10","guid":{"rendered":"https:\/\/blogs.correiobraziliense.com.br\/aricunha\/?p=12532"},"modified":"2018-10-25T19:37:48","modified_gmt":"2018-10-25T21:37:48","slug":"humanos-como-pecas-de-um-tabuleiro","status":"publish","type":"post","link":"https:\/\/blogs.correiobraziliense.com.br\/aricunha\/humanos-como-pecas-de-um-tabuleiro\/","title":{"rendered":"Humanos como pe\u00e7as de um tabuleiro"},"content":{"rendered":"<p style=\"text-align: left\">ARI CUNHA &#8211; In memoriam<\/p>\n<p>Visto, lido e ouvido<\/p>\n<p>Desde 1960<\/p>\n<p>com Circe Cunha e Mamfil;<\/p>\n<p>colunadoaricunha@gmail.com;<\/p>\n<p>Facebook.com\/vistolidoeouvido<\/p>\n<p>Instagram.com\/vistolidoeouvido<\/p>\n<figure id=\"attachment_12534\" aria-describedby=\"caption-attachment-12534\" style=\"width: 662px\" class=\"wp-caption aligncenter\"><img loading=\"lazy\" decoding=\"async\" class=\" wp-image-12534\" src=\"https:\/\/blogs.correiobraziliense.com.br\/aricunha\/wp-content\/uploads\/sites\/13\/2018\/10\/Capturar-7.jpg\" alt=\"\" width=\"662\" height=\"438\" srcset=\"https:\/\/blogs.correiobraziliense.com.br\/aricunha\/wp-content\/uploads\/sites\/13\/2018\/10\/Capturar-7.jpg 660w, https:\/\/blogs.correiobraziliense.com.br\/aricunha\/wp-content\/uploads\/sites\/13\/2018\/10\/Capturar-7-300x199.jpg 300w, https:\/\/blogs.correiobraziliense.com.br\/aricunha\/wp-content\/uploads\/sites\/13\/2018\/10\/Capturar-7-350x232.jpg 350w, https:\/\/blogs.correiobraziliense.com.br\/aricunha\/wp-content\/uploads\/sites\/13\/2018\/10\/Capturar-7-550x364.jpg 550w, https:\/\/blogs.correiobraziliense.com.br\/aricunha\/wp-content\/uploads\/sites\/13\/2018\/10\/Capturar-7-230x152.jpg 230w\" sizes=\"auto, (max-width: 662px) 100vw, 662px\" \/><figcaption id=\"caption-attachment-12534\" class=\"wp-caption-text\">Foto: Ueslei Marcelino\/Reuters &#8211; 22.10.2018 (noticias.r7.com)<\/figcaption><\/figure>\n<p>Enquanto muitos brasileiros continuam se engalfinhando numa luta insana entre o que acreditam ser m\u00e9ritos e dem\u00e9ritos de uma direita ou de uma esquerda, como se de fato existisse alguma divis\u00e3o ideol\u00f3gica e clara entre a multid\u00e3o de partidos pol\u00edticos que decoram nossa democracia, o mundo vai experimentando as mais dr\u00e1sticas turbul\u00eancias humanas, decorrentes das enormes ondas migrat\u00f3rias que se movimentam de um lugar para outro em busca de uma vida digna.<\/p>\n<p>F\u00f4ssemos caracterizar o mundo atual, nesse in\u00edcio do s\u00e9culo XXI, com certeza ter\u00edamos que incluir, como uma das faces mais vis\u00edveis desse nosso tempo, as grandes ondas migrat\u00f3rias que v\u00eam ocorrendo em praticamente todos os continentes. S\u00e3o centenas de milhares de refugiados que buscam cruzar fronteiras fugindo de instabilidades e guerras pol\u00edticas, atr\u00e1s de trabalho, comida e moradia.<\/p>\n<p>Desaven\u00e7as e escaramu\u00e7as pol\u00edticas que flagelam muitos pa\u00edses do globo v\u00eam colaborando para engrossar essas fileiras imensas de seres humanos que se deslocam sem rumo pela terra. Esse \u00e9 o caso das mudan\u00e7as clim\u00e1ticas, tantas vezes alertadas pelos cientistas, mas que muitos governantes insistem ainda em desconsiderar. E esse \u00e9 um outro fator que vem caracterizando, com precis\u00e3o, o s\u00e9culo atual.<\/p>\n<p>Da uni\u00e3o entre a instabilidade pol\u00edtica, que se alastra pelo mundo, com as mudan\u00e7as r\u00e1pidas provocadas pelo aquecimento global, e as grandes ondas migrat\u00f3rias, que decorrem desses fen\u00f4menos, o que o mundo assiste hoje \u00e9 o come\u00e7o de um s\u00e9culo turbulento e inst\u00e1vel, que ir\u00e1 afetar, de modo profundo, praticamente todas as na\u00e7\u00f5es do planeta.<\/p>\n<p>\u00c0s v\u00e9speras do segundo turno das elei\u00e7\u00f5es no Brasil, h\u00e1 uma enorme massa humana, formada por refugiados e migrantes centro-americanos, se em prociss\u00e3o pelo M\u00e9xico, rumo \u00e0 fronteira Sul dos Estados Unidos em busca de melhores oportunidades de vida. S\u00e3o, segundo a Ag\u00eancia da ONU para refugiados (ACNUR), mais de 7 mil pessoas de todas as idades, que h\u00e1 dias marcham, em condi\u00e7\u00f5es sub-humanas, em dire\u00e7\u00e3o ao que acreditam ser o pa\u00eds das oportunidades.<\/p>\n<p>A chamada Grande Marcha para o Norte ter\u00e1 que percorrer mais de 2 mil quil\u00f4metros at\u00e9 atingir o solo americano e caso seja negada a possibilidade de entrada naquele pa\u00eds, como parece prov\u00e1vel, ter\u00e3o que refazer o caminho de volta, ou seja, mais dois mil quil\u00f4metros de regresso. Trata-se de uma crise humanit\u00e1ria sem precedentes no continente americano, e refor\u00e7a as suspeitas de que as grandes migra\u00e7\u00f5es come\u00e7am tamb\u00e9m a afetar nosso continente.<\/p>\n<p>Nesse sentido, qualquer presidente que venha ser eleito, aqui no Brasil ou no resto das Am\u00e9ricas, ter\u00e1 que incluir, obrigatoriamente, em suas agendas a quest\u00e3o das ondas migrat\u00f3rias que varrem o planeta.<\/p>\n<p>&nbsp;<\/p>\n<p><strong>A frase que foi pronunciada:<\/strong><\/p>\n<p><em>\u201cA exagera\u00e7\u00e3o degenera os sentimentos, desvirtua os fatos, desfigura a verdade.\u201d\u00a0 <\/em><\/p>\n<p>Joaquim Manoel de Macedo<\/p>\n<p>&nbsp;<\/p>\n<p><strong>Inseguran\u00e7a<\/strong><\/p>\n<p>Nabhan Garcia, presidente da Uni\u00e3o Democr\u00e1tica Ruralista, acredita que o Minist\u00e9rio da Agricultura e do Meio Ambiente ficar\u00e3o separados no pr\u00f3ximo governo. Poucas horas antes de fechar essa edi\u00e7\u00e3o, a ideia j\u00e1 era outra. Parece que encontraram uma raz\u00e3o para aceitar a fus\u00e3o dos dois minist\u00e9rios.<\/p>\n<figure id=\"attachment_12536\" aria-describedby=\"caption-attachment-12536\" style=\"width: 557px\" class=\"wp-caption aligncenter\"><img loading=\"lazy\" decoding=\"async\" class=\" wp-image-12536\" src=\"https:\/\/blogs.correiobraziliense.com.br\/aricunha\/wp-content\/uploads\/sites\/13\/2018\/10\/63ff998697cc40f83df1cfcfe20f4235.jpg\" alt=\"\" width=\"557\" height=\"305\" srcset=\"https:\/\/blogs.correiobraziliense.com.br\/aricunha\/wp-content\/uploads\/sites\/13\/2018\/10\/63ff998697cc40f83df1cfcfe20f4235.jpg 748w, https:\/\/blogs.correiobraziliense.com.br\/aricunha\/wp-content\/uploads\/sites\/13\/2018\/10\/63ff998697cc40f83df1cfcfe20f4235-300x164.jpg 300w, https:\/\/blogs.correiobraziliense.com.br\/aricunha\/wp-content\/uploads\/sites\/13\/2018\/10\/63ff998697cc40f83df1cfcfe20f4235-350x192.jpg 350w, https:\/\/blogs.correiobraziliense.com.br\/aricunha\/wp-content\/uploads\/sites\/13\/2018\/10\/63ff998697cc40f83df1cfcfe20f4235-550x301.jpg 550w, https:\/\/blogs.correiobraziliense.com.br\/aricunha\/wp-content\/uploads\/sites\/13\/2018\/10\/63ff998697cc40f83df1cfcfe20f4235-230x126.jpg 230w\" sizes=\"auto, (max-width: 557px) 100vw, 557px\" \/><figcaption id=\"caption-attachment-12536\" class=\"wp-caption-text\">Manifesta\u00e7\u00e3o sobre a unifica\u00e7\u00e3o dos minist\u00e9rios do Meio Ambiente e o da Agricultura.<br \/>Foto: Marcelo Camargo\/ Ag\u00eancia Brasil<\/figcaption><\/figure>\n<p><strong>Discurso&amp;Pr\u00e1tica<\/strong><\/p>\n<p>Pouco se falou do passado no m\u00eas de abril em um pr\u00e9dio de Belo Horizonte onde tr\u00eas \u00f4nibus estacionaram e despejaram tinta vermelha no ch\u00e3o e na fachada, dando um recado \u00e0 ministra C\u00e1rmen L\u00facia. O tema era o Habeas Corpus negado \u00e0 Lula. J\u00e1 esqueceram?<\/p>\n<p><iframe loading=\"lazy\" title=\"Pr\u00e9dio de C\u00e1rmen L\u00facia em Belo Horizonte \u00e9 pichado de Vermelho por integrentes do MST\" width=\"1440\" height=\"810\" src=\"https:\/\/www.youtube.com\/embed\/qKQ1Fy1KlHc?feature=oembed\" frameborder=\"0\" allow=\"accelerometer; autoplay; clipboard-write; encrypted-media; gyroscope; picture-in-picture; web-share\" referrerpolicy=\"strict-origin-when-cross-origin\" allowfullscreen><\/iframe><\/p>\n<p><strong>Cala te<\/strong><\/p>\n<p>Falem bem mas falem de mim! Depois que o Ex\u00e9rcito uruguaio proibiu militares de se manifestar \u00e9 que vemos como a liberdade de express\u00e3o \u00e9 importante para a democracia.<\/p>\n<p>&nbsp;<\/p>\n<p><strong>Regras<\/strong><\/p>\n<p>Selfies durante as elei\u00e7\u00f5es v\u00e3o custar caro aos engra\u00e7adinhos. O Centro Integrado de Comando e Controle Eleitoral est\u00e1 trabalhando com afinco. A Pol\u00edcia Federal identificou pessoas nessa situa\u00e7\u00e3o em Pernambuco, Minas Gerais, Rio Grande do Sul e S\u00e3o Paulo. O crime previsto no C\u00f3digo Eleitoral imp\u00f5e dois anos de pris\u00e3o. Al\u00e9m disso, essa pr\u00e1tica pode ser considerada como boca de urna. Nesse caso, h\u00e1 uma multa que varia entre R$ 5 mil a R$ 15 mil.<\/p>\n<figure id=\"attachment_12537\" aria-describedby=\"caption-attachment-12537\" style=\"width: 558px\" class=\"wp-caption aligncenter\"><img loading=\"lazy\" decoding=\"async\" class=\" wp-image-12537\" src=\"https:\/\/blogs.correiobraziliense.com.br\/aricunha\/wp-content\/uploads\/sites\/13\/2018\/10\/7out2014-o-chargista-casso-critica-eleitores-que-fizeram-selfie-no-momento-do-voto-1412619383751_956x500.jpg\" alt=\"\" width=\"558\" height=\"292\" srcset=\"https:\/\/blogs.correiobraziliense.com.br\/aricunha\/wp-content\/uploads\/sites\/13\/2018\/10\/7out2014-o-chargista-casso-critica-eleitores-que-fizeram-selfie-no-momento-do-voto-1412619383751_956x500.jpg 956w, https:\/\/blogs.correiobraziliense.com.br\/aricunha\/wp-content\/uploads\/sites\/13\/2018\/10\/7out2014-o-chargista-casso-critica-eleitores-que-fizeram-selfie-no-momento-do-voto-1412619383751_956x500-300x157.jpg 300w, https:\/\/blogs.correiobraziliense.com.br\/aricunha\/wp-content\/uploads\/sites\/13\/2018\/10\/7out2014-o-chargista-casso-critica-eleitores-que-fizeram-selfie-no-momento-do-voto-1412619383751_956x500-768x402.jpg 768w, https:\/\/blogs.correiobraziliense.com.br\/aricunha\/wp-content\/uploads\/sites\/13\/2018\/10\/7out2014-o-chargista-casso-critica-eleitores-que-fizeram-selfie-no-momento-do-voto-1412619383751_956x500-350x183.jpg 350w, https:\/\/blogs.correiobraziliense.com.br\/aricunha\/wp-content\/uploads\/sites\/13\/2018\/10\/7out2014-o-chargista-casso-critica-eleitores-que-fizeram-selfie-no-momento-do-voto-1412619383751_956x500-550x288.jpg 550w, https:\/\/blogs.correiobraziliense.com.br\/aricunha\/wp-content\/uploads\/sites\/13\/2018\/10\/7out2014-o-chargista-casso-critica-eleitores-que-fizeram-selfie-no-momento-do-voto-1412619383751_956x500-230x120.jpg 230w\" sizes=\"auto, (max-width: 558px) 100vw, 558px\" \/><figcaption id=\"caption-attachment-12537\" class=\"wp-caption-text\">Charge do Casso<\/figcaption><\/figure>\n<p><strong>Futebol<\/strong><\/p>\n<p>Com v\u00e1rios craques da sele\u00e7\u00e3o brasileira em campo, a Copa Loterias Caixa de Futebol de 5 2018 re\u00fane dez equipes e 120 atletas, 96 deles deficientes visuais. O campeonato, de 5 a 11 de novembro, acontece no Centro de Treinamento Paral\u00edmpico, em S\u00e3o Paulo (SP). Para Rafael Astrada, t\u00e9cnico da Associa\u00e7\u00e3o Ga\u00facha de Futsal para Cegos (AGAFUC-RS), uma das equipes favoritas, a competi\u00e7\u00e3o \u00e9 a maior do mundo.<\/p>\n<figure id=\"attachment_12535\" aria-describedby=\"caption-attachment-12535\" style=\"width: 563px\" class=\"wp-caption aligncenter\"><img loading=\"lazy\" decoding=\"async\" class=\" wp-image-12535\" src=\"https:\/\/blogs.correiobraziliense.com.br\/aricunha\/wp-content\/uploads\/sites\/13\/2018\/10\/DJI_0958-1-1-1.jpg\" alt=\"\" width=\"563\" height=\"375\" srcset=\"https:\/\/blogs.correiobraziliense.com.br\/aricunha\/wp-content\/uploads\/sites\/13\/2018\/10\/DJI_0958-1-1-1.jpg 1280w, https:\/\/blogs.correiobraziliense.com.br\/aricunha\/wp-content\/uploads\/sites\/13\/2018\/10\/DJI_0958-1-1-1-300x200.jpg 300w, https:\/\/blogs.correiobraziliense.com.br\/aricunha\/wp-content\/uploads\/sites\/13\/2018\/10\/DJI_0958-1-1-1-768x512.jpg 768w, https:\/\/blogs.correiobraziliense.com.br\/aricunha\/wp-content\/uploads\/sites\/13\/2018\/10\/DJI_0958-1-1-1-1024x682.jpg 1024w, https:\/\/blogs.correiobraziliense.com.br\/aricunha\/wp-content\/uploads\/sites\/13\/2018\/10\/DJI_0958-1-1-1-350x233.jpg 350w, https:\/\/blogs.correiobraziliense.com.br\/aricunha\/wp-content\/uploads\/sites\/13\/2018\/10\/DJI_0958-1-1-1-550x367.jpg 550w, https:\/\/blogs.correiobraziliense.com.br\/aricunha\/wp-content\/uploads\/sites\/13\/2018\/10\/DJI_0958-1-1-1-230x153.jpg 230w\" sizes=\"auto, (max-width: 563px) 100vw, 563px\" \/><figcaption id=\"caption-attachment-12535\" class=\"wp-caption-text\">Foto: www.cpb.org.br<\/figcaption><\/figure>\n<p><strong>HIST\u00d3RIA DE BRAS\u00cdLIA<\/strong><\/p>\n<p>Este sendo de responsabilidade \u00e9 o respons\u00e1vel pelo funcionamento perfeito do Judici\u00e1rio no Distrito Federal. <strong>(Publicado em 02.11.1961)<\/strong><\/p>\n","protected":false},"excerpt":{"rendered":"<p>ARI CUNHA &#8211; In memoriam Visto, lido e ouvido Desde 1960 com Circe Cunha e Mamfil; colunadoaricunha@gmail.com; Facebook.com\/vistolidoeouvido Instagram.com\/vistolidoeouvido Enquanto muitos brasileiros continuam se engalfinhando numa luta insana entre o que acreditam ser m\u00e9ritos e dem\u00e9ritos de uma direita ou de uma esquerda, como se de fato existisse alguma divis\u00e3o ideol\u00f3gica e clara entre a multid\u00e3o de partidos pol\u00edticos que [&hellip;]<\/p>\n","protected":false},"author":34,"featured_media":12534,"comment_status":"open","ping_status":"open","sticky":false,"template":"","format":"standard","meta":{"footnotes":""},"categories":[23],"tags":[114,68,2,69,16],"class_list":["post-12532","post","type-post","status-publish","format-standard","has-post-thumbnail","hentry","category-integra","tag-historiadebrasilia","tag-aricunha","tag-brasilia","tag-circecunha","tag-mamfil"],"_links":{"self":[{"href":"https:\/\/blogs.correiobraziliense.com.br\/aricunha\/wp-json\/wp\/v2\/posts\/12532","targetHints":{"allow":["GET"]}}],"collection":[{"href":"https:\/\/blogs.correiobraziliense.com.br\/aricunha\/wp-json\/wp\/v2\/posts"}],"about":[{"href":"https:\/\/blogs.correiobraziliense.com.br\/aricunha\/wp-json\/wp\/v2\/types\/post"}],"author":[{"embeddable":true,"href":"https:\/\/blogs.correiobraziliense.com.br\/aricunha\/wp-json\/wp\/v2\/users\/34"}],"replies":[{"embeddable":true,"href":"https:\/\/blogs.correiobraziliense.com.br\/aricunha\/wp-json\/wp\/v2\/comments?post=12532"}],"version-history":[{"count":3,"href":"https:\/\/blogs.correiobraziliense.com.br\/aricunha\/wp-json\/wp\/v2\/posts\/12532\/revisions"}],"predecessor-version":[{"id":12540,"href":"https:\/\/blogs.correiobraziliense.com.br\/aricunha\/wp-json\/wp\/v2\/posts\/12532\/revisions\/12540"}],"wp:featuredmedia":[{"embeddable":true,"href":"https:\/\/blogs.correiobraziliense.com.br\/aricunha\/wp-json\/wp\/v2\/media\/12534"}],"wp:attachment":[{"href":"https:\/\/blogs.correiobraziliense.com.br\/aricunha\/wp-json\/wp\/v2\/media?parent=12532"}],"wp:term":[{"taxonomy":"category","embeddable":true,"href":"https:\/\/blogs.correiobraziliense.com.br\/aricunha\/wp-json\/wp\/v2\/categories?post=12532"},{"taxonomy":"post_tag","embeddable":true,"href":"https:\/\/blogs.correiobraziliense.com.br\/aricunha\/wp-json\/wp\/v2\/tags?post=12532"}],"curies":[{"name":"wp","href":"https:\/\/api.w.org\/{rel}","templated":true}]}}