{"id":12506,"date":"2018-10-23T01:00:42","date_gmt":"2018-10-23T03:00:42","guid":{"rendered":"https:\/\/blogs.correiobraziliense.com.br\/aricunha\/?p=12506"},"modified":"2018-10-22T23:10:15","modified_gmt":"2018-10-23T01:10:15","slug":"avanco-do-desmatamento-ira-diminuir-os-lucros-do-agronegocio","status":"publish","type":"post","link":"https:\/\/blogs.correiobraziliense.com.br\/aricunha\/avanco-do-desmatamento-ira-diminuir-os-lucros-do-agronegocio\/","title":{"rendered":"Avan\u00e7o do desmatamento ir\u00e1 diminuir os lucros do agroneg\u00f3cio"},"content":{"rendered":"<p style=\"text-align: left\">ARI CUNHA &#8211; In memoriam<\/p>\n<p>Visto, lido e ouvido<\/p>\n<p>Desde 1960<\/p>\n<p>com Circe Cunha e Mamfil;<\/p>\n<p>colunadoaricunha@gmail.com;<\/p>\n<p>Facebook.com\/vistolidoeouvido<\/p>\n<p>Instagram.com\/vistolidoeouvido<\/p>\n<figure id=\"attachment_12521\" aria-describedby=\"caption-attachment-12521\" style=\"width: 475px\" class=\"wp-caption aligncenter\"><img loading=\"lazy\" decoding=\"async\" class=\"size-full wp-image-12521\" src=\"https:\/\/blogs.correiobraziliense.com.br\/aricunha\/wp-content\/uploads\/sites\/13\/2018\/10\/codigoflorestalCHARGE_33.jpg\" alt=\"\" width=\"475\" height=\"355\" srcset=\"https:\/\/blogs.correiobraziliense.com.br\/aricunha\/wp-content\/uploads\/sites\/13\/2018\/10\/codigoflorestalCHARGE_33.jpg 475w, https:\/\/blogs.correiobraziliense.com.br\/aricunha\/wp-content\/uploads\/sites\/13\/2018\/10\/codigoflorestalCHARGE_33-300x224.jpg 300w, https:\/\/blogs.correiobraziliense.com.br\/aricunha\/wp-content\/uploads\/sites\/13\/2018\/10\/codigoflorestalCHARGE_33-350x262.jpg 350w, https:\/\/blogs.correiobraziliense.com.br\/aricunha\/wp-content\/uploads\/sites\/13\/2018\/10\/codigoflorestalCHARGE_33-230x172.jpg 230w\" sizes=\"auto, (max-width: 475px) 100vw, 475px\" \/><figcaption id=\"caption-attachment-12521\" class=\"wp-caption-text\">Charge da Bessinha<\/figcaption><\/figure>\n<p>&nbsp;<\/p>\n<p>Climatologistas, ambientalistas e outros importantes nomes da Ci\u00eancia do Meio Ambiente t\u00eam demonstrado s\u00e9rias preocupa\u00e7\u00f5es com a possibilidade de, no caso de vit\u00f3ria do candidato Jair Bolsonaro, o Brasil retroceder no combate ao desmatamento, com o afrouxamento total na legisla\u00e7\u00e3o que ainda garante certa prote\u00e7\u00e3o aos s\u00edtios e \u00e1reas de preserva\u00e7\u00e3o natural.<\/p>\n<p>Para esses especialistas, caso se confirmem as declara\u00e7\u00f5es feitas durante a campanha pelo candidato favorito nas pesquisas, o Brasil estar\u00e1 n\u00e3o s\u00f3 rumando numa dire\u00e7\u00e3o contr\u00e1ria ao restante do mundo desenvolvido, como poder\u00e1 sofrer graves consequ\u00eancias que acabar\u00e3o por afetar de modo dr\u00e1stico a pr\u00f3pria economia baseada no agroneg\u00f3cio em larga escala.<\/p>\n<p>Para esses ambientalistas, alguns de renome internacional, como \u00e9 o caso do climatologista Carlos Nobre, membro das academias de Ci\u00eancias do Brasil e dos Estados Unidos, ex-diretor do Capes e do Inpe, a possibilidade de o Brasil vir a deixar o Acordo de Paris, acarretar\u00e1 danos inclusive para a economia agr\u00e1ria nacional, j\u00e1 que a forte press\u00e3o mundial, existente hoje, tem feito com que muitos pa\u00edses passassem a orientar seus investimentos baseados no uso respons\u00e1vel do solo e na produ\u00e7\u00e3o de energia renov\u00e1vel, o que tem obrigado muitos governos e empresas a boicotar produtos origin\u00e1rios de \u00e1reas de desmatamento. A economia global, afirma Nobre, caminha para a produ\u00e7\u00e3o respons\u00e1vel de alimentos.<\/p>\n<p>&nbsp;<\/p>\n<p><strong>A frase que foi pronunciada:<\/strong><\/p>\n<p><em>&#8220;O mundo sempre foi fake. Interpret\u00e1vel e edit\u00e1vel.&#8221;<\/em><\/p>\n<p>Werivelton da Rocha<\/p>\n<figure id=\"attachment_12510\" aria-describedby=\"caption-attachment-12510\" style=\"width: 494px\" class=\"wp-caption aligncenter\"><img loading=\"lazy\" decoding=\"async\" class=\" wp-image-12510\" src=\"https:\/\/blogs.correiobraziliense.com.br\/aricunha\/wp-content\/uploads\/sites\/13\/2018\/10\/2181-1.jpg\" alt=\"\" width=\"494\" height=\"444\" srcset=\"https:\/\/blogs.correiobraziliense.com.br\/aricunha\/wp-content\/uploads\/sites\/13\/2018\/10\/2181-1.jpg 700w, https:\/\/blogs.correiobraziliense.com.br\/aricunha\/wp-content\/uploads\/sites\/13\/2018\/10\/2181-1-300x270.jpg 300w, https:\/\/blogs.correiobraziliense.com.br\/aricunha\/wp-content\/uploads\/sites\/13\/2018\/10\/2181-1-350x315.jpg 350w, https:\/\/blogs.correiobraziliense.com.br\/aricunha\/wp-content\/uploads\/sites\/13\/2018\/10\/2181-1-550x495.jpg 550w, https:\/\/blogs.correiobraziliense.com.br\/aricunha\/wp-content\/uploads\/sites\/13\/2018\/10\/2181-1-230x207.jpg 230w\" sizes=\"auto, (max-width: 494px) 100vw, 494px\" \/><figcaption id=\"caption-attachment-12510\" class=\"wp-caption-text\">Charge do Duke<\/figcaption><\/figure>\n<p><strong>Aten\u00e7\u00e3o escolas!<\/strong><\/p>\n<p>Dad Squarisi receber\u00e1 alunos interessados em aprender a fazer uma reda\u00e7\u00e3o nos moldes do ENEN. Um bate-papo que vai ajudar bastante. No audit\u00f3rio do Correio Braziliense, a partir das 9h da manh\u00e3, dessa quinta-feira, dia 25. Entrada franca.<\/p>\n<figure id=\"attachment_12508\" aria-describedby=\"caption-attachment-12508\" style=\"width: 278px\" class=\"wp-caption aligncenter\"><img loading=\"lazy\" decoding=\"async\" class=\" wp-image-12508\" src=\"https:\/\/blogs.correiobraziliense.com.br\/aricunha\/wp-content\/uploads\/sites\/13\/2018\/10\/avatar-compressor-230x230.jpg\" alt=\"\" width=\"278\" height=\"278\" srcset=\"https:\/\/blogs.correiobraziliense.com.br\/aricunha\/wp-content\/uploads\/sites\/13\/2018\/10\/avatar-compressor-230x230.jpg 230w, https:\/\/blogs.correiobraziliense.com.br\/aricunha\/wp-content\/uploads\/sites\/13\/2018\/10\/avatar-compressor-230x230-150x150.jpg 150w\" sizes=\"auto, (max-width: 278px) 100vw, 278px\" \/><figcaption id=\"caption-attachment-12508\" class=\"wp-caption-text\">Foto: correiobraziliense.com.br\/dad<\/figcaption><\/figure>\n<p><strong>Leitora<\/strong><\/p>\n<p>Recebemos uma den\u00fancia em rela\u00e7\u00e3o \u00e0 \u00e1rea em frente ao Edif\u00edcio dos Correios, no Bloco A, SBN 1, 70002-900.\u00a0 Um particular tomou a \u00e1rea, ergueu uma grande lona branca, ocupou 7 vagas de estacionamento priorit\u00e1rio, e est\u00e1 vendendo roupas.\u00a0 Este empreendimento interditou a passagem de carros de uma das pistas nesta \u00e1rea de estacionamento, uma das mais tumultuados da cidade. E logo na frente de um pr\u00e9dio com uma das mais belas fachadas da cidade.<\/p>\n<p><strong>\u00a0<\/strong><\/p>\n<p><strong>G\u00e1s<\/strong><\/p>\n<p>Est\u00e1 dando o que falar o projeto de constru\u00e7\u00e3o do gasoduto Urucu-Coari-Manaus. \u00c9 como um pegue e pague. Em 2012 a Aneel n\u00e3o quis sub-rogar a conta CCC ao que n\u00e3o for efetivamente consumido. A d\u00edvida em g\u00e1s natural j\u00e1 ultrapassou os R$ 5 bilh\u00f5es e essas d\u00edvidas regulat\u00f3rias geraram um passivo com a Petrobras de R$20 bilh\u00f5es. Quem chamou a aten\u00e7\u00e3o para o assunto foi o senador Eduardo Braga. Anos atr\u00e1s apareceu uma planilha com a suspeita de que verba desse gasoduto tivesse sido desviada para partidos e para funcion\u00e1rios da Petrobras.<\/p>\n<figure id=\"attachment_12511\" aria-describedby=\"caption-attachment-12511\" style=\"width: 500px\" class=\"wp-caption aligncenter\"><img loading=\"lazy\" decoding=\"async\" class=\" wp-image-12511\" src=\"https:\/\/blogs.correiobraziliense.com.br\/aricunha\/wp-content\/uploads\/sites\/13\/2018\/10\/gasoduto_co_man_6202.jpg\" alt=\"\" width=\"500\" height=\"375\" srcset=\"https:\/\/blogs.correiobraziliense.com.br\/aricunha\/wp-content\/uploads\/sites\/13\/2018\/10\/gasoduto_co_man_6202.jpg 620w, https:\/\/blogs.correiobraziliense.com.br\/aricunha\/wp-content\/uploads\/sites\/13\/2018\/10\/gasoduto_co_man_6202-300x225.jpg 300w, https:\/\/blogs.correiobraziliense.com.br\/aricunha\/wp-content\/uploads\/sites\/13\/2018\/10\/gasoduto_co_man_6202-350x263.jpg 350w, https:\/\/blogs.correiobraziliense.com.br\/aricunha\/wp-content\/uploads\/sites\/13\/2018\/10\/gasoduto_co_man_6202-550x413.jpg 550w, https:\/\/blogs.correiobraziliense.com.br\/aricunha\/wp-content\/uploads\/sites\/13\/2018\/10\/gasoduto_co_man_6202-230x173.jpg 230w\" sizes=\"auto, (max-width: 500px) 100vw, 500px\" \/><figcaption id=\"caption-attachment-12511\" class=\"wp-caption-text\">Foto: Divulga\u00e7\u00e3o\/Petrobras (g1.globo.com)<\/figcaption><\/figure>\n<p><strong>Petros<\/strong><\/p>\n<p>Cobran\u00e7as adicionais ao fundo Petros est\u00e3o deixando os associados impacientes. O assunto vai gerar uma audi\u00eancia p\u00fablico.<\/p>\n<p>&nbsp;<\/p>\n<p><strong>Postalis<\/strong><\/p>\n<p>Por falar em Petros, C\u00e2maras Municipais de 25 cidades enviaram ao Senado solicita\u00e7\u00e3o de apoio para novas legisla\u00e7\u00f5es que minimizem os impactos sofridos por futuros e atuais aposentados desse fundo de pens\u00e3o.<\/p>\n<p>&nbsp;<\/p>\n<p><strong>Agro<\/strong><\/p>\n<p>Projeto louv\u00e1vel do deputado Patrus Ananias que dar\u00e1 ao agricultor familiar a oportunidade de pleitear um selo para o r\u00f3tulo dos produtos. Al\u00e9m disso, acesso menos burocratizado para cr\u00e9dito rural. Outra iniciativa ser\u00e1 a parceria com o governo para estoques e merenda escolar.<\/p>\n<figure id=\"attachment_12512\" aria-describedby=\"caption-attachment-12512\" style=\"width: 494px\" class=\"wp-caption aligncenter\"><img loading=\"lazy\" decoding=\"async\" class=\" wp-image-12512\" src=\"https:\/\/blogs.correiobraziliense.com.br\/aricunha\/wp-content\/uploads\/sites\/13\/2018\/10\/Lei-da-Agricultura-Familiar-141.jpg\" alt=\"\" width=\"494\" height=\"327\" srcset=\"https:\/\/blogs.correiobraziliense.com.br\/aricunha\/wp-content\/uploads\/sites\/13\/2018\/10\/Lei-da-Agricultura-Familiar-141.jpg 600w, https:\/\/blogs.correiobraziliense.com.br\/aricunha\/wp-content\/uploads\/sites\/13\/2018\/10\/Lei-da-Agricultura-Familiar-141-300x199.jpg 300w, https:\/\/blogs.correiobraziliense.com.br\/aricunha\/wp-content\/uploads\/sites\/13\/2018\/10\/Lei-da-Agricultura-Familiar-141-350x232.jpg 350w, https:\/\/blogs.correiobraziliense.com.br\/aricunha\/wp-content\/uploads\/sites\/13\/2018\/10\/Lei-da-Agricultura-Familiar-141-550x364.jpg 550w, https:\/\/blogs.correiobraziliense.com.br\/aricunha\/wp-content\/uploads\/sites\/13\/2018\/10\/Lei-da-Agricultura-Familiar-141-230x152.jpg 230w\" sizes=\"auto, (max-width: 494px) 100vw, 494px\" \/><figcaption id=\"caption-attachment-12512\" class=\"wp-caption-text\">Foto: agronegociointerior.com.br<\/figcaption><\/figure>\n<p><strong>Audi\u00eancia p\u00fablica<\/strong><\/p>\n<p>Parlamentares e popula\u00e7\u00e3o est\u00e3o discutindo em audi\u00eancia p\u00fablica, na C\u00e2mara dos Deputados, a extens\u00e3o da licen\u00e7a-maternidade para sete meses com estabilidade no emprego por esse per\u00edodo. O texto que originou a proposta (PL 6285\/16) \u00e9 do deputado Augusto de Carvalho e o novo projeto sugerido pela deputada Laura Carneiro.<\/p>\n<p>&nbsp;<\/p>\n<p><strong>CLDF<\/strong><\/p>\n<p>Com a relatoria da deputada Sandra Faraj, o projeto assinado pelo deputado Agaciel Maia disp\u00f5e sobre a proibi\u00e7\u00e3o da pesca de cima de pontes, sobre lagos e represas no \u00e2mbito do Distrito Federal. \u00c9 uma novidade pol\u00eamica.<\/p>\n<p><strong>\u00a0<\/strong><\/p>\n<p><strong>HIST\u00d3RIA DE BRAS\u00cdLIA<\/strong><\/p>\n<p>Ainda no Rio, o ministro presidente do Supremo pronunciou seu voto contra a mudan\u00e7a do seu Tribunal para Bras\u00edlia. Foi vencido, mas foi, por for\u00e7a de sua fun\u00e7\u00e3o, quem executou a mudan\u00e7a para a Nova Capital. <strong>(Publicado em 02.11.1961)<\/strong><\/p>\n","protected":false},"excerpt":{"rendered":"<p>ARI CUNHA &#8211; In memoriam Visto, lido e ouvido Desde 1960 com Circe Cunha e Mamfil; colunadoaricunha@gmail.com; Facebook.com\/vistolidoeouvido Instagram.com\/vistolidoeouvido &nbsp; Climatologistas, ambientalistas e outros importantes nomes da Ci\u00eancia do Meio Ambiente t\u00eam demonstrado s\u00e9rias preocupa\u00e7\u00f5es com a possibilidade de, no caso de vit\u00f3ria do candidato Jair Bolsonaro, o Brasil retroceder no combate ao desmatamento, com o afrouxamento total na legisla\u00e7\u00e3o [&hellip;]<\/p>\n","protected":false},"author":34,"featured_media":12521,"comment_status":"open","ping_status":"open","sticky":false,"template":"","format":"standard","meta":{"footnotes":""},"categories":[23],"tags":[1129,1132,284,1135,287,1130,1136,1134,274,1131,1133,114,1128,1127,68,2,69,16],"class_list":["post-12506","post","type-post","status-publish","format-standard","has-post-thumbnail","hentry","category-integra","tag-agricultorfamiliar","tag-aposentados","tag-cldf","tag-correiobrasziliense","tag-corrupcao","tag-deputadopatrusananias","tag-desmatamentonobrasil","tag-enem2018","tag-fakenews","tag-fundopetrus","tag-gasodutourucu-coari-manaus","tag-historiadebrasilia","tag-licencaamaternidadenacamaradosdeputados","tag-proibicaodepescanodf","tag-aricunha","tag-brasilia","tag-circecunha","tag-mamfil"],"_links":{"self":[{"href":"https:\/\/blogs.correiobraziliense.com.br\/aricunha\/wp-json\/wp\/v2\/posts\/12506","targetHints":{"allow":["GET"]}}],"collection":[{"href":"https:\/\/blogs.correiobraziliense.com.br\/aricunha\/wp-json\/wp\/v2\/posts"}],"about":[{"href":"https:\/\/blogs.correiobraziliense.com.br\/aricunha\/wp-json\/wp\/v2\/types\/post"}],"author":[{"embeddable":true,"href":"https:\/\/blogs.correiobraziliense.com.br\/aricunha\/wp-json\/wp\/v2\/users\/34"}],"replies":[{"embeddable":true,"href":"https:\/\/blogs.correiobraziliense.com.br\/aricunha\/wp-json\/wp\/v2\/comments?post=12506"}],"version-history":[{"count":4,"href":"https:\/\/blogs.correiobraziliense.com.br\/aricunha\/wp-json\/wp\/v2\/posts\/12506\/revisions"}],"predecessor-version":[{"id":12523,"href":"https:\/\/blogs.correiobraziliense.com.br\/aricunha\/wp-json\/wp\/v2\/posts\/12506\/revisions\/12523"}],"wp:featuredmedia":[{"embeddable":true,"href":"https:\/\/blogs.correiobraziliense.com.br\/aricunha\/wp-json\/wp\/v2\/media\/12521"}],"wp:attachment":[{"href":"https:\/\/blogs.correiobraziliense.com.br\/aricunha\/wp-json\/wp\/v2\/media?parent=12506"}],"wp:term":[{"taxonomy":"category","embeddable":true,"href":"https:\/\/blogs.correiobraziliense.com.br\/aricunha\/wp-json\/wp\/v2\/categories?post=12506"},{"taxonomy":"post_tag","embeddable":true,"href":"https:\/\/blogs.correiobraziliense.com.br\/aricunha\/wp-json\/wp\/v2\/tags?post=12506"}],"curies":[{"name":"wp","href":"https:\/\/api.w.org\/{rel}","templated":true}]}}