{"id":12438,"date":"2018-10-18T01:00:01","date_gmt":"2018-10-18T04:00:01","guid":{"rendered":"https:\/\/blogs.correiobraziliense.com.br\/aricunha\/?p=12438"},"modified":"2018-10-17T16:43:41","modified_gmt":"2018-10-17T19:43:41","slug":"remuneracao-dos-professores-como-base-de-teto-salarial-a-nacao-sob-o-manto-da-igualdade","status":"publish","type":"post","link":"https:\/\/blogs.correiobraziliense.com.br\/aricunha\/remuneracao-dos-professores-como-base-de-teto-salarial-a-nacao-sob-o-manto-da-igualdade\/","title":{"rendered":"Remunera\u00e7\u00e3o dos professores como base de teto salarial: a na\u00e7\u00e3o sob o manto da igualdade"},"content":{"rendered":"<p style=\"text-align: left\">ARI CUNHA &#8211; In memoriam<\/p>\n<p>Visto, lido e ouvido<\/p>\n<p>Desde 1960<\/p>\n<p>com Circe Cunha e Mamfil;<\/p>\n<p>colunadoaricunha@gmail.com;<\/p>\n<p>Facebook.com\/vistolidoeouvido<\/p>\n<p>Instagram.com\/vistolidoeouvido<\/p>\n<figure id=\"attachment_12455\" aria-describedby=\"caption-attachment-12455\" style=\"width: 583px\" class=\"wp-caption aligncenter\"><img loading=\"lazy\" decoding=\"async\" class=\" wp-image-12455\" src=\"https:\/\/blogs.correiobraziliense.com.br\/aricunha\/wp-content\/uploads\/sites\/13\/2018\/10\/charge_salario_professor.jpg\" alt=\"\" width=\"583\" height=\"394\" srcset=\"https:\/\/blogs.correiobraziliense.com.br\/aricunha\/wp-content\/uploads\/sites\/13\/2018\/10\/charge_salario_professor.jpg 400w, https:\/\/blogs.correiobraziliense.com.br\/aricunha\/wp-content\/uploads\/sites\/13\/2018\/10\/charge_salario_professor-300x203.jpg 300w, https:\/\/blogs.correiobraziliense.com.br\/aricunha\/wp-content\/uploads\/sites\/13\/2018\/10\/charge_salario_professor-350x236.jpg 350w, https:\/\/blogs.correiobraziliense.com.br\/aricunha\/wp-content\/uploads\/sites\/13\/2018\/10\/charge_salario_professor-230x155.jpg 230w\" sizes=\"auto, (max-width: 583px) 100vw, 583px\" \/><figcaption id=\"caption-attachment-12455\" class=\"wp-caption-text\">Charge do C\u00edcero (cicero.art.br)<\/figcaption><\/figure>\n<p>Para acabar com a vergonhosa posi\u00e7\u00e3o que o Brasil ostenta, perante mais de uma centena de na\u00e7\u00f5es, de ser o campe\u00e3o mundial da desigualdade, v\u00e1rios caminhos s\u00e3o poss\u00edveis. At\u00e9 agora foram tentados apenas os mais f\u00e1ceis e que trazem respostas mais imediatas e que mais se adaptam \u00e0s necessidades eleitoreiras de pol\u00edticos de v\u00e1rias matrizes ideol\u00f3gicas. O problema com caminhos f\u00e1ceis \u00e9 que eles s\u00f3 conduzem at\u00e9 um certo trecho da jornada, ficando o restante da estrada bloqueada pela falta de planejamento e empenho a longo prazo.<\/p>\n<p>Todas as na\u00e7\u00f5es que compreenderam que a educa\u00e7\u00e3o \u00e9 o melhor caminho para minorar as desigualdades sociais e de renda descobriram, logo cedo, que essa \u00e9 uma estrat\u00e9gia que, para obter \u00eaxito, precisa ser implementada por um longo per\u00edodo, sem nenhum risco de descontinuidade ou mudan\u00e7a de rotas, seja quem for o governante de plant\u00e3o. N\u00e3o \u00e9 por outra raz\u00e3o que programas como o Bolsa Fam\u00edlia e outros do g\u00eanero, mesmo considerando a urg\u00eancia e necessidade num pa\u00eds carente como o nosso, empurram o problema da m\u00e1 distribui\u00e7\u00e3o de renda e da desigualdade rumo ao beco sem sa\u00edda das solu\u00e7\u00f5es paliativas e inconclusivas.<\/p>\n<p>O prolongamento ad aeternum de programas com essa abrang\u00eancia e que envolvem recursos a fundo perdido, resolve quest\u00f5es b\u00e1sicas do dia a dia, mas deixa em aberto que a solu\u00e7\u00e3o de t\u00e3o enorme quest\u00e3o ainda est\u00e1 longe de ser resolvida. Obviamente que nessa altura dos acontecimentos, com milh\u00f5es de brasileiros desempregados e com os indicadores crescentes de mis\u00e9ria, n\u00e3o se pode cogitar, simplesmente, no encerramento dessa ajuda assistencial.<\/p>\n<p>Quest\u00f5es que envolvem educa\u00e7\u00e3o se tornaram hoje prioridade m\u00e1xima para a maioria dos pa\u00edses do globo e por uma quest\u00e3o b\u00e1sica: o referencial de riqueza de uma na\u00e7\u00e3o \u00e9 dado pela qualidade da educa\u00e7\u00e3o de sua popula\u00e7\u00e3o na gera\u00e7\u00e3o de conhecimento e de tecnologia. Pa\u00edses ricos s\u00e3o aqueles que produzem ci\u00eancia e solu\u00e7\u00f5es t\u00e9cnicas para o mundo moderno. Mais do que petr\u00f3leo, ouro ou gr\u00e3os, \u00e9 na educa\u00e7\u00e3o de qualidade que est\u00e3o os caminhos que afastam uma na\u00e7\u00e3o da mis\u00e9ria e do subdesenvolvimento.<\/p>\n<p>Nesse caso, para aqueles candidatos que cogitam e anunciam reformas na Constitui\u00e7\u00e3o, uma boa medida, como primeiro passo nessa longa jornada, seria a mudan\u00e7a do Artigo 37 da Constitui\u00e7\u00e3o, principalmente no inciso XI que diz: \u201ca lei fixar\u00e1 o limite m\u00e1ximo e a rela\u00e7\u00e3o de valores entre a maior e a menor remunera\u00e7\u00e3o dos servidores p\u00fablicos, observados, como limites m\u00e1ximos e no \u00e2mbito dos respectivos poderes, os valores percebidos como remunera\u00e7\u00e3o, em esp\u00e9cie, a qualquer t\u00edtulo, por membros do Congresso Nacional, Ministros de Estado e Ministros do Supremo Tribunal Federal e seus correspondentes nos Estados, no Distrito Federal e nos Territ\u00f3rios, e, nos Munic\u00edpios, os valores percebidos como remunera\u00e7\u00e3o, em esp\u00e9cie, pelo Prefeito\u201d.<\/p>\n<p>Nesse ponto bastaria estabelecer, como limite m\u00e1ximo remunerat\u00f3rio dos servidores p\u00fablicos, equidade com o sal\u00e1rio de professor universit\u00e1rio, final de carreira, dedica\u00e7\u00e3o exclusiva. O mesmo valendo para pesquisadores e cientistas de alto n\u00edvel. Com isso, a carreira do magist\u00e9rio e das ci\u00eancias voltaria a ter o antigo prest\u00edgio perdido, atraindo, para essa profiss\u00e3o fundamental, os jovens talentosos do pa\u00eds. Quando for estabelecido que a profiss\u00e3o do magist\u00e9rio ser\u00e1 o topo da carreira p\u00fablica a que qualquer brasileiro ou naturalizado possa alcan\u00e7ar, estaremos aplainando os caminhos rumo ao desenvolvimento e ao fim das desigualdades hist\u00f3ricas.<\/p>\n<p><strong>A frase que foi pronunciada:<\/strong><\/p>\n<p><em>\u201cExiste fake news mais prejudicial do que levantamentos eleitorais realizados por conhecidos Institutos de Pesquisa horas antes das elei\u00e7\u00f5es?\u201d<\/em><\/p>\n<p>Jornalista Cl\u00e1udio Humberto<\/p>\n<figure id=\"attachment_12452\" aria-describedby=\"caption-attachment-12452\" style=\"width: 587px\" class=\"wp-caption aligncenter\"><img loading=\"lazy\" decoding=\"async\" class=\" wp-image-12452\" src=\"https:\/\/blogs.correiobraziliense.com.br\/aricunha\/wp-content\/uploads\/sites\/13\/2018\/10\/tiago_recchia_pesquisa-1.jpg\" alt=\"\" width=\"587\" height=\"361\" srcset=\"https:\/\/blogs.correiobraziliense.com.br\/aricunha\/wp-content\/uploads\/sites\/13\/2018\/10\/tiago_recchia_pesquisa-1.jpg 480w, https:\/\/blogs.correiobraziliense.com.br\/aricunha\/wp-content\/uploads\/sites\/13\/2018\/10\/tiago_recchia_pesquisa-1-300x184.jpg 300w, https:\/\/blogs.correiobraziliense.com.br\/aricunha\/wp-content\/uploads\/sites\/13\/2018\/10\/tiago_recchia_pesquisa-1-350x215.jpg 350w, https:\/\/blogs.correiobraziliense.com.br\/aricunha\/wp-content\/uploads\/sites\/13\/2018\/10\/tiago_recchia_pesquisa-1-230x141.jpg 230w\" sizes=\"auto, (max-width: 587px) 100vw, 587px\" \/><figcaption id=\"caption-attachment-12452\" class=\"wp-caption-text\">Charge do Thiago Rechia<\/figcaption><\/figure>\n<p><strong>Estelionato<\/strong><\/p>\n<p>Enfim o poder p\u00fablico tomou uma atitude em rela\u00e7\u00e3o \u00e0 a\u00e7\u00e3o criminosa dos quiosques que oferecem brindes em aeroportos. Depois de 250 den\u00fancias, o Minist\u00e9rio P\u00fablico e o Procon proibiram quiosques que vendam produtos da editora Escala. Outros estelionat\u00e1rios pregam o mesmo golpe em universidades, abertamente, com autoriza\u00e7\u00e3o do administrativo das institui\u00e7\u00f5es. Esse \u00e9 o pr\u00f3ximo passo.<\/p>\n<p><strong>RDD<\/strong><\/p>\n<p>Que venham os presos. Inaugurada a penitenci\u00e1ria de Bras\u00edlia com 12,3 mil m\u00b2 de \u00e1rea constru\u00edda.<\/p>\n<figure id=\"attachment_12453\" aria-describedby=\"caption-attachment-12453\" style=\"width: 585px\" class=\"wp-caption aligncenter\"><img loading=\"lazy\" decoding=\"async\" class=\" wp-image-12453\" src=\"https:\/\/blogs.correiobraziliense.com.br\/aricunha\/wp-content\/uploads\/sites\/13\/2018\/10\/Capturar-2.jpg\" alt=\"\" width=\"585\" height=\"327\" srcset=\"https:\/\/blogs.correiobraziliense.com.br\/aricunha\/wp-content\/uploads\/sites\/13\/2018\/10\/Capturar-2.jpg 646w, https:\/\/blogs.correiobraziliense.com.br\/aricunha\/wp-content\/uploads\/sites\/13\/2018\/10\/Capturar-2-300x168.jpg 300w, https:\/\/blogs.correiobraziliense.com.br\/aricunha\/wp-content\/uploads\/sites\/13\/2018\/10\/Capturar-2-350x196.jpg 350w, https:\/\/blogs.correiobraziliense.com.br\/aricunha\/wp-content\/uploads\/sites\/13\/2018\/10\/Capturar-2-550x307.jpg 550w, https:\/\/blogs.correiobraziliense.com.br\/aricunha\/wp-content\/uploads\/sites\/13\/2018\/10\/Capturar-2-230x129.jpg 230w\" sizes=\"auto, (max-width: 585px) 100vw, 585px\" \/><figcaption id=\"caption-attachment-12453\" class=\"wp-caption-text\">Foto: g1.globo.com<\/figcaption><\/figure>\n<p><strong>Brav\u00edssimo<\/strong><\/p>\n<p>Que ideia genial contar a Hist\u00f3ria de Bras\u00edlia por meio da dan\u00e7a. Amanh\u00e3, dia 19, \u201cCandangus- Dan\u00e7a e Concreto\u201d vai falar da constru\u00e7\u00e3o da capital pelo Hip Hop. O grupo \u00e9 a Street Jam Cia de Dan\u00e7a. Dias 19, 20 e 21 de Outubro \u00e0s 19h, na Funarte (Teatro Pl\u00ednio Marcos). Entrada: 1kg de alimento.<\/p>\n<figure id=\"attachment_12454\" aria-describedby=\"caption-attachment-12454\" style=\"width: 584px\" class=\"wp-caption aligncenter\"><img loading=\"lazy\" decoding=\"async\" class=\" wp-image-12454\" src=\"https:\/\/blogs.correiobraziliense.com.br\/aricunha\/wp-content\/uploads\/sites\/13\/2018\/10\/43090022_560979021002575_6993404559842344960_n.jpg\" alt=\"\" width=\"584\" height=\"328\" srcset=\"https:\/\/blogs.correiobraziliense.com.br\/aricunha\/wp-content\/uploads\/sites\/13\/2018\/10\/43090022_560979021002575_6993404559842344960_n.jpg 960w, https:\/\/blogs.correiobraziliense.com.br\/aricunha\/wp-content\/uploads\/sites\/13\/2018\/10\/43090022_560979021002575_6993404559842344960_n-300x168.jpg 300w, https:\/\/blogs.correiobraziliense.com.br\/aricunha\/wp-content\/uploads\/sites\/13\/2018\/10\/43090022_560979021002575_6993404559842344960_n-768x431.jpg 768w, https:\/\/blogs.correiobraziliense.com.br\/aricunha\/wp-content\/uploads\/sites\/13\/2018\/10\/43090022_560979021002575_6993404559842344960_n-350x197.jpg 350w, https:\/\/blogs.correiobraziliense.com.br\/aricunha\/wp-content\/uploads\/sites\/13\/2018\/10\/43090022_560979021002575_6993404559842344960_n-550x309.jpg 550w, https:\/\/blogs.correiobraziliense.com.br\/aricunha\/wp-content\/uploads\/sites\/13\/2018\/10\/43090022_560979021002575_6993404559842344960_n-230x129.jpg 230w\" sizes=\"auto, (max-width: 584px) 100vw, 584px\" \/><figcaption id=\"caption-attachment-12454\" class=\"wp-caption-text\">Cartaz: facebook.com\/candangusdancaeconcreto<\/figcaption><\/figure>\n<p><strong>HIST\u00d3RIA DE BRAS\u00cdLIA<\/strong><\/p>\n<p>As viagens do presidente da Rep\u00fablica e do primeiro-ministro provocaram o desencontro das autoridades, e, por isto, somente anteontem foi assinado o ato de remo\u00e7\u00e3o do sr. Sette C\u00e2mara. <strong>(Publicado em 02.11.1961)<\/strong><\/p>\n","protected":false},"excerpt":{"rendered":"<p>ARI CUNHA &#8211; In memoriam Visto, lido e ouvido Desde 1960 com Circe Cunha e Mamfil; colunadoaricunha@gmail.com; Facebook.com\/vistolidoeouvido Instagram.com\/vistolidoeouvido Para acabar com a vergonhosa posi\u00e7\u00e3o que o Brasil ostenta, perante mais de uma centena de na\u00e7\u00f5es, de ser o campe\u00e3o mundial da desigualdade, v\u00e1rios caminhos s\u00e3o poss\u00edveis. At\u00e9 agora foram tentados apenas os mais f\u00e1ceis e que trazem respostas mais [&hellip;]<\/p>\n","protected":false},"author":34,"featured_media":12455,"comment_status":"open","ping_status":"open","sticky":false,"template":"","format":"standard","meta":{"footnotes":""},"categories":[23],"tags":[1092,1097,1091,604,127,274,114,1089,1094,1093,1095,1096,1090,1098,68,2,69,16],"class_list":["post-12438","post","type-post","status-publish","format-standard","has-post-thumbnail","hentry","category-integra","tag-art-37cf","tag-candangus-dancaeconcreto","tag-desualdadesocialnobrasil","tag-educacaonobrasil","tag-eleicoes2018","tag-fakenews","tag-historiadebrasilia","tag-magisterionobrasil","tag-mp","tag-pesquisaseleitorais","tag-procon","tag-rdd","tag-salariodosprofessores","tag-streetjamciadedanca","tag-aricunha","tag-brasilia","tag-circecunha","tag-mamfil"],"_links":{"self":[{"href":"https:\/\/blogs.correiobraziliense.com.br\/aricunha\/wp-json\/wp\/v2\/posts\/12438","targetHints":{"allow":["GET"]}}],"collection":[{"href":"https:\/\/blogs.correiobraziliense.com.br\/aricunha\/wp-json\/wp\/v2\/posts"}],"about":[{"href":"https:\/\/blogs.correiobraziliense.com.br\/aricunha\/wp-json\/wp\/v2\/types\/post"}],"author":[{"embeddable":true,"href":"https:\/\/blogs.correiobraziliense.com.br\/aricunha\/wp-json\/wp\/v2\/users\/34"}],"replies":[{"embeddable":true,"href":"https:\/\/blogs.correiobraziliense.com.br\/aricunha\/wp-json\/wp\/v2\/comments?post=12438"}],"version-history":[{"count":6,"href":"https:\/\/blogs.correiobraziliense.com.br\/aricunha\/wp-json\/wp\/v2\/posts\/12438\/revisions"}],"predecessor-version":[{"id":12459,"href":"https:\/\/blogs.correiobraziliense.com.br\/aricunha\/wp-json\/wp\/v2\/posts\/12438\/revisions\/12459"}],"wp:featuredmedia":[{"embeddable":true,"href":"https:\/\/blogs.correiobraziliense.com.br\/aricunha\/wp-json\/wp\/v2\/media\/12455"}],"wp:attachment":[{"href":"https:\/\/blogs.correiobraziliense.com.br\/aricunha\/wp-json\/wp\/v2\/media?parent=12438"}],"wp:term":[{"taxonomy":"category","embeddable":true,"href":"https:\/\/blogs.correiobraziliense.com.br\/aricunha\/wp-json\/wp\/v2\/categories?post=12438"},{"taxonomy":"post_tag","embeddable":true,"href":"https:\/\/blogs.correiobraziliense.com.br\/aricunha\/wp-json\/wp\/v2\/tags?post=12438"}],"curies":[{"name":"wp","href":"https:\/\/api.w.org\/{rel}","templated":true}]}}