{"id":12404,"date":"2018-10-14T01:00:25","date_gmt":"2018-10-14T04:00:25","guid":{"rendered":"https:\/\/blogs.correiobraziliense.com.br\/aricunha\/?p=12404"},"modified":"2018-10-13T11:46:50","modified_gmt":"2018-10-13T14:46:50","slug":"planeta-terra-pede-socorro-sobrevivencia-na-berlinda","status":"publish","type":"post","link":"https:\/\/blogs.correiobraziliense.com.br\/aricunha\/planeta-terra-pede-socorro-sobrevivencia-na-berlinda\/","title":{"rendered":"Planeta Terra pede socorro. Sobreviv\u00eancia na berlinda."},"content":{"rendered":"<p>ARI CUNHA &#8211; In memoriam<\/p>\n<p>Visto, lido e ouvido<\/p>\n<p>Desde 1960<\/p>\n<p>com Circe Cunha e Mamfil;<\/p>\n<p>colunadoaricunha@gmail.com;<\/p>\n<p>Facebook.com\/vistolidoeouvido<\/p>\n<p>Instagram.com\/vistolidoeouvido<\/p>\n<figure id=\"attachment_12416\" aria-describedby=\"caption-attachment-12416\" style=\"width: 607px\" class=\"wp-caption aligncenter\"><img loading=\"lazy\" decoding=\"async\" class=\" wp-image-12416\" src=\"https:\/\/blogs.correiobraziliense.com.br\/aricunha\/wp-content\/uploads\/sites\/13\/2018\/10\/1477929271_546370_1477930710_noticia_fotograma.jpg\" alt=\"Imagem: brasil.elpais.com\" width=\"607\" height=\"342\" srcset=\"https:\/\/blogs.correiobraziliense.com.br\/aricunha\/wp-content\/uploads\/sites\/13\/2018\/10\/1477929271_546370_1477930710_noticia_fotograma.jpg 980w, https:\/\/blogs.correiobraziliense.com.br\/aricunha\/wp-content\/uploads\/sites\/13\/2018\/10\/1477929271_546370_1477930710_noticia_fotograma-300x169.jpg 300w, https:\/\/blogs.correiobraziliense.com.br\/aricunha\/wp-content\/uploads\/sites\/13\/2018\/10\/1477929271_546370_1477930710_noticia_fotograma-768x433.jpg 768w, https:\/\/blogs.correiobraziliense.com.br\/aricunha\/wp-content\/uploads\/sites\/13\/2018\/10\/1477929271_546370_1477930710_noticia_fotograma-350x197.jpg 350w, https:\/\/blogs.correiobraziliense.com.br\/aricunha\/wp-content\/uploads\/sites\/13\/2018\/10\/1477929271_546370_1477930710_noticia_fotograma-550x310.jpg 550w, https:\/\/blogs.correiobraziliense.com.br\/aricunha\/wp-content\/uploads\/sites\/13\/2018\/10\/1477929271_546370_1477930710_noticia_fotograma-230x130.jpg 230w\" sizes=\"auto, (max-width: 607px) 100vw, 607px\" \/><figcaption id=\"caption-attachment-12416\" class=\"wp-caption-text\">Imagem: brasil.elpais.com<\/figcaption><\/figure>\n<p style=\"text-align: justify\">\u00a0 \u00a0 \u00a0 Com o esgotamento dos recursos naturais, a polui\u00e7\u00e3o est\u00e1 entre a consequ\u00eancia mais perigosa para toda a humanidade nesse s\u00e9culo e poder\u00e1 levar a grandes ondas de migra\u00e7\u00f5es por toda a parte do mundo, aumentando e generalizando conflitos de toda a ordem.<\/p>\n<p style=\"text-align: justify\">\u00a0 \u00a0 \u00a0 \u00a0De acordo com a ONU, o mundo necessitar\u00e1 produzir 50% a mais de alimentos para sustentar a popula\u00e7\u00e3o mundial at\u00e9 2050, o que produzir\u00e1 um impacto de tamanha propor\u00e7\u00e3o no meio ambiente que o planeta passar\u00e1 a n\u00e3o ser mais um espa\u00e7o seguro para a humanidade. Atingimos um ponto tal, que os cientistas j\u00e1 pensam inclusive em abandonar os modos polidos e as estat\u00edsticas matem\u00e1ticas, alardeando, em letras grandes: \u201cAjam agora, idiotas\u201d.<\/p>\n<p style=\"text-align: justify\">\u00a0\u00a0\u00a0\u00a0\u00a0\u00a0\u00a0\u00a0 Daqui para frente, as fontes renov\u00e1veis ter\u00e3o que suprir 85% da demanda mundial de eletricidade, inclusive na produ\u00e7\u00e3o de biocombust\u00edveis. N\u00e3o \u00e9 poss\u00edvel mais esconder o problema dessa dimens\u00e3o da popula\u00e7\u00e3o. Imagens comparativas feitas por sat\u00e9lites entre 1979 e 2018 mostram uma imensa redu\u00e7\u00e3o do gelo no mar \u00c1rtico.<\/p>\n<p style=\"text-align: justify\">\u00a0 \u00a0 \u00a0 Uma outra representa\u00e7\u00e3o mostra, de forma esclarecedora, a varia\u00e7\u00e3o de temperaturas da superf\u00edcie global, indicando que a temperatura no planeta aumentou muito desde 1884. 17 dos 18 anos mais quentes da hist\u00f3ria foram registrados nesse s\u00e9culo. 2016 foi, at\u00e9 agora, o ano mais quente de toda a s\u00e9rie medida. Para o futuro, as previs\u00f5es s\u00e3o ainda piores. Inc\u00eandios e inunda\u00e7\u00f5es passar\u00e3o a fazer parte do cotidiano da humanidade. At\u00e9 mesmo nas altas latitudes as temperaturas batem recordes.<\/p>\n<p style=\"text-align: justify\">\u00a0 \u00a0 \u00a0 \u00a0Para o Brasil, os especialistas apontam que \u00e9 chegada a hora de promover a redu\u00e7\u00e3o de danos, melhorando a efici\u00eancia da produ\u00e7\u00e3o agropecu\u00e1ria, incentivando pol\u00edticas p\u00fablicas que mudem os h\u00e1bitos de consumo da popula\u00e7\u00e3o. E \u00e9 num contexto complicado e sens\u00edvel como esse, em que os destinos da humanidade est\u00e3o em jogo, que os brasileiros precisam agir sem delongas.<\/p>\n<p style=\"text-align: justify\">\u00a0\u00a0\u00a0\u00a0\u00a0\u00a0\u00a0\u00a0 Caso se confirmem as tend\u00eancias que indicam vit\u00f3ria em segundo turno de Jair Bolsonaro, essa situa\u00e7\u00e3o tende a ficar ainda mais complicada. No m\u00eas passado, o candidato do PSL \u00e0 Presid\u00eancia afirmou que, em caso de vit\u00f3ria de seu nome nas urnas, o Brasil poder\u00e1 se retirar do Acordo de Paris de combate \u00e0s mudan\u00e7as clim\u00e1ticas.<\/p>\n<p style=\"text-align: justify\">\u00a0\u00a0\u00a0\u00a0 \u00a0\u00a0\u00a0\u00a0Na avalia\u00e7\u00e3o de Bolsonaro, o pacto global do clima, acordado por v\u00e1rios pa\u00edses, \u00e9 desfavor\u00e1vel ao Brasil porque obrigar\u00e1 o pa\u00eds a pagar um alto pre\u00e7o para atender as medidas propostas pelos cientistas do clima, que poder\u00e3o afetar, inclusive, nossa soberania nacional. \u201cEu saio do Acordo de Paris se isso continuar sendo objeto. Se nossa parte for para entregar 136 milh\u00f5es de hectares da Amaz\u00f4nia, estou fora sim\u201d, afirmou o candidato.<\/p>\n<p style=\"text-align: justify\">\u00a0\u00a0\u00a0\u00a0\u00a0\u00a0\u00a0\u00a0 Aprovado por 195 pa\u00edses em 2015, o Acordo de Paris, prevendo a redu\u00e7\u00e3o na emiss\u00e3o de gases do efeito estufa \u00e9 o maior e mais abrangente tratado na \u00e1rea de prote\u00e7\u00e3o do planeta. Abandonar esse Tratado, como fizeram os Estados Unidos, sob Donald Trump, significaria al\u00e9m de um desprezo com toda a humanidade, uma aposta no escuro sobre o futuro dos pr\u00f3prios brasileiros.<\/p>\n<p style=\"text-align: justify\"><strong>A frase que foi pronunciada:<\/strong><\/p>\n<p style=\"text-align: justify\">&#8220;O crime organizado nos EUA gera mais de quarenta bilh\u00f5es de d\u00f3lares num ano e gasta pouqu\u00edssimo com despesas administrativas.&#8221;<\/p>\n<p style=\"text-align: justify\">Woody Allen<\/p>\n<p style=\"text-align: justify\"><strong>De pequeno<\/strong><\/p>\n<p style=\"text-align: justify\">Servidores e colaboradores do Senado levar\u00e3o a crian\u00e7ada para conhecer o viveiro da Casa. No dia 19, m\u00eas das crian\u00e7as e dos servidores. Das 9h ao meio dia, todos v\u00e3o participar de atividades, desde a Oficina de Educa\u00e7\u00e3o Ambiental at\u00e9 explora\u00e7\u00f5es entre o verde.<\/p>\n<p style=\"text-align: justify\"><strong>Surpresa<\/strong><\/p>\n<p style=\"text-align: justify\">Na base a\u00e9rea da FAB \u00e9 poss\u00edvel fazer a inscri\u00e7\u00e3o para pegar carona no avi\u00e3o. A ida pode dar certo. A volta seria responsabilidade do interessado.<\/p>\n<p style=\"text-align: justify\">Link para mais informa\u00e7\u00f5es:\u00a0<a href=\"http:\/\/instintoviajante.com\/como-viajar-de-graca-nos-avioes-da-fab\/\">Como viajar de gra\u00e7a nos avi\u00f5es da FAB<\/a><\/p>\n<figure id=\"attachment_12414\" aria-describedby=\"caption-attachment-12414\" style=\"width: 515px\" class=\"wp-caption aligncenter\"><img loading=\"lazy\" decoding=\"async\" class=\" wp-image-12414\" src=\"https:\/\/blogs.correiobraziliense.com.br\/aricunha\/wp-content\/uploads\/sites\/13\/2018\/10\/viajar-de-gra\u00e7a-nos-avi\u00f5es-da-FAB.jpg\" alt=\"Foto: instintoviajante.com\" width=\"515\" height=\"291\" srcset=\"https:\/\/blogs.correiobraziliense.com.br\/aricunha\/wp-content\/uploads\/sites\/13\/2018\/10\/viajar-de-gra\u00e7a-nos-avi\u00f5es-da-FAB.jpg 1200w, https:\/\/blogs.correiobraziliense.com.br\/aricunha\/wp-content\/uploads\/sites\/13\/2018\/10\/viajar-de-gra\u00e7a-nos-avi\u00f5es-da-FAB-300x170.jpg 300w, https:\/\/blogs.correiobraziliense.com.br\/aricunha\/wp-content\/uploads\/sites\/13\/2018\/10\/viajar-de-gra\u00e7a-nos-avi\u00f5es-da-FAB-768x434.jpg 768w, https:\/\/blogs.correiobraziliense.com.br\/aricunha\/wp-content\/uploads\/sites\/13\/2018\/10\/viajar-de-gra\u00e7a-nos-avi\u00f5es-da-FAB-1024x579.jpg 1024w, https:\/\/blogs.correiobraziliense.com.br\/aricunha\/wp-content\/uploads\/sites\/13\/2018\/10\/viajar-de-gra\u00e7a-nos-avi\u00f5es-da-FAB-350x198.jpg 350w, https:\/\/blogs.correiobraziliense.com.br\/aricunha\/wp-content\/uploads\/sites\/13\/2018\/10\/viajar-de-gra\u00e7a-nos-avi\u00f5es-da-FAB-550x311.jpg 550w, https:\/\/blogs.correiobraziliense.com.br\/aricunha\/wp-content\/uploads\/sites\/13\/2018\/10\/viajar-de-gra\u00e7a-nos-avi\u00f5es-da-FAB-230x130.jpg 230w\" sizes=\"auto, (max-width: 515px) 100vw, 515px\" \/><figcaption id=\"caption-attachment-12414\" class=\"wp-caption-text\">Foto: instintoviajante.com<\/figcaption><\/figure>\n<p style=\"text-align: justify\"><strong>Dispens\u00e1vel<\/strong><\/p>\n<p style=\"text-align: justify\">H\u00e1 pol\u00edticos e artistas mal assessorados. \u00c9 o caso de Roger Waters, do grupo Pink Floyd. Descort\u00eas e inconveniente ao se meter na pol\u00edtica do pa\u00eds que visita. Al\u00e9m de desagrad\u00e1vel, a intromiss\u00e3o do cantor pode causar viol\u00eancia que seria perfeitamente evit\u00e1vel se fizesse apenas o de que deveria fazer: cantar.<\/p>\n<p>https:\/\/www.youtube.com\/watch?v=VWkQnZIz0qM<\/p>\n<p style=\"text-align: justify\"><strong>Novidade<\/strong><\/p>\n<p style=\"text-align: justify\">Rec\u00e9m-publicado, um manual da Procuradoria Geral da Rep\u00fablica defende a manifesta\u00e7\u00e3o de pensamento, o combate a propaganda irregular, monitorar e perseguir il\u00edcitos que comprometam a integridade do processo eleitoral. A defesa dos meios que garantam a celeridade do pleito e o imediato processo a quem cometer condutas criminosas.<\/p>\n<p style=\"text-align: justify\"><strong>No l\u00e1pis<\/strong><\/p>\n<p style=\"text-align: justify\">Levantamento sobre o fundo partid\u00e1rio \u00e9 conclusivo. Menos da metade recebeu verba do fundo. Por incr\u00edvel que possa parecer, centenas que receberam R$ 1 milh\u00e3o n\u00e3o foram eleitos.<\/p>\n<figure id=\"attachment_12415\" aria-describedby=\"caption-attachment-12415\" style=\"width: 510px\" class=\"wp-caption aligncenter\"><img loading=\"lazy\" decoding=\"async\" class=\" wp-image-12415\" src=\"https:\/\/blogs.correiobraziliense.com.br\/aricunha\/wp-content\/uploads\/sites\/13\/2018\/10\/charge-do-dia-fundo-partid\u00e1rio.jpg\" alt=\"Charge do Sinfr\u00f4nio\" width=\"510\" height=\"419\" srcset=\"https:\/\/blogs.correiobraziliense.com.br\/aricunha\/wp-content\/uploads\/sites\/13\/2018\/10\/charge-do-dia-fundo-partid\u00e1rio.jpg 800w, https:\/\/blogs.correiobraziliense.com.br\/aricunha\/wp-content\/uploads\/sites\/13\/2018\/10\/charge-do-dia-fundo-partid\u00e1rio-300x247.jpg 300w, https:\/\/blogs.correiobraziliense.com.br\/aricunha\/wp-content\/uploads\/sites\/13\/2018\/10\/charge-do-dia-fundo-partid\u00e1rio-768x632.jpg 768w, https:\/\/blogs.correiobraziliense.com.br\/aricunha\/wp-content\/uploads\/sites\/13\/2018\/10\/charge-do-dia-fundo-partid\u00e1rio-350x288.jpg 350w, https:\/\/blogs.correiobraziliense.com.br\/aricunha\/wp-content\/uploads\/sites\/13\/2018\/10\/charge-do-dia-fundo-partid\u00e1rio-550x452.jpg 550w, https:\/\/blogs.correiobraziliense.com.br\/aricunha\/wp-content\/uploads\/sites\/13\/2018\/10\/charge-do-dia-fundo-partid\u00e1rio-230x189.jpg 230w\" sizes=\"auto, (max-width: 510px) 100vw, 510px\" \/><figcaption id=\"caption-attachment-12415\" class=\"wp-caption-text\">Charge do Sinfr\u00f4nio<\/figcaption><\/figure>\n<p style=\"text-align: justify\"><strong>HIST\u00d3RIA DE BRAS\u00cdLIA<\/strong><\/p>\n<p style=\"text-align: justify\">\u00c9 uma interpreta\u00e7\u00e3o real e corajosa do deputado democrata crist\u00e3o, que tem chocado os c\u00edrculos cat\u00f3licos que n\u00e3o admitem as altera\u00e7\u00f5es sociais que se desenvolvem, presentemente, em todo o mundo. <strong>(Publicado em 31.10.1961)<\/strong><\/p>\n","protected":false},"excerpt":{"rendered":"<p>ARI CUNHA &#8211; In memoriam Visto, lido e ouvido Desde 1960 com Circe Cunha e Mamfil; colunadoaricunha@gmail.com; Facebook.com\/vistolidoeouvido Instagram.com\/vistolidoeouvido \u00a0 \u00a0 \u00a0 Com o esgotamento dos recursos naturais, a polui\u00e7\u00e3o est\u00e1 entre a consequ\u00eancia mais perigosa para toda a humanidade nesse s\u00e9culo e poder\u00e1 levar a grandes ondas de migra\u00e7\u00f5es por toda a parte do mundo, aumentando e generalizando conflitos [&hellip;]<\/p>\n","protected":false},"author":34,"featured_media":12416,"comment_status":"open","ping_status":"open","sticky":false,"template":"","format":"standard","meta":{"footnotes":""},"categories":[23],"tags":[1064,1057,402,904,1063,1065,1062,1066,1068,114,1067,626,68,2,69,16],"class_list":["post-12404","post","type-post","status-publish","format-standard","has-post-thumbnail","hentry","category-integra","tag-acordodeparis","tag-alteracoesclimaticas","tag-aquecimentoglobal","tag-bolsonaro","tag-brasilemeioambiente","tag-crimeorganizadonoseua","tag-degelonomarartico","tag-fab","tag-fundopartidario","tag-historiadebrasilia","tag-rogerwaters","tag-senadofederal","tag-aricunha","tag-brasilia","tag-circecunha","tag-mamfil"],"_links":{"self":[{"href":"https:\/\/blogs.correiobraziliense.com.br\/aricunha\/wp-json\/wp\/v2\/posts\/12404","targetHints":{"allow":["GET"]}}],"collection":[{"href":"https:\/\/blogs.correiobraziliense.com.br\/aricunha\/wp-json\/wp\/v2\/posts"}],"about":[{"href":"https:\/\/blogs.correiobraziliense.com.br\/aricunha\/wp-json\/wp\/v2\/types\/post"}],"author":[{"embeddable":true,"href":"https:\/\/blogs.correiobraziliense.com.br\/aricunha\/wp-json\/wp\/v2\/users\/34"}],"replies":[{"embeddable":true,"href":"https:\/\/blogs.correiobraziliense.com.br\/aricunha\/wp-json\/wp\/v2\/comments?post=12404"}],"version-history":[{"count":5,"href":"https:\/\/blogs.correiobraziliense.com.br\/aricunha\/wp-json\/wp\/v2\/posts\/12404\/revisions"}],"predecessor-version":[{"id":12418,"href":"https:\/\/blogs.correiobraziliense.com.br\/aricunha\/wp-json\/wp\/v2\/posts\/12404\/revisions\/12418"}],"wp:featuredmedia":[{"embeddable":true,"href":"https:\/\/blogs.correiobraziliense.com.br\/aricunha\/wp-json\/wp\/v2\/media\/12416"}],"wp:attachment":[{"href":"https:\/\/blogs.correiobraziliense.com.br\/aricunha\/wp-json\/wp\/v2\/media?parent=12404"}],"wp:term":[{"taxonomy":"category","embeddable":true,"href":"https:\/\/blogs.correiobraziliense.com.br\/aricunha\/wp-json\/wp\/v2\/categories?post=12404"},{"taxonomy":"post_tag","embeddable":true,"href":"https:\/\/blogs.correiobraziliense.com.br\/aricunha\/wp-json\/wp\/v2\/tags?post=12404"}],"curies":[{"name":"wp","href":"https:\/\/api.w.org\/{rel}","templated":true}]}}