{"id":12396,"date":"2018-10-12T01:00:35","date_gmt":"2018-10-12T04:00:35","guid":{"rendered":"https:\/\/blogs.correiobraziliense.com.br\/aricunha\/?p=12396"},"modified":"2018-10-11T17:39:09","modified_gmt":"2018-10-11T20:39:09","slug":"pt-veste-verde-e-amarelo-para-cobrir-o-vermelho","status":"publish","type":"post","link":"https:\/\/blogs.correiobraziliense.com.br\/aricunha\/pt-veste-verde-e-amarelo-para-cobrir-o-vermelho\/","title":{"rendered":"PT veste verde e amarelo para cobrir o vermelho"},"content":{"rendered":"<p>ARI CUNHA &#8211; In memoriam<\/p>\n<p>Visto, lido e ouvido<\/p>\n<p>Desde 1960<\/p>\n<p>com Circe Cunha e Mamfil;<\/p>\n<p>colunadoaricunha@gmail.com;<\/p>\n<p>Facebook.com\/vistolidoeouvido<\/p>\n<p>Instagram.com\/vistolidoeouvido<\/p>\n<p><img loading=\"lazy\" decoding=\"async\" class=\" wp-image-12398 aligncenter\" src=\"https:\/\/blogs.correiobraziliense.com.br\/aricunha\/wp-content\/uploads\/sites\/13\/2018\/10\/43648077_1760912500686040_2299581290493509632_n.jpg\" alt=\"\" width=\"608\" height=\"522\" srcset=\"https:\/\/blogs.correiobraziliense.com.br\/aricunha\/wp-content\/uploads\/sites\/13\/2018\/10\/43648077_1760912500686040_2299581290493509632_n.jpg 720w, https:\/\/blogs.correiobraziliense.com.br\/aricunha\/wp-content\/uploads\/sites\/13\/2018\/10\/43648077_1760912500686040_2299581290493509632_n-300x258.jpg 300w, https:\/\/blogs.correiobraziliense.com.br\/aricunha\/wp-content\/uploads\/sites\/13\/2018\/10\/43648077_1760912500686040_2299581290493509632_n-350x300.jpg 350w, https:\/\/blogs.correiobraziliense.com.br\/aricunha\/wp-content\/uploads\/sites\/13\/2018\/10\/43648077_1760912500686040_2299581290493509632_n-550x472.jpg 550w, https:\/\/blogs.correiobraziliense.com.br\/aricunha\/wp-content\/uploads\/sites\/13\/2018\/10\/43648077_1760912500686040_2299581290493509632_n-230x197.jpg 230w\" sizes=\"auto, (max-width: 608px) 100vw, 608px\" \/><\/p>\n<p style=\"text-align: justify\">\u00a0 \u00a0 \u00a0 \u00a0 \u00a0Um dos maiores problemas dos partidos pol\u00edticos no Brasil \u00e9 que a grande maioria deles possui um ou mais donos ou propriet\u00e1rios, que fazem o que bem desejam sem que os filiados possam se rebelar ou protestar, nem mesmo quem mais teria a obriga\u00e7\u00e3o legal de intervir nesse disparate, que \u00e9 a justi\u00e7a eleitoral.<\/p>\n<p style=\"text-align: justify\">\u00a0 \u00a0 \u00a0 \u00a0Transformados em propriedades particulares, as legendas pol\u00edticas, desde a redemocratiza\u00e7\u00e3o, se transformaram em clubes exclusivos que captam milh\u00f5es em recursos p\u00fablicos, que s\u00e3o usados de forma a garantir a sobreviv\u00eancia dessas siglas e por tabela de seus maiores benefici\u00e1rios.<\/p>\n<p style=\"text-align: justify\">\u00a0 \u00a0 \u00a0 \u00a0 \u00a0 N\u00e3o \u00e9 por outra raz\u00e3o que as megamanifesta\u00e7\u00f5es de rua, ocorridas em todo o pa\u00eds, exibiram cartazes onde se liam \u201celes n\u00e3o nos representam\u201d. O controle, com m\u00e3o de ferro dessas legendas por espertalh\u00f5es de todas as matizes ideol\u00f3gicas, est\u00e1 na base do enorme descr\u00e9dito que experimentam hoje junto \u00e0 sociedade. Esse fen\u00f4meno foi confirmado agora tamb\u00e9m com os resultados das urnas de 7 de outubro. Com a concentra\u00e7\u00e3o de poder e o controle pessoal dos partidos pela c\u00fapula, essas siglas perderam muito de seu apelo democr\u00e1tico, afastaram parcela significativa da base e se distanciaram, anos luz, dos eleitores. Curiosamente, tomaram distancia de candidatos que reclamaram a distribui\u00e7\u00e3o desequilibrada de verbas de campanha. Principalmente as mulheres concorrentes.<\/p>\n<p style=\"text-align: justify\">\u00a0 \u00a0 \u00a0 \u00a0 \u00a0 \u00a0Mais indecoroso do que essa realidade \u00e9 o fato de a Justi\u00e7a Eleitoral, uma dispens\u00e1vel singularidade nacional, como a jabuticaba, em momento algum tem trabalhado para acabar com essa excresc\u00eancia que distorce a fun\u00e7\u00e3o b\u00e1sica dos partidos, com reflexos negativos para a pr\u00f3pria democracia.<\/p>\n<p style=\"text-align: justify\">\u00a0 \u00a0 \u00a0 \u00a0 Com base nessa excentricidade, qualquer a\u00e7\u00e3o partid\u00e1ria acaba se tornando in\u00f3cua, mesmo a presta\u00e7\u00e3o de contas, distorcidas pelas possibilidades infinitas de apresenta\u00e7\u00e3o de notas frias e outras malandragens. Uma simples fiscaliza\u00e7\u00e3o na varia\u00e7\u00e3o de riqueza e bens desses felizes propriet\u00e1rios de muitos partidos, serviria para constatar essa situa\u00e7\u00e3o surreal. A bem da verdade, tudo no Brasil tende a degenera\u00e7\u00e3o e ao abastardamento. ONGs s\u00e3o desvirtuadas de suas fun\u00e7\u00f5es. Sindicatos s\u00e3o transformados em bra\u00e7os alongados de partidos pol\u00edticos e passam a beneficiar tamb\u00e9m uma nomenclatura de parasitas.<\/p>\n<p style=\"text-align: justify\">\u00a0 \u00a0 \u00a0 \u00a0 \u00a0At\u00e9 mesmo a prolifera\u00e7\u00e3o de igrejas, mostra o qu\u00e3o desnaturadas se encontram as institui\u00e7\u00f5es no Brasil. O resultado disso \u00e9 que a popula\u00e7\u00e3o, mais e mais, vai se afastando dessas organiza\u00e7\u00f5es, transformadas em caixa forte de sabich\u00f5es de todo o tipo.<\/p>\n<p style=\"text-align: justify\">\u00a0 \u00a0 \u00a0 \u00a0 \u00a0Um caso t\u00edpico desse abastardamento dos partidos, pela imposi\u00e7\u00e3o irracional de seus mandachuvas, \u00e9 visto agora com o Partido dos Trabalhadores. Como pode um dos mais bem organizados partidos do pa\u00eds, com uma milit\u00e2ncia aguerrida e supostamente esclarecida, ser literalmente enterrada na vala dos indigentes, por vontade \u00fanica de seu l\u00edder?<\/p>\n<p style=\"text-align: justify\">\u00a0 \u00a0 \u00a0 \u00a0 \u00a0 \u00a0 \u00a0Preso como delinquente comum, Lula arrastou a antiga e gloriosa legenda da estrela vermelha para detr\u00e1s das grades. Ao juntar no mesmo ba\u00fa de quinquilharias seu destino pessoal e a do seu partido, Lula, outrora a grande lideran\u00e7a nacional, respeitada at\u00e9 no exterior, condenou a legenda, que controla como coisa sua, \u00e0 pena de reclus\u00e3o e o que \u00e9 pior, reacendeu, na maioria dos brasileiros, o sentimento antipetista, capaz de fazer de qualquer opositor um oponente confi\u00e1vel e vi\u00e1vel. O vermelho foi substitu\u00eddo pelo verde e amarelo apenas por quest\u00e3o de Marketing. N\u00e3o seria exagero afirmar que Lula e a elite que controla hoje o PT contribu\u00edram, ao seu modo, para corromper o sentido da pr\u00f3pria democracia, devastada pela onipot\u00eancia subjetiva e mal\u00e9fica de uma \u00fanica pessoa.<\/p>\n<p style=\"text-align: justify\">\u00a0\u00a0\u00a0\u00a0\u00a0\u00a0\u00a0\u00a0 Pudessem recorrer a raz\u00e3o, o d\u00edstico certo a ser estampado nas camisetas seria: o PT livre de Lula. De certa forma, e at\u00e9 de modo meta ficcional, coube a um dos seus principais fundadores o papel, tamb\u00e9m, de coveiro dessa legenda.<\/p>\n<p style=\"text-align: justify\">\n<p style=\"text-align: justify\"><strong>A frase que foi pronunciada:<\/strong><\/p>\n<p style=\"text-align: justify\">&#8220;Tentar matar um candidato \u00e0 presid\u00eancia da Rep\u00fablica \u00e9 um crime comum? As elei\u00e7\u00f5es continuariam se o candidato esfaqueado tivesse vindo a \u00f3bito? A Justi\u00e7a impediu a entrevista com o esfaqueador? Tudo vai ficar por isso mesmo?\u201d<\/p>\n<p style=\"text-align: justify\">Perguntas de estrangeira querendo entender o Brasil<\/p>\n<figure id=\"attachment_12397\" aria-describedby=\"caption-attachment-12397\" style=\"width: 491px\" class=\"wp-caption aligncenter\"><img loading=\"lazy\" decoding=\"async\" class=\" wp-image-12397\" src=\"https:\/\/blogs.correiobraziliense.com.br\/aricunha\/wp-content\/uploads\/sites\/13\/2018\/10\/show_facada_bolsonaro_3CC4E412-7FF8-43FB-B730-A98B7F99EEE2.jpg\" alt=\"Charge assinada por Myrria\" width=\"491\" height=\"313\" srcset=\"https:\/\/blogs.correiobraziliense.com.br\/aricunha\/wp-content\/uploads\/sites\/13\/2018\/10\/show_facada_bolsonaro_3CC4E412-7FF8-43FB-B730-A98B7F99EEE2.jpg 872w, https:\/\/blogs.correiobraziliense.com.br\/aricunha\/wp-content\/uploads\/sites\/13\/2018\/10\/show_facada_bolsonaro_3CC4E412-7FF8-43FB-B730-A98B7F99EEE2-300x191.jpg 300w, https:\/\/blogs.correiobraziliense.com.br\/aricunha\/wp-content\/uploads\/sites\/13\/2018\/10\/show_facada_bolsonaro_3CC4E412-7FF8-43FB-B730-A98B7F99EEE2-768x490.jpg 768w, https:\/\/blogs.correiobraziliense.com.br\/aricunha\/wp-content\/uploads\/sites\/13\/2018\/10\/show_facada_bolsonaro_3CC4E412-7FF8-43FB-B730-A98B7F99EEE2-350x223.jpg 350w, https:\/\/blogs.correiobraziliense.com.br\/aricunha\/wp-content\/uploads\/sites\/13\/2018\/10\/show_facada_bolsonaro_3CC4E412-7FF8-43FB-B730-A98B7F99EEE2-550x351.jpg 550w, https:\/\/blogs.correiobraziliense.com.br\/aricunha\/wp-content\/uploads\/sites\/13\/2018\/10\/show_facada_bolsonaro_3CC4E412-7FF8-43FB-B730-A98B7F99EEE2-230x147.jpg 230w\" sizes=\"auto, (max-width: 491px) 100vw, 491px\" \/><figcaption id=\"caption-attachment-12397\" class=\"wp-caption-text\">Charge assinada por Myrria<\/figcaption><\/figure>\n<p style=\"text-align: justify\">\n<p style=\"text-align: justify\"><strong>Visita<\/strong><\/p>\n<p style=\"text-align: justify\">Luis Carlos Heinze (PP), candidato que surpreendeu os Institutos de Pesquisa, est\u00e1 aguardando a visita do amigo Bolsonaro. Tudo depende dos m\u00e9dicos.<\/p>\n<p style=\"text-align: justify\">\n<p style=\"text-align: justify\"><strong>Informa\u00e7\u00e3o<\/strong><\/p>\n<p style=\"text-align: justify\">Foram muitos os erros de reconhecimento das digitais dos eleitores a saber. A empresa de Campinas Griaule Biometrics \u00e9 a contratada pelo TSE para a captura das digitais e o Bozorth \u00e9 o software de c\u00f3digo aberto para a verifica\u00e7\u00e3o nas urnas.<\/p>\n<figure id=\"attachment_12399\" aria-describedby=\"caption-attachment-12399\" style=\"width: 483px\" class=\"wp-caption aligncenter\"><img loading=\"lazy\" decoding=\"async\" class=\" wp-image-12399\" src=\"https:\/\/blogs.correiobraziliense.com.br\/aricunha\/wp-content\/uploads\/sites\/13\/2018\/10\/21082010-21082010wd1248a-1-1-1.jpg\" alt=\"Foto: agenciabrasil.ebc.com.br\" width=\"483\" height=\"329\" srcset=\"https:\/\/blogs.correiobraziliense.com.br\/aricunha\/wp-content\/uploads\/sites\/13\/2018\/10\/21082010-21082010wd1248a-1-1-1.jpg 3500w, https:\/\/blogs.correiobraziliense.com.br\/aricunha\/wp-content\/uploads\/sites\/13\/2018\/10\/21082010-21082010wd1248a-1-1-1-300x205.jpg 300w, https:\/\/blogs.correiobraziliense.com.br\/aricunha\/wp-content\/uploads\/sites\/13\/2018\/10\/21082010-21082010wd1248a-1-1-1-768x524.jpg 768w, https:\/\/blogs.correiobraziliense.com.br\/aricunha\/wp-content\/uploads\/sites\/13\/2018\/10\/21082010-21082010wd1248a-1-1-1-1024x698.jpg 1024w, https:\/\/blogs.correiobraziliense.com.br\/aricunha\/wp-content\/uploads\/sites\/13\/2018\/10\/21082010-21082010wd1248a-1-1-1-350x239.jpg 350w, https:\/\/blogs.correiobraziliense.com.br\/aricunha\/wp-content\/uploads\/sites\/13\/2018\/10\/21082010-21082010wd1248a-1-1-1-1440x982.jpg 1440w, https:\/\/blogs.correiobraziliense.com.br\/aricunha\/wp-content\/uploads\/sites\/13\/2018\/10\/21082010-21082010wd1248a-1-1-1-550x375.jpg 550w, https:\/\/blogs.correiobraziliense.com.br\/aricunha\/wp-content\/uploads\/sites\/13\/2018\/10\/21082010-21082010wd1248a-1-1-1-230x157.jpg 230w\" sizes=\"auto, (max-width: 483px) 100vw, 483px\" \/><figcaption id=\"caption-attachment-12399\" class=\"wp-caption-text\">Foto: agenciabrasil.ebc.com.br<\/figcaption><\/figure>\n<p style=\"text-align: justify\"><strong>Foi assim<\/strong><\/p>\n<p style=\"text-align: justify\">Visita de Haddad no hotel Meli\u00e1 em Bras\u00edlia despertou os curiosos. Certo \u00e9 que, com receio de viol\u00eancia, quando o PT passa, ningu\u00e9m com pensamento contr\u00e1rio se manifesta.<\/p>\n<p>https:\/\/www.youtube.com\/watch?v=VB-4XDz2ROA<\/p>\n<p style=\"text-align: justify\">\n<p style=\"text-align: justify\"><strong>HIST\u00d3RIA DE BRAS\u00cdLIA<\/strong><\/p>\n<p style=\"text-align: justify\">Encerrou-se a exposi\u00e7\u00e3o que a Aeron\u00e1utica fez no Aeroporto Santos Dumont, no Rio. Foi um trabalho de rela\u00e7\u00f5es p\u00fablicas excelente, quando oficiais e soldados mostraram ao povo o funcionamento dos diversos setores da Avia\u00e7\u00e3o Militar Brasileira. <strong>(Publicado em 31.10.1961)<\/strong><\/p>\n","protected":false},"excerpt":{"rendered":"<p>ARI CUNHA &#8211; In memoriam Visto, lido e ouvido Desde 1960 com Circe Cunha e Mamfil; colunadoaricunha@gmail.com; Facebook.com\/vistolidoeouvido Instagram.com\/vistolidoeouvido \u00a0 \u00a0 \u00a0 \u00a0 \u00a0Um dos maiores problemas dos partidos pol\u00edticos no Brasil \u00e9 que a grande maioria deles possui um ou mais donos ou propriet\u00e1rios, que fazem o que bem desejam sem que os filiados possam se rebelar ou protestar, [&hellip;]<\/p>\n","protected":false},"author":34,"featured_media":12398,"comment_status":"open","ping_status":"open","sticky":false,"template":"","format":"standard","meta":{"footnotes":""},"categories":[23],"tags":[1045,1051,1010,904,127,1053,551,981,114,1052,1049,1054,119,1050,1055,68,2,69,16],"class_list":["post-12396","post","type-post","status-publish","format-standard","has-post-thumbnail","hentry","category-integra","tag-2oturno","tag-atentadocontrabolsonaro","tag-biometrianaseleicoes2018","tag-bolsonaro","tag-eleicoes2018","tag-errosnasurnas","tag-esquerdanobrasil","tag-haddad","tag-historiadebrasilia","tag-luiscarolosheinze","tag-lulaehaddadehaddadelula","tag-militantesdopt","tag-pt","tag-ptmudaascores","tag-violenciadaesquerda","tag-aricunha","tag-brasilia","tag-circecunha","tag-mamfil"],"_links":{"self":[{"href":"https:\/\/blogs.correiobraziliense.com.br\/aricunha\/wp-json\/wp\/v2\/posts\/12396","targetHints":{"allow":["GET"]}}],"collection":[{"href":"https:\/\/blogs.correiobraziliense.com.br\/aricunha\/wp-json\/wp\/v2\/posts"}],"about":[{"href":"https:\/\/blogs.correiobraziliense.com.br\/aricunha\/wp-json\/wp\/v2\/types\/post"}],"author":[{"embeddable":true,"href":"https:\/\/blogs.correiobraziliense.com.br\/aricunha\/wp-json\/wp\/v2\/users\/34"}],"replies":[{"embeddable":true,"href":"https:\/\/blogs.correiobraziliense.com.br\/aricunha\/wp-json\/wp\/v2\/comments?post=12396"}],"version-history":[{"count":2,"href":"https:\/\/blogs.correiobraziliense.com.br\/aricunha\/wp-json\/wp\/v2\/posts\/12396\/revisions"}],"predecessor-version":[{"id":12401,"href":"https:\/\/blogs.correiobraziliense.com.br\/aricunha\/wp-json\/wp\/v2\/posts\/12396\/revisions\/12401"}],"wp:featuredmedia":[{"embeddable":true,"href":"https:\/\/blogs.correiobraziliense.com.br\/aricunha\/wp-json\/wp\/v2\/media\/12398"}],"wp:attachment":[{"href":"https:\/\/blogs.correiobraziliense.com.br\/aricunha\/wp-json\/wp\/v2\/media?parent=12396"}],"wp:term":[{"taxonomy":"category","embeddable":true,"href":"https:\/\/blogs.correiobraziliense.com.br\/aricunha\/wp-json\/wp\/v2\/categories?post=12396"},{"taxonomy":"post_tag","embeddable":true,"href":"https:\/\/blogs.correiobraziliense.com.br\/aricunha\/wp-json\/wp\/v2\/tags?post=12396"}],"curies":[{"name":"wp","href":"https:\/\/api.w.org\/{rel}","templated":true}]}}