{"id":12315,"date":"2018-10-04T01:00:34","date_gmt":"2018-10-04T04:00:34","guid":{"rendered":"https:\/\/blogs.correiobraziliense.com.br\/aricunha\/?p=12315"},"modified":"2018-10-03T17:38:36","modified_gmt":"2018-10-03T20:38:36","slug":"cancer-sob-mira-certeira-das-ciencias-medicas","status":"publish","type":"post","link":"https:\/\/blogs.correiobraziliense.com.br\/aricunha\/cancer-sob-mira-certeira-das-ciencias-medicas\/","title":{"rendered":"C\u00e2ncer sob a mira certeira das ci\u00eancias m\u00e9dicas"},"content":{"rendered":"<p style=\"text-align: justify\">ARI CUNHA<\/p>\n<p style=\"text-align: justify\">Visto, lido e ouvido<\/p>\n<p style=\"text-align: justify\">Desde 1960<\/p>\n<p style=\"text-align: justify\">com Circe Cunha e Mamfil;<\/p>\n<p style=\"text-align: justify\">colunadoaricunha@gmail.com;<\/p>\n<p style=\"text-align: justify\">Facebook.com\/vistolidoeouvido<\/p>\n<p style=\"text-align: justify\">Instagram.com\/vistolidoeouvido<\/p>\n<figure id=\"attachment_12328\" aria-describedby=\"caption-attachment-12328\" style=\"width: 600px\" class=\"wp-caption aligncenter\"><img loading=\"lazy\" decoding=\"async\" class=\"size-full wp-image-12328\" src=\"https:\/\/blogs.correiobraziliense.com.br\/aricunha\/wp-content\/uploads\/sites\/13\/2018\/10\/AFP_19N9OG-600x442.jpg\" alt=\"Foto: Sam YEH\/AFP (gazetadopovo.com.br) \" width=\"600\" height=\"442\" srcset=\"https:\/\/blogs.correiobraziliense.com.br\/aricunha\/wp-content\/uploads\/sites\/13\/2018\/10\/AFP_19N9OG-600x442.jpg 600w, https:\/\/blogs.correiobraziliense.com.br\/aricunha\/wp-content\/uploads\/sites\/13\/2018\/10\/AFP_19N9OG-600x442-300x221.jpg 300w, https:\/\/blogs.correiobraziliense.com.br\/aricunha\/wp-content\/uploads\/sites\/13\/2018\/10\/AFP_19N9OG-600x442-350x258.jpg 350w, https:\/\/blogs.correiobraziliense.com.br\/aricunha\/wp-content\/uploads\/sites\/13\/2018\/10\/AFP_19N9OG-600x442-550x405.jpg 550w, https:\/\/blogs.correiobraziliense.com.br\/aricunha\/wp-content\/uploads\/sites\/13\/2018\/10\/AFP_19N9OG-600x442-230x169.jpg 230w\" sizes=\"auto, (max-width: 600px) 100vw, 600px\" \/><figcaption id=\"caption-attachment-12328\" class=\"wp-caption-text\">Foto: Sam YEH\/AFP (gazetadopovo.com.br)<\/figcaption><\/figure>\n<p style=\"text-align: justify\">\u00a0 \u00a0 \u00a0 \u00a0 \u00a0 \u00a0Outubro chega trazendo n\u00e3o s\u00f3 a esta\u00e7\u00e3o mais festejada de todo ano, mas sobretudo a maior e mais importante campanha, realizada em todo o pa\u00eds, de combate ao c\u00e2ncer de mama. N\u00e3o faz muito tempo que a simples men\u00e7\u00e3o a palavra c\u00e2ncer era considerada um verdadeiro tabu. O diagn\u00f3stico, confirmando a detec\u00e7\u00e3o dessa doen\u00e7a, em qualquer parte do corpo, significava, para uma imensa maioria, um atestado de morte certa, lenta, dolorosa.<\/p>\n<p style=\"text-align: justify\">\u00a0 \u00a0 \u00a0 \u00a0 \u00a0 Gra\u00e7as \u00e0 intensifica\u00e7\u00e3o, no Brasil e em todo o mundo, de campanhas de conscientiza\u00e7\u00e3o e de movimentos de combate ao c\u00e2ncer, uma s\u00e9rie de iniciativas e de novos procedimentos come\u00e7aram a chegar ao conhecimento da popula\u00e7\u00e3o, fazendo ver que o acompanhamento precoce e minucioso de casos suspeitos \u00e9 t\u00e3o importante quanto a mudan\u00e7a de h\u00e1bitos de vida. Nesse sentido, tanto a campanha Outubro Rosa, de combate ao c\u00e2ncer de mama, como a campanha Novembro Azul, destinada a incentivar o diagn\u00f3stico precoce do c\u00e2ncer de pr\u00f3stata, s\u00e3o hoje reconhecidas como pe\u00e7as fundamentais no esclarecimento da popula\u00e7\u00e3o sobre esses males e a melhor terapia para cada caso, o que pode levar a tratamentos menos dolorosos e custosos e uma maior chance de controle total da doen\u00e7a.<\/p>\n<p style=\"text-align: justify\">\u00a0 \u00a0 \u00a0 \u00a0Nos casos de combate ao c\u00e2ncer, uma doen\u00e7a que, por s\u00e9culos, tem desafiado a medicina, quanto mais informa\u00e7\u00e3o e esclarecimento, mais oportunidade de se livrar desse mal. De acordo com o Instituto Nacional do C\u00e2ncer (INCA), o Brasil deve registrar, nesse ano e no pr\u00f3ximo, 600 mil novos casos de tumores. As estimativas das autoridades de sa\u00fade indicam que o c\u00e2ncer de pele continuar\u00e1 como o mais frequente, com 165 mil novas ocorr\u00eancias. A seguir, afirma o INCA, estar\u00e3o o c\u00e2ncer de pr\u00f3stata, com 68 mil novos casos e o c\u00e2ncer de mama com 59 mil ocorr\u00eancias. S\u00e3o n\u00fameros relevantes e que indicam a necessidade de intensifica\u00e7\u00e3o dessas campanhas de esclarecimento. O C\u00e2ncer \u00e9 a principal causa de morte em aproximadamente 10% das cidades brasileiras, sendo que as previs\u00f5es apontam que daqui a uma d\u00e9cada, os tumores malignos j\u00e1 respondam pela maioria dos \u00f3bitos no pa\u00eds, deixando as doen\u00e7as card\u00edacas para tr\u00e1s.<\/p>\n<p style=\"text-align: justify\">\u00a0 \u00a0 \u00a0 \u00a0 Movimentos importantes como Todos Juntos Contra o C\u00e2ncer, em parceria com o Conselho Federal de Medicina, tamb\u00e9m t\u00eam levado inestim\u00e1vel contribui\u00e7\u00e3o para o esclarecimento da popula\u00e7\u00e3o. Em Bras\u00edlia, a cada ano, mil novos casos de c\u00e2ncer de mama s\u00e3o registrados.<\/p>\n<p style=\"text-align: justify\">\u00a0 \u00a0 \u00a0 \u00a0 \u00a0 \u00a0 \u00a0A Lei 12.732 determina que o primeiro atendimento ao paciente oncol\u00f3gico, na rede p\u00fablica de sa\u00fade, seja de, no m\u00e1ximo, dentro de 60 dias ap\u00f3s o diagn\u00f3stico da doen\u00e7a. T\u00e3o importante como campanhas de esclarecimento e mudan\u00e7as de h\u00e1bitos para uma vida saud\u00e1vel, s\u00e3o os avan\u00e7os recentes obtidos por pesquisadores e laborat\u00f3rios de todo o mundo.<\/p>\n<p style=\"text-align: justify\">\u00a0 \u00a0 \u00a0 \u00a0 \u00a0 No in\u00edcio dessa semana, o Instituto Karolinska, de Estocolmo, outorgou o Pr\u00eamio Nobel de Medicina a dois cientistas por suas descobertas no campo da terapia contra o c\u00e2ncer. Aproveitando o pr\u00f3prio mecanismo que confere capacidade do sistema imunol\u00f3gico dos indiv\u00edduos para atacar as c\u00e9lulas cancerosas, o pesquisador norte-americano James P. Allison e o japon\u00eas Tasuku Honjo desenvolveram um tratamento que tem sido considerado revolucion\u00e1rio no tratamento dessa doen\u00e7a.<\/p>\n<p style=\"text-align: justify\">\u00a0 \u00a0 \u00a0 \u00a0 \u00a0A imunoterapia, criada por esses dois cientistas, fazendo com que as 50 milh\u00f5es de c\u00e9lulas do linf\u00f3cito T passem a reconhecer, tamb\u00e9m, os tumores cancer\u00edgenos, constitui, segundo os organizadores do Nobel, um importante marco contra a doen\u00e7a. Um brinde \u00e0 vida!<\/p>\n<p style=\"text-align: justify\"><strong>A frase que foi pronunciada:<\/strong><\/p>\n<p style=\"text-align: justify\"><em>\u201cSe a vida come\u00e7a aos 40, por que nascemos com tanta anteced\u00eancia?\u201d<\/em><\/p>\n<p style=\"text-align: justify\">Mafalda<\/p>\n<figure id=\"attachment_12324\" aria-describedby=\"caption-attachment-12324\" style=\"width: 500px\" class=\"wp-caption aligncenter\"><img loading=\"lazy\" decoding=\"async\" class=\"size-full wp-image-12324\" src=\"https:\/\/blogs.correiobraziliense.com.br\/aricunha\/wp-content\/uploads\/sites\/13\/2018\/10\/16416123_s3QIB.jpeg\" alt=\"Mafalda, Quino\" width=\"500\" height=\"302\" srcset=\"https:\/\/blogs.correiobraziliense.com.br\/aricunha\/wp-content\/uploads\/sites\/13\/2018\/10\/16416123_s3QIB.jpeg 500w, https:\/\/blogs.correiobraziliense.com.br\/aricunha\/wp-content\/uploads\/sites\/13\/2018\/10\/16416123_s3QIB-300x181.jpeg 300w, https:\/\/blogs.correiobraziliense.com.br\/aricunha\/wp-content\/uploads\/sites\/13\/2018\/10\/16416123_s3QIB-350x211.jpeg 350w, https:\/\/blogs.correiobraziliense.com.br\/aricunha\/wp-content\/uploads\/sites\/13\/2018\/10\/16416123_s3QIB-230x139.jpeg 230w\" sizes=\"auto, (max-width: 500px) 100vw, 500px\" \/><figcaption id=\"caption-attachment-12324\" class=\"wp-caption-text\">Mafalda, tirinha do Quino<\/figcaption><\/figure>\n<figure id=\"attachment_12325\" aria-describedby=\"caption-attachment-12325\" style=\"width: 500px\" class=\"wp-caption aligncenter\"><img loading=\"lazy\" decoding=\"async\" class=\"size-full wp-image-12325\" src=\"https:\/\/blogs.correiobraziliense.com.br\/aricunha\/wp-content\/uploads\/sites\/13\/2018\/10\/16966415_YWG1u.jpeg\" alt=\"Tirinha do Quino\" width=\"500\" height=\"375\" srcset=\"https:\/\/blogs.correiobraziliense.com.br\/aricunha\/wp-content\/uploads\/sites\/13\/2018\/10\/16966415_YWG1u.jpeg 500w, https:\/\/blogs.correiobraziliense.com.br\/aricunha\/wp-content\/uploads\/sites\/13\/2018\/10\/16966415_YWG1u-300x225.jpeg 300w, https:\/\/blogs.correiobraziliense.com.br\/aricunha\/wp-content\/uploads\/sites\/13\/2018\/10\/16966415_YWG1u-350x263.jpeg 350w, https:\/\/blogs.correiobraziliense.com.br\/aricunha\/wp-content\/uploads\/sites\/13\/2018\/10\/16966415_YWG1u-230x173.jpeg 230w\" sizes=\"auto, (max-width: 500px) 100vw, 500px\" \/><figcaption id=\"caption-attachment-12325\" class=\"wp-caption-text\">Mafalda, tirinha do Quino<\/figcaption><\/figure>\n<p style=\"text-align: justify\"><strong>Release<\/strong><\/p>\n<p style=\"text-align: justify\">Em Bras\u00edlia, o CCBB recebe, de 10 a 14 de outubro, o Festival Palha\u00e7as do Mundo \u2013 VI Encontro de Palha\u00e7as de Bras\u00edlia, que chega para celebrar a gra\u00e7a e o poder das mulheres por meio da palha\u00e7aria. A CiRcA Brasilina, com duas tendas montadas nos jardins do centro cultural, abre o picadeiro para a programa\u00e7\u00e3o comemorativa do Dia das Crian\u00e7as e tamb\u00e9m do anivers\u00e1rio do pr\u00f3prio CCBB, que completa 18 anos no dia 12 de outubro.<\/p>\n<figure id=\"attachment_12322\" aria-describedby=\"caption-attachment-12322\" style=\"width: 565px\" class=\"wp-caption aligncenter\"><img loading=\"lazy\" decoding=\"async\" class=\" wp-image-12322\" src=\"https:\/\/blogs.correiobraziliense.com.br\/aricunha\/wp-content\/uploads\/sites\/13\/2018\/10\/41860743_728644467482142_2836994150056853504_n.jpg\" alt=\"Cartaz: facebook.com\/palhacasdomundo\" width=\"565\" height=\"215\" srcset=\"https:\/\/blogs.correiobraziliense.com.br\/aricunha\/wp-content\/uploads\/sites\/13\/2018\/10\/41860743_728644467482142_2836994150056853504_n.jpg 960w, https:\/\/blogs.correiobraziliense.com.br\/aricunha\/wp-content\/uploads\/sites\/13\/2018\/10\/41860743_728644467482142_2836994150056853504_n-300x114.jpg 300w, https:\/\/blogs.correiobraziliense.com.br\/aricunha\/wp-content\/uploads\/sites\/13\/2018\/10\/41860743_728644467482142_2836994150056853504_n-768x292.jpg 768w, https:\/\/blogs.correiobraziliense.com.br\/aricunha\/wp-content\/uploads\/sites\/13\/2018\/10\/41860743_728644467482142_2836994150056853504_n-350x133.jpg 350w, https:\/\/blogs.correiobraziliense.com.br\/aricunha\/wp-content\/uploads\/sites\/13\/2018\/10\/41860743_728644467482142_2836994150056853504_n-550x209.jpg 550w, https:\/\/blogs.correiobraziliense.com.br\/aricunha\/wp-content\/uploads\/sites\/13\/2018\/10\/41860743_728644467482142_2836994150056853504_n-230x87.jpg 230w\" sizes=\"auto, (max-width: 565px) 100vw, 565px\" \/><figcaption id=\"caption-attachment-12322\" class=\"wp-caption-text\">Cartaz: facebook.com\/palhacasdomundo<\/figcaption><\/figure>\n<p style=\"text-align: justify\"><strong>Absurdo<\/strong><\/p>\n<p style=\"text-align: justify\">As cal\u00e7adas na W3 Norte e Sul s\u00e3o um convite \u00e0 ortopedia. O perigo \u00e9 constante. N\u00e3o custa muito dar seguran\u00e7a aos pedestres. Basta vontade pol\u00edtica e administrativa.<\/p>\n<figure id=\"attachment_12321\" aria-describedby=\"caption-attachment-12321\" style=\"width: 510px\" class=\"wp-caption aligncenter\"><img loading=\"lazy\" decoding=\"async\" class=\" wp-image-12321\" src=\"https:\/\/blogs.correiobraziliense.com.br\/aricunha\/wp-content\/uploads\/sites\/13\/2018\/10\/DSC01143_08-03-2018_W3-Norte_716N_Calcada_destruida_Pedestre_edit-300x225.jpg\" alt=\"Foto: mobilize.org.br\" width=\"510\" height=\"382\" srcset=\"https:\/\/blogs.correiobraziliense.com.br\/aricunha\/wp-content\/uploads\/sites\/13\/2018\/10\/DSC01143_08-03-2018_W3-Norte_716N_Calcada_destruida_Pedestre_edit-300x225.jpg 300w, https:\/\/blogs.correiobraziliense.com.br\/aricunha\/wp-content\/uploads\/sites\/13\/2018\/10\/DSC01143_08-03-2018_W3-Norte_716N_Calcada_destruida_Pedestre_edit-300x225-230x173.jpg 230w\" sizes=\"auto, (max-width: 510px) 100vw, 510px\" \/><figcaption id=\"caption-attachment-12321\" class=\"wp-caption-text\">Foto: mobilize.org.br<\/figcaption><\/figure>\n<p style=\"text-align: justify\"><strong>Essa n\u00e3o<\/strong><\/p>\n<p style=\"text-align: justify\">Anunciar que o \u00edndice de viol\u00eancia est\u00e1 diminuindo e manter a maior parte das delegacias fechadas \u00e0 noite n\u00e3o \u00e9 certo. No Lago Norte corre \u00e0 boca mi\u00fada que a delegacia n\u00e3o abre \u00e0 noite justamente por causa da viol\u00eancia. Ser\u00e1?<\/p>\n<p style=\"text-align: justify\"><strong>Idosos<\/strong><\/p>\n<p style=\"text-align: justify\">No programa Tarde Nacional, o advogado, especialista em Direito do Consumidor, Dori Bocault conta os detalhes sobre os estelionat\u00e1rios que se aproveitam da ingenuidade dos idosos para dar golpes. Ou\u00e7a a entrevista, no blog do Ari Cunha.<\/p>\n<p style=\"text-align: justify\">Link de Acesso ao \u00e1udio:\u00a0<a href=\"http:\/\/radios.ebc.com.br\/tarde-nacional\/2018\/10\/especialista-fala-sobre-os-golpes-mais-comuns-aplicados-aos-idosos\">Especialista fala sobre golpes mais comuns aplicados aos idosos<\/a><\/p>\n<figure id=\"attachment_12320\" aria-describedby=\"caption-attachment-12320\" style=\"width: 490px\" class=\"wp-caption aligncenter\"><img loading=\"lazy\" decoding=\"async\" class=\"size-full wp-image-12320\" src=\"https:\/\/blogs.correiobraziliense.com.br\/aricunha\/wp-content\/uploads\/sites\/13\/2018\/10\/genildo-5.jpg\" alt=\"Charge do Genildo\" width=\"490\" height=\"420\" srcset=\"https:\/\/blogs.correiobraziliense.com.br\/aricunha\/wp-content\/uploads\/sites\/13\/2018\/10\/genildo-5.jpg 490w, https:\/\/blogs.correiobraziliense.com.br\/aricunha\/wp-content\/uploads\/sites\/13\/2018\/10\/genildo-5-300x257.jpg 300w, https:\/\/blogs.correiobraziliense.com.br\/aricunha\/wp-content\/uploads\/sites\/13\/2018\/10\/genildo-5-350x300.jpg 350w, https:\/\/blogs.correiobraziliense.com.br\/aricunha\/wp-content\/uploads\/sites\/13\/2018\/10\/genildo-5-230x197.jpg 230w\" sizes=\"auto, (max-width: 490px) 100vw, 490px\" \/><figcaption id=\"caption-attachment-12320\" class=\"wp-caption-text\">Charge do Genildo<\/figcaption><\/figure>\n<p style=\"text-align: justify\"><strong>HIST\u00d3RIA DE BRAS\u00cdLIA<\/strong><\/p>\n<p style=\"text-align: justify\">Cooperando com a campanha \u201cAjude sua Cidade\u201d, dos \u201cDi\u00e1rios Associados\u201d, a Floricultura Bras\u00edlia expor\u00e1 para venda, a pre\u00e7os baixos, mudas de plantas ornamentais em pequenas latas, prontas para o plantio, acompanhando instru\u00e7\u00f5es sobre o feitio do jardim. <strong>(Publicado em 31.10.1961)<\/strong><\/p>\n","protected":false},"excerpt":{"rendered":"<p>ARI CUNHA Visto, lido e ouvido Desde 1960 com Circe Cunha e Mamfil; colunadoaricunha@gmail.com; Facebook.com\/vistolidoeouvido Instagram.com\/vistolidoeouvido \u00a0 \u00a0 \u00a0 \u00a0 \u00a0 \u00a0Outubro chega trazendo n\u00e3o s\u00f3 a esta\u00e7\u00e3o mais festejada de todo ano, mas sobretudo a maior e mais importante campanha, realizada em todo o pa\u00eds, de combate ao c\u00e2ncer de mama. N\u00e3o faz muito tempo que a simples men\u00e7\u00e3o [&hellip;]<\/p>\n","protected":false},"author":34,"featured_media":12328,"comment_status":"open","ping_status":"open","sticky":false,"template":"","format":"standard","meta":{"footnotes":""},"categories":[23],"tags":[1000,1003,996,1002,1005,999,1006,114,998,995,997,994,1001,1004,68,2,69,16,19],"class_list":["post-12315","post","type-post","status-publish","format-standard","has-post-thumbnail","hentry","category-integra","tag-aniversariodoccbb","tag-calcadasdasw3norteesul","tag-cancernobrasil","tag-circabrasilina","tag-delegaciafechadaembrasilia","tag-festivalpalhacasdomundo","tag-golpesemidosos","tag-historiadebrasilia","tag-imunoterapia","tag-novembroazul","tag-oncologia","tag-outubrorosa","tag-viencontrodepalhacasdebrasilia","tag-violencianolagonorte","tag-aricunha","tag-brasilia","tag-circecunha","tag-mamfil","tag-saude"],"_links":{"self":[{"href":"https:\/\/blogs.correiobraziliense.com.br\/aricunha\/wp-json\/wp\/v2\/posts\/12315","targetHints":{"allow":["GET"]}}],"collection":[{"href":"https:\/\/blogs.correiobraziliense.com.br\/aricunha\/wp-json\/wp\/v2\/posts"}],"about":[{"href":"https:\/\/blogs.correiobraziliense.com.br\/aricunha\/wp-json\/wp\/v2\/types\/post"}],"author":[{"embeddable":true,"href":"https:\/\/blogs.correiobraziliense.com.br\/aricunha\/wp-json\/wp\/v2\/users\/34"}],"replies":[{"embeddable":true,"href":"https:\/\/blogs.correiobraziliense.com.br\/aricunha\/wp-json\/wp\/v2\/comments?post=12315"}],"version-history":[{"count":8,"href":"https:\/\/blogs.correiobraziliense.com.br\/aricunha\/wp-json\/wp\/v2\/posts\/12315\/revisions"}],"predecessor-version":[{"id":12330,"href":"https:\/\/blogs.correiobraziliense.com.br\/aricunha\/wp-json\/wp\/v2\/posts\/12315\/revisions\/12330"}],"wp:featuredmedia":[{"embeddable":true,"href":"https:\/\/blogs.correiobraziliense.com.br\/aricunha\/wp-json\/wp\/v2\/media\/12328"}],"wp:attachment":[{"href":"https:\/\/blogs.correiobraziliense.com.br\/aricunha\/wp-json\/wp\/v2\/media?parent=12315"}],"wp:term":[{"taxonomy":"category","embeddable":true,"href":"https:\/\/blogs.correiobraziliense.com.br\/aricunha\/wp-json\/wp\/v2\/categories?post=12315"},{"taxonomy":"post_tag","embeddable":true,"href":"https:\/\/blogs.correiobraziliense.com.br\/aricunha\/wp-json\/wp\/v2\/tags?post=12315"}],"curies":[{"name":"wp","href":"https:\/\/api.w.org\/{rel}","templated":true}]}}