{"id":12303,"date":"2018-10-03T01:00:32","date_gmt":"2018-10-03T04:00:32","guid":{"rendered":"https:\/\/blogs.correiobraziliense.com.br\/aricunha\/?p=12303"},"modified":"2018-10-03T15:03:19","modified_gmt":"2018-10-03T18:03:19","slug":"uma-proposta-para-um-futuro-de-atraso-ultima-parte","status":"publish","type":"post","link":"https:\/\/blogs.correiobraziliense.com.br\/aricunha\/uma-proposta-para-um-futuro-de-atraso-ultima-parte\/","title":{"rendered":"Uma proposta para um futuro de atraso (\u00daltima parte)"},"content":{"rendered":"<p style=\"text-align: justify\">ARI CUNHA<\/p>\n<p style=\"text-align: justify\">Visto, lido e ouvido<\/p>\n<p style=\"text-align: justify\">Desde 1960<\/p>\n<p style=\"text-align: justify\">com Circe Cunha e Mamfil;<\/p>\n<p style=\"text-align: justify\">colunadoaricunha@gmail.com;<\/p>\n<p style=\"text-align: justify\">Facebook.com\/vistolidoeouvido<\/p>\n<p style=\"text-align: justify\">Instagram.com\/vistolidoeouvido<\/p>\n<figure id=\"attachment_12310\" aria-describedby=\"caption-attachment-12310\" style=\"width: 362px\" class=\"wp-caption alignleft\"><img loading=\"lazy\" decoding=\"async\" class=\" wp-image-12310\" src=\"https:\/\/blogs.correiobraziliense.com.br\/aricunha\/wp-content\/uploads\/sites\/13\/2018\/10\/1303769016496-pt-charge.jpg\" alt=\"Charge: Newton Silva\" width=\"362\" height=\"321\" srcset=\"https:\/\/blogs.correiobraziliense.com.br\/aricunha\/wp-content\/uploads\/sites\/13\/2018\/10\/1303769016496-pt-charge.jpg 481w, https:\/\/blogs.correiobraziliense.com.br\/aricunha\/wp-content\/uploads\/sites\/13\/2018\/10\/1303769016496-pt-charge-300x266.jpg 300w, https:\/\/blogs.correiobraziliense.com.br\/aricunha\/wp-content\/uploads\/sites\/13\/2018\/10\/1303769016496-pt-charge-350x311.jpg 350w, https:\/\/blogs.correiobraziliense.com.br\/aricunha\/wp-content\/uploads\/sites\/13\/2018\/10\/1303769016496-pt-charge-230x204.jpg 230w\" sizes=\"auto, (max-width: 362px) 100vw, 362px\" \/><figcaption id=\"caption-attachment-12310\" class=\"wp-caption-text\">Charge: Newton Silva<\/figcaption><\/figure>\n<p style=\"text-align: justify\">\u00a0 \u00a0Pelo programa petista, seria necess\u00e1rio \u201cconferir transpar\u00eancia e controle social na administra\u00e7\u00e3o da Justi\u00e7a, repensar o papel e a composi\u00e7\u00e3o do Conselho Nacional de Justi\u00e7a (CNJ) e do Conselho Nacional do Minist\u00e9rio P\u00fablico (CNMP) e instituir ouvidorias externas, ocupadas por pessoas que n\u00e3o integrem as carreiras, ampliando a participa\u00e7\u00e3o da sociedade para al\u00e9m das corpora\u00e7\u00f5es do Sistema de Justi\u00e7a.\u201d Para reformular essa \u00e1rea, os petistas pretendem, segundo diz seu programa, \u201cinstituir tempo de mandatos para os membros do STF e das Cortes Superiores de Justi\u00e7a\u201d.<\/p>\n<p style=\"text-align: justify\">\u00a0 \u00a0 \u00a0 \u00a0 \u00a0 Para mudar o atual quadro da justi\u00e7a brasileira, o Partido dos Trabalhadores prop\u00f5e que \u201cos acordos de leni\u00eancia, previstos na Lei Anticorrup\u00e7\u00e3o, n\u00e3o devem ser usados para proteger empres\u00e1rios corruptos em preju\u00edzo da empresa e dos trabalhadores.\u201d Entende a legenda que \u201cas dela\u00e7\u00f5es premiadas, previstas na Lei das Organiza\u00e7\u00f5es Criminosas, tamb\u00e9m n\u00e3o podem se prestar a proteger bandidos confessos e a condenar pessoas inocentes.\u201d<\/p>\n<p style=\"text-align: justify\">\u00a0 \u00a0 \u00a0 \u00a0 Para alterar esses procedimentos atuais, o PT adianta que \u201cconstituir\u00e1 comiss\u00f5es de alto n\u00edvel para promover a avalia\u00e7\u00e3o de impacto e propor altera\u00e7\u00f5es para o aperfei\u00e7oamento de leis apontadas pela comunidade jur\u00eddica como violadoras de direitos e garantias constitucionais\u201d.<\/p>\n<p style=\"text-align: justify\">\u00a0 \u00a0 \u00a0 O programa repete ainda os erros cometidos nos governos petistas passados, insistindo ainda em um \u201cnovo marco regulat\u00f3rio da comunica\u00e7\u00e3o social eletr\u00f4nica, a fim de concretizar os princ\u00edpios da Constitui\u00e7\u00e3o Federal para democratizar largamente a comunica\u00e7\u00e3o social e impedir que benefici\u00e1rios das concess\u00f5es p\u00fablicas e controladores das novas m\u00eddias restrinjam o pluralismo e a diversidade\u201d. A censura, nesse documento, se dar\u00e1 pelo \u201cmonitoramento e aplica\u00e7\u00e3o dos princ\u00edpios constitucionais por meio de um \u00f3rg\u00e3o regulador com composi\u00e7\u00e3o plural e supervis\u00e3o da sociedade para evitar sua captura por qualquer tipo de interesse particular.\u201d Para promover esse novo circo medi\u00e1tico, o programa da sigla prega \u201cretomar o car\u00e1ter p\u00fablico dos servi\u00e7os da Empresa Brasil de Comunica\u00e7\u00e3o, \u201cgarantir seu financiamento adequado e perene com recursos p\u00fablicos e ampliar seu impacto e seu alcance de audi\u00eancia, para que tenha capacidade de contribuir efetivamente com a promo\u00e7\u00e3o do pluralismo e da diversidade.\u201d Para essa empreitada, diz \u201cser\u00e1 preciso redefinir o papel da Anatel e da Pol\u00edcia Federal para impedir persegui\u00e7\u00f5es.\u201d<\/p>\n<p style=\"text-align: justify\">\u00a0 \u00a0 O programa petista considera ainda ser necess\u00e1ria a \u201crefunda\u00e7\u00e3o democr\u00e1tica liderada por Lula\u201d para implementar \u201cmudan\u00e7as estruturais do Estado e da sociedade para reestabelecer o equil\u00edbrio entre os Poderes da Rep\u00fablica.\u201d Para a consecu\u00e7\u00e3o desse programa, diz ainda o documento, faz-se necess\u00e1rio \u201cum novo Processo Constituinte.\u201d Para tanto, dizem: \u201cconstruiremos as condi\u00e7\u00f5es de sustenta\u00e7\u00e3o social para a convoca\u00e7\u00e3o de uma Assembleia Nacional Constituinte, livre, democr\u00e1tica, soberana e unicameral, eleita para este fim, nos moldes da reforma pol\u00edtica que preconizamos. \u201d<\/p>\n<p style=\"text-align: justify\">\u00a0\u00a0\u00a0\u00a0\u00a0\u00a0\u00a0\u00a0 O documento enumera e aponta aquilo que parece ser um programa com vistas \u00e0 um futuro de atraso.<\/p>\n<p style=\"text-align: justify\"><strong>A frase que foi pronunciada:<\/strong><\/p>\n<p style=\"text-align: justify\"><em>\u201cA sopa \u00e9 para a inf\u00e2ncia o que o comunismo \u00e9 para a democracia!\u201d<\/em><\/p>\n<p style=\"text-align: justify\">Mafalda<\/p>\n<figure id=\"attachment_12308\" aria-describedby=\"caption-attachment-12308\" style=\"width: 591px\" class=\"wp-caption aligncenter\"><img loading=\"lazy\" decoding=\"async\" class=\" wp-image-12308\" src=\"https:\/\/blogs.correiobraziliense.com.br\/aricunha\/wp-content\/uploads\/sites\/13\/2018\/10\/209.jpg\" alt=\"clubedamafalda.blogspot.com\" width=\"591\" height=\"177\" srcset=\"https:\/\/blogs.correiobraziliense.com.br\/aricunha\/wp-content\/uploads\/sites\/13\/2018\/10\/209.jpg 768w, https:\/\/blogs.correiobraziliense.com.br\/aricunha\/wp-content\/uploads\/sites\/13\/2018\/10\/209-300x90.jpg 300w, https:\/\/blogs.correiobraziliense.com.br\/aricunha\/wp-content\/uploads\/sites\/13\/2018\/10\/209-350x105.jpg 350w, https:\/\/blogs.correiobraziliense.com.br\/aricunha\/wp-content\/uploads\/sites\/13\/2018\/10\/209-550x165.jpg 550w, https:\/\/blogs.correiobraziliense.com.br\/aricunha\/wp-content\/uploads\/sites\/13\/2018\/10\/209-230x69.jpg 230w\" sizes=\"auto, (max-width: 591px) 100vw, 591px\" \/><figcaption id=\"caption-attachment-12308\" class=\"wp-caption-text\">clubedamafalda.blogspot.com<\/figcaption><\/figure>\n<p style=\"text-align: justify\"><strong>ALERTA<\/strong><\/p>\n<p style=\"text-align: justify\">Est\u00e3o espalhando que se o eleitor votar apenas para presidente o voto ser\u00e1 parcial, portanto anulado. Trata-se de not\u00edcia maliciosa. N\u00e3o \u00e9 verdade! O TSE garante que se o eleitor pode votar em um candidato, em branco ou nulo para o cargo que quiser, n\u00e3o h\u00e1 nenhuma restri\u00e7\u00e3o para isso. N\u00e3o existe a figura do \u201cvoto parcial\u201d.<\/p>\n<figure id=\"attachment_12307\" aria-describedby=\"caption-attachment-12307\" style=\"width: 562px\" class=\"wp-caption aligncenter\"><img loading=\"lazy\" decoding=\"async\" class=\" wp-image-12307\" src=\"https:\/\/blogs.correiobraziliense.com.br\/aricunha\/wp-content\/uploads\/sites\/13\/2018\/10\/mentira.jpg\" alt=\"Imagem: istoe.com.br\" width=\"562\" height=\"316\" srcset=\"https:\/\/blogs.correiobraziliense.com.br\/aricunha\/wp-content\/uploads\/sites\/13\/2018\/10\/mentira.jpg 1024w, https:\/\/blogs.correiobraziliense.com.br\/aricunha\/wp-content\/uploads\/sites\/13\/2018\/10\/mentira-300x169.jpg 300w, https:\/\/blogs.correiobraziliense.com.br\/aricunha\/wp-content\/uploads\/sites\/13\/2018\/10\/mentira-768x432.jpg 768w, https:\/\/blogs.correiobraziliense.com.br\/aricunha\/wp-content\/uploads\/sites\/13\/2018\/10\/mentira-350x197.jpg 350w, https:\/\/blogs.correiobraziliense.com.br\/aricunha\/wp-content\/uploads\/sites\/13\/2018\/10\/mentira-550x309.jpg 550w, https:\/\/blogs.correiobraziliense.com.br\/aricunha\/wp-content\/uploads\/sites\/13\/2018\/10\/mentira-230x129.jpg 230w\" sizes=\"auto, (max-width: 562px) 100vw, 562px\" \/><figcaption id=\"caption-attachment-12307\" class=\"wp-caption-text\">Imagem: istoe.com.br<\/figcaption><\/figure>\n<p style=\"text-align: justify\"><strong>Rastreamento<\/strong><\/p>\n<p style=\"text-align: justify\">Aos poucos, o labirinto por onde a verba p\u00fablica passou, quando desviada para contas particulares, est\u00e1 sendo desvendado. Sabia-se que a estrat\u00e9gia era confundir a busca, passando por v\u00e1rias institui\u00e7\u00f5es financeiras. Se a Pol\u00edcia Federal amenizar nas buscas, h\u00e1 organismos internacionais que acompanham o rastro, uma vez que foi firmada parceria.<\/p>\n<p style=\"text-align: justify\"><strong>\u00d4nibus<\/strong><\/p>\n<p style=\"text-align: justify\">Ningu\u00e9m pode trabalhar em paz numa cidade onde mais de 2 mil ocorr\u00eancias foram registradas com assaltos dentro de \u00f4nibus. \u00c9 importante que todos os cidad\u00e3os registrem ocorr\u00eancias de furtos ou roubos. Da\u00ed h\u00e1 esperan\u00e7as de nascerem novas pol\u00edticas p\u00fablicas.<\/p>\n<p style=\"text-align: justify\"><strong>IMP<\/strong><\/p>\n<p style=\"text-align: justify\">Por falar nisso, o IMP, cursinho para concursos, resolveu colocar vigil\u00e2ncia no estacionamento. Melhorou muito. Justi\u00e7a seja feita.<\/p>\n<figure id=\"attachment_12306\" aria-describedby=\"caption-attachment-12306\" style=\"width: 566px\" class=\"wp-caption aligncenter\"><img loading=\"lazy\" decoding=\"async\" class=\" wp-image-12306\" src=\"https:\/\/blogs.correiobraziliense.com.br\/aricunha\/wp-content\/uploads\/sites\/13\/2018\/10\/AS012.jpg\" alt=\"Foto: impconcursos.com.br\" width=\"566\" height=\"377\" srcset=\"https:\/\/blogs.correiobraziliense.com.br\/aricunha\/wp-content\/uploads\/sites\/13\/2018\/10\/AS012.jpg 800w, https:\/\/blogs.correiobraziliense.com.br\/aricunha\/wp-content\/uploads\/sites\/13\/2018\/10\/AS012-300x200.jpg 300w, https:\/\/blogs.correiobraziliense.com.br\/aricunha\/wp-content\/uploads\/sites\/13\/2018\/10\/AS012-768x512.jpg 768w, https:\/\/blogs.correiobraziliense.com.br\/aricunha\/wp-content\/uploads\/sites\/13\/2018\/10\/AS012-350x233.jpg 350w, https:\/\/blogs.correiobraziliense.com.br\/aricunha\/wp-content\/uploads\/sites\/13\/2018\/10\/AS012-550x366.jpg 550w, https:\/\/blogs.correiobraziliense.com.br\/aricunha\/wp-content\/uploads\/sites\/13\/2018\/10\/AS012-230x153.jpg 230w\" sizes=\"auto, (max-width: 566px) 100vw, 566px\" \/><figcaption id=\"caption-attachment-12306\" class=\"wp-caption-text\">Foto: impconcursos.com.br<\/figcaption><\/figure>\n<p style=\"text-align: justify\"><strong>HIST\u00d3RIA DE BRAS\u00cdLIA<\/strong><\/p>\n<p style=\"text-align: justify\">Est\u00e1 vivendo grandes dificuldades, o abastecimento de energia el\u00e9trica a Bras\u00edlia. A linha de Cachoeira Dourada apresentou defeito no trecho antes de Goi\u00e2nia, e os geradores t\u00eam capacidade reduzida demais para o grande consumo. <strong>(Publicado em 31.10.1961)<\/strong><\/p>\n","protected":false},"excerpt":{"rendered":"<p>ARI CUNHA Visto, lido e ouvido Desde 1960 com Circe Cunha e Mamfil; colunadoaricunha@gmail.com; Facebook.com\/vistolidoeouvido Instagram.com\/vistolidoeouvido \u00a0 \u00a0Pelo programa petista, seria necess\u00e1rio \u201cconferir transpar\u00eancia e controle social na administra\u00e7\u00e3o da Justi\u00e7a, repensar o papel e a composi\u00e7\u00e3o do Conselho Nacional de Justi\u00e7a (CNJ) e do Conselho Nacional do Minist\u00e9rio P\u00fablico (CNMP) e instituir ouvidorias externas, ocupadas por pessoas que n\u00e3o [&hellip;]<\/p>\n","protected":false},"author":34,"featured_media":12310,"comment_status":"open","ping_status":"open","sticky":false,"template":"","format":"standard","meta":{"footnotes":""},"categories":[23],"tags":[990,993,828,127,551,988,114,989,553,987,119,991,992,68,2,69,16],"class_list":["post-12303","post","type-post","status-publish","format-standard","has-post-thumbnail","hentry","category-integra","tag-assaltoaonibus","tag-comunismo","tag-democracia","tag-eleicoes2018","tag-esquerdanobrasil","tag-haddahelula","tag-historiadebrasilia","tag-imp","tag-lula","tag-programadegovernodopt","tag-pt","tag-tse","tag-votoparcialementira","tag-aricunha","tag-brasilia","tag-circecunha","tag-mamfil"],"_links":{"self":[{"href":"https:\/\/blogs.correiobraziliense.com.br\/aricunha\/wp-json\/wp\/v2\/posts\/12303","targetHints":{"allow":["GET"]}}],"collection":[{"href":"https:\/\/blogs.correiobraziliense.com.br\/aricunha\/wp-json\/wp\/v2\/posts"}],"about":[{"href":"https:\/\/blogs.correiobraziliense.com.br\/aricunha\/wp-json\/wp\/v2\/types\/post"}],"author":[{"embeddable":true,"href":"https:\/\/blogs.correiobraziliense.com.br\/aricunha\/wp-json\/wp\/v2\/users\/34"}],"replies":[{"embeddable":true,"href":"https:\/\/blogs.correiobraziliense.com.br\/aricunha\/wp-json\/wp\/v2\/comments?post=12303"}],"version-history":[{"count":7,"href":"https:\/\/blogs.correiobraziliense.com.br\/aricunha\/wp-json\/wp\/v2\/posts\/12303\/revisions"}],"predecessor-version":[{"id":12317,"href":"https:\/\/blogs.correiobraziliense.com.br\/aricunha\/wp-json\/wp\/v2\/posts\/12303\/revisions\/12317"}],"wp:featuredmedia":[{"embeddable":true,"href":"https:\/\/blogs.correiobraziliense.com.br\/aricunha\/wp-json\/wp\/v2\/media\/12310"}],"wp:attachment":[{"href":"https:\/\/blogs.correiobraziliense.com.br\/aricunha\/wp-json\/wp\/v2\/media?parent=12303"}],"wp:term":[{"taxonomy":"category","embeddable":true,"href":"https:\/\/blogs.correiobraziliense.com.br\/aricunha\/wp-json\/wp\/v2\/categories?post=12303"},{"taxonomy":"post_tag","embeddable":true,"href":"https:\/\/blogs.correiobraziliense.com.br\/aricunha\/wp-json\/wp\/v2\/tags?post=12303"}],"curies":[{"name":"wp","href":"https:\/\/api.w.org\/{rel}","templated":true}]}}