{"id":12295,"date":"2018-10-02T01:00:38","date_gmt":"2018-10-02T04:00:38","guid":{"rendered":"https:\/\/blogs.correiobraziliense.com.br\/aricunha\/?p=12295"},"modified":"2018-10-01T20:20:34","modified_gmt":"2018-10-01T23:20:34","slug":"uma-proposta-para-um-futuro-de-atraso-primeira-parte","status":"publish","type":"post","link":"https:\/\/blogs.correiobraziliense.com.br\/aricunha\/uma-proposta-para-um-futuro-de-atraso-primeira-parte\/","title":{"rendered":"Uma proposta para um futuro de atraso \u2013 Primeira Parte"},"content":{"rendered":"<p style=\"text-align: justify\">ARI CUNHA<\/p>\n<p style=\"text-align: justify\">Visto, lido e ouvido<\/p>\n<p style=\"text-align: justify\">Desde 1960<\/p>\n<p style=\"text-align: justify\">com Circe Cunha e Mamfil;<\/p>\n<p style=\"text-align: justify\">colunadoaricunha@gmail.com;<\/p>\n<p style=\"text-align: justify\">Facebook.com\/vistolidoeouvido<\/p>\n<p style=\"text-align: justify\">Instagram.com\/vistolidoeouvido<\/p>\n<figure id=\"attachment_12297\" aria-describedby=\"caption-attachment-12297\" style=\"width: 510px\" class=\"wp-caption aligncenter\"><img loading=\"lazy\" decoding=\"async\" class=\" wp-image-12297\" src=\"https:\/\/blogs.correiobraziliense.com.br\/aricunha\/wp-content\/uploads\/sites\/13\/2018\/10\/haddad-e-lula-1.jpg\" alt=\"Foto: carlossousa.com.br\" width=\"510\" height=\"394\" srcset=\"https:\/\/blogs.correiobraziliense.com.br\/aricunha\/wp-content\/uploads\/sites\/13\/2018\/10\/haddad-e-lula-1.jpg 675w, https:\/\/blogs.correiobraziliense.com.br\/aricunha\/wp-content\/uploads\/sites\/13\/2018\/10\/haddad-e-lula-1-300x232.jpg 300w, https:\/\/blogs.correiobraziliense.com.br\/aricunha\/wp-content\/uploads\/sites\/13\/2018\/10\/haddad-e-lula-1-350x270.jpg 350w, https:\/\/blogs.correiobraziliense.com.br\/aricunha\/wp-content\/uploads\/sites\/13\/2018\/10\/haddad-e-lula-1-550x425.jpg 550w, https:\/\/blogs.correiobraziliense.com.br\/aricunha\/wp-content\/uploads\/sites\/13\/2018\/10\/haddad-e-lula-1-230x178.jpg 230w\" sizes=\"auto, (max-width: 510px) 100vw, 510px\" \/><figcaption id=\"caption-attachment-12297\" class=\"wp-caption-text\">Foto: carlossousa.com.br<\/figcaption><\/figure>\n<p style=\"text-align: justify\">\u00a0\u00a0\u00a0\u00a0\u00a0\u00a0\u00a0\u00a0 Uma leitura atenta ao programa de governo apresentada pelo Partido dos Trabalhadores, para o pa\u00eds entre 2019 e 2022, mostra, com todas as letras, que a legenda, ou o que sobrou dela, e seu propriet\u00e1rio n\u00e3o aprenderam nada, n\u00e3o esqueceram nada.<\/p>\n<p style=\"text-align: justify\">\u00a0\u00a0\u00a0\u00a0\u00a0\u00a0\u00a0\u00a0 Confeccionada sob medida para ampliar, ao infinito, os poderes do Executivo, o programa, significaria, em caso de vit\u00f3ria do t\u00edtere candidato, uma retomada dos ideais desse governo. Seguiria o Brasil a percorrer os mesmos caminhos j\u00e1 trilhados por pa\u00edses como a Venezuela, com a diferen\u00e7a de que hoje podemos antever, ao vivo e a cores, a que futuro nos reserva.<\/p>\n<p style=\"text-align: justify\">\u00a0 \u00a0 \u00a0 Na realidade, o que o PT chama de programa de governo n\u00e3o passa de uma cole\u00e7\u00e3o de sandices que visa a consolida\u00e7\u00e3o do bolivarianismo no pa\u00eds, por meio de uma s\u00e9rie de medidas, de car\u00e1ter autocr\u00e1ticas, a come\u00e7ar pelo que consideram ser \u201co desafio de refundar e aprofundar a democracia no Brasil\u201d. Para tanto, o documento enfatiza que o pacto constitucional de 1988 foi quebrado pelo golpe de Estado de 2016\u201d, o que torna necess\u00e1rio um \u201crefundar do Brasil\u201d e \u201crealizar as reformas democr\u00e1ticas\u201d, o que levaria o governo a \u201crevogar as medidas de car\u00e1ter inconstitucional, antinacional ou antipopular editadas pelo atual governo ileg\u00edtimo\u201d.<\/p>\n<p style=\"text-align: justify\">\u00a0\u00a0\u00a0\u00a0\u00a0\u00a0\u00a0\u00a0 A proposta, portanto, em sua nova vers\u00e3o, iria fazer uma s\u00e9rie de revoga\u00e7\u00f5es de medidas\u201d, ao mesmo tempo em que promover\u00e1 \u201creferendos revocat\u00f3rios necess\u00e1rios para dirimir democraticamente as diverg\u00eancias entre os Poderes Executivo e Legislativo sobre esse entulho autorit\u00e1rio legado pelo governo golpista\u201d. Afirmam ser preciso \u201cmelhorar a qualidade da democracia no Brasil, combinar de forma eficaz a democracia representativa e novas formas de exerc\u00edcio da democracia participativa, e enfrentar o processo devastador de desqualifica\u00e7\u00e3o da pol\u00edtica e de deslegitima\u00e7\u00e3o das institui\u00e7\u00f5es\u201d.<\/p>\n<p style=\"text-align: justify\">\u00a0 \u00a0 \u00a0 \u00a0A f\u00f3rmula apresentada pelo partido para \u2018melhorar a democracia\u2019 se daria por meio de uma \u201campla reforma pol\u00edtica com participa\u00e7\u00e3o popular com a ado\u00e7\u00e3o da paridade de g\u00eanero e de cotas de representatividade \u00e9tnico &#8211; racial\u201d. Com essas estrat\u00e9gias, os lulistas pensam em \u201c expandir para o Presidente da Rep\u00fablica e para a iniciativa popular a prerrogativa de propor a convoca\u00e7\u00e3o de plebiscitos e referendos.\u201d Essa reforma, na avalia\u00e7\u00e3o desse partido\u201d n\u00e3o esgota a necess\u00e1ria reforma do sistema pol\u00edtico e do Estado\u201d, sendo preciso ainda \u201cinstituir medidas para estimular a participa\u00e7\u00e3o e o controle social em todos os poderes da Uni\u00e3o (Executivo, Legislativo, Judici\u00e1rio) e no Minist\u00e9rio P\u00fablico\u201d, condi\u00e7\u00e3o que, entendem, ir\u00e1 dar \u201creequil\u00edbrio de poder e valoriza\u00e7\u00e3o da esfera p\u00fablica no pa\u00eds.\u201d<\/p>\n<p style=\"text-align: justify\">\u00a0\u00a0\u00a0\u00a0\u00a0\u00a0\u00a0\u00a0 Para essas novas fun\u00e7\u00f5es, o partido considera que \u201cos \u00f3rg\u00e3os de fiscaliza\u00e7\u00e3o e controle\u201d passaram a extrapolar suas fun\u00e7\u00f5es, impondo \u201caos \u00f3rg\u00e3os do Executivo suas prefer\u00eancias de pol\u00edticas p\u00fablicas\u201d, o que obrigaria \u00e0 uma \u201creforma dos tribunais de contas\u201d, com vistas a \u201cincluir altera\u00e7\u00e3o nos crit\u00e9rios de nomea\u00e7\u00e3o, institui\u00e7\u00e3o de tempo de mandatos, cria\u00e7\u00e3o de Conselho Nacional e outros mecanismos de participa\u00e7\u00e3o e controle social.\u201d No tocante \u00e0 corrup\u00e7\u00e3o, assunto no qual o partido \u00e9 considerado expert, o programa diz que o \u201ccombate \u00e0 corrup\u00e7\u00e3o n\u00e3o pode servir \u00e0 criminaliza\u00e7\u00e3o da pol\u00edtica: ela n\u00e3o legitima a ado\u00e7\u00e3o de julgamentos de exce\u00e7\u00e3o, o atropelamento dos direitos e garantias fundamentais\u201d.<\/p>\n<p style=\"text-align: justify\">\u00a0\u00a0\u00a0\u00a0\u00a0\u00a0\u00a0\u00a0 Para o Poder Judici\u00e1rio, tantas vezes acusado pelos petistas de persegui-los, o programa promete \u201cfavorecer o ingresso e a ascens\u00e3o nas carreiras do Sistema de Justi\u00e7a a todos os segmentos da popula\u00e7\u00e3o, em particular daqueles que s\u00e3o v\u00edtimas hist\u00f3ricas de desigualdades e opress\u00f5es.\u201d<\/p>\n<p style=\"text-align: justify\"><strong>A frase que foi pronunciada:<\/strong><\/p>\n<p style=\"text-align: justify\"><em>\u201c Venezuelanos est\u00e3o saindo do pa\u00eds com bolsos cheios de d\u00f3lares.\u201d<\/em><\/p>\n<p style=\"text-align: justify\">Nicolas Maduro entre a pr\u00e1tica e o discurso<\/p>\n<p>https:\/\/www.youtube.com\/watch?v=bBfnYM03J8k<\/p>\n<p style=\"text-align: justify\"><strong>Doadores\u00a0\u00a0 <\/strong><\/p>\n<p style=\"text-align: justify\">Daniele Oliveira, coordenadora do Redome, est\u00e1 atenta se os novos doadores t\u00eam no\u00e7\u00e3o da responsabilidade que assumiram, inclusive de manter o cadastro atualizado. Hoje, o n\u00famero de doadores chega perto de 5 milh\u00f5es de pessoas. O Redome &#8211; Registro Nacional de Doadores de Medula \u00d3ssea, tem um banco de dados nacional.<\/p>\n<p>https:\/\/www.youtube.com\/watch?v=TLq8m_HrzBY<\/p>\n<p style=\"text-align: justify\"><strong>Sem limites<\/strong><\/p>\n<p style=\"text-align: justify\">Um professor \u00e9 surpreendido por tr\u00eas alunos adolescentes, um usando droga na sala de aula e com um fac\u00e3o. Os outros, fazendo amea\u00e7as. A puni\u00e7\u00e3o: Assinaram um termo de Compromisso de Comparecimento na Justi\u00e7a.<\/p>\n<figure id=\"attachment_12298\" aria-describedby=\"caption-attachment-12298\" style=\"width: 443px\" class=\"wp-caption aligncenter\"><img loading=\"lazy\" decoding=\"async\" class=\" wp-image-12298\" src=\"https:\/\/blogs.correiobraziliense.com.br\/aricunha\/wp-content\/uploads\/sites\/13\/2018\/10\/AAAA.jpg\" alt=\"Charge do Izidro\" width=\"443\" height=\"387\" srcset=\"https:\/\/blogs.correiobraziliense.com.br\/aricunha\/wp-content\/uploads\/sites\/13\/2018\/10\/AAAA.jpg 645w, https:\/\/blogs.correiobraziliense.com.br\/aricunha\/wp-content\/uploads\/sites\/13\/2018\/10\/AAAA-300x262.jpg 300w, https:\/\/blogs.correiobraziliense.com.br\/aricunha\/wp-content\/uploads\/sites\/13\/2018\/10\/AAAA-350x306.jpg 350w, https:\/\/blogs.correiobraziliense.com.br\/aricunha\/wp-content\/uploads\/sites\/13\/2018\/10\/AAAA-550x481.jpg 550w, https:\/\/blogs.correiobraziliense.com.br\/aricunha\/wp-content\/uploads\/sites\/13\/2018\/10\/AAAA-230x201.jpg 230w\" sizes=\"auto, (max-width: 443px) 100vw, 443px\" \/><figcaption id=\"caption-attachment-12298\" class=\"wp-caption-text\">Charge do Izidro<\/figcaption><\/figure>\n<p style=\"text-align: justify\"><strong>Diferen\u00e7a<\/strong><\/p>\n<p style=\"text-align: justify\">Aos pais que querem um futuro melhor para os filhos, aten\u00e7\u00e3o! Hoje \u00e9 o \u00faltimo dia de inscri\u00e7\u00e3o para disputar vagas no Instituto Federal de Bras\u00edlia-IFB, no campus Estrutural. Basta ver a alegria dos estudantes do IFB para constatar que diferen\u00e7a faz na educa\u00e7\u00e3o quando o interesse de progredir parte dos pr\u00f3prios alunos.<\/p>\n<figure id=\"attachment_12299\" aria-describedby=\"caption-attachment-12299\" style=\"width: 464px\" class=\"wp-caption aligncenter\"><img loading=\"lazy\" decoding=\"async\" class=\" wp-image-12299\" src=\"https:\/\/blogs.correiobraziliense.com.br\/aricunha\/wp-content\/uploads\/sites\/13\/2018\/10\/andamento_31215-1.jpg\" alt=\"Imagem: ifb.edu.br\" width=\"464\" height=\"198\" srcset=\"https:\/\/blogs.correiobraziliense.com.br\/aricunha\/wp-content\/uploads\/sites\/13\/2018\/10\/andamento_31215-1.jpg 750w, https:\/\/blogs.correiobraziliense.com.br\/aricunha\/wp-content\/uploads\/sites\/13\/2018\/10\/andamento_31215-1-300x128.jpg 300w, https:\/\/blogs.correiobraziliense.com.br\/aricunha\/wp-content\/uploads\/sites\/13\/2018\/10\/andamento_31215-1-350x149.jpg 350w, https:\/\/blogs.correiobraziliense.com.br\/aricunha\/wp-content\/uploads\/sites\/13\/2018\/10\/andamento_31215-1-550x235.jpg 550w, https:\/\/blogs.correiobraziliense.com.br\/aricunha\/wp-content\/uploads\/sites\/13\/2018\/10\/andamento_31215-1-230x98.jpg 230w\" sizes=\"auto, (max-width: 464px) 100vw, 464px\" \/><figcaption id=\"caption-attachment-12299\" class=\"wp-caption-text\">Imagem: ifb.edu.br<\/figcaption><\/figure>\n<p style=\"text-align: justify\"><strong>Resposta<\/strong><\/p>\n<p style=\"text-align: justify\">A LATAM Airlines Brasil informa que, devido \u00e0 restri\u00e7\u00e3o de acesso da aeronave no espa\u00e7o a\u00e9reo peruano, o voo LA8100 (S\u00e3o Paulo\/Guarulhos &#8211; Lima), de sexta-feira (28), alternou para o aeroporto de Rio Branco, pousando normalmente \u00e0s 8h*. A empresa refor\u00e7a que segue os mais elevados padr\u00f5es de seguran\u00e7a, atendendo rigorosamente aos regulamentos de autoridades nacionais e internacionais.<\/p>\n<figure id=\"attachment_11640\" aria-describedby=\"caption-attachment-11640\" style=\"width: 429px\" class=\"wp-caption aligncenter\"><img loading=\"lazy\" decoding=\"async\" class=\" wp-image-11640\" src=\"https:\/\/blogs.correiobraziliense.com.br\/aricunha\/wp-content\/uploads\/sites\/13\/2018\/07\/download-1.png\" alt=\"Logo: latam.com\" width=\"429\" height=\"135\" srcset=\"https:\/\/blogs.correiobraziliense.com.br\/aricunha\/wp-content\/uploads\/sites\/13\/2018\/07\/download-1.png 400w, https:\/\/blogs.correiobraziliense.com.br\/aricunha\/wp-content\/uploads\/sites\/13\/2018\/07\/download-1-300x95.png 300w, https:\/\/blogs.correiobraziliense.com.br\/aricunha\/wp-content\/uploads\/sites\/13\/2018\/07\/download-1-350x110.png 350w, https:\/\/blogs.correiobraziliense.com.br\/aricunha\/wp-content\/uploads\/sites\/13\/2018\/07\/download-1-230x72.png 230w\" sizes=\"auto, (max-width: 429px) 100vw, 429px\" \/><figcaption id=\"caption-attachment-11640\" class=\"wp-caption-text\">Logo: latam.com<\/figcaption><\/figure>\n<p style=\"text-align: justify\"><strong>HIST\u00d3RIA DE BRAS\u00cdLIA<\/strong><\/p>\n<p style=\"text-align: justify\">O Conselho de Ministros tem reclamado que a imprensa tem desprestigiado o seu trabalho, mas o abandono que todos os ministros devotam ao Distrito Federal \u00e9 a principal raz\u00e3o. <strong>(Publicado em 31.10.1961)<\/strong><\/p>\n","protected":false},"excerpt":{"rendered":"<p>ARI CUNHA Visto, lido e ouvido Desde 1960 com Circe Cunha e Mamfil; colunadoaricunha@gmail.com; Facebook.com\/vistolidoeouvido Instagram.com\/vistolidoeouvido \u00a0\u00a0\u00a0\u00a0\u00a0\u00a0\u00a0\u00a0 Uma leitura atenta ao programa de governo apresentada pelo Partido dos Trabalhadores, para o pa\u00eds entre 2019 e 2022, mostra, com todas as letras, que a legenda, ou o que sobrou dela, e seu propriet\u00e1rio n\u00e3o aprenderam nada, n\u00e3o esqueceram nada. \u00a0\u00a0\u00a0\u00a0\u00a0\u00a0\u00a0\u00a0 Confeccionada [&hellip;]<\/p>\n","protected":false},"author":34,"featured_media":12297,"comment_status":"open","ping_status":"open","sticky":false,"template":"","format":"standard","meta":{"footnotes":""},"categories":[23],"tags":[287,127,551,981,588,986,983,980,119,984,982,985],"class_list":["post-12295","post","type-post","status-publish","format-standard","has-post-thumbnail","hentry","category-integra","tag-corrupcao","tag-eleicoes2018","tag-esquerdanobrasil","tag-haddad","tag-latam","tag-matriculanoifbestrutural","tag-nicolasmaduro","tag-planodegovernodopt","tag-pt","tag-redome-registronacionaldedoadoresdemedulaossea","tag-venezuela","tag-violenciacontraprofessor"],"_links":{"self":[{"href":"https:\/\/blogs.correiobraziliense.com.br\/aricunha\/wp-json\/wp\/v2\/posts\/12295","targetHints":{"allow":["GET"]}}],"collection":[{"href":"https:\/\/blogs.correiobraziliense.com.br\/aricunha\/wp-json\/wp\/v2\/posts"}],"about":[{"href":"https:\/\/blogs.correiobraziliense.com.br\/aricunha\/wp-json\/wp\/v2\/types\/post"}],"author":[{"embeddable":true,"href":"https:\/\/blogs.correiobraziliense.com.br\/aricunha\/wp-json\/wp\/v2\/users\/34"}],"replies":[{"embeddable":true,"href":"https:\/\/blogs.correiobraziliense.com.br\/aricunha\/wp-json\/wp\/v2\/comments?post=12295"}],"version-history":[{"count":2,"href":"https:\/\/blogs.correiobraziliense.com.br\/aricunha\/wp-json\/wp\/v2\/posts\/12295\/revisions"}],"predecessor-version":[{"id":12300,"href":"https:\/\/blogs.correiobraziliense.com.br\/aricunha\/wp-json\/wp\/v2\/posts\/12295\/revisions\/12300"}],"wp:featuredmedia":[{"embeddable":true,"href":"https:\/\/blogs.correiobraziliense.com.br\/aricunha\/wp-json\/wp\/v2\/media\/12297"}],"wp:attachment":[{"href":"https:\/\/blogs.correiobraziliense.com.br\/aricunha\/wp-json\/wp\/v2\/media?parent=12295"}],"wp:term":[{"taxonomy":"category","embeddable":true,"href":"https:\/\/blogs.correiobraziliense.com.br\/aricunha\/wp-json\/wp\/v2\/categories?post=12295"},{"taxonomy":"post_tag","embeddable":true,"href":"https:\/\/blogs.correiobraziliense.com.br\/aricunha\/wp-json\/wp\/v2\/tags?post=12295"}],"curies":[{"name":"wp","href":"https:\/\/api.w.org\/{rel}","templated":true}]}}