{"id":12273,"date":"2018-09-29T01:00:17","date_gmt":"2018-09-29T04:00:17","guid":{"rendered":"https:\/\/blogs.correiobraziliense.com.br\/aricunha\/?p=12273"},"modified":"2018-10-01T18:42:28","modified_gmt":"2018-10-01T21:42:28","slug":"historia-de-brasilia-se-divide-em-antes-e-depois-de-roriz","status":"publish","type":"post","link":"https:\/\/blogs.correiobraziliense.com.br\/aricunha\/historia-de-brasilia-se-divide-em-antes-e-depois-de-roriz\/","title":{"rendered":"A hist\u00f3ria de Bras\u00edlia se divide em antes e depois de Roriz"},"content":{"rendered":"<p style=\"text-align: justify\">ARI CUNHA<\/p>\n<p style=\"text-align: justify\">Visto, lido e ouvido<\/p>\n<p style=\"text-align: justify\">Desde 1960<\/p>\n<p style=\"text-align: justify\">com Circe Cunha e Mamfil;<\/p>\n<p style=\"text-align: justify\">colunadoaricunha@gmail.com;<\/p>\n<p style=\"text-align: justify\">Facebook.com\/vistolidoeouvido<\/p>\n<p style=\"text-align: justify\">Instagram.com\/vistolidoeouvido<\/p>\n<figure id=\"attachment_12277\" aria-describedby=\"caption-attachment-12277\" style=\"width: 600px\" class=\"wp-caption aligncenter\"><img loading=\"lazy\" decoding=\"async\" class=\"size-full wp-image-12277\" src=\"https:\/\/blogs.correiobraziliense.com.br\/aricunha\/wp-content\/uploads\/sites\/13\/2018\/09\/A-Maior-Favela-da-Am\u00e9rica-Latina1.jpg\" alt=\"chiquinhodornas.blogspot.com\" width=\"600\" height=\"360\" srcset=\"https:\/\/blogs.correiobraziliense.com.br\/aricunha\/wp-content\/uploads\/sites\/13\/2018\/09\/A-Maior-Favela-da-Am\u00e9rica-Latina1.jpg 600w, https:\/\/blogs.correiobraziliense.com.br\/aricunha\/wp-content\/uploads\/sites\/13\/2018\/09\/A-Maior-Favela-da-Am\u00e9rica-Latina1-300x180.jpg 300w, https:\/\/blogs.correiobraziliense.com.br\/aricunha\/wp-content\/uploads\/sites\/13\/2018\/09\/A-Maior-Favela-da-Am\u00e9rica-Latina1-350x210.jpg 350w, https:\/\/blogs.correiobraziliense.com.br\/aricunha\/wp-content\/uploads\/sites\/13\/2018\/09\/A-Maior-Favela-da-Am\u00e9rica-Latina1-550x330.jpg 550w, https:\/\/blogs.correiobraziliense.com.br\/aricunha\/wp-content\/uploads\/sites\/13\/2018\/09\/A-Maior-Favela-da-Am\u00e9rica-Latina1-230x138.jpg 230w\" sizes=\"auto, (max-width: 600px) 100vw, 600px\" \/><figcaption id=\"caption-attachment-12277\" class=\"wp-caption-text\">chiquinhodornas.blogspot.com<\/figcaption><\/figure>\n<p style=\"text-align: justify\">\u00a0 \u00a0 \u00a0 Dif\u00edcil ficar indiferente \u00e0 figura do pol\u00edtico goiano Joaquim Roriz, n\u00e3o apenas pelo fato de ter sido o \u00fanico governador a ocupar, por quatro vezes, o Pal\u00e1cio do Buriti, mas, sobretudo, porque foi em sua longa gest\u00e3o, compreendida entre 1988 at\u00e9 2006, que o Distrito Federal ganhou autonomia pol\u00edtica, se igualando as demais unidades da federa\u00e7\u00e3o em \u00eaxito e ru\u00edna.<\/p>\n<p style=\"text-align: justify\">\u00a0 \u00a0 \u00a0 \u00a0Dessa forma, n\u00e3o seria exagero afirmar que toda a hist\u00f3ria pol\u00edtica local, da capital do pa\u00eds, teve seu in\u00edcio e expans\u00e3o exatamente sob o comando de Roriz e do grupo que montou em torno de si para comandar uma cidade absolutamente sui generis sob todos os pontos de vista. De sa\u00edda, \u00e9 preciso observar que governos com longas dura\u00e7\u00f5es, numa Rep\u00fablica como as nossas caracter\u00edsticas, como de resto em outras partes do mundo, normalmente tendem a se enveredar por desv\u00e3os de percurso que, n\u00e3o raro, resvalam ou se afundam em s\u00e9rios problemas de natureza \u00e9tica.<\/p>\n<p style=\"text-align: justify\">\u00a0 \u00a0 \u00a0 Em Bras\u00edlia, essa circunst\u00e2ncia n\u00e3o foi diferente. F\u00f4ssemos reduzir todo o governo de Joaquim Roriz \u00e0 um m\u00ednimo divisor comum, capaz de definir sua administra\u00e7\u00e3o em poucas linhas, ter\u00edamos que destacar, em primeir\u00edssimo plano, sua intensa atua\u00e7\u00e3o na quest\u00e3o fundi\u00e1ria da capital. T\u00e3o logo assumiu, seu instinto pol\u00edtico apurado captou que estava na quest\u00e3o das terras da capital o grande fil\u00e3o que iria orientar todo o seu governo.<\/p>\n<p style=\"text-align: justify\">\u00a0 \u00a0 \u00a0Desde a constru\u00e7\u00e3o de Bras\u00edlia, feita a toque de caixa em 1000 dias, a quest\u00e3o da titularidade das terras, anteriormente pertencentes \u00e0 particulares, inclusive de Roriz, e que foram desapropriadas pela Uni\u00e3o, ainda permanecia repleta de imprecis\u00f5es, com demarca\u00e7\u00f5es confusas e cheias de falhas t\u00e9cnicas. Foi do projeto original e bem elaborado por Maria do Barro, que visava reassentar dignamente diversas fam\u00edlias carentes dispersas pela cidade, que Roriz colheu a inspira\u00e7\u00e3o para dar in\u00edcio ao maior plano de distribui\u00e7\u00e3o de terras j\u00e1 realizado em todo o pa\u00eds.<\/p>\n<p style=\"text-align: justify\">\u00a0 \u00a0 \u00a0 \u00a0 \u00a0Com Roriz, a quest\u00e3o fundi\u00e1ria na capital ganhou dimens\u00f5es jamais vistas, adquirindo tanto aspectos positivos, no campo social, como fei\u00e7\u00f5es absolutamente reprov\u00e1veis do ponto de vista \u00e9tico e de preju\u00edzos para uma cidade planejada e que viria a ser tombada como Patrim\u00f4nio Cultural da Humanidade.<\/p>\n<p style=\"text-align: justify\">\u00a0 \u00a0 \u00a0 \u00a0 Roriz e principalmente o grupo de apoio pol\u00edtico que orbitava ao seu redor, e que ainda a\u00ed est\u00e1 correndo atr\u00e1s dos eleitores nesse pleito, transformaram grandes extens\u00f5es de terras, dentro do quadril\u00e1tero do DF, em capital pol\u00edtico, o que, ao mesmo tempo em que conferiu imenso poder ao seu governo, acarretou-lhe grande prest\u00edgio pessoal.<\/p>\n<p style=\"text-align: justify\">\u00a0 \u00a0 \u00a0 \u00a0 Com ele, as terras devolutas ou em m\u00e3os de pretensos propriet\u00e1rios foram fartamente distribu\u00eddas entre seus apoiadores, principalmente ao associar cada lote \u00e0 um voto. Transformadas, desde logo, em moeda de troca, as terras do DF, serviram como pilar ao longo de todo o seu governo. A cria\u00e7\u00e3o da C\u00e2mara Distrital, estabelecida gra\u00e7as, tamb\u00e9m, a emancipa\u00e7\u00e3o pol\u00edtica da capital, veio refor\u00e7ar, ainda mais, o apoio as pol\u00edticas de Joaquim Roriz, sobretudo na quest\u00e3o fundi\u00e1ria da cidade, setor no qual os novos parlamentares tamb\u00e9m colheram altas vantagens.<\/p>\n<p style=\"text-align: justify\">\u00a0 \u00a0 \u00a0 \u00a0 \u00a0 Da associa\u00e7\u00e3o entre pol\u00edticos sedentos e empres\u00e1rios gananciosos da constru\u00e7\u00e3o civil, resultou o r\u00e1pido incha\u00e7o populacional da capital, com a cria\u00e7\u00e3o de uma s\u00e9rie de novas regi\u00f5es administrativas, novos bairros e centenas de condom\u00ednios espalhados por toda parte. Com isso, a expans\u00e3o desordenada da cidade tomou rumos incontrol\u00e1veis, colocando de cabe\u00e7a para baixo todo o minucioso planejamento anterior.<\/p>\n<p style=\"text-align: justify\">\u00a0 \u00a0 \u00a0 \u00a0 \u00a0 Idolatrado por parte daqueles que foram beneficiados com terras e odiado por urbanistas e planejadores. O fato \u00e9 que com a chegada de Roriz, a hist\u00f3ria de Bras\u00edlia passou a se dividir em duas partes bem distintas, uma antes e outra ap\u00f3s o governo Roriz.<\/p>\n<p style=\"text-align: justify\"><strong>A frase que foi pronunciada:<\/strong><\/p>\n<p style=\"text-align: justify\"><em>\u201cO que consegui realizar, os amigos que fiz ao longo dos anos, falam por mim.\u201d<\/em><\/p>\n<p style=\"text-align: justify\">Joaquim Roriz<\/p>\n<figure id=\"attachment_12278\" aria-describedby=\"caption-attachment-12278\" style=\"width: 607px\" class=\"wp-caption aligncenter\"><img loading=\"lazy\" decoding=\"async\" class=\" wp-image-12278\" src=\"https:\/\/blogs.correiobraziliense.com.br\/aricunha\/wp-content\/uploads\/sites\/13\/2018\/09\/scale_1200x1200x0x0_rorizgrande-1538058073-68.jpg\" alt=\"Foto: especiais.correiobraziliense.com.br\" width=\"607\" height=\"375\" srcset=\"https:\/\/blogs.correiobraziliense.com.br\/aricunha\/wp-content\/uploads\/sites\/13\/2018\/09\/scale_1200x1200x0x0_rorizgrande-1538058073-68.jpg 1200w, https:\/\/blogs.correiobraziliense.com.br\/aricunha\/wp-content\/uploads\/sites\/13\/2018\/09\/scale_1200x1200x0x0_rorizgrande-1538058073-68-300x186.jpg 300w, https:\/\/blogs.correiobraziliense.com.br\/aricunha\/wp-content\/uploads\/sites\/13\/2018\/09\/scale_1200x1200x0x0_rorizgrande-1538058073-68-768x475.jpg 768w, https:\/\/blogs.correiobraziliense.com.br\/aricunha\/wp-content\/uploads\/sites\/13\/2018\/09\/scale_1200x1200x0x0_rorizgrande-1538058073-68-1024x633.jpg 1024w, https:\/\/blogs.correiobraziliense.com.br\/aricunha\/wp-content\/uploads\/sites\/13\/2018\/09\/scale_1200x1200x0x0_rorizgrande-1538058073-68-350x216.jpg 350w, https:\/\/blogs.correiobraziliense.com.br\/aricunha\/wp-content\/uploads\/sites\/13\/2018\/09\/scale_1200x1200x0x0_rorizgrande-1538058073-68-550x340.jpg 550w, https:\/\/blogs.correiobraziliense.com.br\/aricunha\/wp-content\/uploads\/sites\/13\/2018\/09\/scale_1200x1200x0x0_rorizgrande-1538058073-68-230x142.jpg 230w\" sizes=\"auto, (max-width: 607px) 100vw, 607px\" \/><figcaption id=\"caption-attachment-12278\" class=\"wp-caption-text\">Foto: especiais.correiobraziliense.com.br<\/figcaption><\/figure>\n<p style=\"text-align: justify\"><strong>Mais aten\u00e7\u00e3o<\/strong><\/p>\n<p style=\"text-align: justify\">Hoje temos o seguinte n\u00famero de Empresas Optantes no SIMEI em Setembro\/2018, por M\u00eas\/Dia:7.393.525. Com essa demanda \u00e9 urgente que se disponibilizem mais canais de informa\u00e7\u00f5es e mais capacita\u00e7\u00e3o para os atendentes dos canais que j\u00e1 existe. O atendimento aos microempres\u00e1rios individuais \u00e9 dado para induzir \u00e0 desist\u00eancia.<\/p>\n<figure id=\"attachment_12279\" aria-describedby=\"caption-attachment-12279\" style=\"width: 603px\" class=\"wp-caption aligncenter\"><img loading=\"lazy\" decoding=\"async\" class=\" wp-image-12279\" src=\"https:\/\/blogs.correiobraziliense.com.br\/aricunha\/wp-content\/uploads\/sites\/13\/2018\/09\/doc-2.png\" alt=\"Imagem: totalofficepi.com\" width=\"603\" height=\"338\" srcset=\"https:\/\/blogs.correiobraziliense.com.br\/aricunha\/wp-content\/uploads\/sites\/13\/2018\/09\/doc-2.png 600w, https:\/\/blogs.correiobraziliense.com.br\/aricunha\/wp-content\/uploads\/sites\/13\/2018\/09\/doc-2-300x168.png 300w, https:\/\/blogs.correiobraziliense.com.br\/aricunha\/wp-content\/uploads\/sites\/13\/2018\/09\/doc-2-350x196.png 350w, https:\/\/blogs.correiobraziliense.com.br\/aricunha\/wp-content\/uploads\/sites\/13\/2018\/09\/doc-2-550x308.png 550w, https:\/\/blogs.correiobraziliense.com.br\/aricunha\/wp-content\/uploads\/sites\/13\/2018\/09\/doc-2-230x129.png 230w\" sizes=\"auto, (max-width: 603px) 100vw, 603px\" \/><figcaption id=\"caption-attachment-12279\" class=\"wp-caption-text\">Imagem: totalofficepi.com<\/figcaption><\/figure>\n<p style=\"text-align: justify\"><strong>Gin\u00e1stica<\/strong><\/p>\n<p style=\"text-align: justify\">O Hospital S\u00edrio-Liban\u00eas convida a comunidade de Bras\u00edlia a participar de uma gin\u00e1stica orientada no Parque da Cidade, hoje, entre 10h30 e 11h30. Os organizadores pedem para que os interessados cheguem com meia hora de anteced\u00eancia. A iniciativa \u00e9 do hospital em parceria com os Centros de Cardiologia e Oncologia.<\/p>\n<figure id=\"attachment_12280\" aria-describedby=\"caption-attachment-12280\" style=\"width: 598px\" class=\"wp-caption aligncenter\"><img loading=\"lazy\" decoding=\"async\" class=\" wp-image-12280\" src=\"https:\/\/blogs.correiobraziliense.com.br\/aricunha\/wp-content\/uploads\/sites\/13\/2018\/09\/42716237_1714504692008537_905945333010268160_n.jpg\" alt=\"Foto: facebook.com\/HospitalSirioLibanes\" width=\"598\" height=\"418\" srcset=\"https:\/\/blogs.correiobraziliense.com.br\/aricunha\/wp-content\/uploads\/sites\/13\/2018\/09\/42716237_1714504692008537_905945333010268160_n.jpg 756w, https:\/\/blogs.correiobraziliense.com.br\/aricunha\/wp-content\/uploads\/sites\/13\/2018\/09\/42716237_1714504692008537_905945333010268160_n-300x210.jpg 300w, https:\/\/blogs.correiobraziliense.com.br\/aricunha\/wp-content\/uploads\/sites\/13\/2018\/09\/42716237_1714504692008537_905945333010268160_n-350x245.jpg 350w, https:\/\/blogs.correiobraziliense.com.br\/aricunha\/wp-content\/uploads\/sites\/13\/2018\/09\/42716237_1714504692008537_905945333010268160_n-550x385.jpg 550w, https:\/\/blogs.correiobraziliense.com.br\/aricunha\/wp-content\/uploads\/sites\/13\/2018\/09\/42716237_1714504692008537_905945333010268160_n-230x161.jpg 230w\" sizes=\"auto, (max-width: 598px) 100vw, 598px\" \/><figcaption id=\"caption-attachment-12280\" class=\"wp-caption-text\">Foto: facebook.com\/HospitalSirioLibanes<\/figcaption><\/figure>\n<p style=\"text-align: justify\"><strong>Furada<\/strong><\/p>\n<p style=\"text-align: justify\">Nada melhor que ler jornais antigos uma semana antes das elei\u00e7\u00f5es. Prometiam transporte para a UnB, metr\u00f4 por superf\u00edcie ou subterr\u00e2neo. N\u00e3o conseguem nem evitar os furtos nos estacionamentos, imaginem uma obra desse porte.<\/p>\n<figure id=\"attachment_12282\" aria-describedby=\"caption-attachment-12282\" style=\"width: 589px\" class=\"wp-caption aligncenter\"><img loading=\"lazy\" decoding=\"async\" class=\" wp-image-12282\" src=\"https:\/\/blogs.correiobraziliense.com.br\/aricunha\/wp-content\/uploads\/sites\/13\/2018\/09\/promes2.jpg\" alt=\"Charge do Jotap\u00ea\" width=\"589\" height=\"490\" srcset=\"https:\/\/blogs.correiobraziliense.com.br\/aricunha\/wp-content\/uploads\/sites\/13\/2018\/09\/promes2.jpg 520w, https:\/\/blogs.correiobraziliense.com.br\/aricunha\/wp-content\/uploads\/sites\/13\/2018\/09\/promes2-300x250.jpg 300w, https:\/\/blogs.correiobraziliense.com.br\/aricunha\/wp-content\/uploads\/sites\/13\/2018\/09\/promes2-350x291.jpg 350w, https:\/\/blogs.correiobraziliense.com.br\/aricunha\/wp-content\/uploads\/sites\/13\/2018\/09\/promes2-230x192.jpg 230w\" sizes=\"auto, (max-width: 589px) 100vw, 589px\" \/><figcaption id=\"caption-attachment-12282\" class=\"wp-caption-text\">Charge do Jotap\u00ea<\/figcaption><\/figure>\n<p style=\"text-align: justify\"><strong>HIST\u00d3RIA DE BRAS\u00cdLIA <\/strong><\/p>\n<p style=\"text-align: justify\">Aquela constru\u00e7\u00e3o em frente ao aeroporto, que est\u00e1 em obras, ser\u00e1 a feira de arte popular, que se realiza sob os ausp\u00edcios da Funda\u00e7\u00e3o Cultural de Bras\u00edlia. <strong>(Publicado em 31.10.1961)<\/strong><\/p>\n","protected":false},"excerpt":{"rendered":"<p>ARI CUNHA Visto, lido e ouvido Desde 1960 com Circe Cunha e Mamfil; colunadoaricunha@gmail.com; Facebook.com\/vistolidoeouvido Instagram.com\/vistolidoeouvido \u00a0 \u00a0 \u00a0 Dif\u00edcil ficar indiferente \u00e0 figura do pol\u00edtico goiano Joaquim Roriz, n\u00e3o apenas pelo fato de ter sido o \u00fanico governador a ocupar, por quatro vezes, o Pal\u00e1cio do Buriti, mas, sobretudo, porque foi em sua longa gest\u00e3o, compreendida entre 1988 at\u00e9 [&hellip;]<\/p>\n","protected":false},"author":34,"featured_media":12277,"comment_status":"open","ping_status":"open","sticky":false,"template":"","format":"standard","meta":{"footnotes":""},"categories":[23],"tags":[968,127,966,964,114,971,965,970,967,969,68,2,69,16],"class_list":["post-12273","post","type-post","status-publish","format-standard","has-post-thumbnail","hentry","category-integra","tag-distribuicaodeterrasembrasilia","tag-eleicoes2018","tag-expansaodacapital","tag-governororiz","tag-historiadebrasilia","tag-hospitalsirio-libanes","tag-joaquimroriz","tag-microempresariosnobrasil","tag-questaofundiariaembrasilia","tag-terrasdevolutas","tag-aricunha","tag-brasilia","tag-circecunha","tag-mamfil"],"_links":{"self":[{"href":"https:\/\/blogs.correiobraziliense.com.br\/aricunha\/wp-json\/wp\/v2\/posts\/12273","targetHints":{"allow":["GET"]}}],"collection":[{"href":"https:\/\/blogs.correiobraziliense.com.br\/aricunha\/wp-json\/wp\/v2\/posts"}],"about":[{"href":"https:\/\/blogs.correiobraziliense.com.br\/aricunha\/wp-json\/wp\/v2\/types\/post"}],"author":[{"embeddable":true,"href":"https:\/\/blogs.correiobraziliense.com.br\/aricunha\/wp-json\/wp\/v2\/users\/34"}],"replies":[{"embeddable":true,"href":"https:\/\/blogs.correiobraziliense.com.br\/aricunha\/wp-json\/wp\/v2\/comments?post=12273"}],"version-history":[{"count":7,"href":"https:\/\/blogs.correiobraziliense.com.br\/aricunha\/wp-json\/wp\/v2\/posts\/12273\/revisions"}],"predecessor-version":[{"id":12293,"href":"https:\/\/blogs.correiobraziliense.com.br\/aricunha\/wp-json\/wp\/v2\/posts\/12273\/revisions\/12293"}],"wp:featuredmedia":[{"embeddable":true,"href":"https:\/\/blogs.correiobraziliense.com.br\/aricunha\/wp-json\/wp\/v2\/media\/12277"}],"wp:attachment":[{"href":"https:\/\/blogs.correiobraziliense.com.br\/aricunha\/wp-json\/wp\/v2\/media?parent=12273"}],"wp:term":[{"taxonomy":"category","embeddable":true,"href":"https:\/\/blogs.correiobraziliense.com.br\/aricunha\/wp-json\/wp\/v2\/categories?post=12273"},{"taxonomy":"post_tag","embeddable":true,"href":"https:\/\/blogs.correiobraziliense.com.br\/aricunha\/wp-json\/wp\/v2\/tags?post=12273"}],"curies":[{"name":"wp","href":"https:\/\/api.w.org\/{rel}","templated":true}]}}