{"id":12231,"date":"2018-09-25T01:00:07","date_gmt":"2018-09-25T04:00:07","guid":{"rendered":"https:\/\/blogs.correiobraziliense.com.br\/aricunha\/?p=12231"},"modified":"2018-09-24T20:04:51","modified_gmt":"2018-09-24T23:04:51","slug":"na-festa-da-democracia-eleitores-voltam-pe","status":"publish","type":"post","link":"https:\/\/blogs.correiobraziliense.com.br\/aricunha\/na-festa-da-democracia-eleitores-voltam-pe\/","title":{"rendered":"Na festa da democracia, eleitores voltam \u00e0 p\u00e9"},"content":{"rendered":"<p style=\"text-align: justify\">ARI CUNHA<\/p>\n<p style=\"text-align: justify\">Visto, lido e ouvido<\/p>\n<p style=\"text-align: justify\">Desde 1960<\/p>\n<p style=\"text-align: justify\">com Circe Cunha e Mamfil;<\/p>\n<p style=\"text-align: justify\">colunadoaricunha@gmail.com;<\/p>\n<p style=\"text-align: justify\">Facebook.com\/vistolidoeouvido<\/p>\n<p style=\"text-align: justify\">Instagram.com\/vistolidoeouvido<\/p>\n<figure id=\"attachment_12237\" aria-describedby=\"caption-attachment-12237\" style=\"width: 594px\" class=\"wp-caption aligncenter\"><img loading=\"lazy\" decoding=\"async\" class=\"size-full wp-image-12237\" src=\"https:\/\/blogs.correiobraziliense.com.br\/aricunha\/wp-content\/uploads\/sites\/13\/2018\/09\/Reforma-Agr\u00e1ria-630x381-1.jpg\" alt=\"Charge: fabianocartunista.com\" width=\"594\" height=\"381\" srcset=\"https:\/\/blogs.correiobraziliense.com.br\/aricunha\/wp-content\/uploads\/sites\/13\/2018\/09\/Reforma-Agr\u00e1ria-630x381-1.jpg 594w, https:\/\/blogs.correiobraziliense.com.br\/aricunha\/wp-content\/uploads\/sites\/13\/2018\/09\/Reforma-Agr\u00e1ria-630x381-1-300x192.jpg 300w, https:\/\/blogs.correiobraziliense.com.br\/aricunha\/wp-content\/uploads\/sites\/13\/2018\/09\/Reforma-Agr\u00e1ria-630x381-1-350x224.jpg 350w, https:\/\/blogs.correiobraziliense.com.br\/aricunha\/wp-content\/uploads\/sites\/13\/2018\/09\/Reforma-Agr\u00e1ria-630x381-1-550x353.jpg 550w, https:\/\/blogs.correiobraziliense.com.br\/aricunha\/wp-content\/uploads\/sites\/13\/2018\/09\/Reforma-Agr\u00e1ria-630x381-1-230x148.jpg 230w\" sizes=\"auto, (max-width: 594px) 100vw, 594px\" \/><figcaption id=\"caption-attachment-12237\" class=\"wp-caption-text\">Charge: fabianocartunista.com<\/figcaption><\/figure>\n<p style=\"text-align: justify\">\u00a0 \u00a0 \u00a0 \u00a0 \u00a0 Faltando pouco mais de uma semana para as elei\u00e7\u00f5es, at\u00e9 o presente momento, \u00e9 poss\u00edvel afirmar que nenhum cidad\u00e3o possui ainda a menor ideia sobre o que pensam os candidatos \u00e0 presid\u00eancia da Rep\u00fablica e que projetos reais possuem para resolver uma das mais graves e antigas quest\u00f5es que vem afetando a vida de milh\u00f5es de brasileiros h\u00e1 s\u00e9culos.<\/p>\n<p style=\"text-align: justify\">\u00a0 \u00a0 \u00a0 \u00a0 \u00a0Trata-se de um problema estrutural de grandes propor\u00e7\u00f5es, que tem resultado em uma desigualdade extrema de renda aliada a uma concentra\u00e7\u00e3o escandalosa de terras em m\u00e3os de uma pequena, mas poderosa, elite agr\u00e1ria. Olhado com mais acuidade, esse \u00e9, de fato, um problema hist\u00f3rico ainda longe de uma solu\u00e7\u00e3o razo\u00e1vel e que, obviamente, n\u00e3o ser\u00e1 resolvido, por meio dessa ou daquela ideologia ou vertente pol\u00edtica, mas, t\u00e3o somente, atrav\u00e9s de medidas racionais, justas e t\u00e9cnicas que garantam a cada brasileiro o direito \u00e0 propriedade, conforme assegura a Constitui\u00e7\u00e3o em seu artigo 5\u00ba, inciso XXII. Qualquer historiador, minimamente informado, sabe que o problema da desigualdade num pa\u00eds que ocupa uma das dez primeiras posi\u00e7\u00f5es mundiais nesse ranking possui uma rela\u00e7\u00e3o direta e particular com a concentra\u00e7\u00e3o de terra. Sabe-se tamb\u00e9m que a perpetua\u00e7\u00e3o dessa injusti\u00e7a s\u00f3 tem sido poss\u00edvel gra\u00e7as ao v\u00ednculo de s\u00e9culos entre os propriet\u00e1rios de terras e o exerc\u00edcio do poder pol\u00edtico.<\/p>\n<p style=\"text-align: justify\">\u00a0\u00a0\u00a0\u00a0\u00a0\u00a0\u00a0\u00a0 Desde sempre em nosso pa\u00eds, os grandes latifundi\u00e1rios mantiveram uma proximidade para l\u00e1 de suspeita com as elites pol\u00edticas dirigentes, formando, em v\u00e1rias ocasi\u00f5es, um forte grupo que tem conseguido atender aos interesses particulares de cada um, extraindo dessa uni\u00e3o proveitos e vantagens que obrigatoriamente s\u00e3o debitadas na conta dos pagadores de impostos.<\/p>\n<p style=\"text-align: justify\">\u00a0 \u00a0 \u00a0 \u00a0 Mais do que vantagens econ\u00f4micas obtidas por esse grupo, \u00e9 preciso salientar que dessa uni\u00e3o formada entre grandes latifundi\u00e1rios e a elite pol\u00edtica, o que tem resultado \u00e9 o \u00eaxodo rural com faveliza\u00e7\u00e3o dos centros urbanos, destrui\u00e7\u00e3o do meio ambiente e dos recursos naturais e a manuten\u00e7\u00e3o de um Brasil colonial, centrado no latif\u00fandio e na monocultura prim\u00e1ria de exporta\u00e7\u00e3o, exatamente como se fazia s\u00e9culos atr\u00e1s.<\/p>\n<p style=\"text-align: justify\">\u00a0 \u00a0 \u00a0 \u00a0Apesar dos argumentos de que o setor agr\u00edcola sustenta a economia do pa\u00eds, o fato \u00e9 que cabe a agricultura familiar, formada por pequenos agricultores, a produ\u00e7\u00e3o de 70% dos alimentos que v\u00e3o para mesa dos brasileiros a cada dia. Dados do Censo Agropecu\u00e1rio de 2006 mostram que as grandes propriedades somam apenas 0,91% do total dos estabelecimentos rurais, mas concentram 45% de toda a \u00e1rea rural do pa\u00eds. Isso equivale a afirmar que quase metade da \u00e1rea rural do pa\u00eds est\u00e1 nas m\u00e3os de menos de 1% da popula\u00e7\u00e3o, o que demonstra que o grau de concentra\u00e7\u00e3o de terras no Brasil \u00e9 um dos maiores do mundo. Nenhum outro pa\u00eds, em qualquer outro tempo, logrou se desenvolver, com harmonia e equidade, diante de uma tal concentra\u00e7\u00e3o de riqueza. Segundo a Procuradoria-Geral da Fazenda Nacional, 4.013 pessoas f\u00edsicas e jur\u00eddicas propriet\u00e1rias de terras devem algo como R$ 906 bilh\u00f5es ou o PIB da maioria dos estados brasileiros somados.<\/p>\n<p style=\"text-align: justify\">\u00a0 \u00a0 \u00a0 \u00a0 \u00a0Segundo o pr\u00f3prio Incra, existe nesse grupo seleto cerca de 729 latifundi\u00e1rios que possuem 4.057 im\u00f3veis rurais, totalizando 6,5 milh\u00f5es de hectares que, juntos, devem mais de R$ 200 bilh\u00f5es ao er\u00e1rio. Mas como formam uma parceria muito proveitosa com a elite pol\u00edtica, esses grandes propriet\u00e1rios n\u00e3o precisam esquentar a cabe\u00e7a para pagar seus d\u00e9bitos.<\/p>\n<p style=\"text-align: justify\">\u00a0\u00a0\u00a0\u00a0\u00a0\u00a0\u00a0\u00a0 Para suavizar uma situa\u00e7\u00e3o que em si j\u00e1 \u00e9 desastrosa do ponto de vista \u00e9tico, esses latifundi\u00e1rios com d\u00e9bitos com a Uni\u00e3o poder\u00e3o liquidar suas d\u00edvidas com b\u00f4nus entre 60% e 95%, gra\u00e7as a Medida Provis\u00f3ria n\u00ba 733, editada recentemente pelo presidente Temer para agradar o setor. Isso sem contar com as isen\u00e7\u00f5es de tributos destinadas a esse setor privilegiado. Somente com a isen\u00e7\u00e3o de ICMS dado aos produtos prim\u00e1rios e semi industrializados destinados \u00e0 exporta\u00e7\u00e3o desse setor, o pa\u00eds deixa de arrecadar R$ 22 bilh\u00f5es a cada ano. H\u00e1 ainda isen\u00e7\u00f5es de quase 10% na cobran\u00e7a do PIS Confins na venda de soja, o que gera um rombo nas contas p\u00fablicas, tamb\u00e9m debitado aos contribuintes.<\/p>\n<p style=\"text-align: justify\">\u00a0 \u00a0 \u00a0 \u00a0 Nenhum candidato tem falado sobre esse tema que permanece como um tema tabu, j\u00e1 que trata de pessoas poderosas e com muitos interesses em comum com esse e com qualquer outro governo que venha.<\/p>\n<p style=\"text-align: justify\"><strong>A frase que foi pronunciada:<\/strong><\/p>\n<p style=\"text-align: justify\"><em>\u201cBrasileiro se acostumou a plantar o voto em ro\u00e7ado queimado.\u201d<\/em><\/p>\n<p style=\"text-align: justify\">Anacleto, com o queixo na enxada<\/p>\n<figure id=\"attachment_9728\" aria-describedby=\"caption-attachment-9728\" style=\"width: 400px\" class=\"wp-caption aligncenter\"><img loading=\"lazy\" decoding=\"async\" class=\"size-full wp-image-9728\" src=\"https:\/\/blogs.correiobraziliense.com.br\/aricunha\/wp-content\/uploads\/sites\/13\/2018\/02\/Charge-2.jpg\" alt=\"Charge: paduacampos.com.br\" width=\"400\" height=\"278\" srcset=\"https:\/\/blogs.correiobraziliense.com.br\/aricunha\/wp-content\/uploads\/sites\/13\/2018\/02\/Charge-2.jpg 400w, https:\/\/blogs.correiobraziliense.com.br\/aricunha\/wp-content\/uploads\/sites\/13\/2018\/02\/Charge-2-300x209.jpg 300w, https:\/\/blogs.correiobraziliense.com.br\/aricunha\/wp-content\/uploads\/sites\/13\/2018\/02\/Charge-2-350x243.jpg 350w, https:\/\/blogs.correiobraziliense.com.br\/aricunha\/wp-content\/uploads\/sites\/13\/2018\/02\/Charge-2-230x160.jpg 230w\" sizes=\"auto, (max-width: 400px) 100vw, 400px\" \/><figcaption id=\"caption-attachment-9728\" class=\"wp-caption-text\">Charge: paduacampos.com.br<\/figcaption><\/figure>\n<p style=\"text-align: justify\"><strong>Fluir<\/strong><\/p>\n<p style=\"text-align: justify\">Pol\u00edcia e Bombeiros atenderam, em poucos minutos, um acidente ontem pela manh\u00e3 na sa\u00edda da Barragem do Parano\u00e1. Faltam policiais para sinalizar o tr\u00e2nsito em casos inesperados, como chuvas e acidentes.<\/p>\n<p style=\"text-align: justify\"><strong>Gastos<\/strong><\/p>\n<p style=\"text-align: justify\">No domingo os postes na W3 estavam acesos em plena luz do dia. Quando a concession\u00e1ria erra, o consumidor ganha desconto?<\/p>\n<p style=\"text-align: justify\"><strong>Perigo<\/strong><\/p>\n<p style=\"text-align: justify\">Quem vai para o Parano\u00e1 \u00e9 pass\u00edvel de sustos no tr\u00e2nsito por falta de engenharia na cria\u00e7\u00e3o do setor de galp\u00f5es, na Mi 13. De repente o carro entra na contram\u00e3o para o acesso ao setor. N\u00e3o h\u00e1 recuo para manobras.<\/p>\n<p style=\"text-align: justify\"><img loading=\"lazy\" decoding=\"async\" class=\"wp-image-12235 aligncenter\" src=\"https:\/\/blogs.correiobraziliense.com.br\/aricunha\/wp-content\/uploads\/sites\/13\/2018\/09\/Sem-t\u00edtulo-1-1-1-1-1-1-1-1-1-1-1-1-1-1-1-1-1-1-1-1-1-1-1.png\" alt=\"\" width=\"587\" height=\"330\" srcset=\"https:\/\/blogs.correiobraziliense.com.br\/aricunha\/wp-content\/uploads\/sites\/13\/2018\/09\/Sem-t\u00edtulo-1-1-1-1-1-1-1-1-1-1-1-1-1-1-1-1-1-1-1-1-1-1-1.png 940w, https:\/\/blogs.correiobraziliense.com.br\/aricunha\/wp-content\/uploads\/sites\/13\/2018\/09\/Sem-t\u00edtulo-1-1-1-1-1-1-1-1-1-1-1-1-1-1-1-1-1-1-1-1-1-1-1-300x169.png 300w, https:\/\/blogs.correiobraziliense.com.br\/aricunha\/wp-content\/uploads\/sites\/13\/2018\/09\/Sem-t\u00edtulo-1-1-1-1-1-1-1-1-1-1-1-1-1-1-1-1-1-1-1-1-1-1-1-768x431.png 768w, https:\/\/blogs.correiobraziliense.com.br\/aricunha\/wp-content\/uploads\/sites\/13\/2018\/09\/Sem-t\u00edtulo-1-1-1-1-1-1-1-1-1-1-1-1-1-1-1-1-1-1-1-1-1-1-1-350x197.png 350w, https:\/\/blogs.correiobraziliense.com.br\/aricunha\/wp-content\/uploads\/sites\/13\/2018\/09\/Sem-t\u00edtulo-1-1-1-1-1-1-1-1-1-1-1-1-1-1-1-1-1-1-1-1-1-1-1-550x309.png 550w, https:\/\/blogs.correiobraziliense.com.br\/aricunha\/wp-content\/uploads\/sites\/13\/2018\/09\/Sem-t\u00edtulo-1-1-1-1-1-1-1-1-1-1-1-1-1-1-1-1-1-1-1-1-1-1-1-230x129.png 230w\" sizes=\"auto, (max-width: 587px) 100vw, 587px\" \/><\/p>\n<p style=\"text-align: justify\"><strong>HIST\u00d3RIA DE BRAS\u00cdLIA<\/strong><\/p>\n<p style=\"text-align: justify\">Anuncia-se que hoje ser\u00e1 entregue ao Servi\u00e7o de Limpeza, uma pipa de gasolina, porque os caminh\u00f5es n\u00e3o sa\u00edam para a coleta de lixo por falta de combust\u00edveis. H\u00e1, entretanto, a ver, que os oper\u00e1rios n\u00e3o recebem h\u00e1 dois meses, e as dificuldades do servi\u00e7o s\u00e3o enormes. <strong>(Publicado em 31.10.1961)<\/strong><\/p>\n","protected":false},"excerpt":{"rendered":"<p>ARI CUNHA Visto, lido e ouvido Desde 1960 com Circe Cunha e Mamfil; colunadoaricunha@gmail.com; Facebook.com\/vistolidoeouvido Instagram.com\/vistolidoeouvido \u00a0 \u00a0 \u00a0 \u00a0 \u00a0 Faltando pouco mais de uma semana para as elei\u00e7\u00f5es, at\u00e9 o presente momento, \u00e9 poss\u00edvel afirmar que nenhum cidad\u00e3o possui ainda a menor ideia sobre o que pensam os candidatos \u00e0 presid\u00eancia da Rep\u00fablica e que projetos reais possuem [&hellip;]<\/p>\n","protected":false},"author":34,"featured_media":12237,"comment_status":"open","ping_status":"open","sticky":false,"template":"","format":"standard","meta":{"footnotes":""},"categories":[23],"tags":[936,611,931,933,869,127,934,114,932,938,937,935,68,2,69,16],"class_list":["post-12231","post","type-post","status-publish","format-standard","has-post-thumbnail","hentry","category-integra","tag-acidentedetransito","tag-barragemdoparanoa","tag-concentracaodeterranobrasil","tag-debitoscomauniao","tag-desigualdadederenda","tag-eleicoes2018","tag-eliteagraria","tag-historiadebrasilia","tag-latifundiosnobrasil","tag-paranoa","tag-postesacesosnaw3","tag-votonobrasil","tag-aricunha","tag-brasilia","tag-circecunha","tag-mamfil"],"_links":{"self":[{"href":"https:\/\/blogs.correiobraziliense.com.br\/aricunha\/wp-json\/wp\/v2\/posts\/12231","targetHints":{"allow":["GET"]}}],"collection":[{"href":"https:\/\/blogs.correiobraziliense.com.br\/aricunha\/wp-json\/wp\/v2\/posts"}],"about":[{"href":"https:\/\/blogs.correiobraziliense.com.br\/aricunha\/wp-json\/wp\/v2\/types\/post"}],"author":[{"embeddable":true,"href":"https:\/\/blogs.correiobraziliense.com.br\/aricunha\/wp-json\/wp\/v2\/users\/34"}],"replies":[{"embeddable":true,"href":"https:\/\/blogs.correiobraziliense.com.br\/aricunha\/wp-json\/wp\/v2\/comments?post=12231"}],"version-history":[{"count":5,"href":"https:\/\/blogs.correiobraziliense.com.br\/aricunha\/wp-json\/wp\/v2\/posts\/12231\/revisions"}],"predecessor-version":[{"id":12239,"href":"https:\/\/blogs.correiobraziliense.com.br\/aricunha\/wp-json\/wp\/v2\/posts\/12231\/revisions\/12239"}],"wp:featuredmedia":[{"embeddable":true,"href":"https:\/\/blogs.correiobraziliense.com.br\/aricunha\/wp-json\/wp\/v2\/media\/12237"}],"wp:attachment":[{"href":"https:\/\/blogs.correiobraziliense.com.br\/aricunha\/wp-json\/wp\/v2\/media?parent=12231"}],"wp:term":[{"taxonomy":"category","embeddable":true,"href":"https:\/\/blogs.correiobraziliense.com.br\/aricunha\/wp-json\/wp\/v2\/categories?post=12231"},{"taxonomy":"post_tag","embeddable":true,"href":"https:\/\/blogs.correiobraziliense.com.br\/aricunha\/wp-json\/wp\/v2\/tags?post=12231"}],"curies":[{"name":"wp","href":"https:\/\/api.w.org\/{rel}","templated":true}]}}