{"id":12150,"date":"2018-09-16T01:00:25","date_gmt":"2018-09-16T04:00:25","guid":{"rendered":"https:\/\/blogs.correiobraziliense.com.br\/aricunha\/?p=12150"},"modified":"2018-09-14T18:44:28","modified_gmt":"2018-09-14T21:44:28","slug":"violencia-nossa-de-cada-dia-alcanca-o-mundo-politico","status":"publish","type":"post","link":"https:\/\/blogs.correiobraziliense.com.br\/aricunha\/violencia-nossa-de-cada-dia-alcanca-o-mundo-politico\/","title":{"rendered":"Viol\u00eancia nossa de cada dia alcan\u00e7a o mundo pol\u00edtico"},"content":{"rendered":"<p style=\"text-align: justify\">ARI CUNHA<\/p>\n<p style=\"text-align: justify\">Visto, lido e ouvido<\/p>\n<p style=\"text-align: justify\">Desde 1960<\/p>\n<p style=\"text-align: justify\">com Circe Cunha e Mamfil;<\/p>\n<p style=\"text-align: justify\">colunadoaricunha@gmail.com;<\/p>\n<figure id=\"attachment_12155\" aria-describedby=\"caption-attachment-12155\" style=\"width: 615px\" class=\"wp-caption aligncenter\"><img loading=\"lazy\" decoding=\"async\" class=\" wp-image-12155\" src=\"https:\/\/blogs.correiobraziliense.com.br\/aricunha\/wp-content\/uploads\/sites\/13\/2018\/09\/age20180906186.jpg\" alt=\"Foto: veja.abril.com.br\" width=\"615\" height=\"410\" srcset=\"https:\/\/blogs.correiobraziliense.com.br\/aricunha\/wp-content\/uploads\/sites\/13\/2018\/09\/age20180906186.jpg 680w, https:\/\/blogs.correiobraziliense.com.br\/aricunha\/wp-content\/uploads\/sites\/13\/2018\/09\/age20180906186-300x200.jpg 300w, https:\/\/blogs.correiobraziliense.com.br\/aricunha\/wp-content\/uploads\/sites\/13\/2018\/09\/age20180906186-350x233.jpg 350w, https:\/\/blogs.correiobraziliense.com.br\/aricunha\/wp-content\/uploads\/sites\/13\/2018\/09\/age20180906186-550x366.jpg 550w, https:\/\/blogs.correiobraziliense.com.br\/aricunha\/wp-content\/uploads\/sites\/13\/2018\/09\/age20180906186-230x153.jpg 230w\" sizes=\"auto, (max-width: 615px) 100vw, 615px\" \/><figcaption id=\"caption-attachment-12155\" class=\"wp-caption-text\">Foto: veja.abril.com.br<\/figcaption><\/figure>\n<p style=\"text-align: justify\">\u00a0 \u00a0 \u00a0 Nos excelentes artigos que escreve rotineiramente para jornais e revistas de todo o pa\u00eds, o ex-ministro do Trabalho, Almir Pazzianotto, analisa, com a eleg\u00e2ncia e arg\u00facia de sempre, as principais quest\u00f5es do Brasil atual. Nesse \u00faltimo ensaio, intitulado Crimes pol\u00edticos, o eminente jurista chamou a aten\u00e7\u00e3o para um detalhe importante contido na tentativa de assassinato sofrida recentemente pelo candidato \u00e0 presid\u00eancia da Rep\u00fablica, Jair Bolsonaro. Na avalia\u00e7\u00e3o balizada de Pazzianotto, por suas caracter\u00edsticas pr\u00f3prias, a tentativa de tirar a vida de um postulante ao cargo de presidente da Rep\u00fablica evidencia, nitidamente e por diversas raz\u00f5es, um crime de natureza pol\u00edtica. Visava, objetivamente, alterar o pleito de 7 de outubro pr\u00f3ximo.<\/p>\n<p style=\"text-align: justify\">\u00a0\u00a0\u00a0\u00a0\u00a0\u00a0\u00a0\u00a0 Nesse sentido, entende o especialista em leis, citando Nelson Hungria, que o atentado foi desferido \u201ccontra o Estado como unidade org\u00e2nica das institui\u00e7\u00f5es pol\u00edticas e sociais.\u201d Para o ministro, a hist\u00f3ria do Brasil, apenas na parte referente ao per\u00edodo republicano iniciado em 1889, est\u00e1 repleta de exemplos de atentados e crimes pol\u00edticos de toda a natureza. Para um pa\u00eds que ocupa atualmente a 11\u00aa posi\u00e7\u00e3o no ranking das na\u00e7\u00f5es mais violentas do mundo e que apenas em 2016, segundo o Anu\u00e1rio Brasileiro de Seguran\u00e7a P\u00fablica, registrou 61.619 mortes violentas ou 7 pessoas mortas a cada hora, n\u00e3o chega a ser surpresa que esse flagelo tenha alcan\u00e7ado tamb\u00e9m o mundo pol\u00edtico. Ainda mais quando se verifica que essas elei\u00e7\u00f5es, particularmente, t\u00eam sido consideradas por muitos como a mais acirradas e violentas das \u00faltimas d\u00e9cadas.<\/p>\n<p style=\"text-align: justify\">\u00a0 \u00a0 \u00a0 \u00a0 \u00a0 Diante de uma realidade dessa, que tem chamado, inclusive, a aten\u00e7\u00e3o de outros pa\u00edses, fica claro porque esse tema espinhoso tem ocupado grande parte dos debates pol\u00edticos, colocando na ordem do dia dos candidatos uma quest\u00e3o que tamb\u00e9m \u00e9 prioridade m\u00e1xima para grande parte dos eleitores brasileiros. \u00c9 preciso destacar, antes de tudo, que a quest\u00e3o da viol\u00eancia passou a entrar para a \u00f3rbita dos pol\u00edticos, de forma mais sistem\u00e1tica, gra\u00e7as a prega\u00e7\u00e3o di\u00e1ria, feita fundamentalmente, pelo partido que ocupou o poder a partir de 2003.<\/p>\n<p style=\"text-align: justify\">\u00a0 \u00a0 \u00a0 \u00a0 \u00a0Foi na esteira do \u201cn\u00f3s contra eles\u201d que a viol\u00eancia, em todos os seus aspectos, ganhou vida pr\u00f3pria no mundo pol\u00edtico nacional, com o acirramento irracional de posi\u00e7\u00f5es pol\u00edticas, movidas, em sua grande parte, por ideologias vazias e mesmo intelig\u00edveis. O atentado contra o candidato do Partido Social Liberal \u00e9, dessa forma, apenas consequ\u00eancia direta e concreta das costumeiras incita\u00e7\u00f5es \u00e0 viol\u00eancia pregadas por alguns desses candidatos.<\/p>\n<p style=\"text-align: justify\">\u00a0 \u00a0 \u00a0 O que mais tem chamado a aten\u00e7\u00e3o dos eleitores nessa atual campanha \u00e9 a posi\u00e7\u00e3o adotada por muitos postulantes em rela\u00e7\u00e3o a flexibiliza\u00e7\u00e3o do estatuto do desarmamento promulgado em 2003. Trabalhando com afinco nos bastidores pol\u00edticos a favor da retomada desse tema, est\u00e1 a chamada bancada da bala, a ind\u00fastria de armamentos e parte significativa dos ruralistas com assento no Congresso. O fim do Estatuto do Desarmamento interessa \u00e0 uma minoria influente e belicosa que considera a quest\u00e3o de seguran\u00e7a p\u00fablica como um problema de ordem pessoal, no melhor estilo bang bang dos antigos Faroestes.<\/p>\n<p style=\"text-align: justify\"><strong>A frase que foi pronunciada:<\/strong><\/p>\n<p style=\"text-align: justify\"><em>\u201cEstamos divididos, partidos em m\u00faltiplas pequenas republiquetas, em vez de uma \u00fanica, grande Rep\u00fablica brasileira.\u201d<\/em><\/p>\n<p style=\"text-align: justify\">Senador Cristovam Buarque<\/p>\n<figure id=\"attachment_12154\" aria-describedby=\"caption-attachment-12154\" style=\"width: 586px\" class=\"wp-caption aligncenter\"><img loading=\"lazy\" decoding=\"async\" class=\" wp-image-12154\" src=\"https:\/\/blogs.correiobraziliense.com.br\/aricunha\/wp-content\/uploads\/sites\/13\/2018\/09\/charge1101quinta-1.jpg\" alt=\"Charge: M\u00e1rio Tarcitano\" width=\"586\" height=\"557\" srcset=\"https:\/\/blogs.correiobraziliense.com.br\/aricunha\/wp-content\/uploads\/sites\/13\/2018\/09\/charge1101quinta-1.jpg 700w, https:\/\/blogs.correiobraziliense.com.br\/aricunha\/wp-content\/uploads\/sites\/13\/2018\/09\/charge1101quinta-1-300x285.jpg 300w, https:\/\/blogs.correiobraziliense.com.br\/aricunha\/wp-content\/uploads\/sites\/13\/2018\/09\/charge1101quinta-1-350x333.jpg 350w, https:\/\/blogs.correiobraziliense.com.br\/aricunha\/wp-content\/uploads\/sites\/13\/2018\/09\/charge1101quinta-1-550x523.jpg 550w, https:\/\/blogs.correiobraziliense.com.br\/aricunha\/wp-content\/uploads\/sites\/13\/2018\/09\/charge1101quinta-1-230x219.jpg 230w\" sizes=\"auto, (max-width: 586px) 100vw, 586px\" \/><figcaption id=\"caption-attachment-12154\" class=\"wp-caption-text\">Charge: M\u00e1rio Tarcitano<\/figcaption><\/figure>\n<p style=\"text-align: justify\"><strong>Crash<\/strong><\/p>\n<p style=\"text-align: justify\">Quebrado, o Brasil segue rumo ao incerto. Um exemplo de desequil\u00edbrio \u00e9 a Amazonas Energia, cuja a d\u00edvida l\u00edquida \u00e9 maior que o patrim\u00f4nio. Para liquidar a empresa \u00e9 preciso que os acionistas aportem recursos na raz\u00e3o da sua participa\u00e7\u00e3o. O CPF dos gestores e dos diretores da empresa, e dos conselhos administrativos, est\u00e3o sujeitos \u00e0s a\u00e7\u00f5es do ponto de vista civil e criminal.<\/p>\n<p style=\"text-align: justify\"><strong>\u00a0<img loading=\"lazy\" decoding=\"async\" class=\" wp-image-12156 aligncenter\" src=\"https:\/\/blogs.correiobraziliense.com.br\/aricunha\/wp-content\/uploads\/sites\/13\/2018\/09\/download.jpg\" alt=\"\" width=\"252\" height=\"252\" srcset=\"https:\/\/blogs.correiobraziliense.com.br\/aricunha\/wp-content\/uploads\/sites\/13\/2018\/09\/download.jpg 225w, https:\/\/blogs.correiobraziliense.com.br\/aricunha\/wp-content\/uploads\/sites\/13\/2018\/09\/download-150x150.jpg 150w\" sizes=\"auto, (max-width: 252px) 100vw, 252px\" \/><\/strong><\/p>\n<p style=\"text-align: justify\"><strong>Acesso<\/strong><\/p>\n<p style=\"text-align: justify\">O piscin\u00e3o do Lago Norte passou por uma transforma\u00e7\u00e3o sofr\u00edvel, onde banheiros roubaram a bela vista para o lago. Trag\u00e9dia arquitet\u00f4nica \u00e0 parte, o piscin\u00e3o \u00e9 uma das poucas constru\u00e7\u00f5es em Bras\u00edlia onde quem trabalha na obra vai poder usufruir do espa\u00e7o.<\/p>\n<p><iframe loading=\"lazy\" title=\"Drone sobre a Prainha do Lago Norte\" width=\"1440\" height=\"810\" src=\"https:\/\/www.youtube.com\/embed\/H9L8tjeu4T4?feature=oembed\" frameborder=\"0\" allow=\"accelerometer; autoplay; clipboard-write; encrypted-media; gyroscope; picture-in-picture; web-share\" referrerpolicy=\"strict-origin-when-cross-origin\" allowfullscreen><\/iframe><\/p>\n<p style=\"text-align: justify\"><strong>Continua<\/strong><\/p>\n<p style=\"text-align: justify\">Fervilhando os estados do Rio de Janeiro, S\u00e3o Paulo e Bras\u00edlia. Os n\u00f3s da corrup\u00e7\u00e3o na Casa da Moeda foram desfeitos e a Opera\u00e7\u00e3o V\u00edcios II j\u00e1 come\u00e7ou a prender os diretores respons\u00e1veis por lavagem de dinheiro e fraude em licita\u00e7\u00e3o.<\/p>\n<figure id=\"attachment_12157\" aria-describedby=\"caption-attachment-12157\" style=\"width: 593px\" class=\"wp-caption aligncenter\"><img loading=\"lazy\" decoding=\"async\" class=\" wp-image-12157\" src=\"https:\/\/blogs.correiobraziliense.com.br\/aricunha\/wp-content\/uploads\/sites\/13\/2018\/09\/rato-na-moeda-060212-mario-humor-politico.jpg\" alt=\"Charge do M\u00e1rio (Humor Pol\u00edtico)\" width=\"593\" height=\"467\" srcset=\"https:\/\/blogs.correiobraziliense.com.br\/aricunha\/wp-content\/uploads\/sites\/13\/2018\/09\/rato-na-moeda-060212-mario-humor-politico.jpg 800w, https:\/\/blogs.correiobraziliense.com.br\/aricunha\/wp-content\/uploads\/sites\/13\/2018\/09\/rato-na-moeda-060212-mario-humor-politico-300x236.jpg 300w, https:\/\/blogs.correiobraziliense.com.br\/aricunha\/wp-content\/uploads\/sites\/13\/2018\/09\/rato-na-moeda-060212-mario-humor-politico-768x605.jpg 768w, https:\/\/blogs.correiobraziliense.com.br\/aricunha\/wp-content\/uploads\/sites\/13\/2018\/09\/rato-na-moeda-060212-mario-humor-politico-350x276.jpg 350w, https:\/\/blogs.correiobraziliense.com.br\/aricunha\/wp-content\/uploads\/sites\/13\/2018\/09\/rato-na-moeda-060212-mario-humor-politico-550x433.jpg 550w, https:\/\/blogs.correiobraziliense.com.br\/aricunha\/wp-content\/uploads\/sites\/13\/2018\/09\/rato-na-moeda-060212-mario-humor-politico-230x181.jpg 230w\" sizes=\"auto, (max-width: 593px) 100vw, 593px\" \/><figcaption id=\"caption-attachment-12157\" class=\"wp-caption-text\">Charge do M\u00e1rio (Humor Pol\u00edtico)<\/figcaption><\/figure>\n<p style=\"text-align: justify\"><strong>Com ci\u00eancia<\/strong><\/p>\n<p style=\"text-align: justify\">Escola de Medicina da Universidade de Washington criou a eletiva \u201cEspiritualidade na Medicina\u201d. A praxe se estendeu pelo pa\u00eds e chega a v\u00e1rios hospitais do mundo. A dimens\u00e3o espiritual do paciente \u00e9 considerada pelos catedr\u00e1ticos como recurso terap\u00eautico para a humaniza\u00e7\u00e3o. O objetivo \u00e9 ver o m\u00e9dico com ci\u00eancia da cren\u00e7a do paciente.<\/p>\n<figure id=\"attachment_12160\" aria-describedby=\"caption-attachment-12160\" style=\"width: 570px\" class=\"wp-caption aligncenter\"><img loading=\"lazy\" decoding=\"async\" class=\" wp-image-12160\" src=\"https:\/\/blogs.correiobraziliense.com.br\/aricunha\/wp-content\/uploads\/sites\/13\/2018\/09\/Medicina-e-Espiritualidade.jpg\" alt=\"Imagem: blog.mundomaior.com.br\" width=\"570\" height=\"427\" srcset=\"https:\/\/blogs.correiobraziliense.com.br\/aricunha\/wp-content\/uploads\/sites\/13\/2018\/09\/Medicina-e-Espiritualidade.jpg 660w, https:\/\/blogs.correiobraziliense.com.br\/aricunha\/wp-content\/uploads\/sites\/13\/2018\/09\/Medicina-e-Espiritualidade-300x225.jpg 300w, https:\/\/blogs.correiobraziliense.com.br\/aricunha\/wp-content\/uploads\/sites\/13\/2018\/09\/Medicina-e-Espiritualidade-350x263.jpg 350w, https:\/\/blogs.correiobraziliense.com.br\/aricunha\/wp-content\/uploads\/sites\/13\/2018\/09\/Medicina-e-Espiritualidade-550x413.jpg 550w, https:\/\/blogs.correiobraziliense.com.br\/aricunha\/wp-content\/uploads\/sites\/13\/2018\/09\/Medicina-e-Espiritualidade-230x173.jpg 230w\" sizes=\"auto, (max-width: 570px) 100vw, 570px\" \/><figcaption id=\"caption-attachment-12160\" class=\"wp-caption-text\">Imagem: blog.mundomaior.com.br<\/figcaption><\/figure>\n<p style=\"text-align: justify\"><strong>HIST\u00d3RIA DE BRAS\u00cdLIA<\/strong><\/p>\n<p style=\"text-align: justify\">O trabalho na delegacia do IAPC s\u00f3 existe por dedica\u00e7\u00e3o dos funcion\u00e1rios. Escrit\u00f3rios sem conforto, m\u00f3veis de caixotes, cofres de madeira, inseguran\u00e7a absoluta. O presidente vem a Bras\u00edlia, vai ao Planalto, e n\u00e3o aparece na Delegacia para n\u00e3o ouvir reclama\u00e7\u00f5es. \u00a0<strong>(Publicado em 29.10.1961)<\/strong><\/p>\n","protected":false},"excerpt":{"rendered":"<p>ARI CUNHA Visto, lido e ouvido Desde 1960 com Circe Cunha e Mamfil; colunadoaricunha@gmail.com; \u00a0 \u00a0 \u00a0 Nos excelentes artigos que escreve rotineiramente para jornais e revistas de todo o pa\u00eds, o ex-ministro do Trabalho, Almir Pazzianotto, analisa, com a eleg\u00e2ncia e arg\u00facia de sempre, as principais quest\u00f5es do Brasil atual. Nesse \u00faltimo ensaio, intitulado Crimes pol\u00edticos, o eminente jurista [&hellip;]<\/p>\n","protected":false},"author":34,"featured_media":12155,"comment_status":"open","ping_status":"open","sticky":false,"template":"","format":"standard","meta":{"footnotes":""},"categories":[23],"tags":[883,887,133,885,127,889,890,884,114,888,886,882,68,2,69,16],"class_list":["post-12150","post","type-post","status-publish","format-standard","has-post-thumbnail","hentry","category-integra","tag-atentadocontracandidatoapresidenciadarepublica","tag-corrupcaonacasadamoeda","tag-direitaeesquerdanobrasil","tag-dividadaamazonasenergia","tag-eleicoes2018","tag-escolademedicinadauniversidadedewashington","tag-espiritualidadenamedicina","tag-estatutododesarmamento","tag-historiadebrasilia","tag-operacaoviciosii","tag-piscinaodolagonorte","tag-violencianapoliticabrasileira","tag-aricunha","tag-brasilia","tag-circecunha","tag-mamfil"],"_links":{"self":[{"href":"https:\/\/blogs.correiobraziliense.com.br\/aricunha\/wp-json\/wp\/v2\/posts\/12150","targetHints":{"allow":["GET"]}}],"collection":[{"href":"https:\/\/blogs.correiobraziliense.com.br\/aricunha\/wp-json\/wp\/v2\/posts"}],"about":[{"href":"https:\/\/blogs.correiobraziliense.com.br\/aricunha\/wp-json\/wp\/v2\/types\/post"}],"author":[{"embeddable":true,"href":"https:\/\/blogs.correiobraziliense.com.br\/aricunha\/wp-json\/wp\/v2\/users\/34"}],"replies":[{"embeddable":true,"href":"https:\/\/blogs.correiobraziliense.com.br\/aricunha\/wp-json\/wp\/v2\/comments?post=12150"}],"version-history":[{"count":5,"href":"https:\/\/blogs.correiobraziliense.com.br\/aricunha\/wp-json\/wp\/v2\/posts\/12150\/revisions"}],"predecessor-version":[{"id":12161,"href":"https:\/\/blogs.correiobraziliense.com.br\/aricunha\/wp-json\/wp\/v2\/posts\/12150\/revisions\/12161"}],"wp:featuredmedia":[{"embeddable":true,"href":"https:\/\/blogs.correiobraziliense.com.br\/aricunha\/wp-json\/wp\/v2\/media\/12155"}],"wp:attachment":[{"href":"https:\/\/blogs.correiobraziliense.com.br\/aricunha\/wp-json\/wp\/v2\/media?parent=12150"}],"wp:term":[{"taxonomy":"category","embeddable":true,"href":"https:\/\/blogs.correiobraziliense.com.br\/aricunha\/wp-json\/wp\/v2\/categories?post=12150"},{"taxonomy":"post_tag","embeddable":true,"href":"https:\/\/blogs.correiobraziliense.com.br\/aricunha\/wp-json\/wp\/v2\/tags?post=12150"}],"curies":[{"name":"wp","href":"https:\/\/api.w.org\/{rel}","templated":true}]}}