{"id":12109,"date":"2018-09-12T01:00:32","date_gmt":"2018-09-12T04:00:32","guid":{"rendered":"https:\/\/blogs.correiobraziliense.com.br\/aricunha\/?p=12109"},"modified":"2018-09-12T16:46:38","modified_gmt":"2018-09-12T19:46:38","slug":"os-populistas-amam-tanto-os-pobres-que-os-multiplicam","status":"publish","type":"post","link":"https:\/\/blogs.correiobraziliense.com.br\/aricunha\/os-populistas-amam-tanto-os-pobres-que-os-multiplicam\/","title":{"rendered":"\u201cOs populistas amam tanto os pobres que os multiplicam\u201d"},"content":{"rendered":"<p style=\"text-align: justify\">ARI CUNHA<\/p>\n<p style=\"text-align: justify\">Visto, lido e ouvido<\/p>\n<p style=\"text-align: justify\">Desde 1960<\/p>\n<p style=\"text-align: justify\">com Circe Cunha e Mamfil;<\/p>\n<p style=\"text-align: justify\">colunadoaricunha@gmail.com;<\/p>\n<figure id=\"attachment_12113\" aria-describedby=\"caption-attachment-12113\" style=\"width: 409px\" class=\"wp-caption alignleft\"><img loading=\"lazy\" decoding=\"async\" class=\" wp-image-12113\" src=\"https:\/\/blogs.correiobraziliense.com.br\/aricunha\/wp-content\/uploads\/sites\/13\/2018\/09\/charge-capitalista.jpg\" alt=\"Charge do Wilmar (tribunadainternet)\" width=\"409\" height=\"483\" srcset=\"https:\/\/blogs.correiobraziliense.com.br\/aricunha\/wp-content\/uploads\/sites\/13\/2018\/09\/charge-capitalista.jpg 339w, https:\/\/blogs.correiobraziliense.com.br\/aricunha\/wp-content\/uploads\/sites\/13\/2018\/09\/charge-capitalista-254x300.jpg 254w, https:\/\/blogs.correiobraziliense.com.br\/aricunha\/wp-content\/uploads\/sites\/13\/2018\/09\/charge-capitalista-297x350.jpg 297w, https:\/\/blogs.correiobraziliense.com.br\/aricunha\/wp-content\/uploads\/sites\/13\/2018\/09\/charge-capitalista-230x271.jpg 230w\" sizes=\"auto, (max-width: 409px) 100vw, 409px\" \/><figcaption id=\"caption-attachment-12113\" class=\"wp-caption-text\">Charge do Wilmar (tribunadainternet.com.br)<\/figcaption><\/figure>\n<p style=\"text-align: justify\">\u00a0 \u00a0 \u00a0 \u00a0 \u00a0 Desde o retorno \u00e0 normalidade pol\u00edtica, ocorrido em 1985, com a chamada redemocratiza\u00e7\u00e3o, o Brasil vem experimentando e aprendendo com os sucessivos governos eleitos pelo voto popular. Ao longo desses 33 anos, nosso regime democr\u00e1tico foi submetido a todo o tipo de experi\u00eancias. Algumas dessas experi\u00eancias se mostraram exitosas, outras aventureiras e outras absolutamente irrespons\u00e1veis e que culminaram na mais profunda crise pol\u00edtica, social e econ\u00f4mica de toda a hist\u00f3ria do pa\u00eds. O que parece n\u00e3o ter mudado muito ao longo de todo esse per\u00edodo que se inicia l\u00e1 atr\u00e1s, com a institucionaliza\u00e7\u00e3o do voto popular, \u00e9 o perfil do eleitor m\u00e9dio brasileiro, principalmente aquele formado pelas camadas populares de baixa renda e que, segundo dados do IBGE, formam um contingente de aproximadamente 50 milh\u00f5es de brasileiros vivendo na linha da pobreza.<\/p>\n<p style=\"text-align: justify\">\u00a0 \u00a0 \u00a0 \u00a0 \u00a0 \u00c9 justamente nesse nicho, formado por pessoas carentes, que a maioria dos pol\u00edticos em campanha centram suas aten\u00e7\u00f5es e onde a agenda do tipo populista mais encontra receptividade. \u00c9 de Mariano Grondona a frase \u201cos populistas amam tanto os pobres que os multiplica\u201d. Nesses redutos, situados n\u00e3o s\u00f3 no Brasil profundo, mas tamb\u00e9m nas periferias de todas as cidades espalhadas por esse pa\u00eds, \u00e9 que muitos candidatos, peritos em habilidades ret\u00f3ricas, fazem a festa a cada quatro anos. Colhendo as simpatias dos desesperan\u00e7ados que ajudaram a aumentar, esses pol\u00edticos conhecem as necessidades b\u00e1sicas dessa gente. Transforma o desespero em mercadoria e negocia cada um por um voto.<\/p>\n<p style=\"text-align: justify\">\u00a0 \u00a0 \u00a0 Nesse Brasil esquecido pelos brasileiros, o espa\u00e7o para o afloramento do voto inteligente e consciente praticamente inexiste. O entusiasmo exercido pelo eleitor que se sente empoderado pelo pr\u00f3prio voto dura apenas um m\u00eas antes das elei\u00e7\u00f5es. Depois disso s\u00e3o quatro anos de sofrimento que se arrastam at\u00e9 o pr\u00f3ximo sufr\u00e1gio.\u00a0 Com isso, perdura, desde sempre, a cultura do voto pragm\u00e1tico, calcado unicamente no atendimento das necessidades cotidianas e urgentes de cada um, individualmente. Da rela\u00e7\u00e3o biun\u00edvoca envolvendo o analfabeto pol\u00edtico e midi\u00e1tico e o pol\u00edtico populista e carism\u00e1tico \u00e9 que se pode avaliar a qualidade de nossa democracia.<\/p>\n<p style=\"text-align: justify\">\u00a0 \u00a0 \u00a0 \u00a0Mudar essa caracter\u00edstica hist\u00f3rica de nossas elei\u00e7\u00f5es exigiriam, al\u00e9m de uma educa\u00e7\u00e3o sistem\u00e1tica da popula\u00e7\u00e3o, todo o rigor da lei, punindo igualmente eleitores venais e candidatos mercen\u00e1rios. Como isso n\u00e3o poder\u00e1 acontecer, pelo menos a curto prazo e ainda nessas elei\u00e7\u00f5es, a \u00fanica solu\u00e7\u00e3o \u00e9 assistir, mesmo inconformado, a perpetua\u00e7\u00e3o desse modelo de democracia iletrada, erigida n\u00e3o por s\u00e1bios, mas por sabich\u00f5es que fazem da pol\u00edtica apenas um meio de enriquecimento pessoal, mesmo que seja sobre os escombros da mis\u00e9ria da popula\u00e7\u00e3o.<\/p>\n<p style=\"text-align: justify\">\u00a0 \u00a0 \u00a0 \u00a0 \u00a0 \u00a0 Para uma democracia sem qualidades \u00e9ticas, costurada inclusive por candidatos encarcerados, o que se espera \u00e9 a repeti\u00e7\u00e3o da mesmice, encenada por indiv\u00edduos que s\u00f3 trocaram de fantasias, mas que permanecem com a mesma alma obsessora.<\/p>\n<p style=\"text-align: justify\"><strong>A frase que foi pronunciada:<\/strong><\/p>\n<p style=\"text-align: justify\"><em>&#8220;N\u00e3o se tira nada de nada, o novo vem do antigo, mas nem por isso \u00e9 menos novo.&#8221;<\/em><\/p>\n<p style=\"text-align: justify\">Bertolt Brecht<\/p>\n<figure id=\"attachment_12112\" aria-describedby=\"caption-attachment-12112\" style=\"width: 563px\" class=\"wp-caption aligncenter\"><img loading=\"lazy\" decoding=\"async\" class=\" wp-image-12112\" src=\"https:\/\/blogs.correiobraziliense.com.br\/aricunha\/wp-content\/uploads\/sites\/13\/2018\/09\/populismo.jpg\" alt=\"Charge publicada no Blog do Noblat: Populismo Agonizante\" width=\"563\" height=\"317\" srcset=\"https:\/\/blogs.correiobraziliense.com.br\/aricunha\/wp-content\/uploads\/sites\/13\/2018\/09\/populismo.jpg 648w, https:\/\/blogs.correiobraziliense.com.br\/aricunha\/wp-content\/uploads\/sites\/13\/2018\/09\/populismo-300x169.jpg 300w, https:\/\/blogs.correiobraziliense.com.br\/aricunha\/wp-content\/uploads\/sites\/13\/2018\/09\/populismo-350x197.jpg 350w, https:\/\/blogs.correiobraziliense.com.br\/aricunha\/wp-content\/uploads\/sites\/13\/2018\/09\/populismo-550x310.jpg 550w, https:\/\/blogs.correiobraziliense.com.br\/aricunha\/wp-content\/uploads\/sites\/13\/2018\/09\/populismo-230x130.jpg 230w\" sizes=\"auto, (max-width: 563px) 100vw, 563px\" \/><figcaption id=\"caption-attachment-12112\" class=\"wp-caption-text\">Charge publicada no Blog do Noblat: Populismo Agonizante<\/figcaption><\/figure>\n<p style=\"text-align: justify\"><strong>Anvisa<\/strong><\/p>\n<p style=\"text-align: justify\">Quem tem sa\u00fade n\u00e3o faz ideia de como \u00e9 desesperador n\u00e3o confiar na Anvisa no que tange a importa\u00e7\u00e3o de medicamentos garantindo qualidade, efic\u00e1cia e seguran\u00e7a. Duas institui\u00e7\u00f5es que manifestaram preocupa\u00e7\u00e3o com esse assunto foram o Centro Infantil Boldrini e a Coordenadoria do Grupo Brasileiro de Tratamento da Leucemia Linfobl\u00e1stica Aguda em Crian\u00e7as, com sede em Campinas, S\u00e3o Paulo.<\/p>\n<figure id=\"attachment_12116\" aria-describedby=\"caption-attachment-12116\" style=\"width: 562px\" class=\"wp-caption aligncenter\"><img loading=\"lazy\" decoding=\"async\" class=\" wp-image-12116\" src=\"https:\/\/blogs.correiobraziliense.com.br\/aricunha\/wp-content\/uploads\/sites\/13\/2018\/09\/anvisa-8607882.jpg\" alt=\"Foto: correio.rac.com.br\" width=\"562\" height=\"375\" srcset=\"https:\/\/blogs.correiobraziliense.com.br\/aricunha\/wp-content\/uploads\/sites\/13\/2018\/09\/anvisa-8607882.jpg 840w, https:\/\/blogs.correiobraziliense.com.br\/aricunha\/wp-content\/uploads\/sites\/13\/2018\/09\/anvisa-8607882-300x200.jpg 300w, https:\/\/blogs.correiobraziliense.com.br\/aricunha\/wp-content\/uploads\/sites\/13\/2018\/09\/anvisa-8607882-768x512.jpg 768w, https:\/\/blogs.correiobraziliense.com.br\/aricunha\/wp-content\/uploads\/sites\/13\/2018\/09\/anvisa-8607882-350x233.jpg 350w, https:\/\/blogs.correiobraziliense.com.br\/aricunha\/wp-content\/uploads\/sites\/13\/2018\/09\/anvisa-8607882-550x367.jpg 550w, https:\/\/blogs.correiobraziliense.com.br\/aricunha\/wp-content\/uploads\/sites\/13\/2018\/09\/anvisa-8607882-230x153.jpg 230w\" sizes=\"auto, (max-width: 562px) 100vw, 562px\" \/><figcaption id=\"caption-attachment-12116\" class=\"wp-caption-text\">Foto: correio.rac.com.br<\/figcaption><\/figure>\n<p style=\"text-align: justify\"><strong>Incr\u00edvel<\/strong><\/p>\n<p style=\"text-align: justify\">Mais de 25% da popula\u00e7\u00e3o brasileira utiliza planos de sa\u00fade. No setor suplementar de sa\u00fade, os dados s\u00e3o os seguintes: 273 milh\u00f5es de consultas, 7,8 milh\u00f5es de interna\u00e7\u00f5es, 796,7 milh\u00f5es de exames complementares, 176,9 milh\u00f5es de atendimentos odontol\u00f3gicos.<\/p>\n<figure id=\"attachment_12114\" aria-describedby=\"caption-attachment-12114\" style=\"width: 556px\" class=\"wp-caption aligncenter\"><img loading=\"lazy\" decoding=\"async\" class=\" wp-image-12114\" src=\"https:\/\/blogs.correiobraziliense.com.br\/aricunha\/wp-content\/uploads\/sites\/13\/2018\/09\/R04_05ichargenet.jpg\" alt=\"Charge do Feliciano (vigilanciasaudefanor.blogspot.com)\" width=\"556\" height=\"395\" srcset=\"https:\/\/blogs.correiobraziliense.com.br\/aricunha\/wp-content\/uploads\/sites\/13\/2018\/09\/R04_05ichargenet.jpg 480w, https:\/\/blogs.correiobraziliense.com.br\/aricunha\/wp-content\/uploads\/sites\/13\/2018\/09\/R04_05ichargenet-300x213.jpg 300w, https:\/\/blogs.correiobraziliense.com.br\/aricunha\/wp-content\/uploads\/sites\/13\/2018\/09\/R04_05ichargenet-350x249.jpg 350w, https:\/\/blogs.correiobraziliense.com.br\/aricunha\/wp-content\/uploads\/sites\/13\/2018\/09\/R04_05ichargenet-230x163.jpg 230w\" sizes=\"auto, (max-width: 556px) 100vw, 556px\" \/><figcaption id=\"caption-attachment-12114\" class=\"wp-caption-text\">Charge do Feliciano (vigilanciasaudefanor.blogspot.com)<\/figcaption><\/figure>\n<p style=\"text-align: justify\"><strong>Publica\u00e7\u00e3o<\/strong><\/p>\n<p style=\"text-align: justify\">A Escola Amadeus Carvalho no Assentamento Marrecas, localizada no munic\u00edpio de S\u00e3o Jo\u00e3o do Piau\u00ed, ultrapassou as metas projetadas para este ano, tanto no 5\u00ba quanto no 9\u00ba ano, s\u00e9ries nas quais \u00e9 aplicada a Prova Brasil realizada a cada dois anos.<\/p>\n<figure id=\"attachment_12117\" aria-describedby=\"caption-attachment-12117\" style=\"width: 560px\" class=\"wp-caption aligncenter\"><img loading=\"lazy\" decoding=\"async\" class=\" wp-image-12117\" src=\"https:\/\/blogs.correiobraziliense.com.br\/aricunha\/wp-content\/uploads\/sites\/13\/2018\/09\/44517161651_ab560e4ca8_b-1-1-1-2-1-1-1-1.jpg\" alt=\"Foto: mst.org.br\" width=\"560\" height=\"351\" srcset=\"https:\/\/blogs.correiobraziliense.com.br\/aricunha\/wp-content\/uploads\/sites\/13\/2018\/09\/44517161651_ab560e4ca8_b-1-1-1-2-1-1-1-1.jpg 1024w, https:\/\/blogs.correiobraziliense.com.br\/aricunha\/wp-content\/uploads\/sites\/13\/2018\/09\/44517161651_ab560e4ca8_b-1-1-1-2-1-1-1-1-300x188.jpg 300w, https:\/\/blogs.correiobraziliense.com.br\/aricunha\/wp-content\/uploads\/sites\/13\/2018\/09\/44517161651_ab560e4ca8_b-1-1-1-2-1-1-1-1-768x482.jpg 768w, https:\/\/blogs.correiobraziliense.com.br\/aricunha\/wp-content\/uploads\/sites\/13\/2018\/09\/44517161651_ab560e4ca8_b-1-1-1-2-1-1-1-1-350x220.jpg 350w, https:\/\/blogs.correiobraziliense.com.br\/aricunha\/wp-content\/uploads\/sites\/13\/2018\/09\/44517161651_ab560e4ca8_b-1-1-1-2-1-1-1-1-550x345.jpg 550w, https:\/\/blogs.correiobraziliense.com.br\/aricunha\/wp-content\/uploads\/sites\/13\/2018\/09\/44517161651_ab560e4ca8_b-1-1-1-2-1-1-1-1-230x144.jpg 230w\" sizes=\"auto, (max-width: 560px) 100vw, 560px\" \/><figcaption id=\"caption-attachment-12117\" class=\"wp-caption-text\">Foto: mst.org.br<\/figcaption><\/figure>\n<p style=\"text-align: justify\"><strong>Muda j\u00e1<\/strong><\/p>\n<p style=\"text-align: justify\">Ao pagar o IPTU, o que se v\u00ea estampado no recibo \u00e9 \u201cGDF conta arrecada\u00e7\u00e3o\u201d. Mesmo que venha com o c\u00f3digo de barras, valor e data, o m\u00ednimo seria especificar o que est\u00e1 sendo pago para facilitar a identifica\u00e7\u00e3o. \u201cGDF conta arrecada\u00e7\u00e3o IPTU\u201d seria o ideal.<\/p>\n<p style=\"text-align: justify\"><strong>HIST\u00d3RIA DE BRAS\u00cdLIA<\/strong><\/p>\n<p style=\"text-align: justify\">Uma bela viagem se inicia hoje com destino \u00e0 regi\u00e3o da COMARA. Roteiro: Bananal, Bel\u00e9m, Santar\u00e9m, base a\u00e9rea fronteiri\u00e7a \u00e0 Venezuela e Col\u00f4mbia, Acre, e Cachimbo. Ser\u00e1 uma exposi\u00e7\u00e3o do que a Aeron\u00e1utica vem fazendo para desbravar as regi\u00f5es de florestas do Brasil. Os passageiros ser\u00e3o jornalistas de Bras\u00edlia. <strong>(Publicado em 29.10.1961)<\/strong><\/p>\n","protected":false},"excerpt":{"rendered":"<p>ARI CUNHA Visto, lido e ouvido Desde 1960 com Circe Cunha e Mamfil; colunadoaricunha@gmail.com; \u00a0 \u00a0 \u00a0 \u00a0 \u00a0 Desde o retorno \u00e0 normalidade pol\u00edtica, ocorrido em 1985, com a chamada redemocratiza\u00e7\u00e3o, o Brasil vem experimentando e aprendendo com os sucessivos governos eleitos pelo voto popular. Ao longo desses 33 anos, nosso regime democr\u00e1tico foi submetido a todo o tipo [&hellip;]<\/p>\n","protected":false},"author":34,"featured_media":12112,"comment_status":"open","ping_status":"open","sticky":false,"template":"","format":"standard","meta":{"footnotes":""},"categories":[23],"tags":[226,857,855,858,277,114,856,553,859,854,119,68,2,69,16],"class_list":["post-12109","post","type-post","status-publish","format-standard","has-post-thumbnail","hentry","category-integra","tag-226","tag-arrecadacaodoiptu","tag-candidatospopulistas","tag-escolaamadeuscarvalho","tag-gdf","tag-historiadebrasilia","tag-incredibilidadenaanvisa","tag-lula","tag-planosdesaudenobrasil","tag-populismonobrasil","tag-pt","tag-aricunha","tag-brasilia","tag-circecunha","tag-mamfil"],"_links":{"self":[{"href":"https:\/\/blogs.correiobraziliense.com.br\/aricunha\/wp-json\/wp\/v2\/posts\/12109","targetHints":{"allow":["GET"]}}],"collection":[{"href":"https:\/\/blogs.correiobraziliense.com.br\/aricunha\/wp-json\/wp\/v2\/posts"}],"about":[{"href":"https:\/\/blogs.correiobraziliense.com.br\/aricunha\/wp-json\/wp\/v2\/types\/post"}],"author":[{"embeddable":true,"href":"https:\/\/blogs.correiobraziliense.com.br\/aricunha\/wp-json\/wp\/v2\/users\/34"}],"replies":[{"embeddable":true,"href":"https:\/\/blogs.correiobraziliense.com.br\/aricunha\/wp-json\/wp\/v2\/comments?post=12109"}],"version-history":[{"count":6,"href":"https:\/\/blogs.correiobraziliense.com.br\/aricunha\/wp-json\/wp\/v2\/posts\/12109\/revisions"}],"predecessor-version":[{"id":12120,"href":"https:\/\/blogs.correiobraziliense.com.br\/aricunha\/wp-json\/wp\/v2\/posts\/12109\/revisions\/12120"}],"wp:featuredmedia":[{"embeddable":true,"href":"https:\/\/blogs.correiobraziliense.com.br\/aricunha\/wp-json\/wp\/v2\/media\/12112"}],"wp:attachment":[{"href":"https:\/\/blogs.correiobraziliense.com.br\/aricunha\/wp-json\/wp\/v2\/media?parent=12109"}],"wp:term":[{"taxonomy":"category","embeddable":true,"href":"https:\/\/blogs.correiobraziliense.com.br\/aricunha\/wp-json\/wp\/v2\/categories?post=12109"},{"taxonomy":"post_tag","embeddable":true,"href":"https:\/\/blogs.correiobraziliense.com.br\/aricunha\/wp-json\/wp\/v2\/tags?post=12109"}],"curies":[{"name":"wp","href":"https:\/\/api.w.org\/{rel}","templated":true}]}}