{"id":12078,"date":"2018-09-08T01:00:18","date_gmt":"2018-09-08T04:00:18","guid":{"rendered":"https:\/\/blogs.correiobraziliense.com.br\/aricunha\/?p=12078"},"modified":"2018-09-08T16:57:49","modified_gmt":"2018-09-08T19:57:49","slug":"personalismo-transforma-os-partidos-politicos-em-pessoa-fisica","status":"publish","type":"post","link":"https:\/\/blogs.correiobraziliense.com.br\/aricunha\/personalismo-transforma-os-partidos-politicos-em-pessoa-fisica\/","title":{"rendered":"Personalismo transforma os partidos pol\u00edticos em pessoa f\u00edsica"},"content":{"rendered":"<p><del><\/del>ARI CUNHA<\/p>\n<p style=\"text-align: justify\">Visto, lido e ouvido<\/p>\n<p style=\"text-align: justify\">Desde 1960<\/p>\n<p style=\"text-align: justify\">com Circe Cunha e Mamfil;<\/p>\n<p style=\"text-align: justify\">colunadoaricunha@gmail.com;<\/p>\n<figure id=\"attachment_12080\" aria-describedby=\"caption-attachment-12080\" style=\"width: 477px\" class=\"wp-caption alignleft\"><img loading=\"lazy\" decoding=\"async\" class=\" wp-image-12080\" src=\"https:\/\/blogs.correiobraziliense.com.br\/aricunha\/wp-content\/uploads\/sites\/13\/2018\/09\/30582259_1658791914228061_926537435826856202_n-1.jpg\" alt=\"Charge: Diego Novaes\" width=\"477\" height=\"477\" srcset=\"https:\/\/blogs.correiobraziliense.com.br\/aricunha\/wp-content\/uploads\/sites\/13\/2018\/09\/30582259_1658791914228061_926537435826856202_n-1.jpg 960w, https:\/\/blogs.correiobraziliense.com.br\/aricunha\/wp-content\/uploads\/sites\/13\/2018\/09\/30582259_1658791914228061_926537435826856202_n-1-150x150.jpg 150w, https:\/\/blogs.correiobraziliense.com.br\/aricunha\/wp-content\/uploads\/sites\/13\/2018\/09\/30582259_1658791914228061_926537435826856202_n-1-300x300.jpg 300w, https:\/\/blogs.correiobraziliense.com.br\/aricunha\/wp-content\/uploads\/sites\/13\/2018\/09\/30582259_1658791914228061_926537435826856202_n-1-768x768.jpg 768w, https:\/\/blogs.correiobraziliense.com.br\/aricunha\/wp-content\/uploads\/sites\/13\/2018\/09\/30582259_1658791914228061_926537435826856202_n-1-350x350.jpg 350w, https:\/\/blogs.correiobraziliense.com.br\/aricunha\/wp-content\/uploads\/sites\/13\/2018\/09\/30582259_1658791914228061_926537435826856202_n-1-550x550.jpg 550w, https:\/\/blogs.correiobraziliense.com.br\/aricunha\/wp-content\/uploads\/sites\/13\/2018\/09\/30582259_1658791914228061_926537435826856202_n-1-230x230.jpg 230w\" sizes=\"auto, (max-width: 477px) 100vw, 477px\" \/><figcaption id=\"caption-attachment-12080\" class=\"wp-caption-text\">Charge: Diego Novaes<\/figcaption><\/figure>\n<p style=\"text-align: justify\">\u00a0 \u00a0 \u00a0 \u00a0 \u00a0 \u00a0 Por maiores e mais inspirados que sejam os poderes da imagina\u00e7\u00e3o em compor um enredo ficcional, nenhuma genialidade liter\u00e1ria \u00e9 p\u00e1rea para nossa realidade di\u00e1ria. Nas \u00faltimas d\u00e9cadas, o desenrolar agitado dos fatos vem tirando o f\u00f4lego de muitos brasileiros que acompanham de perto nossa trama hist\u00f3rica e surreal. At\u00e9 mesmo os analistas mais argutos se veem em dificuldades para explicar, de forma did\u00e1tica, a sequ\u00eancias de eventos inusitados e fant\u00e1sticos.<\/p>\n<p style=\"text-align: justify\">\u00a0 \u00a0 \u00a0 \u00a0 \u00a0 \u00a0 Para o espectador comum, desde a primeira hora que marcou o regresso da democracia, n\u00e3o houve um dia sequer sem que fatos extraordin\u00e1rios e fora do normal acontecessem, numa esp\u00e9cie de roda gigante. Para os observadores externos nosso cotidiano \u00e9 intraduz\u00edvel e segue a mesma din\u00e2mica ex\u00f3tica dos pa\u00edses long\u00ednquos, perdidos no tempo e no espa\u00e7o.<\/p>\n<p style=\"text-align: justify\">\u00a0 \u00a0 \u00a0 \u00a0 \u00a0De fato, desde 2003, quando a estrela vermelha foi hasteada no cimo do Pal\u00e1cio do Planalto, enfeitando inclusive os jardins do Alvorada, o protagonismo central dos acontecimentos nacionais foi, numa primeira etapa, do Partido dos Trabalhadores, e mais tarde, ap\u00f3s os mega esc\u00e2ndalos do mensal\u00e3o e do petrol\u00e3o, passou a ficar focado apenas no l\u00edder supremo, que transformou e reduziu os esfor\u00e7os da esquerda em um movimento personal\u00edssimo, com carteira de identidade e impress\u00e3o digital.<\/p>\n<p style=\"text-align: justify\">\u00a0 \u00a0 \u00a0 \u00a0 \u00a0 \u00a0 \u00a0Com isso, o lulismo, ao substituir a pessoa jur\u00eddica da legenda por uma pessoa f\u00edsica, tomou a dianteira de um partido ferido de morte, assumindo, praticamente sozinho e diretamente de dentro do c\u00e1rcere, todo o protagonismo dessa que \u00e9 a mais agitada elei\u00e7\u00e3o de toda a nossa hist\u00f3ria. Engana-se quem acredita que, com as \u00faltimas decis\u00f5es dos ministros do STF, o lulismo tenha sa\u00eddo definitivamente do jogo. Pouco antes de ser preso, o pr\u00f3prio Lula j\u00e1 avisava que ele era resistente como uma jararaca e n\u00e3o seria qualquer golpe que o tiraria do jogo pol\u00edtico.<\/p>\n<p style=\"text-align: justify\">\u00a0 \u00a0 \u00a0 \u00a0 \u00a0 Depois disso, um outro aviso mais enigm\u00e1tico surpreendeu a todos. &#8220;Eu n\u00e3o sou um ser humano, sou uma ideia&#8221;, proclamou um Lula onipotente. Com isso o que se observa \u00e9 que a Opera\u00e7\u00e3o Lava Jato, de fato, n\u00e3o prendeu um personagem f\u00edsico, mas uma ideia. Da\u00ed talvez venha a facilidade para continuar a expor suas orienta\u00e7\u00f5es.<\/p>\n<p style=\"text-align: justify\">\u00a0 \u00a0 \u00a0 \u00a0 \u00a0 \u00a0 Seguindo a trilha desse realismo fant\u00e1stico, n\u00e3o seria de todo espantoso se o ex-presidente, numa cartada final, viesse a lan\u00e7ar novamente o nome de Dilma Rousseff como cabe\u00e7a de sua chapa, deslocando Haddad para vice.\u00a0 Com o poder de votos maior do que o do pr\u00f3prio Haddad, Dilma retornaria como uma esp\u00e9cie de vingadora, voltando ao centro do tabuleiro pol\u00edtico, embaralhando e transformando em p\u00f3 uma trama complexa e surpreendente.<\/p>\n<p style=\"text-align: justify\">\u00a0 \u00a0 \u00a0 \u00a0 \u00a0 \u00a0 \u00a0Fosse o ex-prefeito de S\u00e3o Paulo, seguramente, um campe\u00e3o de votos, h\u00e1 muito teria recebido a ben\u00e7\u00e3o final de seu padrinho e partido para a disputa renhida. Mesmo faltando pouco mais de vinte dias para as elei\u00e7\u00f5es, do ponto de vista de nossa realidade surpreendente, muito ainda pode acontecer, mudando a dire\u00e7\u00e3o dos ventos e comprovando, uma vez mais, que a realidade de nosso pa\u00eds supera a for\u00e7a da imagina\u00e7\u00e3o.<\/p>\n<p style=\"text-align: justify\">\u00a0 \u00a0 \u00a0 \u00a0 \u00a0 \u00a0Nesse contexto, mesmo o impens\u00e1vel atentado sofrido agora pelo candidato da direita, com toda a repercuss\u00e3o que pode provocar nessas elei\u00e7\u00f5es, acaba por se transformar, nessa trama principal, apenas num subenredo, que corre paralelo, rumo ao final dessa saga, que certamente ser\u00e1 inusitada e impens\u00e1vel, mas que explica boa parte dessa nossa democracia lun\u00e1tica.<\/p>\n<p style=\"text-align: justify\"><strong>A frase que foi pronunciada:<\/strong><\/p>\n<p style=\"text-align: justify\"><em>\u201cDemocracia com fome, sem educa\u00e7\u00e3o e sa\u00fade para a maioria, \u00e9 uma concha vazia.\u201d<\/em><\/p>\n<p style=\"text-align: justify\">Nelson Mandela<\/p>\n<figure id=\"attachment_12082\" aria-describedby=\"caption-attachment-12082\" style=\"width: 486px\" class=\"wp-caption aligncenter\"><img loading=\"lazy\" decoding=\"async\" class=\" wp-image-12082\" src=\"https:\/\/blogs.correiobraziliense.com.br\/aricunha\/wp-content\/uploads\/sites\/13\/2018\/09\/ChargeX-XDemocracia-720x480.jpg\" alt=\"Charge: tribunadainternet.com.br\" width=\"486\" height=\"324\" srcset=\"https:\/\/blogs.correiobraziliense.com.br\/aricunha\/wp-content\/uploads\/sites\/13\/2018\/09\/ChargeX-XDemocracia-720x480.jpg 720w, https:\/\/blogs.correiobraziliense.com.br\/aricunha\/wp-content\/uploads\/sites\/13\/2018\/09\/ChargeX-XDemocracia-720x480-300x200.jpg 300w, https:\/\/blogs.correiobraziliense.com.br\/aricunha\/wp-content\/uploads\/sites\/13\/2018\/09\/ChargeX-XDemocracia-720x480-350x233.jpg 350w, https:\/\/blogs.correiobraziliense.com.br\/aricunha\/wp-content\/uploads\/sites\/13\/2018\/09\/ChargeX-XDemocracia-720x480-550x367.jpg 550w, https:\/\/blogs.correiobraziliense.com.br\/aricunha\/wp-content\/uploads\/sites\/13\/2018\/09\/ChargeX-XDemocracia-720x480-230x153.jpg 230w\" sizes=\"auto, (max-width: 486px) 100vw, 486px\" \/><figcaption id=\"caption-attachment-12082\" class=\"wp-caption-text\">Charge: tribunadainternet.com.br<\/figcaption><\/figure>\n<p style=\"text-align: justify\"><strong>Interc\u00e2mbio<\/strong><\/p>\n<p style=\"text-align: justify\">Maior feira de interc\u00e2mbio da Am\u00e9rica Latina, o Sal\u00e3o do Estudante chega ao Brasil no m\u00eas de setembro, em sete capitais do Pa\u00eds. O objetivo do evento \u00e9 proporcionar contato direto entre os estudantes e representantes de reconhecidas institui\u00e7\u00f5es de ensino internacionais e escolas de idiomas de diversas partes do mundo, bem como com as melhores ag\u00eancias de interc\u00e2mbio do Brasil. O atendimento personalizado facilita tirar todas as d\u00favidas antes de tomar uma decis\u00e3o. Em Bras\u00edlia, no s\u00e1bado, 22 de setembro, das 14h \u00e0s 18h30, no Centro de Conven\u00e7\u00f5es Brasil 21.<\/p>\n<figure id=\"attachment_12081\" aria-describedby=\"caption-attachment-12081\" style=\"width: 582px\" class=\"wp-caption aligncenter\"><img loading=\"lazy\" decoding=\"async\" class=\" wp-image-12081\" src=\"https:\/\/blogs.correiobraziliense.com.br\/aricunha\/wp-content\/uploads\/sites\/13\/2018\/09\/39265725_1953289418026935_158704371641614336_n.jpg\" alt=\"Cartaz: facebook.com\/Estudenoexterior\" width=\"582\" height=\"304\" srcset=\"https:\/\/blogs.correiobraziliense.com.br\/aricunha\/wp-content\/uploads\/sites\/13\/2018\/09\/39265725_1953289418026935_158704371641614336_n.jpg 960w, https:\/\/blogs.correiobraziliense.com.br\/aricunha\/wp-content\/uploads\/sites\/13\/2018\/09\/39265725_1953289418026935_158704371641614336_n-300x157.jpg 300w, https:\/\/blogs.correiobraziliense.com.br\/aricunha\/wp-content\/uploads\/sites\/13\/2018\/09\/39265725_1953289418026935_158704371641614336_n-768x402.jpg 768w, https:\/\/blogs.correiobraziliense.com.br\/aricunha\/wp-content\/uploads\/sites\/13\/2018\/09\/39265725_1953289418026935_158704371641614336_n-350x183.jpg 350w, https:\/\/blogs.correiobraziliense.com.br\/aricunha\/wp-content\/uploads\/sites\/13\/2018\/09\/39265725_1953289418026935_158704371641614336_n-550x288.jpg 550w, https:\/\/blogs.correiobraziliense.com.br\/aricunha\/wp-content\/uploads\/sites\/13\/2018\/09\/39265725_1953289418026935_158704371641614336_n-230x120.jpg 230w\" sizes=\"auto, (max-width: 582px) 100vw, 582px\" \/><figcaption id=\"caption-attachment-12081\" class=\"wp-caption-text\">Cartaz: facebook.com\/Estudenoexterior<\/figcaption><\/figure>\n<p style=\"text-align: justify\"><strong>HIST\u00d3RIA DE BRAS\u00cdLIA<\/strong><\/p>\n<p style=\"text-align: justify\">Queremos denunciar \u00e0 Assessoria de Planejamento da Prefeitura, e ao servi\u00e7o de Fiscaliza\u00e7\u00e3o, a exist\u00eancia de casas de alvenaria na Superquadra 304. \u00c9 preciso que se investigue de quem partiu a ordem para a constru\u00e7\u00e3o dessas casas num canteiro de obras. <strong>(Publicado em 29.10.1961)<\/strong><\/p>\n","protected":false},"excerpt":{"rendered":"<p>ARI CUNHA Visto, lido e ouvido Desde 1960 com Circe Cunha e Mamfil; colunadoaricunha@gmail.com; \u00a0 \u00a0 \u00a0 \u00a0 \u00a0 \u00a0 Por maiores e mais inspirados que sejam os poderes da imagina\u00e7\u00e3o em compor um enredo ficcional, nenhuma genialidade liter\u00e1ria \u00e9 p\u00e1rea para nossa realidade di\u00e1ria. Nas \u00faltimas d\u00e9cadas, o desenrolar agitado dos fatos vem tirando o f\u00f4lego de muitos brasileiros [&hellip;]<\/p>\n","protected":false},"author":34,"featured_media":12080,"comment_status":"open","ping_status":"open","sticky":false,"template":"","format":"standard","meta":{"footnotes":""},"categories":[23],"tags":[290,127,114,837,119,838,68,2,69,16],"class_list":["post-12078","post","type-post","status-publish","format-standard","has-post-thumbnail","hentry","category-integra","tag-democracianobrasil","tag-eleicoes2018","tag-historiadebrasilia","tag-lulismo","tag-pt","tag-salaodoestudanteembrasilia","tag-aricunha","tag-brasilia","tag-circecunha","tag-mamfil"],"_links":{"self":[{"href":"https:\/\/blogs.correiobraziliense.com.br\/aricunha\/wp-json\/wp\/v2\/posts\/12078","targetHints":{"allow":["GET"]}}],"collection":[{"href":"https:\/\/blogs.correiobraziliense.com.br\/aricunha\/wp-json\/wp\/v2\/posts"}],"about":[{"href":"https:\/\/blogs.correiobraziliense.com.br\/aricunha\/wp-json\/wp\/v2\/types\/post"}],"author":[{"embeddable":true,"href":"https:\/\/blogs.correiobraziliense.com.br\/aricunha\/wp-json\/wp\/v2\/users\/34"}],"replies":[{"embeddable":true,"href":"https:\/\/blogs.correiobraziliense.com.br\/aricunha\/wp-json\/wp\/v2\/comments?post=12078"}],"version-history":[{"count":3,"href":"https:\/\/blogs.correiobraziliense.com.br\/aricunha\/wp-json\/wp\/v2\/posts\/12078\/revisions"}],"predecessor-version":[{"id":12084,"href":"https:\/\/blogs.correiobraziliense.com.br\/aricunha\/wp-json\/wp\/v2\/posts\/12078\/revisions\/12084"}],"wp:featuredmedia":[{"embeddable":true,"href":"https:\/\/blogs.correiobraziliense.com.br\/aricunha\/wp-json\/wp\/v2\/media\/12080"}],"wp:attachment":[{"href":"https:\/\/blogs.correiobraziliense.com.br\/aricunha\/wp-json\/wp\/v2\/media?parent=12078"}],"wp:term":[{"taxonomy":"category","embeddable":true,"href":"https:\/\/blogs.correiobraziliense.com.br\/aricunha\/wp-json\/wp\/v2\/categories?post=12078"},{"taxonomy":"post_tag","embeddable":true,"href":"https:\/\/blogs.correiobraziliense.com.br\/aricunha\/wp-json\/wp\/v2\/tags?post=12078"}],"curies":[{"name":"wp","href":"https:\/\/api.w.org\/{rel}","templated":true}]}}