{"id":12071,"date":"2018-09-07T01:00:55","date_gmt":"2018-09-07T04:00:55","guid":{"rendered":"https:\/\/blogs.correiobraziliense.com.br\/aricunha\/?p=12071"},"modified":"2018-09-06T21:01:36","modified_gmt":"2018-09-07T00:01:36","slug":"educacao-familiar-feita-em-casa-entra-no-debate","status":"publish","type":"post","link":"https:\/\/blogs.correiobraziliense.com.br\/aricunha\/educacao-familiar-feita-em-casa-entra-no-debate\/","title":{"rendered":"Educa\u00e7\u00e3o familiar feita em casa entra no debate"},"content":{"rendered":"<p style=\"text-align: justify\">ARI CUNHA<\/p>\n<p style=\"text-align: justify\">Visto, lido e ouvido<\/p>\n<p style=\"text-align: justify\">Desde 1960<\/p>\n<p style=\"text-align: justify\">com Circe Cunha e Mamfil;<\/p>\n<p style=\"text-align: justify\">colunadoaricunha@gmail.com;<\/p>\n<figure id=\"attachment_12074\" aria-describedby=\"caption-attachment-12074\" style=\"width: 604px\" class=\"wp-caption aligncenter\"><img loading=\"lazy\" decoding=\"async\" class=\" wp-image-12074\" src=\"https:\/\/blogs.correiobraziliense.com.br\/aricunha\/wp-content\/uploads\/sites\/13\/2018\/09\/resultado-educacao-mec-160812-lute-humor-politico.jpg\" alt=\"Charge: Lute\" width=\"604\" height=\"420\" srcset=\"https:\/\/blogs.correiobraziliense.com.br\/aricunha\/wp-content\/uploads\/sites\/13\/2018\/09\/resultado-educacao-mec-160812-lute-humor-politico.jpg 480w, https:\/\/blogs.correiobraziliense.com.br\/aricunha\/wp-content\/uploads\/sites\/13\/2018\/09\/resultado-educacao-mec-160812-lute-humor-politico-300x209.jpg 300w, https:\/\/blogs.correiobraziliense.com.br\/aricunha\/wp-content\/uploads\/sites\/13\/2018\/09\/resultado-educacao-mec-160812-lute-humor-politico-350x244.jpg 350w, https:\/\/blogs.correiobraziliense.com.br\/aricunha\/wp-content\/uploads\/sites\/13\/2018\/09\/resultado-educacao-mec-160812-lute-humor-politico-230x160.jpg 230w\" sizes=\"auto, (max-width: 604px) 100vw, 604px\" \/><figcaption id=\"caption-attachment-12074\" class=\"wp-caption-text\">Charge: Lute<\/figcaption><\/figure>\n<p style=\"text-align: justify\">\u00a0\u00a0\u00a0\u00a0\u00a0\u00a0\u00a0\u00a0 Levantamento recente feito pelo Minist\u00e9rio da Educa\u00e7\u00e3o (MEC) mostrou que apenas uma parcela m\u00ednima dos estudantes brasileiros, sobretudo os matriculados no ensino m\u00e9dio, det\u00e9m conhecimento esperado para a s\u00e9rie que est\u00e3o cursando.<\/p>\n<p style=\"text-align: justify\">\u00a0\u00a0\u00a0\u00a0\u00a0\u00a0\u00a0\u00a0 Segundo o Sistema de Avalia\u00e7\u00e3o da Educa\u00e7\u00e3o B\u00e1sica (Saeb), no 3\u00ba ano do ensino m\u00e9dio, apenas 4% dominam os conte\u00fados adequados para essa etapa em Matem\u00e1tica. Em Portugu\u00eas, esses n\u00fameros s\u00e3o ainda piores. Apenas 1,7% est\u00e3o em n\u00edvel adequado. O pr\u00f3prio ministro da Educa\u00e7\u00e3o, Rossieli Soares, reconheceu que o ensino m\u00e9dio est\u00e1 no fundo do po\u00e7o, considerando ainda como desastrosos os resultados das escolas p\u00fablicas levantadas pelo MEC.<\/p>\n<p style=\"text-align: justify\">\u00a0 \u00a0 \u00a0 Com isso, fica patente para todo mundo que a mais alta autoridade do Estado para assunto de Educa\u00e7\u00e3o reconhece, abertamente, a fal\u00eancia do ensino p\u00fablico, que para ele \u00e9 um grande produtor de desigualdades, engessado, inflex\u00edvel e excludente. Diante de uma realidade dessas, que h\u00e1 muito \u00e9 do conhecimento das fam\u00edlias brasileiras de baixa e m\u00e9dia renda, fica, para dizer o m\u00ednimo, complicado ao Estado e principalmente aos \u00f3rg\u00e3os de justi\u00e7a, obrigarem os pais a matricular seus filhos na rede de ensino.<\/p>\n<p style=\"text-align: justify\">\u00a0 \u00a0 \u00a0 \u00a0 \u00a0 Outro aspecto que tem despertado a aten\u00e7\u00e3o e a ira de muitas fam\u00edlias, levando inclusive a protestos calorosos, \u00e9 com rela\u00e7\u00e3o aos novos curr\u00edculos escolares, mais precisamente no desenvolvimento atabalhoado e sem crit\u00e9rios de assuntos de natureza sexual e de g\u00eaneros. Neste tocante, a maioria dos pr\u00f3prios professores reconhece publicamente que n\u00e3o se sente devidamente habilitada para desenvolver, junto a crian\u00e7as e adolescentes, assuntos dessa natureza e que n\u00e3o raro essas aulas acabam se transformando numa grande confus\u00e3o e n\u00e3o rendem benef\u00edcio algum do ponto de vista did\u00e1tico e pedag\u00f3gico.<\/p>\n<p style=\"text-align: justify\">\u00a0 \u00a0 \u00a0 \u00a0Al\u00e9m desses problemas de ordem estrutural do ensino, outras quest\u00f5es ser\u00edssimas t\u00eam preocupado muitas fam\u00edlias por todo o pa\u00eds, como \u00e9 o caso da viol\u00eancia cotidiana envolvendo alunos contra alunos, alunos contra professores e pais contra professores. A cada dia, temas como esse e outros ligados ao consumo e venda de entorpecentes dentro das escolas ganham as m\u00eddias e assustam, cada vez mais as fam\u00edlias.<\/p>\n<p style=\"text-align: justify\">\u00a0\u00a0\u00a0\u00a0\u00a0\u00a0\u00a0\u00a0 Diante da omiss\u00e3o e covardia hist\u00f3rica do Estado para tratar a quest\u00e3o com autoridade no setor da educa\u00e7\u00e3o, muitos lares v\u00eam adotando o chamando \u201cHomeschooling\u201d que \u00e9 a instru\u00e7\u00e3o empreendida em casa pela pr\u00f3pria fam\u00edlia.<\/p>\n<p style=\"text-align: justify\">\u00a0 \u00a0 \u00a0 \u00a0 \u00a0 \u00a0O crescimento no n\u00famero de fam\u00edlias que t\u00eam adotado esse regime caseiro de ensino n\u00e3o para de crescer e por isso tem chamado a aten\u00e7\u00e3o das autoridades, com o envolvimento inclusive do Poder Judici\u00e1rio nessa quest\u00e3o. O assunto por sua dimens\u00e3o j\u00e1 chegou inclusive ao Supremo Tribunal Federal. Estava previsto para ontem, a discuss\u00e3o do assunto na Corte, na forma de Recurso Extraordin\u00e1rio (RE) n\u00ba 888815.<\/p>\n<p style=\"text-align: justify\">\u00a0 \u00a0 \u00a0 \u00a0 \u00a0 Na oportunidade e sob a relatoria do ministro Roberto Barroso, o STF ir\u00e1 debater se pode ser considerado meio l\u00edcito de cumprimento, pela fam\u00edlia, do dever de prover a educa\u00e7\u00e3o dos seus filhos. A Procuradoria-Geral da Rep\u00fablica e a Advocacia-Geral da Uni\u00e3o j\u00e1 se posicionaram contra o homeschooling, considerando que nenhum n\u00facleo familiar ser\u00e1 capaz de propiciar \u00e0 crian\u00e7a e ao adolescente o conv\u00edvio com tamanha diversidade cultural presente nos ambientes escolares. Mesmo que hoje em dia isso n\u00e3o seja t\u00e3o vantajoso assim.<\/p>\n<p style=\"text-align: justify\">\u00a0\u00a0\u00a0\u00a0\u00a0\u00a0\u00a0\u00a0 A quest\u00e3o de fundo ir\u00e1 colocar a atual realidade das escolas p\u00fablicas, invadidas por ideologias de todo o tipo, estranhas ao meio. Com o sucateamento dessas institui\u00e7\u00f5es, milhares de fam\u00edlias que passaram a ver, nesses locais, um ambiente desestruturado t\u00e9cnica e moralmente.<\/p>\n<p style=\"text-align: justify\"><strong>A frase que foi pronunciada:<\/strong><\/p>\n<p style=\"text-align: justify\">&#8220;A pobreza n\u00e3o nasce da diminui\u00e7\u00e3o dos haveres, mas da multiplica\u00e7\u00e3o dos desejos.&#8221;<\/p>\n<p style=\"text-align: justify\">(Plat\u00e3o)<\/p>\n<p style=\"text-align: justify\"><strong>Alerta vermelho<\/strong><\/p>\n<p style=\"text-align: justify\">Mais de 100 milh\u00f5es de receitas para antidepressivos s\u00e3o prescritas todos os anos nos Estados Unidos. Aqui no Brasil ningu\u00e9m se atreve a publicar as estat\u00edsticas. A Novartis j\u00e1 se pronunciou sobre o uso indiscriminado da Ritalina para crian\u00e7as e adultos. &#8220;A Novartis repudia veementemente o uso indevido do cloridrato de metilfenidato e enfatiza que o medicamento deve ser usado somente conforme as indica\u00e7\u00f5es em bula e mediante a prescri\u00e7\u00e3o de um m\u00e9dico especializado&#8221;. Apesar do rep\u00fadio as consequ\u00eancias j\u00e1 come\u00e7aram a aparecer. E assustar.<\/p>\n<figure id=\"attachment_12075\" aria-describedby=\"caption-attachment-12075\" style=\"width: 663px\" class=\"wp-caption aligncenter\"><img loading=\"lazy\" decoding=\"async\" class=\"size-full wp-image-12075\" src=\"https:\/\/blogs.correiobraziliense.com.br\/aricunha\/wp-content\/uploads\/sites\/13\/2018\/09\/Ritalina-3.png\" alt=\"Tirinha: Alexandre Beck\" width=\"663\" height=\"193\" srcset=\"https:\/\/blogs.correiobraziliense.com.br\/aricunha\/wp-content\/uploads\/sites\/13\/2018\/09\/Ritalina-3.png 663w, https:\/\/blogs.correiobraziliense.com.br\/aricunha\/wp-content\/uploads\/sites\/13\/2018\/09\/Ritalina-3-300x87.png 300w, https:\/\/blogs.correiobraziliense.com.br\/aricunha\/wp-content\/uploads\/sites\/13\/2018\/09\/Ritalina-3-350x102.png 350w, https:\/\/blogs.correiobraziliense.com.br\/aricunha\/wp-content\/uploads\/sites\/13\/2018\/09\/Ritalina-3-550x160.png 550w, https:\/\/blogs.correiobraziliense.com.br\/aricunha\/wp-content\/uploads\/sites\/13\/2018\/09\/Ritalina-3-230x67.png 230w\" sizes=\"auto, (max-width: 663px) 100vw, 663px\" \/><figcaption id=\"caption-attachment-12075\" class=\"wp-caption-text\">Tirinha: Alexandre Beck<\/figcaption><\/figure>\n<p style=\"text-align: justify\"><strong>Privatizado<\/strong><\/p>\n<p style=\"text-align: justify\">C\u00e2mara Legislativa, Senado Federal e C\u00e2mara dos Deputados j\u00e1 discutiram a carceragem no Brasil exaustivamente. Foram pontuadas as iniciativas para aperfei\u00e7oar o sistema e declarada, como fundamental, a uni\u00e3o de esfor\u00e7os para garantir a ressocializa\u00e7\u00e3o dos internos. De pr\u00e1tico, s\u00f3 o complexo em Ribeir\u00e3o das Neves consegue ser case de sucesso.<\/p>\n<figure id=\"attachment_12076\" aria-describedby=\"caption-attachment-12076\" style=\"width: 528px\" class=\"wp-caption aligncenter\"><img loading=\"lazy\" decoding=\"async\" class=\" wp-image-12076\" src=\"https:\/\/blogs.correiobraziliense.com.br\/aricunha\/wp-content\/uploads\/sites\/13\/2018\/09\/image.jpg\" alt=\"Foto: hojeemdia.com.br\" width=\"528\" height=\"350\" srcset=\"https:\/\/blogs.correiobraziliense.com.br\/aricunha\/wp-content\/uploads\/sites\/13\/2018\/09\/image.jpg 490w, https:\/\/blogs.correiobraziliense.com.br\/aricunha\/wp-content\/uploads\/sites\/13\/2018\/09\/image-300x199.jpg 300w, https:\/\/blogs.correiobraziliense.com.br\/aricunha\/wp-content\/uploads\/sites\/13\/2018\/09\/image-350x232.jpg 350w, https:\/\/blogs.correiobraziliense.com.br\/aricunha\/wp-content\/uploads\/sites\/13\/2018\/09\/image-230x153.jpg 230w\" sizes=\"auto, (max-width: 528px) 100vw, 528px\" \/><figcaption id=\"caption-attachment-12076\" class=\"wp-caption-text\">Foto: hojeemdia.com.br<\/figcaption><\/figure>\n<p style=\"text-align: justify\"><strong>Impressionante<\/strong><\/p>\n<p style=\"text-align: justify\">Chegou \u00e0s vias de fato. Na fila do BRB Convenience, no supermercado Gomes, do Parano\u00e1, a mo\u00e7a chegou depois que as senhas foram distribu\u00eddas. Serpenteando entre a fila, conseguiu alcan\u00e7ar um guich\u00ea, onde foi atendida mesmo sem mostrar o cart\u00e3ozinho de espera na fila. Quem deveria ter sido atendida n\u00e3o aguentou. Estourou um tapa de m\u00e3o cheia no rosto da espertinha e a briga come\u00e7ou feia. Os seguran\u00e7as apareceram e contornaram a situa\u00e7\u00e3o. Ficou a impress\u00e3o que esse tipo de ag\u00eancia deveria ficar dentro de delegacias e n\u00e3o de supermercados.<\/p>\n<p style=\"text-align: justify\"><strong>HIST\u00d3RIA DE BRAS\u00cdLIA<\/strong><\/p>\n<p style=\"text-align: justify\">O manifesto dos oficiais de Fortaleza, que valeu a pris\u00e3o de v\u00e1rios dos signat\u00e1rios, trouxe \u00e0 baila o nome de um bairro da capital cearense: Jacarecanga. <strong>(Publicado em 28.10.1961)<\/strong><\/p>\n","protected":false},"excerpt":{"rendered":"<p>ARI CUNHA Visto, lido e ouvido Desde 1960 com Circe Cunha e Mamfil; colunadoaricunha@gmail.com; \u00a0\u00a0\u00a0\u00a0\u00a0\u00a0\u00a0\u00a0 Levantamento recente feito pelo Minist\u00e9rio da Educa\u00e7\u00e3o (MEC) mostrou que apenas uma parcela m\u00ednima dos estudantes brasileiros, sobretudo os matriculados no ensino m\u00e9dio, det\u00e9m conhecimento esperado para a s\u00e9rie que est\u00e3o cursando. \u00a0\u00a0\u00a0\u00a0\u00a0\u00a0\u00a0\u00a0 Segundo o Sistema de Avalia\u00e7\u00e3o da Educa\u00e7\u00e3o B\u00e1sica (Saeb), no 3\u00ba ano [&hellip;]<\/p>\n","protected":false},"author":34,"featured_media":12074,"comment_status":"open","ping_status":"open","sticky":false,"template":"","format":"standard","meta":{"footnotes":""},"categories":[23],"tags":[836,835,832,114,831,833,834,68,2,69,16],"class_list":["post-12071","post","type-post","status-publish","format-standard","has-post-thumbnail","hentry","category-integra","tag-briganafiladobrbconveniencedoparanoa","tag-carceragemnobrasil","tag-educacaoemcasanobrasil","tag-historiadebrasilia","tag-homeschooling","tag-recurso-extraordinariono888815","tag-usoderitalinanobrasil","tag-aricunha","tag-brasilia","tag-circecunha","tag-mamfil"],"_links":{"self":[{"href":"https:\/\/blogs.correiobraziliense.com.br\/aricunha\/wp-json\/wp\/v2\/posts\/12071","targetHints":{"allow":["GET"]}}],"collection":[{"href":"https:\/\/blogs.correiobraziliense.com.br\/aricunha\/wp-json\/wp\/v2\/posts"}],"about":[{"href":"https:\/\/blogs.correiobraziliense.com.br\/aricunha\/wp-json\/wp\/v2\/types\/post"}],"author":[{"embeddable":true,"href":"https:\/\/blogs.correiobraziliense.com.br\/aricunha\/wp-json\/wp\/v2\/users\/34"}],"replies":[{"embeddable":true,"href":"https:\/\/blogs.correiobraziliense.com.br\/aricunha\/wp-json\/wp\/v2\/comments?post=12071"}],"version-history":[{"count":3,"href":"https:\/\/blogs.correiobraziliense.com.br\/aricunha\/wp-json\/wp\/v2\/posts\/12071\/revisions"}],"predecessor-version":[{"id":12077,"href":"https:\/\/blogs.correiobraziliense.com.br\/aricunha\/wp-json\/wp\/v2\/posts\/12071\/revisions\/12077"}],"wp:featuredmedia":[{"embeddable":true,"href":"https:\/\/blogs.correiobraziliense.com.br\/aricunha\/wp-json\/wp\/v2\/media\/12074"}],"wp:attachment":[{"href":"https:\/\/blogs.correiobraziliense.com.br\/aricunha\/wp-json\/wp\/v2\/media?parent=12071"}],"wp:term":[{"taxonomy":"category","embeddable":true,"href":"https:\/\/blogs.correiobraziliense.com.br\/aricunha\/wp-json\/wp\/v2\/categories?post=12071"},{"taxonomy":"post_tag","embeddable":true,"href":"https:\/\/blogs.correiobraziliense.com.br\/aricunha\/wp-json\/wp\/v2\/tags?post=12071"}],"curies":[{"name":"wp","href":"https:\/\/api.w.org\/{rel}","templated":true}]}}