{"id":11981,"date":"2018-08-29T00:02:03","date_gmt":"2018-08-29T03:02:03","guid":{"rendered":"https:\/\/blogs.correiobraziliense.com.br\/aricunha\/?p=11981"},"modified":"2018-08-29T00:02:03","modified_gmt":"2018-08-29T03:02:03","slug":"reforma-do-sistema-eleitoral-por-plebiscito-faz-se-urgente","status":"publish","type":"post","link":"https:\/\/blogs.correiobraziliense.com.br\/aricunha\/reforma-do-sistema-eleitoral-por-plebiscito-faz-se-urgente\/","title":{"rendered":"Reforma do sistema eleitoral por plebiscito faz-se urgente"},"content":{"rendered":"<p style=\"text-align: justify\">ARI CUNHA<\/p>\n<p style=\"text-align: justify\">Visto, lido e ouvido<\/p>\n<p style=\"text-align: justify\">Desde 1960<\/p>\n<p style=\"text-align: justify\">com Circe Cunha e Mamfil;<\/p>\n<p style=\"text-align: justify\">colunadoaricunha@gmail.com;<\/p>\n<figure id=\"attachment_11985\" aria-describedby=\"caption-attachment-11985\" style=\"width: 413px\" class=\"wp-caption alignleft\"><img loading=\"lazy\" decoding=\"async\" class=\" wp-image-11985\" src=\"https:\/\/blogs.correiobraziliense.com.br\/aricunha\/wp-content\/uploads\/sites\/13\/2018\/08\/charge_eleitoral.jpg\" alt=\"Charge: Ivan Cabral\" width=\"413\" height=\"300\" srcset=\"https:\/\/blogs.correiobraziliense.com.br\/aricunha\/wp-content\/uploads\/sites\/13\/2018\/08\/charge_eleitoral.jpg 300w, https:\/\/blogs.correiobraziliense.com.br\/aricunha\/wp-content\/uploads\/sites\/13\/2018\/08\/charge_eleitoral-230x167.jpg 230w\" sizes=\"auto, (max-width: 413px) 100vw, 413px\" \/><figcaption id=\"caption-attachment-11985\" class=\"wp-caption-text\">Charge: Ivan Cabral<\/figcaption><\/figure>\n<p style=\"text-align: justify\">\u00a0 \u00a0 \u00a0 \u00a0 \u00a0 Analistas, cientistas, at\u00e9 mesmo uma parcela da classe pol\u00edtica e da pr\u00f3pria popula\u00e7\u00e3o j\u00e1 firmaram a convic\u00e7\u00e3o de que as pr\u00f3ximas elei\u00e7\u00f5es, pelo o que se tem visto dos candidatos e das vagas propostas apresentadas, n\u00e3o possuir\u00e3o, nem de longe, o cond\u00e3o para modificar a situa\u00e7\u00e3o de profunda crise experimentada pelo pa\u00eds desde 2013. H\u00e1 ainda o risco que os eleitos para comandar o pa\u00eds a partir de 2019, al\u00e9m de n\u00e3o contribu\u00edrem para minorar o conjunto de problemas que foram se acumulando ao longo desse tempo, venha a agravar, ainda mais, essa situa\u00e7\u00e3o, o que poderia facilmente empurrar o Brasil para o beco sem sa\u00edda do caos generalizado e das aventuras irrespons\u00e1veis.<\/p>\n<p style=\"text-align: justify\">\u00a0 \u00a0 \u00a0 O momento, todos concordam, \u00e9 delicado e grave. A reforma pol\u00edtica, que muito poderia contribuir para alavancar o pa\u00eds, foi reduzida em tamanho, import\u00e2ncia e alcance, transmutando-se num conjunto de medidas canhestras, visando a atender apenas aos anseios da classe pol\u00edtica, a manuten\u00e7\u00e3o e amplia\u00e7\u00e3o do status quo vigente. O mesmo fim foi dado \u00e0s demais reformas necess\u00e1rias e urgentes: todas foram abandonadas por terra e desidratadas at\u00e9 a morte. Com isso, problemas estruturais de um Estado que amea\u00e7a desabar foram empurrados com a barriga, na v\u00e3 tentativa de deixar que o tempo encontrasse solu\u00e7\u00f5es naturais que os dirigentes n\u00e3o foram capazes de construir.<\/p>\n<p style=\"text-align: justify\">\u00a0 \u00a0 \u00a0 \u00a0 \u00a0 Passamos assim do improviso \u00e0 expectativa, aguardando a vinda do livrador. Obviamente que nessa altura dos acontecimentos, de nada adiantam reformas feitas em cima do la\u00e7o. \u00c9 preciso, no entanto, aplainar o terreno pelo menos para 2020 e mais adiante, quando se abrir\u00e3o novas janelas de oportunidades eleitorais. Nesse sentido, a convoca\u00e7\u00e3o de um oportuno plebiscito nacional sobre o sistema eleitoral, realizado simultaneamente com as elei\u00e7\u00f5es desse ano, abre uma boa perspectiva para a rearruma\u00e7\u00e3o pol\u00edtica do Brasil.<\/p>\n<p style=\"text-align: justify\">\u00a0\u00a0\u00a0\u00a0\u00a0\u00a0\u00a0\u00a0\u00a0 A proposta em an\u00e1lise, na Comiss\u00e3o de Constitui\u00e7\u00e3o, Justi\u00e7a e Cidadania do Senado, \u00e9 de autoria do senador por Bras\u00edlia, Ant\u00f4nio Reguffe e j\u00e1 conta com o apoio de 27 senadores. No question\u00e1rio que ser\u00e1 apresentado ao eleitor em outubro desse ano, caso a proposta seja aprovada, constar\u00e3o quatro op\u00e7\u00f5es de respostas \u00e0 seguinte quest\u00e3o: qual o melhor sistema eleitoral para o Brasil? Caber\u00e1 ao cidad\u00e3o escolher as respostas entre o atual sistema, o sistema distrital, o voto em lista fechada pr\u00e9-definida pelos partidos ou o sistema misto (metade lista e metade distrital).<\/p>\n<p style=\"text-align: justify\">\u00a0 \u00a0 \u00a0 \u00a0 \u00a0 \u00a0Em sua justificativa, o senador Reguffe ressalta que \u201cas pessoas, hoje, n\u00e3o acreditam mais em pol\u00edtica. Para ele isso \u00e9 culpa dos personagens por desvios \u00e9ticos inaceit\u00e1veis, mas, sobretudo, do pr\u00f3prio sistema eleitoral, que coloca partidos e pol\u00edticos em primeiro plano e n\u00e3o pensam, sequer, na sobreviv\u00eancia do Brasil e dos brasileiros. Segundo o autor da proposta, o plebiscito \u00e9, nesse momento, a melhor solu\u00e7\u00e3o, pela oportunidade e pelos custos zero ao contribuinte.<\/p>\n<p style=\"text-align: justify\"><strong>A frase que foi pronunciada:<\/strong><\/p>\n<p style=\"text-align: justify\"><em>\u201cN\u00e3o basta conquistar a sabedoria, \u00e9 preciso us\u00e1-la.<\/em><\/p>\n<p style=\"text-align: justify\">C\u00edcero<\/p>\n<figure id=\"attachment_11986\" aria-describedby=\"caption-attachment-11986\" style=\"width: 489px\" class=\"wp-caption aligncenter\"><img loading=\"lazy\" decoding=\"async\" class=\" wp-image-11986\" src=\"https:\/\/blogs.correiobraziliense.com.br\/aricunha\/wp-content\/uploads\/sites\/13\/2018\/08\/charge-eleitor.jpg\" alt=\"Charge: sponholz.arq.br\" width=\"489\" height=\"316\" srcset=\"https:\/\/blogs.correiobraziliense.com.br\/aricunha\/wp-content\/uploads\/sites\/13\/2018\/08\/charge-eleitor.jpg 410w, https:\/\/blogs.correiobraziliense.com.br\/aricunha\/wp-content\/uploads\/sites\/13\/2018\/08\/charge-eleitor-300x194.jpg 300w, https:\/\/blogs.correiobraziliense.com.br\/aricunha\/wp-content\/uploads\/sites\/13\/2018\/08\/charge-eleitor-350x226.jpg 350w, https:\/\/blogs.correiobraziliense.com.br\/aricunha\/wp-content\/uploads\/sites\/13\/2018\/08\/charge-eleitor-230x149.jpg 230w\" sizes=\"auto, (max-width: 489px) 100vw, 489px\" \/><figcaption id=\"caption-attachment-11986\" class=\"wp-caption-text\">Charge: sponholz.arq.br<\/figcaption><\/figure>\n<p style=\"text-align: justify\"><strong>Pa\u00eds s\u00e9rio<\/strong><\/p>\n<p style=\"text-align: justify\">O panorama do que ser\u00e3o as elei\u00e7\u00f5es 2018 \u00e9 mais ou menos esse: uma presidente que recebeu impeachment est\u00e1 na frente na inten\u00e7\u00e3o de votos para Senadora por seu estado, segundo pesquisas, e um ex-presidente acompanha as not\u00edcias sobre sua candidatura detr\u00e1s das grades.<\/p>\n<figure id=\"attachment_11987\" aria-describedby=\"caption-attachment-11987\" style=\"width: 480px\" class=\"wp-caption aligncenter\"><img loading=\"lazy\" decoding=\"async\" class=\"size-full wp-image-11987\" src=\"https:\/\/blogs.correiobraziliense.com.br\/aricunha\/wp-content\/uploads\/sites\/13\/2018\/08\/pt_lula_dilma.jpg\" alt=\"Charge: Nani\" width=\"480\" height=\"343\" srcset=\"https:\/\/blogs.correiobraziliense.com.br\/aricunha\/wp-content\/uploads\/sites\/13\/2018\/08\/pt_lula_dilma.jpg 480w, https:\/\/blogs.correiobraziliense.com.br\/aricunha\/wp-content\/uploads\/sites\/13\/2018\/08\/pt_lula_dilma-300x214.jpg 300w, https:\/\/blogs.correiobraziliense.com.br\/aricunha\/wp-content\/uploads\/sites\/13\/2018\/08\/pt_lula_dilma-350x250.jpg 350w, https:\/\/blogs.correiobraziliense.com.br\/aricunha\/wp-content\/uploads\/sites\/13\/2018\/08\/pt_lula_dilma-230x164.jpg 230w\" sizes=\"auto, (max-width: 480px) 100vw, 480px\" \/><figcaption id=\"caption-attachment-11987\" class=\"wp-caption-text\">Charge: Nani<\/figcaption><\/figure>\n<p style=\"text-align: justify\"><strong>Economia<\/strong><\/p>\n<p style=\"text-align: justify\">Projeto do senador Lasier Martins, que chegou na Comiss\u00e3o de Assuntos Econ\u00f4micos, altera a legisla\u00e7\u00e3o para incentivar a economia de \u00e1gua tratada, inclusive pelos prestadores de servi\u00e7os p\u00fablicos de saneamento b\u00e1sico e de abastecimento de \u00e1gua.<\/p>\n<figure id=\"attachment_11988\" aria-describedby=\"caption-attachment-11988\" style=\"width: 347px\" class=\"wp-caption aligncenter\"><img loading=\"lazy\" decoding=\"async\" class=\" wp-image-11988\" src=\"https:\/\/blogs.correiobraziliense.com.br\/aricunha\/wp-content\/uploads\/sites\/13\/2018\/08\/senador5533.jpg\" alt=\"Foto: senado.leg.br\" width=\"347\" height=\"434\" srcset=\"https:\/\/blogs.correiobraziliense.com.br\/aricunha\/wp-content\/uploads\/sites\/13\/2018\/08\/senador5533.jpg 480w, https:\/\/blogs.correiobraziliense.com.br\/aricunha\/wp-content\/uploads\/sites\/13\/2018\/08\/senador5533-240x300.jpg 240w, https:\/\/blogs.correiobraziliense.com.br\/aricunha\/wp-content\/uploads\/sites\/13\/2018\/08\/senador5533-280x350.jpg 280w, https:\/\/blogs.correiobraziliense.com.br\/aricunha\/wp-content\/uploads\/sites\/13\/2018\/08\/senador5533-230x288.jpg 230w\" sizes=\"auto, (max-width: 347px) 100vw, 347px\" \/><figcaption id=\"caption-attachment-11988\" class=\"wp-caption-text\">Foto: senado.leg.br<\/figcaption><\/figure>\n<p style=\"text-align: justify\"><strong>Novidade<\/strong><\/p>\n<p style=\"text-align: justify\">Outra ideia legislativa \u00e9 transformar fac\u00e7\u00f5es criminosas em organiza\u00e7\u00f5es terroristas.<\/p>\n<p style=\"text-align: justify\"><strong>Bons neg\u00f3cios<\/strong><\/p>\n<p style=\"text-align: justify\">Macau, cidade chinesa dominada pelos portugueses entre 1557 e 1999 passa por uma fase onde a l\u00edngua portuguesa \u00e9 tratada com todo o respeito, principalmente nas universidades chinesas. O ensino do portugu\u00eas est\u00e1 se expandindo j\u00e1 como clara estrat\u00e9gia para difus\u00e3o do portugu\u00eas na China.<\/p>\n<figure id=\"attachment_11990\" aria-describedby=\"caption-attachment-11990\" style=\"width: 511px\" class=\"wp-caption aligncenter\"><img loading=\"lazy\" decoding=\"async\" class=\" wp-image-11990\" src=\"https:\/\/blogs.correiobraziliense.com.br\/aricunha\/wp-content\/uploads\/sites\/13\/2018\/08\/MACAU.jpg\" alt=\"Foto: camarachinesa.com.br\" width=\"511\" height=\"286\" srcset=\"https:\/\/blogs.correiobraziliense.com.br\/aricunha\/wp-content\/uploads\/sites\/13\/2018\/08\/MACAU.jpg 600w, https:\/\/blogs.correiobraziliense.com.br\/aricunha\/wp-content\/uploads\/sites\/13\/2018\/08\/MACAU-300x168.jpg 300w, https:\/\/blogs.correiobraziliense.com.br\/aricunha\/wp-content\/uploads\/sites\/13\/2018\/08\/MACAU-350x196.jpg 350w, https:\/\/blogs.correiobraziliense.com.br\/aricunha\/wp-content\/uploads\/sites\/13\/2018\/08\/MACAU-550x308.jpg 550w, https:\/\/blogs.correiobraziliense.com.br\/aricunha\/wp-content\/uploads\/sites\/13\/2018\/08\/MACAU-230x129.jpg 230w\" sizes=\"auto, (max-width: 511px) 100vw, 511px\" \/><figcaption id=\"caption-attachment-11990\" class=\"wp-caption-text\">Foto: camarachinesa.com.br<\/figcaption><\/figure>\n<p style=\"text-align: justify\"><strong>S\u00f3 assim<\/strong><\/p>\n<p style=\"text-align: justify\">Em pa\u00eds onde a cultura \u00e9 \u00faltima preocupa\u00e7\u00e3o, os professores da Escola de M\u00fasica cansaram de esperar por apoio do governo. Arrega\u00e7aram as mangas e usam o pr\u00f3prio talento para resolver os problemas de infraestrutura do pr\u00e9dio da escola. O projeto Conserta Bras\u00edlia trata de apresenta\u00e7\u00f5es de alunos e professores que cobrando pre\u00e7o simb\u00f3lico de ingressos usam a verba para melhorar as condi\u00e7\u00f5es f\u00edsicas da institui\u00e7\u00e3o.<\/p>\n<p><iframe loading=\"lazy\" title=\"Conhe\u00e7a a Escola de M\u00fasica de Bras\u00edlia\" width=\"1440\" height=\"810\" src=\"https:\/\/www.youtube.com\/embed\/_k4VsfJHef8?feature=oembed\" frameborder=\"0\" allow=\"accelerometer; autoplay; clipboard-write; encrypted-media; gyroscope; picture-in-picture; web-share\" referrerpolicy=\"strict-origin-when-cross-origin\" allowfullscreen><\/iframe><\/p>\n<p style=\"text-align: justify\"><strong>HIST\u00d3RIA DE BRAS\u00cdLIA<\/strong><\/p>\n<p style=\"text-align: justify\">H\u00e1, entretanto, um engano, quando diz que minha filha foi premiada com um cargo sem concurso. \u00c9 que minha filha tem sete anos, e a mais nova, acaba de nascer. N\u00e3o entendi aquele \u201cJ\u00e2nio Precisa Voltar\u201d. <strong>(Publicado em 28.10.1961)<\/strong><\/p>\n","protected":false},"excerpt":{"rendered":"<p>ARI CUNHA Visto, lido e ouvido Desde 1960 com Circe Cunha e Mamfil; colunadoaricunha@gmail.com; \u00a0 \u00a0 \u00a0 \u00a0 \u00a0 Analistas, cientistas, at\u00e9 mesmo uma parcela da classe pol\u00edtica e da pr\u00f3pria popula\u00e7\u00e3o j\u00e1 firmaram a convic\u00e7\u00e3o de que as pr\u00f3ximas elei\u00e7\u00f5es, pelo o que se tem visto dos candidatos e das vagas propostas apresentadas, n\u00e3o possuir\u00e3o, nem de longe, o [&hellip;]<\/p>\n","protected":false},"author":34,"featured_media":11985,"comment_status":"open","ping_status":"open","sticky":false,"template":"","format":"standard","meta":{"footnotes":""},"categories":[23],"tags":[127,782,114,781,261,778,779,780,68,2,69,16],"class_list":["post-11981","post","type-post","status-publish","format-standard","has-post-thumbnail","hentry","category-integra","tag-eleicoes2018","tag-escolademusicadebrasilia","tag-historiadebrasilia","tag-macauchina","tag-politicanobrasil","tag-reformadosistemaeleitoral","tag-reformapolitica","tag-senadorlasiermartins","tag-aricunha","tag-brasilia","tag-circecunha","tag-mamfil"],"_links":{"self":[{"href":"https:\/\/blogs.correiobraziliense.com.br\/aricunha\/wp-json\/wp\/v2\/posts\/11981","targetHints":{"allow":["GET"]}}],"collection":[{"href":"https:\/\/blogs.correiobraziliense.com.br\/aricunha\/wp-json\/wp\/v2\/posts"}],"about":[{"href":"https:\/\/blogs.correiobraziliense.com.br\/aricunha\/wp-json\/wp\/v2\/types\/post"}],"author":[{"embeddable":true,"href":"https:\/\/blogs.correiobraziliense.com.br\/aricunha\/wp-json\/wp\/v2\/users\/34"}],"replies":[{"embeddable":true,"href":"https:\/\/blogs.correiobraziliense.com.br\/aricunha\/wp-json\/wp\/v2\/comments?post=11981"}],"version-history":[{"count":4,"href":"https:\/\/blogs.correiobraziliense.com.br\/aricunha\/wp-json\/wp\/v2\/posts\/11981\/revisions"}],"predecessor-version":[{"id":11991,"href":"https:\/\/blogs.correiobraziliense.com.br\/aricunha\/wp-json\/wp\/v2\/posts\/11981\/revisions\/11991"}],"wp:featuredmedia":[{"embeddable":true,"href":"https:\/\/blogs.correiobraziliense.com.br\/aricunha\/wp-json\/wp\/v2\/media\/11985"}],"wp:attachment":[{"href":"https:\/\/blogs.correiobraziliense.com.br\/aricunha\/wp-json\/wp\/v2\/media?parent=11981"}],"wp:term":[{"taxonomy":"category","embeddable":true,"href":"https:\/\/blogs.correiobraziliense.com.br\/aricunha\/wp-json\/wp\/v2\/categories?post=11981"},{"taxonomy":"post_tag","embeddable":true,"href":"https:\/\/blogs.correiobraziliense.com.br\/aricunha\/wp-json\/wp\/v2\/tags?post=11981"}],"curies":[{"name":"wp","href":"https:\/\/api.w.org\/{rel}","templated":true}]}}