{"id":11933,"date":"2018-08-23T17:59:07","date_gmt":"2018-08-23T20:59:07","guid":{"rendered":"https:\/\/blogs.correiobraziliense.com.br\/aricunha\/?p=11933"},"modified":"2018-08-23T17:59:07","modified_gmt":"2018-08-23T20:59:07","slug":"politicas-equivocadas-induzem-ao-atraso","status":"publish","type":"post","link":"https:\/\/blogs.correiobraziliense.com.br\/aricunha\/politicas-equivocadas-induzem-ao-atraso\/","title":{"rendered":"Pol\u00edticas equivocadas induzem ao atraso"},"content":{"rendered":"<p style=\"text-align: justify\">ARI CUNHA<\/p>\n<p style=\"text-align: justify\">Visto, lido e ouvido<\/p>\n<p style=\"text-align: justify\">Desde 1960<\/p>\n<p style=\"text-align: justify\">com Circe Cunha e Mamfil;<\/p>\n<p style=\"text-align: justify\">colunadoaricunha@gmail.com;<\/p>\n<figure id=\"attachment_11938\" aria-describedby=\"caption-attachment-11938\" style=\"width: 480px\" class=\"wp-caption alignleft\"><img loading=\"lazy\" decoding=\"async\" class=\"size-full wp-image-11938\" src=\"https:\/\/blogs.correiobraziliense.com.br\/aricunha\/wp-content\/uploads\/sites\/13\/2018\/08\/20150924075039.jpg\" alt=\"Charge: Duke\" width=\"480\" height=\"440\" srcset=\"https:\/\/blogs.correiobraziliense.com.br\/aricunha\/wp-content\/uploads\/sites\/13\/2018\/08\/20150924075039.jpg 480w, https:\/\/blogs.correiobraziliense.com.br\/aricunha\/wp-content\/uploads\/sites\/13\/2018\/08\/20150924075039-300x275.jpg 300w, https:\/\/blogs.correiobraziliense.com.br\/aricunha\/wp-content\/uploads\/sites\/13\/2018\/08\/20150924075039-350x321.jpg 350w, https:\/\/blogs.correiobraziliense.com.br\/aricunha\/wp-content\/uploads\/sites\/13\/2018\/08\/20150924075039-230x211.jpg 230w\" sizes=\"auto, (max-width: 480px) 100vw, 480px\" \/><figcaption id=\"caption-attachment-11938\" class=\"wp-caption-text\">Charge: Duke<\/figcaption><\/figure>\n<p style=\"text-align: justify\">\u00a0\u00a0\u00a0\u00a0\u00a0\u00a0\u00a0\u00a0 \u00c9 consenso que as elei\u00e7\u00f5es, por seus processos pr\u00f3prios, possuem a capacidade de induzir uma certa agita\u00e7\u00e3o em todos os setores do pa\u00eds. A come\u00e7ar pela economia, que nesses per\u00edodos de disputas e incertezas, ao colocar em modo de espera as principais e mais urgentes decis\u00f5es nessa \u00e1rea, acaba por criar um ambiente de fortes expectativas, o que, por sua vez, favorece especula\u00e7\u00f5es de todo tipo e ataques ao mercado.<\/p>\n<p style=\"text-align: justify\">\u00a0 \u00a0 \u00a0 \u00a0Nesse ambiente de incertezas, onde todo mundo passa a se precaver, \u00e9 comum a retra\u00e7\u00e3o de investimentos internos e externos, o que resulta em oscila\u00e7\u00f5es de Bolsas, fuga de capitais, aumento do d\u00f3lar, infla\u00e7\u00e3o e outros aspectos econ\u00f4micos negativos. Como a economia e o mercado necessitam de previsibilidade e calmaria para funcionarem, as elei\u00e7\u00f5es com seu potencial de d\u00favidas terminam por criar cen\u00e1rios de medo e de incertezas que, ao fim ao cabo, contaminam todo o pa\u00eds e necessariamente passam a atingir tamb\u00e9m a pr\u00f3pria popula\u00e7\u00e3o.<\/p>\n<p style=\"text-align: justify\">\u00a0 \u00a0 \u00a0 \u00a0A paralisa\u00e7\u00e3o de obras e de contrata\u00e7\u00f5es, muitas vezes impostas pela legisla\u00e7\u00e3o eleitoral, refor\u00e7am a instabilidade e passam a interferir ainda na estagna\u00e7\u00e3o da economia e na retomada do t\u00edmido crescimento. Para um pa\u00eds que permanece experimentando uma profunda crise econ\u00f4mica, resultado direto de um conjunto de m\u00e1s pol\u00edticas que foram implementadas recentemente, um ambiente de incertezas possui um potencial de agravar ainda mais a situa\u00e7\u00e3o atual.<\/p>\n<p style=\"text-align: justify\">\u00a0 \u00a0 \u00a0 \u00a0\u00c9 nesse ambiente delicado e de medo que as campanhas eleitorais entram para embaralhar o ambiente. O div\u00f3rcio entre o que pretende os candidatos em seus discursos e a realidade do pa\u00eds lan\u00e7a ainda mais gasolina na fogueira. Os pretensos salvadores da p\u00e1tria, ao insistir em programas de governo irrealistas e inexequ\u00edveis, contribuem, ao seu modo, para piorar o que j\u00e1 est\u00e1 ruim.<\/p>\n<p style=\"text-align: justify\">\u00a0 \u00a0 \u00a0 \u00a0 \u00a0 Mesmo os institutos de pesquisas eleitorais, com suas metodologias pr\u00f3prias e espec\u00edficas, ao divulgarem o que chamam de retrato do momento, com previs\u00f5es antecipadas, que, n\u00e3o raro, v\u00e3o contra o senso comum, contribuem tamb\u00e9m para o aumento do ambiente de instabilidade. Nesse quesito, quando s\u00e3o feitas retrospectivas, at\u00e9 recentes, dessas pesquisas, o que se observa, em grande parte dos casos, s\u00e3o disparidades entre os progn\u00f3sticos e o resultado efetivo das urnas. Destaca-se tamb\u00e9m que nessas elei\u00e7\u00f5es, especificamente, o n\u00famero de eleitores indecisos \u00e9 o maior j\u00e1 registrado desde a redemocratiza\u00e7\u00e3o.<\/p>\n<p style=\"text-align: justify\">\u00a0\u00a0\u00a0\u00a0\u00a0 \u00a0\u00a0\u00a0Se nem a popula\u00e7\u00e3o sabe que caminhos tomar diante da aproxima\u00e7\u00e3o das urnas, muito menos o mercado e o ambiente econ\u00f4mico saber\u00e1 para onde vai o Brasil. O pior \u00e9 que com alguns desses candidatos que ora est\u00e3o no p\u00e1reo, nossa situa\u00e7\u00e3o econ\u00f4mica, que j\u00e1 \u00e9 preocupante, corre o risco de afundar de vez, o que mais uma vez comprova a teoria de que pol\u00edticas e candidatos equivocados possuem sempre o cond\u00e3o de empurrar e manter o pa\u00eds para o beco sem sa\u00edda do subdesenvolvimento.<\/p>\n<p style=\"text-align: justify\"><strong>A frase que foi pronunciada:<\/strong><\/p>\n<p style=\"text-align: justify\"><em>\u201cMuitas vezes as pessoas enxergam mais com a imagina\u00e7\u00e3o do que com os olhos.\u201d\u00a0 <\/em><\/p>\n<p style=\"text-align: justify\">Richard Sennett, historiador e soci\u00f3logo<\/p>\n<p style=\"text-align: justify\"><strong>Goi\u00e1s<\/strong><\/p>\n<p style=\"text-align: justify\">Conta de energia mais cara 12%. O percentual est\u00e1 em discuss\u00e3o. A ANATEL abriu audi\u00eancia p\u00fablica para que a popula\u00e7\u00e3o participe da decis\u00e3o.<\/p>\n<figure id=\"attachment_11939\" aria-describedby=\"caption-attachment-11939\" style=\"width: 593px\" class=\"wp-caption aligncenter\"><img loading=\"lazy\" decoding=\"async\" class=\" wp-image-11939\" src=\"https:\/\/blogs.correiobraziliense.com.br\/aricunha\/wp-content\/uploads\/sites\/13\/2018\/08\/tacho_nh_0403-629264-1.jpg\" alt=\"Charge: Tacho\" width=\"593\" height=\"421\" srcset=\"https:\/\/blogs.correiobraziliense.com.br\/aricunha\/wp-content\/uploads\/sites\/13\/2018\/08\/tacho_nh_0403-629264-1.jpg 1920w, https:\/\/blogs.correiobraziliense.com.br\/aricunha\/wp-content\/uploads\/sites\/13\/2018\/08\/tacho_nh_0403-629264-1-300x213.jpg 300w, https:\/\/blogs.correiobraziliense.com.br\/aricunha\/wp-content\/uploads\/sites\/13\/2018\/08\/tacho_nh_0403-629264-1-768x545.jpg 768w, https:\/\/blogs.correiobraziliense.com.br\/aricunha\/wp-content\/uploads\/sites\/13\/2018\/08\/tacho_nh_0403-629264-1-1024x726.jpg 1024w, https:\/\/blogs.correiobraziliense.com.br\/aricunha\/wp-content\/uploads\/sites\/13\/2018\/08\/tacho_nh_0403-629264-1-350x248.jpg 350w, https:\/\/blogs.correiobraziliense.com.br\/aricunha\/wp-content\/uploads\/sites\/13\/2018\/08\/tacho_nh_0403-629264-1-1440x1022.jpg 1440w, https:\/\/blogs.correiobraziliense.com.br\/aricunha\/wp-content\/uploads\/sites\/13\/2018\/08\/tacho_nh_0403-629264-1-550x390.jpg 550w, https:\/\/blogs.correiobraziliense.com.br\/aricunha\/wp-content\/uploads\/sites\/13\/2018\/08\/tacho_nh_0403-629264-1-230x163.jpg 230w\" sizes=\"auto, (max-width: 593px) 100vw, 593px\" \/><figcaption id=\"caption-attachment-11939\" class=\"wp-caption-text\">Charge: Tacho<\/figcaption><\/figure>\n<p style=\"text-align: justify\"><strong>Preto no branco<\/strong><\/p>\n<p style=\"text-align: justify\">Temos que reconhecer que a Receita Federal do Brasil e a Procuradoria Geral da Fazenda Nacional n\u00e3o cumprem a legisla\u00e7\u00e3o no que diz respeito \u00e0s suas obriga\u00e7\u00f5es. S\u00e3o duas institui\u00e7\u00f5es muito s\u00e9rias para cobrar o dever dos outros, mas que n\u00e3o aplicam seus pr\u00f3prios deveres. Palavras do juiz federal e representante da Associa\u00e7\u00e3o dos Ju\u00edzes Federais do Brasil (Ajufe), Renato Lopes, sobre os grandes problemas da arrecada\u00e7\u00e3o tribut\u00e1ria federal.<\/p>\n<figure id=\"attachment_11943\" aria-describedby=\"caption-attachment-11943\" style=\"width: 560px\" class=\"wp-caption aligncenter\"><img loading=\"lazy\" decoding=\"async\" class=\" wp-image-11943\" src=\"https:\/\/blogs.correiobraziliense.com.br\/aricunha\/wp-content\/uploads\/sites\/13\/2018\/08\/Amazonas-Manaus-Dicas-transtornos-declaracao-Imposto-Renda_ACRIMA20120218_0076_15.jpg\" alt=\"Ilustra\u00e7\u00e3o: averdadequeamidianaomostra.blogspot.com\" width=\"560\" height=\"294\" srcset=\"https:\/\/blogs.correiobraziliense.com.br\/aricunha\/wp-content\/uploads\/sites\/13\/2018\/08\/Amazonas-Manaus-Dicas-transtornos-declaracao-Imposto-Renda_ACRIMA20120218_0076_15.jpg 473w, https:\/\/blogs.correiobraziliense.com.br\/aricunha\/wp-content\/uploads\/sites\/13\/2018\/08\/Amazonas-Manaus-Dicas-transtornos-declaracao-Imposto-Renda_ACRIMA20120218_0076_15-300x157.jpg 300w, https:\/\/blogs.correiobraziliense.com.br\/aricunha\/wp-content\/uploads\/sites\/13\/2018\/08\/Amazonas-Manaus-Dicas-transtornos-declaracao-Imposto-Renda_ACRIMA20120218_0076_15-350x184.jpg 350w, https:\/\/blogs.correiobraziliense.com.br\/aricunha\/wp-content\/uploads\/sites\/13\/2018\/08\/Amazonas-Manaus-Dicas-transtornos-declaracao-Imposto-Renda_ACRIMA20120218_0076_15-230x121.jpg 230w\" sizes=\"auto, (max-width: 560px) 100vw, 560px\" \/><figcaption id=\"caption-attachment-11943\" class=\"wp-caption-text\">Ilustra\u00e7\u00e3o: averdadequeamidianaomostra.blogspot.com<\/figcaption><\/figure>\n<p style=\"text-align: justify\"><strong>Cheiro de abuso<\/strong><\/p>\n<p style=\"text-align: justify\">Uma TV ligada num estabelecimento comercial gera boleto cobrado pelo Ecad. O escrit\u00f3rio explica que \u00e9 assim que os artistas sobrevivem, da cria\u00e7\u00e3o. Acontece que muitas m\u00fasicas executadas s\u00e3o de dom\u00ednio p\u00fablico, e as TVs j\u00e1 pagam uma pesada conta para o Ecad que vistoria toda a programa\u00e7\u00e3o. As r\u00e1dios tamb\u00e9m pagam altas taxas. Cobrar de quem ouve os programas parece demais.<\/p>\n<figure id=\"attachment_11941\" aria-describedby=\"caption-attachment-11941\" style=\"width: 508px\" class=\"wp-caption aligncenter\"><img loading=\"lazy\" decoding=\"async\" class=\" wp-image-11941\" src=\"https:\/\/blogs.correiobraziliense.com.br\/aricunha\/wp-content\/uploads\/sites\/13\/2018\/08\/logo_ecad.jpg\" alt=\"Logo: toptalent.art.br\" width=\"508\" height=\"328\" srcset=\"https:\/\/blogs.correiobraziliense.com.br\/aricunha\/wp-content\/uploads\/sites\/13\/2018\/08\/logo_ecad.jpg 373w, https:\/\/blogs.correiobraziliense.com.br\/aricunha\/wp-content\/uploads\/sites\/13\/2018\/08\/logo_ecad-300x194.jpg 300w, https:\/\/blogs.correiobraziliense.com.br\/aricunha\/wp-content\/uploads\/sites\/13\/2018\/08\/logo_ecad-350x226.jpg 350w, https:\/\/blogs.correiobraziliense.com.br\/aricunha\/wp-content\/uploads\/sites\/13\/2018\/08\/logo_ecad-230x149.jpg 230w\" sizes=\"auto, (max-width: 508px) 100vw, 508px\" \/><figcaption id=\"caption-attachment-11941\" class=\"wp-caption-text\">Logo: toptalent.art.br<\/figcaption><\/figure>\n<p style=\"text-align: justify\"><strong>Impens\u00e1vel<\/strong><\/p>\n<p style=\"text-align: justify\">T\u00e9cnicos da Caesb verificam que os dejetos do Instituto Central de Ci\u00eancias da Universidade de Bras\u00edlia passam pela galeria de \u00e1guas pluviais da Asa Norte e caem direto no lago Parano\u00e1.<\/p>\n<p><iframe loading=\"lazy\" title=\"O esgoto da UNB \u00e9 despejado no Lago Parano\u00e1\" width=\"1333\" height=\"1000\" src=\"https:\/\/www.youtube.com\/embed\/hz9W8P-kf20?feature=oembed\" frameborder=\"0\" allow=\"accelerometer; autoplay; clipboard-write; encrypted-media; gyroscope; picture-in-picture; web-share\" referrerpolicy=\"strict-origin-when-cross-origin\" allowfullscreen><\/iframe><\/p>\n<p style=\"text-align: justify\"><strong>HIST\u00d3RIA DE BRAS\u00cdLIA<\/strong><\/p>\n<p style=\"text-align: justify\">A R\u00e1dio Nacional de Bras\u00edlia est\u00e1 usando dinheiro do governo para fazer campanha contra as demais esta\u00e7\u00f5es de televis\u00e3o de Bras\u00edlia. Esta campanha, que est\u00e1 sendo muito cara, talvez n\u00e3o seja interessante para o pr\u00f3prio governo, que usando dinheiro do povo, procura sufocar as empresas particulares. <strong>(Publicado em 27.10.1961)<\/strong><\/p>\n","protected":false},"excerpt":{"rendered":"<p>ARI CUNHA Visto, lido e ouvido Desde 1960 com Circe Cunha e Mamfil; colunadoaricunha@gmail.com; \u00a0\u00a0\u00a0\u00a0\u00a0\u00a0\u00a0\u00a0 \u00c9 consenso que as elei\u00e7\u00f5es, por seus processos pr\u00f3prios, possuem a capacidade de induzir uma certa agita\u00e7\u00e3o em todos os setores do pa\u00eds. A come\u00e7ar pela economia, que nesses per\u00edodos de disputas e incertezas, ao colocar em modo de espera as principais e mais urgentes [&hellip;]<\/p>\n","protected":false},"author":34,"featured_media":11938,"comment_status":"open","ping_status":"open","sticky":false,"template":"","format":"standard","meta":{"footnotes":""},"categories":[23],"tags":[761,601,764,762,243,144,229,765,220,127,766,114,760,261,763,68,2,69,16],"class_list":["post-11933","post","type-post","status-publish","format-standard","has-post-thumbnail","hentry","category-integra","tag-altadodolar","tag-anatel","tag-arrecacaotributaria","tag-aumentonacontadeenergia","tag-caesb","tag-criseeconomicanobrasil","tag-crisepoliticanobrasil","tag-ecad","tag-economianobrasil","tag-eleicoes2018","tag-esgotodaunb","tag-historiadebrasilia","tag-inflacaonobrasil","tag-politicanobrasil","tag-receitafederaldobrasil","tag-aricunha","tag-brasilia","tag-circecunha","tag-mamfil"],"_links":{"self":[{"href":"https:\/\/blogs.correiobraziliense.com.br\/aricunha\/wp-json\/wp\/v2\/posts\/11933","targetHints":{"allow":["GET"]}}],"collection":[{"href":"https:\/\/blogs.correiobraziliense.com.br\/aricunha\/wp-json\/wp\/v2\/posts"}],"about":[{"href":"https:\/\/blogs.correiobraziliense.com.br\/aricunha\/wp-json\/wp\/v2\/types\/post"}],"author":[{"embeddable":true,"href":"https:\/\/blogs.correiobraziliense.com.br\/aricunha\/wp-json\/wp\/v2\/users\/34"}],"replies":[{"embeddable":true,"href":"https:\/\/blogs.correiobraziliense.com.br\/aricunha\/wp-json\/wp\/v2\/comments?post=11933"}],"version-history":[{"count":6,"href":"https:\/\/blogs.correiobraziliense.com.br\/aricunha\/wp-json\/wp\/v2\/posts\/11933\/revisions"}],"predecessor-version":[{"id":11945,"href":"https:\/\/blogs.correiobraziliense.com.br\/aricunha\/wp-json\/wp\/v2\/posts\/11933\/revisions\/11945"}],"wp:featuredmedia":[{"embeddable":true,"href":"https:\/\/blogs.correiobraziliense.com.br\/aricunha\/wp-json\/wp\/v2\/media\/11938"}],"wp:attachment":[{"href":"https:\/\/blogs.correiobraziliense.com.br\/aricunha\/wp-json\/wp\/v2\/media?parent=11933"}],"wp:term":[{"taxonomy":"category","embeddable":true,"href":"https:\/\/blogs.correiobraziliense.com.br\/aricunha\/wp-json\/wp\/v2\/categories?post=11933"},{"taxonomy":"post_tag","embeddable":true,"href":"https:\/\/blogs.correiobraziliense.com.br\/aricunha\/wp-json\/wp\/v2\/tags?post=11933"}],"curies":[{"name":"wp","href":"https:\/\/api.w.org\/{rel}","templated":true}]}}