{"id":11903,"date":"2018-08-21T17:31:23","date_gmt":"2018-08-21T20:31:23","guid":{"rendered":"https:\/\/blogs.correiobraziliense.com.br\/aricunha\/?p=11903"},"modified":"2018-08-21T17:31:23","modified_gmt":"2018-08-21T20:31:23","slug":"postos-estao-frente-frente","status":"publish","type":"post","link":"https:\/\/blogs.correiobraziliense.com.br\/aricunha\/postos-estao-frente-frente\/","title":{"rendered":"\u201cPostos est\u00e3o, frente a frente&#8221;"},"content":{"rendered":"<p style=\"text-align: justify\">ARI CUNHA<\/p>\n<p style=\"text-align: justify\">Visto, lido e ouvido<\/p>\n<p style=\"text-align: justify\">Desde 1960<\/p>\n<p style=\"text-align: justify\">com Circe Cunha e Mamfil;<\/p>\n<p style=\"text-align: justify\">colunadoaricunha@gmail.com;<\/p>\n<p><img loading=\"lazy\" decoding=\"async\" class=\"wp-image-11907 alignleft\" src=\"https:\/\/blogs.correiobraziliense.com.br\/aricunha\/wp-content\/uploads\/sites\/13\/2018\/08\/1.jpg\" alt=\"Imagem: g1.globo.com\" width=\"471\" height=\"264\" srcset=\"https:\/\/blogs.correiobraziliense.com.br\/aricunha\/wp-content\/uploads\/sites\/13\/2018\/08\/1.jpg 650w, https:\/\/blogs.correiobraziliense.com.br\/aricunha\/wp-content\/uploads\/sites\/13\/2018\/08\/1-300x168.jpg 300w, https:\/\/blogs.correiobraziliense.com.br\/aricunha\/wp-content\/uploads\/sites\/13\/2018\/08\/1-350x197.jpg 350w, https:\/\/blogs.correiobraziliense.com.br\/aricunha\/wp-content\/uploads\/sites\/13\/2018\/08\/1-550x309.jpg 550w, https:\/\/blogs.correiobraziliense.com.br\/aricunha\/wp-content\/uploads\/sites\/13\/2018\/08\/1-230x129.jpg 230w\" sizes=\"auto, (max-width: 471px) 100vw, 471px\" \/><\/p>\n<figure id=\"attachment_11908\" aria-describedby=\"caption-attachment-11908\" style=\"width: 470px\" class=\"wp-caption alignleft\"><img loading=\"lazy\" decoding=\"async\" class=\" wp-image-11908\" src=\"https:\/\/blogs.correiobraziliense.com.br\/aricunha\/wp-content\/uploads\/sites\/13\/2018\/08\/2.jpg\" alt=\"Imagem: g1.globo.com\" width=\"470\" height=\"267\" srcset=\"https:\/\/blogs.correiobraziliense.com.br\/aricunha\/wp-content\/uploads\/sites\/13\/2018\/08\/2.jpg 650w, https:\/\/blogs.correiobraziliense.com.br\/aricunha\/wp-content\/uploads\/sites\/13\/2018\/08\/2-300x170.jpg 300w, https:\/\/blogs.correiobraziliense.com.br\/aricunha\/wp-content\/uploads\/sites\/13\/2018\/08\/2-350x199.jpg 350w, https:\/\/blogs.correiobraziliense.com.br\/aricunha\/wp-content\/uploads\/sites\/13\/2018\/08\/2-550x312.jpg 550w, https:\/\/blogs.correiobraziliense.com.br\/aricunha\/wp-content\/uploads\/sites\/13\/2018\/08\/2-230x131.jpg 230w\" sizes=\"auto, (max-width: 470px) 100vw, 470px\" \/><figcaption id=\"caption-attachment-11908\" class=\"wp-caption-text\">Imagem: g1.globo.com<\/figcaption><\/figure>\n<p style=\"text-align: justify\">\u00a0 \u00a0 \u00a0 \u00a0 \u00a0 \u00a0 Num pa\u00eds como o nosso, onde os fatos da Hist\u00f3ria muitas vezes t\u00eam tomado ares de pura fic\u00e7\u00e3o, ultrapassando essa em imagina\u00e7\u00e3o, e onde o realismo fant\u00e1stico dos acontecimentos ganha tonalidades reais, n\u00e3o chegam a surpreender as not\u00edcias de que um prisioneiro incomum, encarcerado por crime comum, apare\u00e7a na dianteira das pesquisas para o cargo de presidente da Rep\u00fablica.<\/p>\n<p style=\"text-align: justify\">\u00a0 \u00a0 \u00a0 Com as manobras urdidas a partir da pr\u00f3pria cela, transformada, sob a complac\u00eancia da Justi\u00e7a, em sede de movimentad\u00edssima campanha, o ex-presidente Lula vai lentamente conduzindo seu partido e seu nome rumo \u00e0s urnas, h\u00e1 pouco mais de 1 m\u00eas para as elei\u00e7\u00f5es e sob os olhares perplexos de um pa\u00eds inteiro.<\/p>\n<p style=\"text-align: justify\">\u00a0 \u00a0 \u00a0 \u00a0 \u00a0 A essa altura dos acontecimentos, muitos passaram a torcer para que a estrat\u00e9gia de esconder o candidato para que ele ressurja vitorioso como uma f\u00eanix de dentro da urna seja consumada com sucesso, apenas para dar mais tempero e sabor a essa hist\u00f3ria surreal. Caso tenha os caminhos desimpedidos pela justi\u00e7a eleitoral e venha a ser sagrado, mais uma vez, presidente do pa\u00eds, o realismo fant\u00e1stico dessa fa\u00e7anha poss\u00edvel ter\u00e1 ultrapassado l\u00e9guas de qualquer fic\u00e7\u00e3o, mesmo as mais imaginativas. \u00c9 justamente essa aus\u00eancia f\u00edsica, consubstanciada em presen\u00e7a irreal que mais fascina seus eleitores, conferindo, ao pleito insosso, sabores de um conto m\u00e1gico, bem ao estilo de um Gabriel Garcia M\u00e1rquez. Para uma na\u00e7\u00e3o colonizada com amor e \u00f3dio por portugueses, a odisseia do ex-presidente parece nos remeter diretamente \u00e0 metr\u00f3pole no ano da gra\u00e7a do Senhor de 1578, quando na Batalha de Alc\u00e1cer-Quibir, no Norte da \u00c1frica, o rei de Portugal, D. Sebasti\u00e3o, desapareceu sem deixar vest\u00edgios, possivelmente morto pelos mouros daquela regi\u00e3o.<\/p>\n<p style=\"text-align: justify\">\u00a0 \u00a0 \u00a0 \u00a0 \u00a0O sumi\u00e7o misterioso do rei e de boa parte de sua tropa criou entre a na\u00e7\u00e3o portuguesa um sentimento m\u00edstico de que esse monarca m\u00e1rtir iria retornar, no momento certo, \u00e0 terra natal para salvar seu reino das m\u00e3os dos espanh\u00f3is, que entre 1580 e 1640 uniram as duas coroas sob um mesmo reino. Com isso, foi criada a expectativa de cunho messi\u00e2nico do retorno de D. Sebasti\u00e3o, conhecido naquela ocasi\u00e3o como Sebastianismo, que pode ser interpretado como um movimento de inconformismo com a situa\u00e7\u00e3o pol\u00edtica vivida por Portugal naquele per\u00edodo.<\/p>\n<p style=\"text-align: justify\">\u00a0 \u00a0 \u00a0 \u00a0 \u00a0 Naquela ocasi\u00e3o, muitos prepostos apareceram se fazendo passar pelo rei desaparecido. A maioria encontrou a for\u00e7a como resposta. Essa cren\u00e7a no chamado \u201crei encoberto\u201d, que viria para redimir o povo portugu\u00eas, guardadas as devidas propor\u00e7\u00f5es, nos faz lembrar a saga vivida agora por Lula, o candidato encoberto, que promete retornar ao seu pal\u00e1cio, com todas as honras e gl\u00f3rias.<\/p>\n<p style=\"text-align: justify\">\u00a0 \u00a0 \u00a0 \u00a0 \u00a0Ainda hoje, passados muitos s\u00e9culos, muitos m\u00edsticos portugueses ainda acreditam no retorno do rei e de seu ex\u00e9rcito. O mesmo parece ocorrer com os lulistas que ainda acreditam no retorno de seu salvador, perdido no Magrebe de uma cela em Curitiba.<\/p>\n<p style=\"text-align: justify\"><strong>A frase que foi pronunciada:<\/strong><\/p>\n<p style=\"text-align: justify\"><em>\u201cA pol\u00edtica \u00e9 quase t\u00e3o excitante como a guerra e n\u00e3o menos perigosa. Na guerra a pessoa s\u00f3 pode ser morta uma vez, mas na pol\u00edtica diversas vezes.\u201d\u00a0\u00a0 <\/em><\/p>\n<p style=\"text-align: justify\">Winston Churchill<\/p>\n<figure id=\"attachment_11911\" aria-describedby=\"caption-attachment-11911\" style=\"width: 532px\" class=\"wp-caption aligncenter\"><img loading=\"lazy\" decoding=\"async\" class=\" wp-image-11911\" src=\"https:\/\/blogs.correiobraziliense.com.br\/aricunha\/wp-content\/uploads\/sites\/13\/2018\/08\/Charge2013-reforma_politica-799089.jpg\" alt=\"Charge: Ivan Cabral\" width=\"532\" height=\"399\" srcset=\"https:\/\/blogs.correiobraziliense.com.br\/aricunha\/wp-content\/uploads\/sites\/13\/2018\/08\/Charge2013-reforma_politica-799089.jpg 480w, https:\/\/blogs.correiobraziliense.com.br\/aricunha\/wp-content\/uploads\/sites\/13\/2018\/08\/Charge2013-reforma_politica-799089-300x225.jpg 300w, https:\/\/blogs.correiobraziliense.com.br\/aricunha\/wp-content\/uploads\/sites\/13\/2018\/08\/Charge2013-reforma_politica-799089-350x263.jpg 350w, https:\/\/blogs.correiobraziliense.com.br\/aricunha\/wp-content\/uploads\/sites\/13\/2018\/08\/Charge2013-reforma_politica-799089-230x173.jpg 230w\" sizes=\"auto, (max-width: 532px) 100vw, 532px\" \/><figcaption id=\"caption-attachment-11911\" class=\"wp-caption-text\">Charge: Ivan Cabral<\/figcaption><\/figure>\n<p style=\"text-align: justify\"><strong>Boas Novas<\/strong><\/p>\n<p style=\"text-align: justify\">Satisfeito com a esta\u00e7\u00e3o experimental de plantios de mandioca, o professor Nagib Nassar convidou autoridades internacionais para conferir, no local, a produ\u00e7\u00e3o. Causou surpresa ver que apenas uma raiz pesava 30kg. Com essa pesquisa, o fim da fome no mundo est\u00e1 pr\u00f3ximo. Veja as fotos no Blog do Ari Cunha.<\/p>\n<p style=\"text-align: justify\"><img loading=\"lazy\" decoding=\"async\" class=\"wp-image-11912 aligncenter\" src=\"https:\/\/blogs.correiobraziliense.com.br\/aricunha\/wp-content\/uploads\/sites\/13\/2018\/08\/WhatsApp-Image-2018-08-21-at-16.18.35.jpeg\" alt=\"\" width=\"535\" height=\"535\" srcset=\"https:\/\/blogs.correiobraziliense.com.br\/aricunha\/wp-content\/uploads\/sites\/13\/2018\/08\/WhatsApp-Image-2018-08-21-at-16.18.35.jpeg 1080w, https:\/\/blogs.correiobraziliense.com.br\/aricunha\/wp-content\/uploads\/sites\/13\/2018\/08\/WhatsApp-Image-2018-08-21-at-16.18.35-150x150.jpeg 150w, https:\/\/blogs.correiobraziliense.com.br\/aricunha\/wp-content\/uploads\/sites\/13\/2018\/08\/WhatsApp-Image-2018-08-21-at-16.18.35-300x300.jpeg 300w, https:\/\/blogs.correiobraziliense.com.br\/aricunha\/wp-content\/uploads\/sites\/13\/2018\/08\/WhatsApp-Image-2018-08-21-at-16.18.35-768x768.jpeg 768w, https:\/\/blogs.correiobraziliense.com.br\/aricunha\/wp-content\/uploads\/sites\/13\/2018\/08\/WhatsApp-Image-2018-08-21-at-16.18.35-1024x1024.jpeg 1024w, https:\/\/blogs.correiobraziliense.com.br\/aricunha\/wp-content\/uploads\/sites\/13\/2018\/08\/WhatsApp-Image-2018-08-21-at-16.18.35-350x350.jpeg 350w, https:\/\/blogs.correiobraziliense.com.br\/aricunha\/wp-content\/uploads\/sites\/13\/2018\/08\/WhatsApp-Image-2018-08-21-at-16.18.35-550x550.jpeg 550w, https:\/\/blogs.correiobraziliense.com.br\/aricunha\/wp-content\/uploads\/sites\/13\/2018\/08\/WhatsApp-Image-2018-08-21-at-16.18.35-230x230.jpeg 230w\" sizes=\"auto, (max-width: 535px) 100vw, 535px\" \/><\/p>\n<p style=\"text-align: justify\"><img loading=\"lazy\" decoding=\"async\" class=\"wp-image-11913 aligncenter\" src=\"https:\/\/blogs.correiobraziliense.com.br\/aricunha\/wp-content\/uploads\/sites\/13\/2018\/08\/WhatsApp-Image-2018-08-21-at-16.18.41.jpeg\" alt=\"\" width=\"536\" height=\"536\" srcset=\"https:\/\/blogs.correiobraziliense.com.br\/aricunha\/wp-content\/uploads\/sites\/13\/2018\/08\/WhatsApp-Image-2018-08-21-at-16.18.41.jpeg 1080w, https:\/\/blogs.correiobraziliense.com.br\/aricunha\/wp-content\/uploads\/sites\/13\/2018\/08\/WhatsApp-Image-2018-08-21-at-16.18.41-150x150.jpeg 150w, https:\/\/blogs.correiobraziliense.com.br\/aricunha\/wp-content\/uploads\/sites\/13\/2018\/08\/WhatsApp-Image-2018-08-21-at-16.18.41-300x300.jpeg 300w, https:\/\/blogs.correiobraziliense.com.br\/aricunha\/wp-content\/uploads\/sites\/13\/2018\/08\/WhatsApp-Image-2018-08-21-at-16.18.41-768x768.jpeg 768w, https:\/\/blogs.correiobraziliense.com.br\/aricunha\/wp-content\/uploads\/sites\/13\/2018\/08\/WhatsApp-Image-2018-08-21-at-16.18.41-1024x1024.jpeg 1024w, https:\/\/blogs.correiobraziliense.com.br\/aricunha\/wp-content\/uploads\/sites\/13\/2018\/08\/WhatsApp-Image-2018-08-21-at-16.18.41-350x350.jpeg 350w, https:\/\/blogs.correiobraziliense.com.br\/aricunha\/wp-content\/uploads\/sites\/13\/2018\/08\/WhatsApp-Image-2018-08-21-at-16.18.41-550x550.jpeg 550w, https:\/\/blogs.correiobraziliense.com.br\/aricunha\/wp-content\/uploads\/sites\/13\/2018\/08\/WhatsApp-Image-2018-08-21-at-16.18.41-230x230.jpeg 230w\" sizes=\"auto, (max-width: 536px) 100vw, 536px\" \/><\/p>\n<p style=\"text-align: justify\"><img loading=\"lazy\" decoding=\"async\" class=\"wp-image-11914 aligncenter\" src=\"https:\/\/blogs.correiobraziliense.com.br\/aricunha\/wp-content\/uploads\/sites\/13\/2018\/08\/WhatsApp-Image-2018-08-21-at-16.18.42-1.jpeg\" alt=\"\" width=\"535\" height=\"535\" \/><\/p>\n<p style=\"text-align: justify\"><img loading=\"lazy\" decoding=\"async\" class=\"wp-image-11915 aligncenter\" src=\"https:\/\/blogs.correiobraziliense.com.br\/aricunha\/wp-content\/uploads\/sites\/13\/2018\/08\/WhatsApp-Image-2018-08-21-at-16.18.42.jpeg\" alt=\"\" width=\"535\" height=\"535\" srcset=\"https:\/\/blogs.correiobraziliense.com.br\/aricunha\/wp-content\/uploads\/sites\/13\/2018\/08\/WhatsApp-Image-2018-08-21-at-16.18.42.jpeg 1080w, https:\/\/blogs.correiobraziliense.com.br\/aricunha\/wp-content\/uploads\/sites\/13\/2018\/08\/WhatsApp-Image-2018-08-21-at-16.18.42-150x150.jpeg 150w, https:\/\/blogs.correiobraziliense.com.br\/aricunha\/wp-content\/uploads\/sites\/13\/2018\/08\/WhatsApp-Image-2018-08-21-at-16.18.42-300x300.jpeg 300w, https:\/\/blogs.correiobraziliense.com.br\/aricunha\/wp-content\/uploads\/sites\/13\/2018\/08\/WhatsApp-Image-2018-08-21-at-16.18.42-768x768.jpeg 768w, https:\/\/blogs.correiobraziliense.com.br\/aricunha\/wp-content\/uploads\/sites\/13\/2018\/08\/WhatsApp-Image-2018-08-21-at-16.18.42-1024x1024.jpeg 1024w, https:\/\/blogs.correiobraziliense.com.br\/aricunha\/wp-content\/uploads\/sites\/13\/2018\/08\/WhatsApp-Image-2018-08-21-at-16.18.42-350x350.jpeg 350w, https:\/\/blogs.correiobraziliense.com.br\/aricunha\/wp-content\/uploads\/sites\/13\/2018\/08\/WhatsApp-Image-2018-08-21-at-16.18.42-550x550.jpeg 550w, https:\/\/blogs.correiobraziliense.com.br\/aricunha\/wp-content\/uploads\/sites\/13\/2018\/08\/WhatsApp-Image-2018-08-21-at-16.18.42-230x230.jpeg 230w\" sizes=\"auto, (max-width: 535px) 100vw, 535px\" \/><\/p>\n<p style=\"text-align: justify\"><strong>Grande mulher<\/strong><\/p>\n<p style=\"text-align: justify\">Se existe cabo eleitoral familiar forte, pode-se dizer que Rog\u00e9rio Rosso est\u00e1 bem servido. Karina Rosso \u00e9 anfitri\u00e3 de primeira linha, sabe defender o marido mais ouvindo do que falando.<\/p>\n<figure id=\"attachment_11916\" aria-describedby=\"caption-attachment-11916\" style=\"width: 533px\" class=\"wp-caption aligncenter\"><img loading=\"lazy\" decoding=\"async\" class=\" wp-image-11916\" src=\"https:\/\/blogs.correiobraziliense.com.br\/aricunha\/wp-content\/uploads\/sites\/13\/2018\/08\/rogerio_karina_rosso_.jpg\" alt=\"Foto: primeirasdamas.blogspot.com\" width=\"533\" height=\"485\" srcset=\"https:\/\/blogs.correiobraziliense.com.br\/aricunha\/wp-content\/uploads\/sites\/13\/2018\/08\/rogerio_karina_rosso_.jpg 450w, https:\/\/blogs.correiobraziliense.com.br\/aricunha\/wp-content\/uploads\/sites\/13\/2018\/08\/rogerio_karina_rosso_-300x273.jpg 300w, https:\/\/blogs.correiobraziliense.com.br\/aricunha\/wp-content\/uploads\/sites\/13\/2018\/08\/rogerio_karina_rosso_-350x319.jpg 350w, https:\/\/blogs.correiobraziliense.com.br\/aricunha\/wp-content\/uploads\/sites\/13\/2018\/08\/rogerio_karina_rosso_-230x210.jpg 230w\" sizes=\"auto, (max-width: 533px) 100vw, 533px\" \/><figcaption id=\"caption-attachment-11916\" class=\"wp-caption-text\">Foto: primeirasdamas.blogspot.com<\/figcaption><\/figure>\n<p style=\"text-align: justify\"><strong>Faixas<\/strong><\/p>\n<p style=\"text-align: justify\">\u00c9 chegada a hora de refor\u00e7ar as faixas de pedestres pelo Plano Piloto e demais regi\u00f5es administrativas. Durante a noite, est\u00e1 bastante perigoso, principalmente com a chegada da chuva.<\/p>\n<figure id=\"attachment_11919\" aria-describedby=\"caption-attachment-11919\" style=\"width: 533px\" class=\"wp-caption aligncenter\"><img loading=\"lazy\" decoding=\"async\" class=\" wp-image-11919\" src=\"https:\/\/blogs.correiobraziliense.com.br\/aricunha\/wp-content\/uploads\/sites\/13\/2018\/08\/DSCN9556_19-12-2016_AsaSul_W3_Patio-Brasil_Faixa_Pintura_apagada_edit2-1-1.jpg\" alt=\"Foto: mobilize.org.br\" width=\"533\" height=\"282\" srcset=\"https:\/\/blogs.correiobraziliense.com.br\/aricunha\/wp-content\/uploads\/sites\/13\/2018\/08\/DSCN9556_19-12-2016_AsaSul_W3_Patio-Brasil_Faixa_Pintura_apagada_edit2-1-1.jpg 1002w, https:\/\/blogs.correiobraziliense.com.br\/aricunha\/wp-content\/uploads\/sites\/13\/2018\/08\/DSCN9556_19-12-2016_AsaSul_W3_Patio-Brasil_Faixa_Pintura_apagada_edit2-1-1-300x159.jpg 300w, https:\/\/blogs.correiobraziliense.com.br\/aricunha\/wp-content\/uploads\/sites\/13\/2018\/08\/DSCN9556_19-12-2016_AsaSul_W3_Patio-Brasil_Faixa_Pintura_apagada_edit2-1-1-768x406.jpg 768w, https:\/\/blogs.correiobraziliense.com.br\/aricunha\/wp-content\/uploads\/sites\/13\/2018\/08\/DSCN9556_19-12-2016_AsaSul_W3_Patio-Brasil_Faixa_Pintura_apagada_edit2-1-1-350x185.jpg 350w, https:\/\/blogs.correiobraziliense.com.br\/aricunha\/wp-content\/uploads\/sites\/13\/2018\/08\/DSCN9556_19-12-2016_AsaSul_W3_Patio-Brasil_Faixa_Pintura_apagada_edit2-1-1-550x291.jpg 550w, https:\/\/blogs.correiobraziliense.com.br\/aricunha\/wp-content\/uploads\/sites\/13\/2018\/08\/DSCN9556_19-12-2016_AsaSul_W3_Patio-Brasil_Faixa_Pintura_apagada_edit2-1-1-230x122.jpg 230w\" sizes=\"auto, (max-width: 533px) 100vw, 533px\" \/><figcaption id=\"caption-attachment-11919\" class=\"wp-caption-text\">Foto: mobilize.org.br<\/figcaption><\/figure>\n<p style=\"text-align: justify\"><strong>Novidade<\/strong><\/p>\n<p style=\"text-align: justify\">Foram criadas, recentemente, duzentas novas autoriza\u00e7\u00f5es para presta\u00e7\u00e3o de servi\u00e7o de t\u00e1xi adaptado no DF.<\/p>\n<figure id=\"attachment_11918\" aria-describedby=\"caption-attachment-11918\" style=\"width: 539px\" class=\"wp-caption aligncenter\"><img loading=\"lazy\" decoding=\"async\" class=\" wp-image-11918\" src=\"https:\/\/blogs.correiobraziliense.com.br\/aricunha\/wp-content\/uploads\/sites\/13\/2018\/08\/T\u00c1XI_ADAPTADO-PARA-CADEIRANTES.jpg\" alt=\"Foto: taxinforme.com.br\" width=\"539\" height=\"391\" srcset=\"https:\/\/blogs.correiobraziliense.com.br\/aricunha\/wp-content\/uploads\/sites\/13\/2018\/08\/T\u00c1XI_ADAPTADO-PARA-CADEIRANTES.jpg 800w, https:\/\/blogs.correiobraziliense.com.br\/aricunha\/wp-content\/uploads\/sites\/13\/2018\/08\/T\u00c1XI_ADAPTADO-PARA-CADEIRANTES-300x218.jpg 300w, https:\/\/blogs.correiobraziliense.com.br\/aricunha\/wp-content\/uploads\/sites\/13\/2018\/08\/T\u00c1XI_ADAPTADO-PARA-CADEIRANTES-768x557.jpg 768w, https:\/\/blogs.correiobraziliense.com.br\/aricunha\/wp-content\/uploads\/sites\/13\/2018\/08\/T\u00c1XI_ADAPTADO-PARA-CADEIRANTES-350x254.jpg 350w, https:\/\/blogs.correiobraziliense.com.br\/aricunha\/wp-content\/uploads\/sites\/13\/2018\/08\/T\u00c1XI_ADAPTADO-PARA-CADEIRANTES-550x399.jpg 550w, https:\/\/blogs.correiobraziliense.com.br\/aricunha\/wp-content\/uploads\/sites\/13\/2018\/08\/T\u00c1XI_ADAPTADO-PARA-CADEIRANTES-230x167.jpg 230w\" sizes=\"auto, (max-width: 539px) 100vw, 539px\" \/><figcaption id=\"caption-attachment-11918\" class=\"wp-caption-text\">Foto: taxinforme.com.br<\/figcaption><\/figure>\n<p style=\"text-align: justify\"><strong>&#8220;Eu sou confi\u00e1vel?&#8221;<\/strong><\/p>\n<p style=\"text-align: justify\">Em tempos de elei\u00e7\u00f5es e escolhas individuais e coletivas, de norte a sul do pa\u00eds, \u00e9 o tema do livro do psic\u00f3logo e palestrante Fauzi Mansur, em parceria com a, tamb\u00e9m psic\u00f3loga e escritora, Adriana Kortlandt. Est\u00e1 feito o convite para uma reflex\u00e3o profunda sobre o tema da autocorrup\u00e7\u00e3o. Lan\u00e7amento em Bras\u00edlia, na segunda-feira, dia 27, das 18h30 \u00e0s 22h, no Carpe Diem Restaurante (104 sul).<\/p>\n<figure id=\"attachment_11917\" aria-describedby=\"caption-attachment-11917\" style=\"width: 532px\" class=\"wp-caption aligncenter\"><img loading=\"lazy\" decoding=\"async\" class=\" wp-image-11917\" src=\"https:\/\/blogs.correiobraziliense.com.br\/aricunha\/wp-content\/uploads\/sites\/13\/2018\/08\/LIVRO-capa_eu_sou_confiavel_baixa-673x1024.jpg\" alt=\"Imagem: fazeraqui.com.br\" width=\"532\" height=\"810\" srcset=\"https:\/\/blogs.correiobraziliense.com.br\/aricunha\/wp-content\/uploads\/sites\/13\/2018\/08\/LIVRO-capa_eu_sou_confiavel_baixa-673x1024.jpg 673w, https:\/\/blogs.correiobraziliense.com.br\/aricunha\/wp-content\/uploads\/sites\/13\/2018\/08\/LIVRO-capa_eu_sou_confiavel_baixa-673x1024-197x300.jpg 197w, https:\/\/blogs.correiobraziliense.com.br\/aricunha\/wp-content\/uploads\/sites\/13\/2018\/08\/LIVRO-capa_eu_sou_confiavel_baixa-673x1024-230x350.jpg 230w, https:\/\/blogs.correiobraziliense.com.br\/aricunha\/wp-content\/uploads\/sites\/13\/2018\/08\/LIVRO-capa_eu_sou_confiavel_baixa-673x1024-550x837.jpg 550w\" sizes=\"auto, (max-width: 532px) 100vw, 532px\" \/><figcaption id=\"caption-attachment-11917\" class=\"wp-caption-text\">Imagem: fazeraqui.com.br<\/figcaption><\/figure>\n<p style=\"text-align: justify\"><strong>HIST\u00d3RIA DE BRAS\u00cdLIA<\/strong><\/p>\n<p style=\"text-align: justify\">H\u00e1 blocos na Asa Norte, onde n\u00e3o h\u00e1 \u00e1gua h\u00e1 vinte dias. O Departamento de \u00c1guas e Esgotos, entretanto, n\u00e3o deu a p\u00fablico nenhuma nota explicativa, principalmente sabendo-se que os reservat\u00f3rios de Bras\u00edlia t\u00eam capacidade para reserva de 90 milh\u00f5es de litros. <strong>(Publicado em 27.10.1961)<\/strong><\/p>\n","protected":false},"excerpt":{"rendered":"<p>ARI CUNHA Visto, lido e ouvido Desde 1960 com Circe Cunha e Mamfil; colunadoaricunha@gmail.com; \u00a0 \u00a0 \u00a0 \u00a0 \u00a0 \u00a0 Num pa\u00eds como o nosso, onde os fatos da Hist\u00f3ria muitas vezes t\u00eam tomado ares de pura fic\u00e7\u00e3o, ultrapassando essa em imagina\u00e7\u00e3o, e onde o realismo fant\u00e1stico dos acontecimentos ganha tonalidades reais, n\u00e3o chegam a surpreender as not\u00edcias de que [&hellip;]<\/p>\n","protected":false},"author":34,"featured_media":11907,"comment_status":"open","ping_status":"open","sticky":false,"template":"","format":"standard","meta":{"footnotes":""},"categories":[23],"tags":[751,728,454,127,748,750,114,747,752,553,744,741,745,742,288,743,746,749,68,2,69,16],"class_list":["post-11903","post","type-post","status-publish","format-standard","has-post-thumbnail","hentry","category-integra","tag-adrianakortlandt","tag-candidatosapresidencia","tag-corrupcaonobrasil","tag-eleicoes2018","tag-faixadepesestrenoplanopiloto","tag-fauzimansur","tag-historiadebrasilia","tag-karinarosso","tag-livroeusouconfiavel","tag-lula","tag-mandiocade30kg","tag-pesquisaibope","tag-plantiodemandioca","tag-politicabrasileira","tag-politicosnobrasil","tag-professornagibnassar","tag-rogeriorosso","tag-taxiadaptadonodf","tag-aricunha","tag-brasilia","tag-circecunha","tag-mamfil"],"_links":{"self":[{"href":"https:\/\/blogs.correiobraziliense.com.br\/aricunha\/wp-json\/wp\/v2\/posts\/11903","targetHints":{"allow":["GET"]}}],"collection":[{"href":"https:\/\/blogs.correiobraziliense.com.br\/aricunha\/wp-json\/wp\/v2\/posts"}],"about":[{"href":"https:\/\/blogs.correiobraziliense.com.br\/aricunha\/wp-json\/wp\/v2\/types\/post"}],"author":[{"embeddable":true,"href":"https:\/\/blogs.correiobraziliense.com.br\/aricunha\/wp-json\/wp\/v2\/users\/34"}],"replies":[{"embeddable":true,"href":"https:\/\/blogs.correiobraziliense.com.br\/aricunha\/wp-json\/wp\/v2\/comments?post=11903"}],"version-history":[{"count":5,"href":"https:\/\/blogs.correiobraziliense.com.br\/aricunha\/wp-json\/wp\/v2\/posts\/11903\/revisions"}],"predecessor-version":[{"id":11920,"href":"https:\/\/blogs.correiobraziliense.com.br\/aricunha\/wp-json\/wp\/v2\/posts\/11903\/revisions\/11920"}],"wp:featuredmedia":[{"embeddable":true,"href":"https:\/\/blogs.correiobraziliense.com.br\/aricunha\/wp-json\/wp\/v2\/media\/11907"}],"wp:attachment":[{"href":"https:\/\/blogs.correiobraziliense.com.br\/aricunha\/wp-json\/wp\/v2\/media?parent=11903"}],"wp:term":[{"taxonomy":"category","embeddable":true,"href":"https:\/\/blogs.correiobraziliense.com.br\/aricunha\/wp-json\/wp\/v2\/categories?post=11903"},{"taxonomy":"post_tag","embeddable":true,"href":"https:\/\/blogs.correiobraziliense.com.br\/aricunha\/wp-json\/wp\/v2\/tags?post=11903"}],"curies":[{"name":"wp","href":"https:\/\/api.w.org\/{rel}","templated":true}]}}